{"id":14105,"date":"2016-06-03T16:03:23","date_gmt":"2016-06-03T13:03:23","guid":{"rendered":"http:\/\/btv.md\/?p=14105"},"modified":"2016-06-03T16:03:23","modified_gmt":"2016-06-03T13:03:23","slug":"pereti-umezi-intr-o-gradinita-din-balti-cine-se-face-vinovat","status":"publish","type":"post","link":"https:\/\/www.btv.md\/ro\/pereti-umezi-intr-o-gradinita-din-balti-cine-se-face-vinovat\/","title":{"rendered":"PERE\u021aI UMEZI \u00ceNTR-O GR\u0102DINI\u021a\u0102 DIN B\u0102L\u021aI: CINE SE FACE VINOVAT"},"content":{"rendered":"<p><strong>Ap\u0103 \u0219i pere\u021bi cu mucegai \u00een gr\u0103dini\u021ba num\u0103rul 23 din B\u0103l\u021bi. Acestea sunt consecin\u021bele ploilor din ultima perioad\u0103. Acoperi\u0219ul institu\u021biei de \u00eenv\u0103\u021b\u0103m\u00e2nt este at\u00e2t de degradat, \u00eenc\u00e2t la fiecare ploaie, apa se scurge prin tavan.<\/strong><\/p>\n<p>Directoarea gr\u0103dini\u021bei spune c\u0103 s-a adresat de nenum\u0103rate ori autorit\u0103\u021bilor pentru a rezolva aceast\u0103 problem\u0103.  <\/p>\n<p>\u201e<em>Problema s-a agravat din cauza ploilor abundente. Este o problem\u0103 care ne afecteaz\u0103 pe noi \u0219i institu\u021bia respectiv\u0103. Acum suntem \u00een perioada de vacan\u021b\u0103, a\u0219a c\u0103 o parte dintre copii au plecat pe la bunei pe la \u021bar\u0103. Ceilal\u021bi care frecventeaz\u0103 institu\u021bia au fost transfera\u021bi \u00een alt\u0103 grup\u0103.<\/em>\u201d<\/p>\n<p>De cealalt\u0103 parte, reprezentan\u021bii prim\u0103riei afirm\u0103 c\u0103 duc lips\u0103 de bani. \u00cen anul 2015 municipiului B\u0103l\u021bi din Bugetul de Stat i-au fost alocate pentru \u00eenv\u0103\u021b\u0103m\u00e2nt 219 milioane de lei.  De facto, au fost trasferate numai 198,5 milioane. Astfel, municipiul s-a ales cu un deficit de 20,5 milioane lei.<\/p>\n<p>\u0218eful adjunct al Direc\u021biai \u00cenv\u0103\u021b\u0103m\u00eent Tineret \u0219i Sport, Mihail Vlasenco, spune c\u0103 gr\u0103dini\u021ba num\u0103rul 23 a avut p\u00e2n\u0103 acum \u0219i alte probleme, mult mai stringente, precum: sistemul de livrare a gentului termic, apeductul \u0219i canalizarea.<\/p>\n<p>Mihail Vlasenco a mai ad\u0103ugat c\u0103 un alt impediment pentru desf\u0103\u0219urarea lucr\u0103rilor de repara\u021bie sunt condi\u021biile meteo nefavorabile.  <\/p>\n<p>Gr\u0103dini\u021ba \u201eLicurici\u201d este acoperit\u0103 par\u021bial cu material hidroizolant, care nu a fost schimbat de mai bine de 50 de ani. Aici vin s\u0103 studieze 350 de copii. <\/p>\n<p>NATALIA  TOCARCIUC<br \/>\nPAVEL  LUCHIAN<br \/>\nCHIRA  BATRANAC<br \/>\n<iframe width=\"420\" height=\"315\" data-src=\"https:\/\/www.youtube.com\/embed\/7Zqt6rg3wbA\" frameborder=\"0\" allowfullscreen src=\"data:image\/svg+xml;base64,PHN2ZyB3aWR0aD0iMSIgaGVpZ2h0PSIxIiB4bWxucz0iaHR0cDovL3d3dy53My5vcmcvMjAwMC9zdmciPjwvc3ZnPg==\" class=\"lazyload\" data-load-mode=\"1\"><\/iframe><\/p>\n","protected":false},"excerpt":{"rendered":"<p>Ap\u0103 \u0219i pere\u021bi cu mucegai \u00een gr\u0103dini\u021ba num\u0103rul 23 din B\u0103l\u021bi. Acestea sunt consecin\u021bele ploilor din ultima perioad\u0103. Acoperi\u0219ul institu\u021biei de \u00eenv\u0103\u021b\u0103m\u00e2nt este at\u00e2t de degradat, \u00eenc\u00e2t la fiecare ploaie, apa se scurge prin tavan. Directoarea gr\u0103dini\u021bei spune c\u0103 s-a adresat de nenum\u0103rate ori autorit\u0103\u021bilor pentru a rezolva aceast\u0103 problem\u0103. \u201eProblema s-a agravat din cauza [&hellip;]<\/p>\n","protected":false},"author":4,"featured_media":14108,"comment_status":"closed","ping_status":"closed","sticky":false,"template":"","format":"standard","meta":{"footnotes":""},"categories":[6353],"tags":[],"class_list":["post-14105","post","type-post","status-publish","format-standard","has-post-thumbnail","hentry","category-oras"],"yoast_head":"<!-- This site is optimized with the Yoast SEO plugin v27.4 - https:\/\/yoast.com\/product\/yoast-seo-wordpress\/ -->\n<title>PERE\u021aI UMEZI \u00ceNTR-O GR\u0102DINI\u021a\u0102 DIN B\u0102L\u021aI: CINE SE FACE VINOVAT - BTV<\/title>\n<meta name=\"robots\" content=\"index, follow, max-snippet:-1, max-image-preview:large, max-video-preview:-1\" \/>\n<link rel=\"canonical\" href=\"https:\/\/www.btv.md\/ro\/pereti-umezi-intr-o-gradinita-din-balti-cine-se-face-vinovat\/\" \/>\n<meta property=\"og:locale\" content=\"ro_RO\" \/>\n<meta property=\"og:type\" content=\"article\" \/>\n<meta property=\"og:title\" content=\"PERE\u021aI UMEZI \u00ceNTR-O GR\u0102DINI\u021a\u0102 DIN B\u0102L\u021aI: CINE SE FACE VINOVAT - BTV\" \/>\n<meta property=\"og:description\" content=\"Ap\u0103 \u0219i pere\u021bi cu mucegai \u00een gr\u0103dini\u021ba num\u0103rul 23 din B\u0103l\u021bi. Acestea sunt consecin\u021bele ploilor din ultima perioad\u0103. Acoperi\u0219ul institu\u021biei de \u00eenv\u0103\u021b\u0103m\u00e2nt este at\u00e2t de degradat, \u00eenc\u00e2t la fiecare ploaie, apa se scurge prin tavan. Directoarea gr\u0103dini\u021bei spune c\u0103 s-a adresat de nenum\u0103rate ori autorit\u0103\u021bilor pentru a rezolva aceast\u0103 problem\u0103. \u201eProblema s-a agravat din cauza [&hellip;]\" \/>\n<meta property=\"og:url\" content=\"https:\/\/www.btv.md\/ro\/pereti-umezi-intr-o-gradinita-din-balti-cine-se-face-vinovat\/\" \/>\n<meta property=\"og:site_name\" content=\"BTV\" \/>\n<meta property=\"article:publisher\" content=\"https:\/\/www.facebook.com\/btvmoldova\/\" \/>\n<meta property=\"article:published_time\" content=\"2016-06-03T13:03:23+00:00\" \/>\n<meta property=\"og:image\" content=\"https:\/\/www.btv.md\/wp-content\/uploads\/2016\/06\/gradinita.png\" \/>\n\t<meta property=\"og:image:width\" content=\"1009\" \/>\n\t<meta property=\"og:image:height\" content=\"585\" \/>\n\t<meta property=\"og:image:type\" content=\"image\/png\" \/>\n<meta name=\"author\" content=\"admin\" \/>\n<meta name=\"twitter:label1\" content=\"Scris de\" \/>\n\t<meta name=\"twitter:data1\" content=\"admin\" \/>\n\t<meta name=\"twitter:label2\" content=\"Timp estimat pentru citire\" \/>\n\t<meta name=\"twitter:data2\" content=\"1 minut\" \/>\n<script type=\"application\/ld+json\" class=\"yoast-schema-graph\">{\"@context\":\"https:\\\/\\\/schema.org\",\"@graph\":[{\"@type\":\"Article\",\"@id\":\"https:\\\/\\\/www.btv.md\\\/ro\\\/pereti-umezi-intr-o-gradinita-din-balti-cine-se-face-vinovat\\\/#article\",\"isPartOf\":{\"@id\":\"https:\\\/\\\/www.btv.md\\\/ro\\\/pereti-umezi-intr-o-gradinita-din-balti-cine-se-face-vinovat\\\/\"},\"author\":{\"name\":\"admin\",\"@id\":\"https:\\\/\\\/www.btv.md\\\/#\\\/schema\\\/person\\\/8fadce81561b3ce2c34c46dadc4ccbf2\"},\"headline\":\"PERE\u021aI UMEZI \u00ceNTR-O GR\u0102DINI\u021a\u0102 DIN B\u0102L\u021aI: CINE SE FACE VINOVAT\",\"datePublished\":\"2016-06-03T13:03:23+00:00\",\"mainEntityOfPage\":{\"@id\":\"https:\\\/\\\/www.btv.md\\\/ro\\\/pereti-umezi-intr-o-gradinita-din-balti-cine-se-face-vinovat\\\/\"},\"wordCount\":281,\"image\":{\"@id\":\"https:\\\/\\\/www.btv.md\\\/ro\\\/pereti-umezi-intr-o-gradinita-din-balti-cine-se-face-vinovat\\\/#primaryimage\"},\"thumbnailUrl\":\"https:\\\/\\\/www.btv.md\\\/wp-content\\\/uploads\\\/2016\\\/06\\\/gradinita.png\",\"articleSection\":[\"Ora\u0219\"],\"inLanguage\":\"ro-RO\"},{\"@type\":\"WebPage\",\"@id\":\"https:\\\/\\\/www.btv.md\\\/ro\\\/pereti-umezi-intr-o-gradinita-din-balti-cine-se-face-vinovat\\\/\",\"url\":\"https:\\\/\\\/www.btv.md\\\/ro\\\/pereti-umezi-intr-o-gradinita-din-balti-cine-se-face-vinovat\\\/\",\"name\":\"PERE\u021aI UMEZI \u00ceNTR-O GR\u0102DINI\u021a\u0102 DIN B\u0102L\u021aI: CINE SE FACE VINOVAT - BTV\",\"isPartOf\":{\"@id\":\"https:\\\/\\\/www.btv.md\\\/#website\"},\"primaryImageOfPage\":{\"@id\":\"https:\\\/\\\/www.btv.md\\\/ro\\\/pereti-umezi-intr-o-gradinita-din-balti-cine-se-face-vinovat\\\/#primaryimage\"},\"image\":{\"@id\":\"https:\\\/\\\/www.btv.md\\\/ro\\\/pereti-umezi-intr-o-gradinita-din-balti-cine-se-face-vinovat\\\/#primaryimage\"},\"thumbnailUrl\":\"https:\\\/\\\/www.btv.md\\\/wp-content\\\/uploads\\\/2016\\\/06\\\/gradinita.png\",\"datePublished\":\"2016-06-03T13:03:23+00:00\",\"author\":{\"@id\":\"https:\\\/\\\/www.btv.md\\\/#\\\/schema\\\/person\\\/8fadce81561b3ce2c34c46dadc4ccbf2\"},\"inLanguage\":\"ro-RO\",\"potentialAction\":[{\"@type\":\"ReadAction\",\"target\":[\"https:\\\/\\\/www.btv.md\\\/ro\\\/pereti-umezi-intr-o-gradinita-din-balti-cine-se-face-vinovat\\\/\"]}]},{\"@type\":\"ImageObject\",\"inLanguage\":\"ro-RO\",\"@id\":\"https:\\\/\\\/www.btv.md\\\/ro\\\/pereti-umezi-intr-o-gradinita-din-balti-cine-se-face-vinovat\\\/#primaryimage\",\"url\":\"https:\\\/\\\/www.btv.md\\\/wp-content\\\/uploads\\\/2016\\\/06\\\/gradinita.png\",\"contentUrl\":\"https:\\\/\\\/www.btv.md\\\/wp-content\\\/uploads\\\/2016\\\/06\\\/gradinita.png\",\"width\":1009,\"height\":585},{\"@type\":\"WebSite\",\"@id\":\"https:\\\/\\\/www.btv.md\\\/#website\",\"url\":\"https:\\\/\\\/www.btv.md\\\/\",\"name\":\"BTV\",\"description\":\"\u0411\u0435\u043b\u044c\u0446\u043a\u043e\u0435 \u0442\u0435\u043b\u0435\u0432\u0438\u0434\u0435\u043d\u0438\u0435\",\"potentialAction\":[{\"@type\":\"SearchAction\",\"target\":{\"@type\":\"EntryPoint\",\"urlTemplate\":\"https:\\\/\\\/www.btv.md\\\/?s={search_term_string}\"},\"query-input\":{\"@type\":\"PropertyValueSpecification\",\"valueRequired\":true,\"valueName\":\"search_term_string\"}}],\"inLanguage\":\"ro-RO\"},{\"@type\":\"Person\",\"@id\":\"https:\\\/\\\/www.btv.md\\\/#\\\/schema\\\/person\\\/8fadce81561b3ce2c34c46dadc4ccbf2\",\"name\":\"admin\"}]}<\/script>\n<!-- \/ Yoast SEO plugin. -->","yoast_head_json":{"title":"PERE\u021aI UMEZI \u00ceNTR-O GR\u0102DINI\u021a\u0102 DIN B\u0102L\u021aI: CINE SE FACE VINOVAT - BTV","robots":{"index":"index","follow":"follow","max-snippet":"max-snippet:-1","max-image-preview":"max-image-preview:large","max-video-preview":"max-video-preview:-1"},"canonical":"https:\/\/www.btv.md\/ro\/pereti-umezi-intr-o-gradinita-din-balti-cine-se-face-vinovat\/","og_locale":"ro_RO","og_type":"article","og_title":"PERE\u021aI UMEZI \u00ceNTR-O GR\u0102DINI\u021a\u0102 DIN B\u0102L\u021aI: CINE SE FACE VINOVAT - BTV","og_description":"Ap\u0103 \u0219i pere\u021bi cu mucegai \u00een gr\u0103dini\u021ba num\u0103rul 23 din B\u0103l\u021bi. Acestea sunt consecin\u021bele ploilor din ultima perioad\u0103. Acoperi\u0219ul institu\u021biei de \u00eenv\u0103\u021b\u0103m\u00e2nt este at\u00e2t de degradat, \u00eenc\u00e2t la fiecare ploaie, apa se scurge prin tavan. Directoarea gr\u0103dini\u021bei spune c\u0103 s-a adresat de nenum\u0103rate ori autorit\u0103\u021bilor pentru a rezolva aceast\u0103 problem\u0103. \u201eProblema s-a agravat din cauza [&hellip;]","og_url":"https:\/\/www.btv.md\/ro\/pereti-umezi-intr-o-gradinita-din-balti-cine-se-face-vinovat\/","og_site_name":"BTV","article_publisher":"https:\/\/www.facebook.com\/btvmoldova\/","article_published_time":"2016-06-03T13:03:23+00:00","og_image":[{"width":1009,"height":585,"url":"https:\/\/www.btv.md\/wp-content\/uploads\/2016\/06\/gradinita.png","type":"image\/png"}],"author":"admin","twitter_misc":{"Scris de":"admin","Timp estimat pentru citire":"1 minut"},"schema":{"@context":"https:\/\/schema.org","@graph":[{"@type":"Article","@id":"https:\/\/www.btv.md\/ro\/pereti-umezi-intr-o-gradinita-din-balti-cine-se-face-vinovat\/#article","isPartOf":{"@id":"https:\/\/www.btv.md\/ro\/pereti-umezi-intr-o-gradinita-din-balti-cine-se-face-vinovat\/"},"author":{"name":"admin","@id":"https:\/\/www.btv.md\/#\/schema\/person\/8fadce81561b3ce2c34c46dadc4ccbf2"},"headline":"PERE\u021aI UMEZI \u00ceNTR-O GR\u0102DINI\u021a\u0102 DIN B\u0102L\u021aI: CINE SE FACE VINOVAT","datePublished":"2016-06-03T13:03:23+00:00","mainEntityOfPage":{"@id":"https:\/\/www.btv.md\/ro\/pereti-umezi-intr-o-gradinita-din-balti-cine-se-face-vinovat\/"},"wordCount":281,"image":{"@id":"https:\/\/www.btv.md\/ro\/pereti-umezi-intr-o-gradinita-din-balti-cine-se-face-vinovat\/#primaryimage"},"thumbnailUrl":"https:\/\/www.btv.md\/wp-content\/uploads\/2016\/06\/gradinita.png","articleSection":["Ora\u0219"],"inLanguage":"ro-RO"},{"@type":"WebPage","@id":"https:\/\/www.btv.md\/ro\/pereti-umezi-intr-o-gradinita-din-balti-cine-se-face-vinovat\/","url":"https:\/\/www.btv.md\/ro\/pereti-umezi-intr-o-gradinita-din-balti-cine-se-face-vinovat\/","name":"PERE\u021aI UMEZI \u00ceNTR-O GR\u0102DINI\u021a\u0102 DIN B\u0102L\u021aI: CINE SE FACE VINOVAT - BTV","isPartOf":{"@id":"https:\/\/www.btv.md\/#website"},"primaryImageOfPage":{"@id":"https:\/\/www.btv.md\/ro\/pereti-umezi-intr-o-gradinita-din-balti-cine-se-face-vinovat\/#primaryimage"},"image":{"@id":"https:\/\/www.btv.md\/ro\/pereti-umezi-intr-o-gradinita-din-balti-cine-se-face-vinovat\/#primaryimage"},"thumbnailUrl":"https:\/\/www.btv.md\/wp-content\/uploads\/2016\/06\/gradinita.png","datePublished":"2016-06-03T13:03:23+00:00","author":{"@id":"https:\/\/www.btv.md\/#\/schema\/person\/8fadce81561b3ce2c34c46dadc4ccbf2"},"inLanguage":"ro-RO","potentialAction":[{"@type":"ReadAction","target":["https:\/\/www.btv.md\/ro\/pereti-umezi-intr-o-gradinita-din-balti-cine-se-face-vinovat\/"]}]},{"@type":"ImageObject","inLanguage":"ro-RO","@id":"https:\/\/www.btv.md\/ro\/pereti-umezi-intr-o-gradinita-din-balti-cine-se-face-vinovat\/#primaryimage","url":"https:\/\/www.btv.md\/wp-content\/uploads\/2016\/06\/gradinita.png","contentUrl":"https:\/\/www.btv.md\/wp-content\/uploads\/2016\/06\/gradinita.png","width":1009,"height":585},{"@type":"WebSite","@id":"https:\/\/www.btv.md\/#website","url":"https:\/\/www.btv.md\/","name":"BTV","description":"\u0411\u0435\u043b\u044c\u0446\u043a\u043e\u0435 \u0442\u0435\u043b\u0435\u0432\u0438\u0434\u0435\u043d\u0438\u0435","potentialAction":[{"@type":"SearchAction","target":{"@type":"EntryPoint","urlTemplate":"https:\/\/www.btv.md\/?s={search_term_string}"},"query-input":{"@type":"PropertyValueSpecification","valueRequired":true,"valueName":"search_term_string"}}],"inLanguage":"ro-RO"},{"@type":"Person","@id":"https:\/\/www.btv.md\/#\/schema\/person\/8fadce81561b3ce2c34c46dadc4ccbf2","name":"admin"}]}},"_links":{"self":[{"href":"https:\/\/www.btv.md\/ro\/wp-json\/wp\/v2\/posts\/14105","targetHints":{"allow":["GET"]}}],"collection":[{"href":"https:\/\/www.btv.md\/ro\/wp-json\/wp\/v2\/posts"}],"about":[{"href":"https:\/\/www.btv.md\/ro\/wp-json\/wp\/v2\/types\/post"}],"author":[{"embeddable":true,"href":"https:\/\/www.btv.md\/ro\/wp-json\/wp\/v2\/users\/4"}],"replies":[{"embeddable":true,"href":"https:\/\/www.btv.md\/ro\/wp-json\/wp\/v2\/comments?post=14105"}],"version-history":[{"count":0,"href":"https:\/\/www.btv.md\/ro\/wp-json\/wp\/v2\/posts\/14105\/revisions"}],"wp:featuredmedia":[{"embeddable":true,"href":"https:\/\/www.btv.md\/ro\/wp-json\/wp\/v2\/media\/14108"}],"wp:attachment":[{"href":"https:\/\/www.btv.md\/ro\/wp-json\/wp\/v2\/media?parent=14105"}],"wp:term":[{"taxonomy":"category","embeddable":true,"href":"https:\/\/www.btv.md\/ro\/wp-json\/wp\/v2\/categories?post=14105"},{"taxonomy":"post_tag","embeddable":true,"href":"https:\/\/www.btv.md\/ro\/wp-json\/wp\/v2\/tags?post=14105"}],"curies":[{"name":"wp","href":"https:\/\/api.w.org\/{rel}","templated":true}]}}