{"id":14109,"date":"2016-06-03T16:46:17","date_gmt":"2016-06-03T13:46:17","guid":{"rendered":"http:\/\/btv.md\/?p=14109"},"modified":"2016-06-03T16:46:17","modified_gmt":"2016-06-03T13:46:17","slug":"zi-de-doliu-pentru-salvatorii-din-municipiul-balti","status":"publish","type":"post","link":"https:\/\/www.btv.md\/ro\/zi-de-doliu-pentru-salvatorii-din-municipiul-balti\/","title":{"rendered":"ZI  DE  DOLIU  PENTRU  SALVATORII  DIN  MUNICIPIUL  B\u0102L\u021aI"},"content":{"rendered":"<p><strong>Zi de doliu pentru salvatorii din municipiul B\u0103l\u021bi. Ace\u0219tia au pornit sirenele \u0219i au \u021binut un minut de reculegere pentru colegii lor din Rom\u00e2nia, care au decedat \u00een urma pr\u0103bu\u0219irii elicopterului SMURD.<\/strong><\/p>\n<p>Potrivit \u015fefului Direc\u0163iei Situa\u0163ii Excep\u0163ional din municipiul  B\u0103l\u0163i, Vasile Iovdi, tragedia care s-a produs joi a demonstrat c\u0103 indifernt de intemperiile vremii salvatorii sunt mereu la datorie. <\/p>\n<p>La r\u00e2ndul s\u0103u, \u0218eful Serviciului Pompieri, Alexandru Grigora\u015f, men\u021bioneaz\u0103 c\u0103 moartea colegilor lui, reprezint\u0103  o tragedie pentru echipele de salvatori.<\/p>\n<p>Amintim c\u0103 \u00een diminea\u021ba zilei de joi 2 iunie,echipajul SMURD plecase \u00een cursa de pe stadionul din Chi\u0219in\u0103u, sa preia din Cahul un american \u00een v\u00e2rst\u0103 de 64 de an, cu accident vascular, ce trebuia adus de urgen\u021b\u0103 la spitalul din Chi\u0219in\u0103u. \u00cen Raionul Cantemir \u00eensa, \u00een apropierea locali\u021bi Haragi\u0219, aparatul de zbor a disp\u0103rut de pe radar. Se prabu\u0219ise \u00een p\u0103dure. Printre copaci, elicopterul s-a facut buca\u021bi, iar \u00een urma impactului cu solul a luat foc. Din p\u0103cate, cei patru salvatori afla\u021bi la bord au pierit, trei dintre ei carboniza\u021bi.<\/p>\n<p><iframe width=\"420\" height=\"315\" data-src=\"https:\/\/www.youtube.com\/embed\/lfO-Tr3UduA\" frameborder=\"0\" allowfullscreen src=\"data:image\/svg+xml;base64,PHN2ZyB3aWR0aD0iMSIgaGVpZ2h0PSIxIiB4bWxucz0iaHR0cDovL3d3dy53My5vcmcvMjAwMC9zdmciPjwvc3ZnPg==\" class=\"lazyload\" data-load-mode=\"1\"><\/iframe><\/p>\n","protected":false},"excerpt":{"rendered":"<p>Zi de doliu pentru salvatorii din municipiul B\u0103l\u021bi. Ace\u0219tia au pornit sirenele \u0219i au \u021binut un minut de reculegere pentru colegii lor din Rom\u00e2nia, care au decedat \u00een urma pr\u0103bu\u0219irii elicopterului SMURD. Potrivit \u015fefului Direc\u0163iei Situa\u0163ii Excep\u0163ional din municipiul B\u0103l\u0163i, Vasile Iovdi, tragedia care s-a produs joi a demonstrat c\u0103 indifernt de intemperiile vremii salvatorii [&hellip;]<\/p>\n","protected":false},"author":4,"featured_media":14110,"comment_status":"closed","ping_status":"closed","sticky":false,"template":"","format":"standard","meta":{"footnotes":""},"categories":[6353],"tags":[],"class_list":["post-14109","post","type-post","status-publish","format-standard","has-post-thumbnail","hentry","category-oras"],"yoast_head":"<!-- This site is optimized with the Yoast SEO plugin v27.4 - https:\/\/yoast.com\/product\/yoast-seo-wordpress\/ -->\n<title>ZI DE DOLIU PENTRU SALVATORII DIN MUNICIPIUL B\u0102L\u021aI - BTV<\/title>\n<meta name=\"robots\" content=\"index, follow, max-snippet:-1, max-image-preview:large, max-video-preview:-1\" \/>\n<link rel=\"canonical\" href=\"https:\/\/www.btv.md\/ro\/zi-de-doliu-pentru-salvatorii-din-municipiul-balti\/\" \/>\n<meta property=\"og:locale\" content=\"ro_RO\" \/>\n<meta property=\"og:type\" content=\"article\" \/>\n<meta property=\"og:title\" content=\"ZI DE DOLIU PENTRU SALVATORII DIN MUNICIPIUL B\u0102L\u021aI - BTV\" \/>\n<meta property=\"og:description\" content=\"Zi de doliu pentru salvatorii din municipiul B\u0103l\u021bi. Ace\u0219tia au pornit sirenele \u0219i au \u021binut un minut de reculegere pentru colegii lor din Rom\u00e2nia, care au decedat \u00een urma pr\u0103bu\u0219irii elicopterului SMURD. Potrivit \u015fefului Direc\u0163iei Situa\u0163ii Excep\u0163ional din municipiul B\u0103l\u0163i, Vasile Iovdi, tragedia care s-a produs joi a demonstrat c\u0103 indifernt de intemperiile vremii salvatorii [&hellip;]\" \/>\n<meta property=\"og:url\" content=\"https:\/\/www.btv.md\/ro\/zi-de-doliu-pentru-salvatorii-din-municipiul-balti\/\" \/>\n<meta property=\"og:site_name\" content=\"BTV\" \/>\n<meta property=\"article:publisher\" content=\"https:\/\/www.facebook.com\/btvmoldova\/\" \/>\n<meta property=\"article:published_time\" content=\"2016-06-03T13:46:17+00:00\" \/>\n<meta property=\"og:image\" content=\"https:\/\/www.btv.md\/wp-content\/uploads\/2016\/06\/minut.png\" \/>\n\t<meta property=\"og:image:width\" content=\"1009\" \/>\n\t<meta property=\"og:image:height\" content=\"571\" \/>\n\t<meta property=\"og:image:type\" content=\"image\/png\" \/>\n<meta name=\"author\" content=\"admin\" \/>\n<meta name=\"twitter:label1\" content=\"Scris de\" \/>\n\t<meta name=\"twitter:data1\" content=\"admin\" \/>\n\t<meta name=\"twitter:label2\" content=\"Timp estimat pentru citire\" \/>\n\t<meta name=\"twitter:data2\" content=\"1 minut\" \/>\n<script type=\"application\/ld+json\" class=\"yoast-schema-graph\">{\"@context\":\"https:\\\/\\\/schema.org\",\"@graph\":[{\"@type\":\"Article\",\"@id\":\"https:\\\/\\\/www.btv.md\\\/ro\\\/zi-de-doliu-pentru-salvatorii-din-municipiul-balti\\\/#article\",\"isPartOf\":{\"@id\":\"https:\\\/\\\/www.btv.md\\\/ro\\\/zi-de-doliu-pentru-salvatorii-din-municipiul-balti\\\/\"},\"author\":{\"name\":\"admin\",\"@id\":\"https:\\\/\\\/www.btv.md\\\/#\\\/schema\\\/person\\\/8fadce81561b3ce2c34c46dadc4ccbf2\"},\"headline\":\"ZI DE DOLIU PENTRU SALVATORII DIN MUNICIPIUL B\u0102L\u021aI\",\"datePublished\":\"2016-06-03T13:46:17+00:00\",\"mainEntityOfPage\":{\"@id\":\"https:\\\/\\\/www.btv.md\\\/ro\\\/zi-de-doliu-pentru-salvatorii-din-municipiul-balti\\\/\"},\"wordCount\":207,\"image\":{\"@id\":\"https:\\\/\\\/www.btv.md\\\/ro\\\/zi-de-doliu-pentru-salvatorii-din-municipiul-balti\\\/#primaryimage\"},\"thumbnailUrl\":\"https:\\\/\\\/www.btv.md\\\/wp-content\\\/uploads\\\/2016\\\/06\\\/minut.png\",\"articleSection\":[\"Ora\u0219\"],\"inLanguage\":\"ro-RO\"},{\"@type\":\"WebPage\",\"@id\":\"https:\\\/\\\/www.btv.md\\\/ro\\\/zi-de-doliu-pentru-salvatorii-din-municipiul-balti\\\/\",\"url\":\"https:\\\/\\\/www.btv.md\\\/ro\\\/zi-de-doliu-pentru-salvatorii-din-municipiul-balti\\\/\",\"name\":\"ZI DE DOLIU PENTRU SALVATORII DIN MUNICIPIUL B\u0102L\u021aI - BTV\",\"isPartOf\":{\"@id\":\"https:\\\/\\\/www.btv.md\\\/#website\"},\"primaryImageOfPage\":{\"@id\":\"https:\\\/\\\/www.btv.md\\\/ro\\\/zi-de-doliu-pentru-salvatorii-din-municipiul-balti\\\/#primaryimage\"},\"image\":{\"@id\":\"https:\\\/\\\/www.btv.md\\\/ro\\\/zi-de-doliu-pentru-salvatorii-din-municipiul-balti\\\/#primaryimage\"},\"thumbnailUrl\":\"https:\\\/\\\/www.btv.md\\\/wp-content\\\/uploads\\\/2016\\\/06\\\/minut.png\",\"datePublished\":\"2016-06-03T13:46:17+00:00\",\"author\":{\"@id\":\"https:\\\/\\\/www.btv.md\\\/#\\\/schema\\\/person\\\/8fadce81561b3ce2c34c46dadc4ccbf2\"},\"inLanguage\":\"ro-RO\",\"potentialAction\":[{\"@type\":\"ReadAction\",\"target\":[\"https:\\\/\\\/www.btv.md\\\/ro\\\/zi-de-doliu-pentru-salvatorii-din-municipiul-balti\\\/\"]}]},{\"@type\":\"ImageObject\",\"inLanguage\":\"ro-RO\",\"@id\":\"https:\\\/\\\/www.btv.md\\\/ro\\\/zi-de-doliu-pentru-salvatorii-din-municipiul-balti\\\/#primaryimage\",\"url\":\"https:\\\/\\\/www.btv.md\\\/wp-content\\\/uploads\\\/2016\\\/06\\\/minut.png\",\"contentUrl\":\"https:\\\/\\\/www.btv.md\\\/wp-content\\\/uploads\\\/2016\\\/06\\\/minut.png\",\"width\":1009,\"height\":571},{\"@type\":\"WebSite\",\"@id\":\"https:\\\/\\\/www.btv.md\\\/#website\",\"url\":\"https:\\\/\\\/www.btv.md\\\/\",\"name\":\"BTV\",\"description\":\"\u0411\u0435\u043b\u044c\u0446\u043a\u043e\u0435 \u0442\u0435\u043b\u0435\u0432\u0438\u0434\u0435\u043d\u0438\u0435\",\"potentialAction\":[{\"@type\":\"SearchAction\",\"target\":{\"@type\":\"EntryPoint\",\"urlTemplate\":\"https:\\\/\\\/www.btv.md\\\/?s={search_term_string}\"},\"query-input\":{\"@type\":\"PropertyValueSpecification\",\"valueRequired\":true,\"valueName\":\"search_term_string\"}}],\"inLanguage\":\"ro-RO\"},{\"@type\":\"Person\",\"@id\":\"https:\\\/\\\/www.btv.md\\\/#\\\/schema\\\/person\\\/8fadce81561b3ce2c34c46dadc4ccbf2\",\"name\":\"admin\"}]}<\/script>\n<!-- \/ Yoast SEO plugin. -->","yoast_head_json":{"title":"ZI DE DOLIU PENTRU SALVATORII DIN MUNICIPIUL B\u0102L\u021aI - BTV","robots":{"index":"index","follow":"follow","max-snippet":"max-snippet:-1","max-image-preview":"max-image-preview:large","max-video-preview":"max-video-preview:-1"},"canonical":"https:\/\/www.btv.md\/ro\/zi-de-doliu-pentru-salvatorii-din-municipiul-balti\/","og_locale":"ro_RO","og_type":"article","og_title":"ZI DE DOLIU PENTRU SALVATORII DIN MUNICIPIUL B\u0102L\u021aI - BTV","og_description":"Zi de doliu pentru salvatorii din municipiul B\u0103l\u021bi. Ace\u0219tia au pornit sirenele \u0219i au \u021binut un minut de reculegere pentru colegii lor din Rom\u00e2nia, care au decedat \u00een urma pr\u0103bu\u0219irii elicopterului SMURD. Potrivit \u015fefului Direc\u0163iei Situa\u0163ii Excep\u0163ional din municipiul B\u0103l\u0163i, Vasile Iovdi, tragedia care s-a produs joi a demonstrat c\u0103 indifernt de intemperiile vremii salvatorii [&hellip;]","og_url":"https:\/\/www.btv.md\/ro\/zi-de-doliu-pentru-salvatorii-din-municipiul-balti\/","og_site_name":"BTV","article_publisher":"https:\/\/www.facebook.com\/btvmoldova\/","article_published_time":"2016-06-03T13:46:17+00:00","og_image":[{"width":1009,"height":571,"url":"https:\/\/www.btv.md\/wp-content\/uploads\/2016\/06\/minut.png","type":"image\/png"}],"author":"admin","twitter_misc":{"Scris de":"admin","Timp estimat pentru citire":"1 minut"},"schema":{"@context":"https:\/\/schema.org","@graph":[{"@type":"Article","@id":"https:\/\/www.btv.md\/ro\/zi-de-doliu-pentru-salvatorii-din-municipiul-balti\/#article","isPartOf":{"@id":"https:\/\/www.btv.md\/ro\/zi-de-doliu-pentru-salvatorii-din-municipiul-balti\/"},"author":{"name":"admin","@id":"https:\/\/www.btv.md\/#\/schema\/person\/8fadce81561b3ce2c34c46dadc4ccbf2"},"headline":"ZI DE DOLIU PENTRU SALVATORII DIN MUNICIPIUL B\u0102L\u021aI","datePublished":"2016-06-03T13:46:17+00:00","mainEntityOfPage":{"@id":"https:\/\/www.btv.md\/ro\/zi-de-doliu-pentru-salvatorii-din-municipiul-balti\/"},"wordCount":207,"image":{"@id":"https:\/\/www.btv.md\/ro\/zi-de-doliu-pentru-salvatorii-din-municipiul-balti\/#primaryimage"},"thumbnailUrl":"https:\/\/www.btv.md\/wp-content\/uploads\/2016\/06\/minut.png","articleSection":["Ora\u0219"],"inLanguage":"ro-RO"},{"@type":"WebPage","@id":"https:\/\/www.btv.md\/ro\/zi-de-doliu-pentru-salvatorii-din-municipiul-balti\/","url":"https:\/\/www.btv.md\/ro\/zi-de-doliu-pentru-salvatorii-din-municipiul-balti\/","name":"ZI DE DOLIU PENTRU SALVATORII DIN MUNICIPIUL B\u0102L\u021aI - BTV","isPartOf":{"@id":"https:\/\/www.btv.md\/#website"},"primaryImageOfPage":{"@id":"https:\/\/www.btv.md\/ro\/zi-de-doliu-pentru-salvatorii-din-municipiul-balti\/#primaryimage"},"image":{"@id":"https:\/\/www.btv.md\/ro\/zi-de-doliu-pentru-salvatorii-din-municipiul-balti\/#primaryimage"},"thumbnailUrl":"https:\/\/www.btv.md\/wp-content\/uploads\/2016\/06\/minut.png","datePublished":"2016-06-03T13:46:17+00:00","author":{"@id":"https:\/\/www.btv.md\/#\/schema\/person\/8fadce81561b3ce2c34c46dadc4ccbf2"},"inLanguage":"ro-RO","potentialAction":[{"@type":"ReadAction","target":["https:\/\/www.btv.md\/ro\/zi-de-doliu-pentru-salvatorii-din-municipiul-balti\/"]}]},{"@type":"ImageObject","inLanguage":"ro-RO","@id":"https:\/\/www.btv.md\/ro\/zi-de-doliu-pentru-salvatorii-din-municipiul-balti\/#primaryimage","url":"https:\/\/www.btv.md\/wp-content\/uploads\/2016\/06\/minut.png","contentUrl":"https:\/\/www.btv.md\/wp-content\/uploads\/2016\/06\/minut.png","width":1009,"height":571},{"@type":"WebSite","@id":"https:\/\/www.btv.md\/#website","url":"https:\/\/www.btv.md\/","name":"BTV","description":"\u0411\u0435\u043b\u044c\u0446\u043a\u043e\u0435 \u0442\u0435\u043b\u0435\u0432\u0438\u0434\u0435\u043d\u0438\u0435","potentialAction":[{"@type":"SearchAction","target":{"@type":"EntryPoint","urlTemplate":"https:\/\/www.btv.md\/?s={search_term_string}"},"query-input":{"@type":"PropertyValueSpecification","valueRequired":true,"valueName":"search_term_string"}}],"inLanguage":"ro-RO"},{"@type":"Person","@id":"https:\/\/www.btv.md\/#\/schema\/person\/8fadce81561b3ce2c34c46dadc4ccbf2","name":"admin"}]}},"_links":{"self":[{"href":"https:\/\/www.btv.md\/ro\/wp-json\/wp\/v2\/posts\/14109","targetHints":{"allow":["GET"]}}],"collection":[{"href":"https:\/\/www.btv.md\/ro\/wp-json\/wp\/v2\/posts"}],"about":[{"href":"https:\/\/www.btv.md\/ro\/wp-json\/wp\/v2\/types\/post"}],"author":[{"embeddable":true,"href":"https:\/\/www.btv.md\/ro\/wp-json\/wp\/v2\/users\/4"}],"replies":[{"embeddable":true,"href":"https:\/\/www.btv.md\/ro\/wp-json\/wp\/v2\/comments?post=14109"}],"version-history":[{"count":0,"href":"https:\/\/www.btv.md\/ro\/wp-json\/wp\/v2\/posts\/14109\/revisions"}],"wp:featuredmedia":[{"embeddable":true,"href":"https:\/\/www.btv.md\/ro\/wp-json\/wp\/v2\/media\/14110"}],"wp:attachment":[{"href":"https:\/\/www.btv.md\/ro\/wp-json\/wp\/v2\/media?parent=14109"}],"wp:term":[{"taxonomy":"category","embeddable":true,"href":"https:\/\/www.btv.md\/ro\/wp-json\/wp\/v2\/categories?post=14109"},{"taxonomy":"post_tag","embeddable":true,"href":"https:\/\/www.btv.md\/ro\/wp-json\/wp\/v2\/tags?post=14109"}],"curies":[{"name":"wp","href":"https:\/\/api.w.org\/{rel}","templated":true}]}}