{"id":14121,"date":"2016-06-03T17:47:16","date_gmt":"2016-06-03T14:47:16","guid":{"rendered":"http:\/\/btv.md\/?p=14121"},"modified":"2016-06-03T17:47:16","modified_gmt":"2016-06-03T14:47:16","slug":"grupare-criminala-anihilata-la-balti","status":"publish","type":"post","link":"https:\/\/www.btv.md\/ro\/grupare-criminala-anihilata-la-balti\/","title":{"rendered":"GRUPARE  CRIMINAL\u0102,  ANIHILAT\u0102  LA  B\u0102L\u021aI"},"content":{"rendered":"<p><strong>O grupare criminal\u0103 din B\u0103l\u021bi specializat\u0103 \u00een trafic de droguri a fost anihilat\u0103 de ofi\u021berii Inspectoratului Na\u021bional de Investiga\u021bii (INI). Informa\u021bia a fost confirmat\u0103 de ofi\u021berul de pres\u0103 al INI, Diana Sochirc\u0103, care a refuzat s\u0103 ofere mai multe detalii.<\/strong><\/p>\n<p>Potrivit unor surse avizate din cadrul Inspectoratului General de Poli\u021bie, perche\u021bi\u021biile s-au desf\u0103\u0219urat \u00een mai multe loca\u021bii din ora\u0219, \u00een data de 3 iunie. <\/p>\n<p>Pe parcurs vom reveni cu mai multe informa\u021bii.<\/p>\n","protected":false},"excerpt":{"rendered":"<p>O grupare criminal\u0103 din B\u0103l\u021bi specializat\u0103 \u00een trafic de droguri a fost anihilat\u0103 de ofi\u021berii Inspectoratului Na\u021bional de Investiga\u021bii (INI). Informa\u021bia a fost confirmat\u0103 de ofi\u021berul de pres\u0103 al INI, Diana Sochirc\u0103, care a refuzat s\u0103 ofere mai multe detalii. Potrivit unor surse avizate din cadrul Inspectoratului General de Poli\u021bie, perche\u021bi\u021biile s-au desf\u0103\u0219urat \u00een mai [&hellip;]<\/p>\n","protected":false},"author":4,"featured_media":14122,"comment_status":"closed","ping_status":"closed","sticky":false,"template":"","format":"standard","meta":{"footnotes":""},"categories":[6353],"tags":[],"class_list":["post-14121","post","type-post","status-publish","format-standard","has-post-thumbnail","hentry","category-oras"],"yoast_head":"<!-- This site is optimized with the Yoast SEO plugin v27.4 - https:\/\/yoast.com\/product\/yoast-seo-wordpress\/ -->\n<title>GRUPARE CRIMINAL\u0102, ANIHILAT\u0102 LA B\u0102L\u021aI - BTV<\/title>\n<meta name=\"robots\" content=\"index, follow, max-snippet:-1, max-image-preview:large, max-video-preview:-1\" \/>\n<link rel=\"canonical\" href=\"https:\/\/www.btv.md\/ro\/grupare-criminala-anihilata-la-balti\/\" \/>\n<meta property=\"og:locale\" content=\"ro_RO\" \/>\n<meta property=\"og:type\" content=\"article\" \/>\n<meta property=\"og:title\" content=\"GRUPARE CRIMINAL\u0102, ANIHILAT\u0102 LA B\u0102L\u021aI - BTV\" \/>\n<meta property=\"og:description\" content=\"O grupare criminal\u0103 din B\u0103l\u021bi specializat\u0103 \u00een trafic de droguri a fost anihilat\u0103 de ofi\u021berii Inspectoratului Na\u021bional de Investiga\u021bii (INI). Informa\u021bia a fost confirmat\u0103 de ofi\u021berul de pres\u0103 al INI, Diana Sochirc\u0103, care a refuzat s\u0103 ofere mai multe detalii. Potrivit unor surse avizate din cadrul Inspectoratului General de Poli\u021bie, perche\u021bi\u021biile s-au desf\u0103\u0219urat \u00een mai [&hellip;]\" \/>\n<meta property=\"og:url\" content=\"https:\/\/www.btv.md\/ro\/grupare-criminala-anihilata-la-balti\/\" \/>\n<meta property=\"og:site_name\" content=\"BTV\" \/>\n<meta property=\"article:publisher\" content=\"https:\/\/www.facebook.com\/btvmoldova\/\" \/>\n<meta property=\"article:published_time\" content=\"2016-06-03T14:47:16+00:00\" \/>\n<meta property=\"og:image\" content=\"https:\/\/www.btv.md\/wp-content\/uploads\/2016\/06\/mascati_4_30895400.jpg\" \/>\n\t<meta property=\"og:image:width\" content=\"716\" \/>\n\t<meta property=\"og:image:height\" content=\"1242\" \/>\n\t<meta property=\"og:image:type\" content=\"image\/jpeg\" \/>\n<meta name=\"author\" content=\"admin\" \/>\n<meta name=\"twitter:label1\" content=\"Scris de\" \/>\n\t<meta name=\"twitter:data1\" content=\"admin\" \/>\n<script type=\"application\/ld+json\" class=\"yoast-schema-graph\">{\"@context\":\"https:\\\/\\\/schema.org\",\"@graph\":[{\"@type\":\"Article\",\"@id\":\"https:\\\/\\\/www.btv.md\\\/ro\\\/grupare-criminala-anihilata-la-balti\\\/#article\",\"isPartOf\":{\"@id\":\"https:\\\/\\\/www.btv.md\\\/ro\\\/grupare-criminala-anihilata-la-balti\\\/\"},\"author\":{\"name\":\"admin\",\"@id\":\"https:\\\/\\\/www.btv.md\\\/#\\\/schema\\\/person\\\/8fadce81561b3ce2c34c46dadc4ccbf2\"},\"headline\":\"GRUPARE CRIMINAL\u0102, ANIHILAT\u0102 LA B\u0102L\u021aI\",\"datePublished\":\"2016-06-03T14:47:16+00:00\",\"mainEntityOfPage\":{\"@id\":\"https:\\\/\\\/www.btv.md\\\/ro\\\/grupare-criminala-anihilata-la-balti\\\/\"},\"wordCount\":91,\"image\":{\"@id\":\"https:\\\/\\\/www.btv.md\\\/ro\\\/grupare-criminala-anihilata-la-balti\\\/#primaryimage\"},\"thumbnailUrl\":\"https:\\\/\\\/www.btv.md\\\/wp-content\\\/uploads\\\/2016\\\/06\\\/mascati_4_30895400.jpg\",\"articleSection\":[\"Ora\u0219\"],\"inLanguage\":\"ro-RO\"},{\"@type\":\"WebPage\",\"@id\":\"https:\\\/\\\/www.btv.md\\\/ro\\\/grupare-criminala-anihilata-la-balti\\\/\",\"url\":\"https:\\\/\\\/www.btv.md\\\/ro\\\/grupare-criminala-anihilata-la-balti\\\/\",\"name\":\"GRUPARE CRIMINAL\u0102, ANIHILAT\u0102 LA B\u0102L\u021aI - BTV\",\"isPartOf\":{\"@id\":\"https:\\\/\\\/www.btv.md\\\/#website\"},\"primaryImageOfPage\":{\"@id\":\"https:\\\/\\\/www.btv.md\\\/ro\\\/grupare-criminala-anihilata-la-balti\\\/#primaryimage\"},\"image\":{\"@id\":\"https:\\\/\\\/www.btv.md\\\/ro\\\/grupare-criminala-anihilata-la-balti\\\/#primaryimage\"},\"thumbnailUrl\":\"https:\\\/\\\/www.btv.md\\\/wp-content\\\/uploads\\\/2016\\\/06\\\/mascati_4_30895400.jpg\",\"datePublished\":\"2016-06-03T14:47:16+00:00\",\"author\":{\"@id\":\"https:\\\/\\\/www.btv.md\\\/#\\\/schema\\\/person\\\/8fadce81561b3ce2c34c46dadc4ccbf2\"},\"inLanguage\":\"ro-RO\",\"potentialAction\":[{\"@type\":\"ReadAction\",\"target\":[\"https:\\\/\\\/www.btv.md\\\/ro\\\/grupare-criminala-anihilata-la-balti\\\/\"]}]},{\"@type\":\"ImageObject\",\"inLanguage\":\"ro-RO\",\"@id\":\"https:\\\/\\\/www.btv.md\\\/ro\\\/grupare-criminala-anihilata-la-balti\\\/#primaryimage\",\"url\":\"https:\\\/\\\/www.btv.md\\\/wp-content\\\/uploads\\\/2016\\\/06\\\/mascati_4_30895400.jpg\",\"contentUrl\":\"https:\\\/\\\/www.btv.md\\\/wp-content\\\/uploads\\\/2016\\\/06\\\/mascati_4_30895400.jpg\",\"width\":716,\"height\":1242},{\"@type\":\"WebSite\",\"@id\":\"https:\\\/\\\/www.btv.md\\\/#website\",\"url\":\"https:\\\/\\\/www.btv.md\\\/\",\"name\":\"BTV\",\"description\":\"\u0411\u0435\u043b\u044c\u0446\u043a\u043e\u0435 \u0442\u0435\u043b\u0435\u0432\u0438\u0434\u0435\u043d\u0438\u0435\",\"potentialAction\":[{\"@type\":\"SearchAction\",\"target\":{\"@type\":\"EntryPoint\",\"urlTemplate\":\"https:\\\/\\\/www.btv.md\\\/?s={search_term_string}\"},\"query-input\":{\"@type\":\"PropertyValueSpecification\",\"valueRequired\":true,\"valueName\":\"search_term_string\"}}],\"inLanguage\":\"ro-RO\"},{\"@type\":\"Person\",\"@id\":\"https:\\\/\\\/www.btv.md\\\/#\\\/schema\\\/person\\\/8fadce81561b3ce2c34c46dadc4ccbf2\",\"name\":\"admin\"}]}<\/script>\n<!-- \/ Yoast SEO plugin. -->","yoast_head_json":{"title":"GRUPARE CRIMINAL\u0102, ANIHILAT\u0102 LA B\u0102L\u021aI - BTV","robots":{"index":"index","follow":"follow","max-snippet":"max-snippet:-1","max-image-preview":"max-image-preview:large","max-video-preview":"max-video-preview:-1"},"canonical":"https:\/\/www.btv.md\/ro\/grupare-criminala-anihilata-la-balti\/","og_locale":"ro_RO","og_type":"article","og_title":"GRUPARE CRIMINAL\u0102, ANIHILAT\u0102 LA B\u0102L\u021aI - BTV","og_description":"O grupare criminal\u0103 din B\u0103l\u021bi specializat\u0103 \u00een trafic de droguri a fost anihilat\u0103 de ofi\u021berii Inspectoratului Na\u021bional de Investiga\u021bii (INI). Informa\u021bia a fost confirmat\u0103 de ofi\u021berul de pres\u0103 al INI, Diana Sochirc\u0103, care a refuzat s\u0103 ofere mai multe detalii. Potrivit unor surse avizate din cadrul Inspectoratului General de Poli\u021bie, perche\u021bi\u021biile s-au desf\u0103\u0219urat \u00een mai [&hellip;]","og_url":"https:\/\/www.btv.md\/ro\/grupare-criminala-anihilata-la-balti\/","og_site_name":"BTV","article_publisher":"https:\/\/www.facebook.com\/btvmoldova\/","article_published_time":"2016-06-03T14:47:16+00:00","og_image":[{"width":716,"height":1242,"url":"https:\/\/www.btv.md\/wp-content\/uploads\/2016\/06\/mascati_4_30895400.jpg","type":"image\/jpeg"}],"author":"admin","twitter_misc":{"Scris de":"admin"},"schema":{"@context":"https:\/\/schema.org","@graph":[{"@type":"Article","@id":"https:\/\/www.btv.md\/ro\/grupare-criminala-anihilata-la-balti\/#article","isPartOf":{"@id":"https:\/\/www.btv.md\/ro\/grupare-criminala-anihilata-la-balti\/"},"author":{"name":"admin","@id":"https:\/\/www.btv.md\/#\/schema\/person\/8fadce81561b3ce2c34c46dadc4ccbf2"},"headline":"GRUPARE CRIMINAL\u0102, ANIHILAT\u0102 LA B\u0102L\u021aI","datePublished":"2016-06-03T14:47:16+00:00","mainEntityOfPage":{"@id":"https:\/\/www.btv.md\/ro\/grupare-criminala-anihilata-la-balti\/"},"wordCount":91,"image":{"@id":"https:\/\/www.btv.md\/ro\/grupare-criminala-anihilata-la-balti\/#primaryimage"},"thumbnailUrl":"https:\/\/www.btv.md\/wp-content\/uploads\/2016\/06\/mascati_4_30895400.jpg","articleSection":["Ora\u0219"],"inLanguage":"ro-RO"},{"@type":"WebPage","@id":"https:\/\/www.btv.md\/ro\/grupare-criminala-anihilata-la-balti\/","url":"https:\/\/www.btv.md\/ro\/grupare-criminala-anihilata-la-balti\/","name":"GRUPARE CRIMINAL\u0102, ANIHILAT\u0102 LA B\u0102L\u021aI - BTV","isPartOf":{"@id":"https:\/\/www.btv.md\/#website"},"primaryImageOfPage":{"@id":"https:\/\/www.btv.md\/ro\/grupare-criminala-anihilata-la-balti\/#primaryimage"},"image":{"@id":"https:\/\/www.btv.md\/ro\/grupare-criminala-anihilata-la-balti\/#primaryimage"},"thumbnailUrl":"https:\/\/www.btv.md\/wp-content\/uploads\/2016\/06\/mascati_4_30895400.jpg","datePublished":"2016-06-03T14:47:16+00:00","author":{"@id":"https:\/\/www.btv.md\/#\/schema\/person\/8fadce81561b3ce2c34c46dadc4ccbf2"},"inLanguage":"ro-RO","potentialAction":[{"@type":"ReadAction","target":["https:\/\/www.btv.md\/ro\/grupare-criminala-anihilata-la-balti\/"]}]},{"@type":"ImageObject","inLanguage":"ro-RO","@id":"https:\/\/www.btv.md\/ro\/grupare-criminala-anihilata-la-balti\/#primaryimage","url":"https:\/\/www.btv.md\/wp-content\/uploads\/2016\/06\/mascati_4_30895400.jpg","contentUrl":"https:\/\/www.btv.md\/wp-content\/uploads\/2016\/06\/mascati_4_30895400.jpg","width":716,"height":1242},{"@type":"WebSite","@id":"https:\/\/www.btv.md\/#website","url":"https:\/\/www.btv.md\/","name":"BTV","description":"\u0411\u0435\u043b\u044c\u0446\u043a\u043e\u0435 \u0442\u0435\u043b\u0435\u0432\u0438\u0434\u0435\u043d\u0438\u0435","potentialAction":[{"@type":"SearchAction","target":{"@type":"EntryPoint","urlTemplate":"https:\/\/www.btv.md\/?s={search_term_string}"},"query-input":{"@type":"PropertyValueSpecification","valueRequired":true,"valueName":"search_term_string"}}],"inLanguage":"ro-RO"},{"@type":"Person","@id":"https:\/\/www.btv.md\/#\/schema\/person\/8fadce81561b3ce2c34c46dadc4ccbf2","name":"admin"}]}},"_links":{"self":[{"href":"https:\/\/www.btv.md\/ro\/wp-json\/wp\/v2\/posts\/14121","targetHints":{"allow":["GET"]}}],"collection":[{"href":"https:\/\/www.btv.md\/ro\/wp-json\/wp\/v2\/posts"}],"about":[{"href":"https:\/\/www.btv.md\/ro\/wp-json\/wp\/v2\/types\/post"}],"author":[{"embeddable":true,"href":"https:\/\/www.btv.md\/ro\/wp-json\/wp\/v2\/users\/4"}],"replies":[{"embeddable":true,"href":"https:\/\/www.btv.md\/ro\/wp-json\/wp\/v2\/comments?post=14121"}],"version-history":[{"count":0,"href":"https:\/\/www.btv.md\/ro\/wp-json\/wp\/v2\/posts\/14121\/revisions"}],"wp:featuredmedia":[{"embeddable":true,"href":"https:\/\/www.btv.md\/ro\/wp-json\/wp\/v2\/media\/14122"}],"wp:attachment":[{"href":"https:\/\/www.btv.md\/ro\/wp-json\/wp\/v2\/media?parent=14121"}],"wp:term":[{"taxonomy":"category","embeddable":true,"href":"https:\/\/www.btv.md\/ro\/wp-json\/wp\/v2\/categories?post=14121"},{"taxonomy":"post_tag","embeddable":true,"href":"https:\/\/www.btv.md\/ro\/wp-json\/wp\/v2\/tags?post=14121"}],"curies":[{"name":"wp","href":"https:\/\/api.w.org\/{rel}","templated":true}]}}