{"id":14124,"date":"2016-06-03T18:19:15","date_gmt":"2016-06-03T15:19:15","guid":{"rendered":"http:\/\/btv.md\/?p=14124"},"modified":"2016-06-03T18:19:15","modified_gmt":"2016-06-03T15:19:15","slug":"au-arestat-o-violent-in-fata-judecatoriei-balti","status":"publish","type":"post","link":"https:\/\/www.btv.md\/ro\/au-arestat-o-violent-in-fata-judecatoriei-balti\/","title":{"rendered":"Au arestat-o violent \u00een fa\u021ba judec\u0103toriei B\u0103l\u021bi"},"content":{"rendered":"<p><strong>Femeia care ne relata prin skype despre re\u021binerea violent\u0103 \u00een noaptea de pa\u0219ti azi s-a prezentat la judecat\u0103, dar a fost imediat \u0219i la fel de violent arestat\u0103 din strad\u0103, f\u0103r\u0103 drept s\u0103 vorbeasc\u0103 la camer\u0103.<\/strong><\/p>\n<p><iframe width=\"560\" height=\"315\" data-src=\"https:\/\/www.youtube.com\/embed\/aR9ci_J2tdc\" frameborder=\"0\" allowfullscreen src=\"data:image\/svg+xml;base64,PHN2ZyB3aWR0aD0iMSIgaGVpZ2h0PSIxIiB4bWxucz0iaHR0cDovL3d3dy53My5vcmcvMjAwMC9zdmciPjwvc3ZnPg==\" class=\"lazyload\" data-load-mode=\"1\"><\/iframe><\/p>\n<p><a href=\"http:\/\/curaj.tv\/reportaj\/justitie\/coruptie\/au-arestat-o-violent-la-poarta-judecatoriei-balti\/\" target=\"_blank\">curaj.tv<\/a><\/p>\n","protected":false},"excerpt":{"rendered":"<p>Femeia care ne relata prin skype despre re\u021binerea violent\u0103 \u00een noaptea de pa\u0219ti azi s-a prezentat la judecat\u0103, dar a fost imediat \u0219i la fel de violent arestat\u0103 din strad\u0103, f\u0103r\u0103 drept s\u0103 vorbeasc\u0103 la camer\u0103. curaj.tv<\/p>\n","protected":false},"author":4,"featured_media":14125,"comment_status":"closed","ping_status":"closed","sticky":false,"template":"","format":"standard","meta":{"footnotes":""},"categories":[6353],"tags":[],"class_list":["post-14124","post","type-post","status-publish","format-standard","has-post-thumbnail","hentry","category-oras"],"yoast_head":"<!-- This site is optimized with the Yoast SEO plugin v27.4 - https:\/\/yoast.com\/product\/yoast-seo-wordpress\/ -->\n<title>Au arestat-o violent \u00een fa\u021ba judec\u0103toriei B\u0103l\u021bi - BTV<\/title>\n<meta name=\"robots\" content=\"index, follow, max-snippet:-1, max-image-preview:large, max-video-preview:-1\" \/>\n<link rel=\"canonical\" href=\"https:\/\/www.btv.md\/ro\/au-arestat-o-violent-in-fata-judecatoriei-balti\/\" \/>\n<meta property=\"og:locale\" content=\"ro_RO\" \/>\n<meta property=\"og:type\" content=\"article\" \/>\n<meta property=\"og:title\" content=\"Au arestat-o violent \u00een fa\u021ba judec\u0103toriei B\u0103l\u021bi - BTV\" \/>\n<meta property=\"og:description\" content=\"Femeia care ne relata prin skype despre re\u021binerea violent\u0103 \u00een noaptea de pa\u0219ti azi s-a prezentat la judecat\u0103, dar a fost imediat \u0219i la fel de violent arestat\u0103 din strad\u0103, f\u0103r\u0103 drept s\u0103 vorbeasc\u0103 la camer\u0103. curaj.tv\" \/>\n<meta property=\"og:url\" content=\"https:\/\/www.btv.md\/ro\/au-arestat-o-violent-in-fata-judecatoriei-balti\/\" \/>\n<meta property=\"og:site_name\" content=\"BTV\" \/>\n<meta property=\"article:publisher\" content=\"https:\/\/www.facebook.com\/btvmoldova\/\" \/>\n<meta property=\"article:published_time\" content=\"2016-06-03T15:19:15+00:00\" \/>\n<meta property=\"og:image\" content=\"https:\/\/www.btv.md\/wp-content\/uploads\/2016\/06\/zaderjanie.png\" \/>\n\t<meta property=\"og:image:width\" content=\"1207\" \/>\n\t<meta property=\"og:image:height\" content=\"661\" \/>\n\t<meta property=\"og:image:type\" content=\"image\/png\" \/>\n<meta name=\"author\" content=\"admin\" \/>\n<meta name=\"twitter:label1\" content=\"Scris de\" \/>\n\t<meta name=\"twitter:data1\" content=\"admin\" \/>\n<script type=\"application\/ld+json\" class=\"yoast-schema-graph\">{\"@context\":\"https:\\\/\\\/schema.org\",\"@graph\":[{\"@type\":\"Article\",\"@id\":\"https:\\\/\\\/www.btv.md\\\/ro\\\/au-arestat-o-violent-in-fata-judecatoriei-balti\\\/#article\",\"isPartOf\":{\"@id\":\"https:\\\/\\\/www.btv.md\\\/ro\\\/au-arestat-o-violent-in-fata-judecatoriei-balti\\\/\"},\"author\":{\"name\":\"admin\",\"@id\":\"https:\\\/\\\/www.btv.md\\\/#\\\/schema\\\/person\\\/8fadce81561b3ce2c34c46dadc4ccbf2\"},\"headline\":\"Au arestat-o violent \u00een fa\u021ba judec\u0103toriei B\u0103l\u021bi\",\"datePublished\":\"2016-06-03T15:19:15+00:00\",\"mainEntityOfPage\":{\"@id\":\"https:\\\/\\\/www.btv.md\\\/ro\\\/au-arestat-o-violent-in-fata-judecatoriei-balti\\\/\"},\"wordCount\":52,\"image\":{\"@id\":\"https:\\\/\\\/www.btv.md\\\/ro\\\/au-arestat-o-violent-in-fata-judecatoriei-balti\\\/#primaryimage\"},\"thumbnailUrl\":\"https:\\\/\\\/www.btv.md\\\/wp-content\\\/uploads\\\/2016\\\/06\\\/zaderjanie.png\",\"articleSection\":[\"Ora\u0219\"],\"inLanguage\":\"ro-RO\"},{\"@type\":\"WebPage\",\"@id\":\"https:\\\/\\\/www.btv.md\\\/ro\\\/au-arestat-o-violent-in-fata-judecatoriei-balti\\\/\",\"url\":\"https:\\\/\\\/www.btv.md\\\/ro\\\/au-arestat-o-violent-in-fata-judecatoriei-balti\\\/\",\"name\":\"Au arestat-o violent \u00een fa\u021ba judec\u0103toriei B\u0103l\u021bi - BTV\",\"isPartOf\":{\"@id\":\"https:\\\/\\\/www.btv.md\\\/#website\"},\"primaryImageOfPage\":{\"@id\":\"https:\\\/\\\/www.btv.md\\\/ro\\\/au-arestat-o-violent-in-fata-judecatoriei-balti\\\/#primaryimage\"},\"image\":{\"@id\":\"https:\\\/\\\/www.btv.md\\\/ro\\\/au-arestat-o-violent-in-fata-judecatoriei-balti\\\/#primaryimage\"},\"thumbnailUrl\":\"https:\\\/\\\/www.btv.md\\\/wp-content\\\/uploads\\\/2016\\\/06\\\/zaderjanie.png\",\"datePublished\":\"2016-06-03T15:19:15+00:00\",\"author\":{\"@id\":\"https:\\\/\\\/www.btv.md\\\/#\\\/schema\\\/person\\\/8fadce81561b3ce2c34c46dadc4ccbf2\"},\"inLanguage\":\"ro-RO\",\"potentialAction\":[{\"@type\":\"ReadAction\",\"target\":[\"https:\\\/\\\/www.btv.md\\\/ro\\\/au-arestat-o-violent-in-fata-judecatoriei-balti\\\/\"]}]},{\"@type\":\"ImageObject\",\"inLanguage\":\"ro-RO\",\"@id\":\"https:\\\/\\\/www.btv.md\\\/ro\\\/au-arestat-o-violent-in-fata-judecatoriei-balti\\\/#primaryimage\",\"url\":\"https:\\\/\\\/www.btv.md\\\/wp-content\\\/uploads\\\/2016\\\/06\\\/zaderjanie.png\",\"contentUrl\":\"https:\\\/\\\/www.btv.md\\\/wp-content\\\/uploads\\\/2016\\\/06\\\/zaderjanie.png\",\"width\":1207,\"height\":661},{\"@type\":\"WebSite\",\"@id\":\"https:\\\/\\\/www.btv.md\\\/#website\",\"url\":\"https:\\\/\\\/www.btv.md\\\/\",\"name\":\"BTV\",\"description\":\"\u0411\u0435\u043b\u044c\u0446\u043a\u043e\u0435 \u0442\u0435\u043b\u0435\u0432\u0438\u0434\u0435\u043d\u0438\u0435\",\"potentialAction\":[{\"@type\":\"SearchAction\",\"target\":{\"@type\":\"EntryPoint\",\"urlTemplate\":\"https:\\\/\\\/www.btv.md\\\/?s={search_term_string}\"},\"query-input\":{\"@type\":\"PropertyValueSpecification\",\"valueRequired\":true,\"valueName\":\"search_term_string\"}}],\"inLanguage\":\"ro-RO\"},{\"@type\":\"Person\",\"@id\":\"https:\\\/\\\/www.btv.md\\\/#\\\/schema\\\/person\\\/8fadce81561b3ce2c34c46dadc4ccbf2\",\"name\":\"admin\"}]}<\/script>\n<!-- \/ Yoast SEO plugin. -->","yoast_head_json":{"title":"Au arestat-o violent \u00een fa\u021ba judec\u0103toriei B\u0103l\u021bi - BTV","robots":{"index":"index","follow":"follow","max-snippet":"max-snippet:-1","max-image-preview":"max-image-preview:large","max-video-preview":"max-video-preview:-1"},"canonical":"https:\/\/www.btv.md\/ro\/au-arestat-o-violent-in-fata-judecatoriei-balti\/","og_locale":"ro_RO","og_type":"article","og_title":"Au arestat-o violent \u00een fa\u021ba judec\u0103toriei B\u0103l\u021bi - BTV","og_description":"Femeia care ne relata prin skype despre re\u021binerea violent\u0103 \u00een noaptea de pa\u0219ti azi s-a prezentat la judecat\u0103, dar a fost imediat \u0219i la fel de violent arestat\u0103 din strad\u0103, f\u0103r\u0103 drept s\u0103 vorbeasc\u0103 la camer\u0103. curaj.tv","og_url":"https:\/\/www.btv.md\/ro\/au-arestat-o-violent-in-fata-judecatoriei-balti\/","og_site_name":"BTV","article_publisher":"https:\/\/www.facebook.com\/btvmoldova\/","article_published_time":"2016-06-03T15:19:15+00:00","og_image":[{"width":1207,"height":661,"url":"https:\/\/www.btv.md\/wp-content\/uploads\/2016\/06\/zaderjanie.png","type":"image\/png"}],"author":"admin","twitter_misc":{"Scris de":"admin"},"schema":{"@context":"https:\/\/schema.org","@graph":[{"@type":"Article","@id":"https:\/\/www.btv.md\/ro\/au-arestat-o-violent-in-fata-judecatoriei-balti\/#article","isPartOf":{"@id":"https:\/\/www.btv.md\/ro\/au-arestat-o-violent-in-fata-judecatoriei-balti\/"},"author":{"name":"admin","@id":"https:\/\/www.btv.md\/#\/schema\/person\/8fadce81561b3ce2c34c46dadc4ccbf2"},"headline":"Au arestat-o violent \u00een fa\u021ba judec\u0103toriei B\u0103l\u021bi","datePublished":"2016-06-03T15:19:15+00:00","mainEntityOfPage":{"@id":"https:\/\/www.btv.md\/ro\/au-arestat-o-violent-in-fata-judecatoriei-balti\/"},"wordCount":52,"image":{"@id":"https:\/\/www.btv.md\/ro\/au-arestat-o-violent-in-fata-judecatoriei-balti\/#primaryimage"},"thumbnailUrl":"https:\/\/www.btv.md\/wp-content\/uploads\/2016\/06\/zaderjanie.png","articleSection":["Ora\u0219"],"inLanguage":"ro-RO"},{"@type":"WebPage","@id":"https:\/\/www.btv.md\/ro\/au-arestat-o-violent-in-fata-judecatoriei-balti\/","url":"https:\/\/www.btv.md\/ro\/au-arestat-o-violent-in-fata-judecatoriei-balti\/","name":"Au arestat-o violent \u00een fa\u021ba judec\u0103toriei B\u0103l\u021bi - BTV","isPartOf":{"@id":"https:\/\/www.btv.md\/#website"},"primaryImageOfPage":{"@id":"https:\/\/www.btv.md\/ro\/au-arestat-o-violent-in-fata-judecatoriei-balti\/#primaryimage"},"image":{"@id":"https:\/\/www.btv.md\/ro\/au-arestat-o-violent-in-fata-judecatoriei-balti\/#primaryimage"},"thumbnailUrl":"https:\/\/www.btv.md\/wp-content\/uploads\/2016\/06\/zaderjanie.png","datePublished":"2016-06-03T15:19:15+00:00","author":{"@id":"https:\/\/www.btv.md\/#\/schema\/person\/8fadce81561b3ce2c34c46dadc4ccbf2"},"inLanguage":"ro-RO","potentialAction":[{"@type":"ReadAction","target":["https:\/\/www.btv.md\/ro\/au-arestat-o-violent-in-fata-judecatoriei-balti\/"]}]},{"@type":"ImageObject","inLanguage":"ro-RO","@id":"https:\/\/www.btv.md\/ro\/au-arestat-o-violent-in-fata-judecatoriei-balti\/#primaryimage","url":"https:\/\/www.btv.md\/wp-content\/uploads\/2016\/06\/zaderjanie.png","contentUrl":"https:\/\/www.btv.md\/wp-content\/uploads\/2016\/06\/zaderjanie.png","width":1207,"height":661},{"@type":"WebSite","@id":"https:\/\/www.btv.md\/#website","url":"https:\/\/www.btv.md\/","name":"BTV","description":"\u0411\u0435\u043b\u044c\u0446\u043a\u043e\u0435 \u0442\u0435\u043b\u0435\u0432\u0438\u0434\u0435\u043d\u0438\u0435","potentialAction":[{"@type":"SearchAction","target":{"@type":"EntryPoint","urlTemplate":"https:\/\/www.btv.md\/?s={search_term_string}"},"query-input":{"@type":"PropertyValueSpecification","valueRequired":true,"valueName":"search_term_string"}}],"inLanguage":"ro-RO"},{"@type":"Person","@id":"https:\/\/www.btv.md\/#\/schema\/person\/8fadce81561b3ce2c34c46dadc4ccbf2","name":"admin"}]}},"_links":{"self":[{"href":"https:\/\/www.btv.md\/ro\/wp-json\/wp\/v2\/posts\/14124","targetHints":{"allow":["GET"]}}],"collection":[{"href":"https:\/\/www.btv.md\/ro\/wp-json\/wp\/v2\/posts"}],"about":[{"href":"https:\/\/www.btv.md\/ro\/wp-json\/wp\/v2\/types\/post"}],"author":[{"embeddable":true,"href":"https:\/\/www.btv.md\/ro\/wp-json\/wp\/v2\/users\/4"}],"replies":[{"embeddable":true,"href":"https:\/\/www.btv.md\/ro\/wp-json\/wp\/v2\/comments?post=14124"}],"version-history":[{"count":0,"href":"https:\/\/www.btv.md\/ro\/wp-json\/wp\/v2\/posts\/14124\/revisions"}],"wp:featuredmedia":[{"embeddable":true,"href":"https:\/\/www.btv.md\/ro\/wp-json\/wp\/v2\/media\/14125"}],"wp:attachment":[{"href":"https:\/\/www.btv.md\/ro\/wp-json\/wp\/v2\/media?parent=14124"}],"wp:term":[{"taxonomy":"category","embeddable":true,"href":"https:\/\/www.btv.md\/ro\/wp-json\/wp\/v2\/categories?post=14124"},{"taxonomy":"post_tag","embeddable":true,"href":"https:\/\/www.btv.md\/ro\/wp-json\/wp\/v2\/tags?post=14124"}],"curies":[{"name":"wp","href":"https:\/\/api.w.org\/{rel}","templated":true}]}}