{"id":141355,"date":"2021-08-17T10:08:09","date_gmt":"2021-08-17T07:08:09","guid":{"rendered":"https:\/\/www.btv.md\/?p=141355"},"modified":"2021-08-17T10:08:09","modified_gmt":"2021-08-17T07:08:09","slug":"pompierii-moldoveni-care-au-luptat-cu-incendiile-in-grecia-revin-azi-acasa","status":"publish","type":"post","link":"https:\/\/www.btv.md\/ro\/pompierii-moldoveni-care-au-luptat-cu-incendiile-in-grecia-revin-azi-acasa\/","title":{"rendered":"Pompierii moldoveni care au luptat cu incendiile \u00een Grecia revin azi acas\u0103"},"content":{"rendered":"<p><strong>Pompierii Inspectoratul General pentru Situa\u021bii de Urgen\u021b\u0103 care au luptat cu incendiile forestiere \u00een Grecia vor ajunge ast\u0103zi acas\u0103. Dup\u0103 nou\u0103 zile de misiune salvatorii urmeaz\u0103 s\u0103 ajung\u0103 \u00een Republica Moldova. Ace\u0219tia au intervenit \u00een lichidarea incendiilor pe suprafe\u021be extinse, defri\u0219area arborilor afecta\u021bi de ardere, dar \u0219i identificarea focarelor ascunse, scrie <a href=\"https:\/\/deschide.md\/ro\/stiri\/social\/90404\/Pompierii-moldoveni-care-au-luptat-cu-incendiile-\u00een-Grecia-revin-azi-acas\u0103.htm\">deschide.md<\/a>.<\/strong><\/p>\n<p>Pompierii moldoveni au lucrat \u00een \u00eempreun\u0103 cu salvatorii rom\u00e2ni, f\u0103c\u00e2nd echip\u0103 comun\u0103. Salvatorii au fost coordona\u021bi de ofi\u021berii eleni \u0219i au primit misiunile \u00eentr-o baz\u0103 opera\u021bional\u0103 din regiunea Prokopion. \u00cen total ace\u0219tia au stins incendii forestiere pe insula Evia, unde au identificat focare de ardere, au lichidat incendii \u0219i au salvat animale.<\/p>\n<p>Pe parcursul misiunii \u00een statul elen angaja\u021bii IGSU au stins peste 420 de focare de ardere \u00een fondul forestier, au defri\u0219at 22 de arbori, precum \u0219i au refulat peste 30000 l de ap\u0103. Toate ac\u021biunile echipei s-au desf\u0103\u0219urat pe o suprafa\u021b\u0103 de 300 ha.<\/p>\n<p>La \u00eencheierea misiunii pompierii moldoveni au fost mul\u021bumi\u021bi de autorit\u0103\u021bi dar \u0219i \u00a0de b\u0103\u0219tina\u0219i pentru eforturile depuse \u00een lichidarea consecin\u021belor devastatoare a incendiilor forestiere. Minute \u00een \u0219ir coloana de autospeciale a pompierilor moldoveni \u0219i rom\u00e2ni a fost aplaudat\u0103 de oamenii din zon\u0103, iar unii dintre ei au \u021binut s\u0103 le mul\u021bumeasc\u0103 personal pentru ajutor \u0219i sprijin.<\/p>\n<p>Angaja\u021bii IGSU urmeaz\u0103 s\u0103 ajung\u0103 \u00een Republica Moldova \u00een seara zilei de 17 august, iar la sediul institu\u021biei ace\u0219tia vor fi a\u0219tepta\u021bi de conducere, rude, colegi \u0219i apropia\u021bi.<\/p>\n<p><iframe data-src=\"https:\/\/www.youtube.com\/embed\/zs_kc70r4Sc\" width=\"560\" height=\"315\" frameborder=\"0\" allowfullscreen=\"allowfullscreen\" data-mce-fragment=\"1\" src=\"data:image\/svg+xml;base64,PHN2ZyB3aWR0aD0iMSIgaGVpZ2h0PSIxIiB4bWxucz0iaHR0cDovL3d3dy53My5vcmcvMjAwMC9zdmciPjwvc3ZnPg==\" class=\"lazyload\" data-load-mode=\"1\"><\/iframe><\/p>\n<p>Foto: deschide.md.<\/p>\n","protected":false},"excerpt":{"rendered":"<p>Pompierii Inspectoratul General pentru Situa\u021bii de Urgen\u021b\u0103 care au luptat cu incendiile forestiere \u00een Grecia vor ajunge ast\u0103zi acas\u0103. Dup\u0103 nou\u0103 zile de misiune salvatorii urmeaz\u0103 s\u0103 ajung\u0103 \u00een Republica Moldova. Ace\u0219tia au intervenit \u00een lichidarea incendiilor pe suprafe\u021be extinse, defri\u0219area arborilor afecta\u021bi de ardere, dar \u0219i identificarea focarelor ascunse, scrie deschide.md. Pompierii moldoveni au [&hellip;]<\/p>\n","protected":false},"author":4,"featured_media":141356,"comment_status":"closed","ping_status":"closed","sticky":false,"template":"","format":"standard","meta":{"footnotes":""},"categories":[6349],"tags":[29010],"class_list":["post-141355","post","type-post","status-publish","format-standard","has-post-thumbnail","hentry","category-social","tag-pompierii-moldoveni-care-au-luptat-cu-incendiile-in-grecia-revin-azi-acasa"],"yoast_head":"<!-- This site is optimized with the Yoast SEO plugin v27.4 - https:\/\/yoast.com\/product\/yoast-seo-wordpress\/ -->\n<title>Pompierii moldoveni care au luptat cu incendiile \u00een Grecia revin azi acas\u0103 - BTV<\/title>\n<meta name=\"robots\" content=\"index, follow, max-snippet:-1, max-image-preview:large, max-video-preview:-1\" \/>\n<link rel=\"canonical\" href=\"https:\/\/www.btv.md\/ro\/pompierii-moldoveni-care-au-luptat-cu-incendiile-in-grecia-revin-azi-acasa\/\" \/>\n<meta property=\"og:locale\" content=\"ro_RO\" \/>\n<meta property=\"og:type\" content=\"article\" \/>\n<meta property=\"og:title\" content=\"Pompierii moldoveni care au luptat cu incendiile \u00een Grecia revin azi acas\u0103 - BTV\" \/>\n<meta property=\"og:description\" content=\"Pompierii Inspectoratul General pentru Situa\u021bii de Urgen\u021b\u0103 care au luptat cu incendiile forestiere \u00een Grecia vor ajunge ast\u0103zi acas\u0103. Dup\u0103 nou\u0103 zile de misiune salvatorii urmeaz\u0103 s\u0103 ajung\u0103 \u00een Republica Moldova. Ace\u0219tia au intervenit \u00een lichidarea incendiilor pe suprafe\u021be extinse, defri\u0219area arborilor afecta\u021bi de ardere, dar \u0219i identificarea focarelor ascunse, scrie deschide.md. Pompierii moldoveni au [&hellip;]\" \/>\n<meta property=\"og:url\" content=\"https:\/\/www.btv.md\/ro\/pompierii-moldoveni-care-au-luptat-cu-incendiile-in-grecia-revin-azi-acasa\/\" \/>\n<meta property=\"og:site_name\" content=\"BTV\" \/>\n<meta property=\"article:publisher\" content=\"https:\/\/www.facebook.com\/btvmoldova\/\" \/>\n<meta property=\"article:published_time\" content=\"2021-08-17T07:08:09+00:00\" \/>\n<meta property=\"og:image\" content=\"https:\/\/www.btv.md\/wp-content\/uploads\/2021\/08\/images_cms-image-000122270.jpg\" \/>\n\t<meta property=\"og:image:width\" content=\"758\" \/>\n\t<meta property=\"og:image:height\" content=\"426\" \/>\n\t<meta property=\"og:image:type\" content=\"image\/jpeg\" \/>\n<meta name=\"author\" content=\"admin\" \/>\n<meta name=\"twitter:label1\" content=\"Scris de\" \/>\n\t<meta name=\"twitter:data1\" content=\"admin\" \/>\n\t<meta name=\"twitter:label2\" content=\"Timp estimat pentru citire\" \/>\n\t<meta name=\"twitter:data2\" content=\"2 minute\" \/>\n<script type=\"application\/ld+json\" class=\"yoast-schema-graph\">{\"@context\":\"https:\\\/\\\/schema.org\",\"@graph\":[{\"@type\":\"Article\",\"@id\":\"https:\\\/\\\/www.btv.md\\\/ro\\\/pompierii-moldoveni-care-au-luptat-cu-incendiile-in-grecia-revin-azi-acasa\\\/#article\",\"isPartOf\":{\"@id\":\"https:\\\/\\\/www.btv.md\\\/ro\\\/pompierii-moldoveni-care-au-luptat-cu-incendiile-in-grecia-revin-azi-acasa\\\/\"},\"author\":{\"name\":\"admin\",\"@id\":\"https:\\\/\\\/www.btv.md\\\/#\\\/schema\\\/person\\\/8fadce81561b3ce2c34c46dadc4ccbf2\"},\"headline\":\"Pompierii moldoveni care au luptat cu incendiile \u00een Grecia revin azi acas\u0103\",\"datePublished\":\"2021-08-17T07:08:09+00:00\",\"mainEntityOfPage\":{\"@id\":\"https:\\\/\\\/www.btv.md\\\/ro\\\/pompierii-moldoveni-care-au-luptat-cu-incendiile-in-grecia-revin-azi-acasa\\\/\"},\"wordCount\":274,\"image\":{\"@id\":\"https:\\\/\\\/www.btv.md\\\/ro\\\/pompierii-moldoveni-care-au-luptat-cu-incendiile-in-grecia-revin-azi-acasa\\\/#primaryimage\"},\"thumbnailUrl\":\"https:\\\/\\\/www.btv.md\\\/wp-content\\\/uploads\\\/2021\\\/08\\\/images_cms-image-000122270.jpg\",\"keywords\":[\"Pompierii moldoveni care au luptat cu incendiile \u00een Grecia revin azi acas\u0103\"],\"articleSection\":[\"Social\"],\"inLanguage\":\"ro-RO\"},{\"@type\":\"WebPage\",\"@id\":\"https:\\\/\\\/www.btv.md\\\/ro\\\/pompierii-moldoveni-care-au-luptat-cu-incendiile-in-grecia-revin-azi-acasa\\\/\",\"url\":\"https:\\\/\\\/www.btv.md\\\/ro\\\/pompierii-moldoveni-care-au-luptat-cu-incendiile-in-grecia-revin-azi-acasa\\\/\",\"name\":\"Pompierii moldoveni care au luptat cu incendiile \u00een Grecia revin azi acas\u0103 - BTV\",\"isPartOf\":{\"@id\":\"https:\\\/\\\/www.btv.md\\\/#website\"},\"primaryImageOfPage\":{\"@id\":\"https:\\\/\\\/www.btv.md\\\/ro\\\/pompierii-moldoveni-care-au-luptat-cu-incendiile-in-grecia-revin-azi-acasa\\\/#primaryimage\"},\"image\":{\"@id\":\"https:\\\/\\\/www.btv.md\\\/ro\\\/pompierii-moldoveni-care-au-luptat-cu-incendiile-in-grecia-revin-azi-acasa\\\/#primaryimage\"},\"thumbnailUrl\":\"https:\\\/\\\/www.btv.md\\\/wp-content\\\/uploads\\\/2021\\\/08\\\/images_cms-image-000122270.jpg\",\"datePublished\":\"2021-08-17T07:08:09+00:00\",\"author\":{\"@id\":\"https:\\\/\\\/www.btv.md\\\/#\\\/schema\\\/person\\\/8fadce81561b3ce2c34c46dadc4ccbf2\"},\"inLanguage\":\"ro-RO\",\"potentialAction\":[{\"@type\":\"ReadAction\",\"target\":[\"https:\\\/\\\/www.btv.md\\\/ro\\\/pompierii-moldoveni-care-au-luptat-cu-incendiile-in-grecia-revin-azi-acasa\\\/\"]}]},{\"@type\":\"ImageObject\",\"inLanguage\":\"ro-RO\",\"@id\":\"https:\\\/\\\/www.btv.md\\\/ro\\\/pompierii-moldoveni-care-au-luptat-cu-incendiile-in-grecia-revin-azi-acasa\\\/#primaryimage\",\"url\":\"https:\\\/\\\/www.btv.md\\\/wp-content\\\/uploads\\\/2021\\\/08\\\/images_cms-image-000122270.jpg\",\"contentUrl\":\"https:\\\/\\\/www.btv.md\\\/wp-content\\\/uploads\\\/2021\\\/08\\\/images_cms-image-000122270.jpg\",\"width\":758,\"height\":426},{\"@type\":\"WebSite\",\"@id\":\"https:\\\/\\\/www.btv.md\\\/#website\",\"url\":\"https:\\\/\\\/www.btv.md\\\/\",\"name\":\"BTV\",\"description\":\"\u0411\u0435\u043b\u044c\u0446\u043a\u043e\u0435 \u0442\u0435\u043b\u0435\u0432\u0438\u0434\u0435\u043d\u0438\u0435\",\"potentialAction\":[{\"@type\":\"SearchAction\",\"target\":{\"@type\":\"EntryPoint\",\"urlTemplate\":\"https:\\\/\\\/www.btv.md\\\/?s={search_term_string}\"},\"query-input\":{\"@type\":\"PropertyValueSpecification\",\"valueRequired\":true,\"valueName\":\"search_term_string\"}}],\"inLanguage\":\"ro-RO\"},{\"@type\":\"Person\",\"@id\":\"https:\\\/\\\/www.btv.md\\\/#\\\/schema\\\/person\\\/8fadce81561b3ce2c34c46dadc4ccbf2\",\"name\":\"admin\"}]}<\/script>\n<!-- \/ Yoast SEO plugin. -->","yoast_head_json":{"title":"Pompierii moldoveni care au luptat cu incendiile \u00een Grecia revin azi acas\u0103 - BTV","robots":{"index":"index","follow":"follow","max-snippet":"max-snippet:-1","max-image-preview":"max-image-preview:large","max-video-preview":"max-video-preview:-1"},"canonical":"https:\/\/www.btv.md\/ro\/pompierii-moldoveni-care-au-luptat-cu-incendiile-in-grecia-revin-azi-acasa\/","og_locale":"ro_RO","og_type":"article","og_title":"Pompierii moldoveni care au luptat cu incendiile \u00een Grecia revin azi acas\u0103 - BTV","og_description":"Pompierii Inspectoratul General pentru Situa\u021bii de Urgen\u021b\u0103 care au luptat cu incendiile forestiere \u00een Grecia vor ajunge ast\u0103zi acas\u0103. Dup\u0103 nou\u0103 zile de misiune salvatorii urmeaz\u0103 s\u0103 ajung\u0103 \u00een Republica Moldova. Ace\u0219tia au intervenit \u00een lichidarea incendiilor pe suprafe\u021be extinse, defri\u0219area arborilor afecta\u021bi de ardere, dar \u0219i identificarea focarelor ascunse, scrie deschide.md. Pompierii moldoveni au [&hellip;]","og_url":"https:\/\/www.btv.md\/ro\/pompierii-moldoveni-care-au-luptat-cu-incendiile-in-grecia-revin-azi-acasa\/","og_site_name":"BTV","article_publisher":"https:\/\/www.facebook.com\/btvmoldova\/","article_published_time":"2021-08-17T07:08:09+00:00","og_image":[{"width":758,"height":426,"url":"https:\/\/www.btv.md\/wp-content\/uploads\/2021\/08\/images_cms-image-000122270.jpg","type":"image\/jpeg"}],"author":"admin","twitter_misc":{"Scris de":"admin","Timp estimat pentru citire":"2 minute"},"schema":{"@context":"https:\/\/schema.org","@graph":[{"@type":"Article","@id":"https:\/\/www.btv.md\/ro\/pompierii-moldoveni-care-au-luptat-cu-incendiile-in-grecia-revin-azi-acasa\/#article","isPartOf":{"@id":"https:\/\/www.btv.md\/ro\/pompierii-moldoveni-care-au-luptat-cu-incendiile-in-grecia-revin-azi-acasa\/"},"author":{"name":"admin","@id":"https:\/\/www.btv.md\/#\/schema\/person\/8fadce81561b3ce2c34c46dadc4ccbf2"},"headline":"Pompierii moldoveni care au luptat cu incendiile \u00een Grecia revin azi acas\u0103","datePublished":"2021-08-17T07:08:09+00:00","mainEntityOfPage":{"@id":"https:\/\/www.btv.md\/ro\/pompierii-moldoveni-care-au-luptat-cu-incendiile-in-grecia-revin-azi-acasa\/"},"wordCount":274,"image":{"@id":"https:\/\/www.btv.md\/ro\/pompierii-moldoveni-care-au-luptat-cu-incendiile-in-grecia-revin-azi-acasa\/#primaryimage"},"thumbnailUrl":"https:\/\/www.btv.md\/wp-content\/uploads\/2021\/08\/images_cms-image-000122270.jpg","keywords":["Pompierii moldoveni care au luptat cu incendiile \u00een Grecia revin azi acas\u0103"],"articleSection":["Social"],"inLanguage":"ro-RO"},{"@type":"WebPage","@id":"https:\/\/www.btv.md\/ro\/pompierii-moldoveni-care-au-luptat-cu-incendiile-in-grecia-revin-azi-acasa\/","url":"https:\/\/www.btv.md\/ro\/pompierii-moldoveni-care-au-luptat-cu-incendiile-in-grecia-revin-azi-acasa\/","name":"Pompierii moldoveni care au luptat cu incendiile \u00een Grecia revin azi acas\u0103 - BTV","isPartOf":{"@id":"https:\/\/www.btv.md\/#website"},"primaryImageOfPage":{"@id":"https:\/\/www.btv.md\/ro\/pompierii-moldoveni-care-au-luptat-cu-incendiile-in-grecia-revin-azi-acasa\/#primaryimage"},"image":{"@id":"https:\/\/www.btv.md\/ro\/pompierii-moldoveni-care-au-luptat-cu-incendiile-in-grecia-revin-azi-acasa\/#primaryimage"},"thumbnailUrl":"https:\/\/www.btv.md\/wp-content\/uploads\/2021\/08\/images_cms-image-000122270.jpg","datePublished":"2021-08-17T07:08:09+00:00","author":{"@id":"https:\/\/www.btv.md\/#\/schema\/person\/8fadce81561b3ce2c34c46dadc4ccbf2"},"inLanguage":"ro-RO","potentialAction":[{"@type":"ReadAction","target":["https:\/\/www.btv.md\/ro\/pompierii-moldoveni-care-au-luptat-cu-incendiile-in-grecia-revin-azi-acasa\/"]}]},{"@type":"ImageObject","inLanguage":"ro-RO","@id":"https:\/\/www.btv.md\/ro\/pompierii-moldoveni-care-au-luptat-cu-incendiile-in-grecia-revin-azi-acasa\/#primaryimage","url":"https:\/\/www.btv.md\/wp-content\/uploads\/2021\/08\/images_cms-image-000122270.jpg","contentUrl":"https:\/\/www.btv.md\/wp-content\/uploads\/2021\/08\/images_cms-image-000122270.jpg","width":758,"height":426},{"@type":"WebSite","@id":"https:\/\/www.btv.md\/#website","url":"https:\/\/www.btv.md\/","name":"BTV","description":"\u0411\u0435\u043b\u044c\u0446\u043a\u043e\u0435 \u0442\u0435\u043b\u0435\u0432\u0438\u0434\u0435\u043d\u0438\u0435","potentialAction":[{"@type":"SearchAction","target":{"@type":"EntryPoint","urlTemplate":"https:\/\/www.btv.md\/?s={search_term_string}"},"query-input":{"@type":"PropertyValueSpecification","valueRequired":true,"valueName":"search_term_string"}}],"inLanguage":"ro-RO"},{"@type":"Person","@id":"https:\/\/www.btv.md\/#\/schema\/person\/8fadce81561b3ce2c34c46dadc4ccbf2","name":"admin"}]}},"_links":{"self":[{"href":"https:\/\/www.btv.md\/ro\/wp-json\/wp\/v2\/posts\/141355","targetHints":{"allow":["GET"]}}],"collection":[{"href":"https:\/\/www.btv.md\/ro\/wp-json\/wp\/v2\/posts"}],"about":[{"href":"https:\/\/www.btv.md\/ro\/wp-json\/wp\/v2\/types\/post"}],"author":[{"embeddable":true,"href":"https:\/\/www.btv.md\/ro\/wp-json\/wp\/v2\/users\/4"}],"replies":[{"embeddable":true,"href":"https:\/\/www.btv.md\/ro\/wp-json\/wp\/v2\/comments?post=141355"}],"version-history":[{"count":0,"href":"https:\/\/www.btv.md\/ro\/wp-json\/wp\/v2\/posts\/141355\/revisions"}],"wp:featuredmedia":[{"embeddable":true,"href":"https:\/\/www.btv.md\/ro\/wp-json\/wp\/v2\/media\/141356"}],"wp:attachment":[{"href":"https:\/\/www.btv.md\/ro\/wp-json\/wp\/v2\/media?parent=141355"}],"wp:term":[{"taxonomy":"category","embeddable":true,"href":"https:\/\/www.btv.md\/ro\/wp-json\/wp\/v2\/categories?post=141355"},{"taxonomy":"post_tag","embeddable":true,"href":"https:\/\/www.btv.md\/ro\/wp-json\/wp\/v2\/tags?post=141355"}],"curies":[{"name":"wp","href":"https:\/\/api.w.org\/{rel}","templated":true}]}}