{"id":141359,"date":"2021-08-17T10:12:02","date_gmt":"2021-08-17T07:12:02","guid":{"rendered":"https:\/\/www.btv.md\/?p=141359"},"modified":"2021-08-17T10:12:02","modified_gmt":"2021-08-17T07:12:02","slug":"evacuarea-civililor-din-afganistan-a-fost-reluata-biden-a-explicat-cine-se-face-vinovat-de-situatia-creata","status":"publish","type":"post","link":"https:\/\/www.btv.md\/ro\/evacuarea-civililor-din-afganistan-a-fost-reluata-biden-a-explicat-cine-se-face-vinovat-de-situatia-creata\/","title":{"rendered":"Evacuarea civililor din Afganistan a fost reluat\u0103. Biden a explicat cine se face vinovat de situa\u021bia creat\u0103"},"content":{"rendered":"<div class=\"evo-entry-content entry-content\">\n<p class=\"gs-u-display-flex\" data-reactid=\".auy2qvg0vw.2.0.0.1.0.1.0.$lx-tabs0.0.$lx-commentary.$lx-commentary.2.0.1.1.1:$post-611aed0e27b37217d37d54aa.0.3\"><strong>Zborurile pentru evacuarea civililor au fost reluate \u00een aeroportul din Kabul. \u00cen ajun, acestea au fost suspendate, din cauza num\u0103rului mare de persoane care a luat cu asalt pista, informeaz\u0103 Reuters pe 17 august. Circa 640 de afgani au fost evacua\u021bi, duminic\u0103, din Kabul, cu un avion militar cargo american. Ace\u0219tia au fost transporta\u021bi \u00een Qatar, potrivit\u00a0<a href=\"https:\/\/www.bbc.com\/russian\/live\/news-58190463\" target=\"_blank\" rel=\"noopener\">BBC<\/a>. \u00centre timp, pre\u0219edintele SUA Joe Biden a anun\u021bat c\u0103 Washingtonul va aloca suma de 500 mln de dolari pentru ajutorul refugia\u021bilor din aceast\u0103 \u021bar\u0103 \u0219i a explicat \u201ecine se face vinovat\u201d de situa\u021bia creat\u0103 \u00een Afganistan, scrie <a href=\"https:\/\/newsmaker.md\/ro\/evacuarea-civililor-din-afganistan-a-fost-reluata-biden-a-explicat-cine-se-face-vinovat-de-situatia-creata\/\">Newsmaker.md<\/a>.<\/strong><\/p>\n<p data-reactid=\".auy2qvg0vw.2.0.0.1.0.1.0.$lx-tabs0.0.$lx-commentary.$lx-commentary.2.0.1.1.1:$post-611aed0e27b37217d37d54aa.0.4.1.0\">Zborurile militare pentru evacuarea diploma\u021bilor \u0219i civililor din Afganistan au fost reluate \u00een diminea\u021ba de mar\u021bi, dup\u0103 ce pistele de zbor au fost eliberate de cele c\u00e2teva mii de persoane disperate s\u0103 p\u0103r\u0103seasc\u0103 \u021bara dup\u0103 ce aceasta a fost cucerit\u0103 de talibani, informeaz\u0103 Reuters cu trimitere la sursele agen\u021biei din cadrul structurilor de securitate din cadrul aeroportului din Kabul.<\/p>\n<div class=\"twitter-tweet twitter-tweet-rendered\"><iframe id=\"twitter-widget-0\" title=\"Twitter Tweet\" data-src=\"https:\/\/platform.twitter.com\/embed\/Tweet.html?creatorScreenName=NewsMakerMD&amp;dnt=true&amp;embedId=twitter-widget-0&amp;features=eyJ0ZndfZXhwZXJpbWVudHNfY29va2llX2V4cGlyYXRpb24iOnsiYnVja2V0IjoxMjA5NjAwLCJ2ZXJzaW9uIjpudWxsfSwidGZ3X2hvcml6b25fdHdlZXRfZW1iZWRfOTU1NSI6eyJidWNrZXQiOiJodGUiLCJ2ZXJzaW9uIjpudWxsfSwidGZ3X3NwYWNlX2NhcmQiOnsiYnVja2V0Ijoib2ZmIiwidmVyc2lvbiI6bnVsbH19&amp;frame=false&amp;hideCard=false&amp;hideThread=false&amp;id=1427497949739855883&amp;lang=ro&amp;origin=https%3A%2F%2Fnewsmaker.md%2Fro%2Fevacuarea-civililor-din-afganistan-a-fost-reluata-biden-a-explicat-cine-se-face-vinovat-de-situatia-creata%2F&amp;sessionId=c4b4c7e9f2d4bd09a53c3e3797bb084598d8a6db&amp;siteScreenName=NewsMakerMD&amp;theme=light&amp;widgetsVersion=1890d59c%3A1627936082797&amp;width=550px\" frameborder=\"0\" scrolling=\"no\" allowfullscreen=\"allowfullscreen\" data-tweet-id=\"1427497949739855883\" data-mce-fragment=\"1\" src=\"data:image\/svg+xml;base64,PHN2ZyB3aWR0aD0iMSIgaGVpZ2h0PSIxIiB4bWxucz0iaHR0cDovL3d3dy53My5vcmcvMjAwMC9zdmciPjwvc3ZnPg==\" class=\"lazyload\" data-load-mode=\"1\"><\/iframe><\/div>\n<p>Anterior, agen\u021bia a scris c\u0103 SUA inten\u021bioneaz\u0103 s\u0103 evacueze din Kabul c\u00e2te 5 000 de persoane pe zi. Duminic\u0103, un avion militar cargo de model C-17 a decolat \u00een Qatar cu 640 de afgani la bord. Informa\u021bia a fost publicat\u0103 de portalul DefenceOne, luni seara. Jurnali\u0219tii au publicat o fotografie din salonul aparatului de zbor. 640 de persoane este un num\u0103r mai mare dec\u00e2t cel considerat sigur pentru zbor, \u00eens\u0103 echipajul a luat decizia s\u0103 decoleze, mai men\u021bioneaz\u0103 jurnali\u0219tii americani.<\/p>\n<div class=\"twitter-tweet twitter-tweet-rendered\"><iframe id=\"twitter-widget-1\" title=\"Twitter Tweet\" data-src=\"https:\/\/platform.twitter.com\/embed\/Tweet.html?creatorScreenName=NewsMakerMD&amp;dnt=true&amp;embedId=twitter-widget-1&amp;features=eyJ0ZndfZXhwZXJpbWVudHNfY29va2llX2V4cGlyYXRpb24iOnsiYnVja2V0IjoxMjA5NjAwLCJ2ZXJzaW9uIjpudWxsfSwidGZ3X2hvcml6b25fdHdlZXRfZW1iZWRfOTU1NSI6eyJidWNrZXQiOiJodGUiLCJ2ZXJzaW9uIjpudWxsfSwidGZ3X3NwYWNlX2NhcmQiOnsiYnVja2V0Ijoib2ZmIiwidmVyc2lvbiI6bnVsbH19&amp;frame=false&amp;hideCard=false&amp;hideThread=false&amp;id=1427363089834512384&amp;lang=ro&amp;origin=https%3A%2F%2Fnewsmaker.md%2Fro%2Fevacuarea-civililor-din-afganistan-a-fost-reluata-biden-a-explicat-cine-se-face-vinovat-de-situatia-creata%2F&amp;sessionId=c4b4c7e9f2d4bd09a53c3e3797bb084598d8a6db&amp;siteScreenName=NewsMakerMD&amp;theme=light&amp;widgetsVersion=1890d59c%3A1627936082797&amp;width=550px\" frameborder=\"0\" scrolling=\"no\" allowfullscreen=\"allowfullscreen\" data-tweet-id=\"1427363089834512384\" data-mce-fragment=\"1\" src=\"data:image\/svg+xml;base64,PHN2ZyB3aWR0aD0iMSIgaGVpZ2h0PSIxIiB4bWxucz0iaHR0cDovL3d3dy53My5vcmcvMjAwMC9zdmciPjwvc3ZnPg==\" class=\"lazyload\" data-load-mode=\"1\"><\/iframe><\/div>\n<div class=\"code-block code-block-2\">\n<div id=\"adfox_157348096769996232\">\n<div>\n<div>\n<div class=\"LwNrXZha eYTT\">\n<div class=\"LwNrXZha\">\n<div class=\"LwNrXZha yrhsQHO\">\n<div class=\"LwNrXZha\"><\/div>\n<\/div>\n<\/div>\n<\/div>\n<\/div>\n<\/div>\n<\/div>\n<\/div>\n<p data-reactid=\".auy2qvg0vw.2.0.0.1.0.1.0.$lx-tabs0.0.$lx-commentary.$lx-commentary.2.0.1.1.1:$post-611aea22de5452771131ef3c.0.6.0.0:$post_0\">\u00centre timp, Marea Britanie a anun\u021bat c\u0103, \u00een timpul apropiat, va trimite la Kabul 200 de militari, pentru a ajuta la evacuarea persoanelor dornice s\u0103 p\u0103r\u0103seasc\u0103 Afganistanul. Astfel, \u00een total, 900 de solda\u021bi britanici vor participa la paza aeroportului din ora\u0219.<\/p>\n<p data-reactid=\".auy2qvg0vw.2.0.0.1.0.1.0.$lx-tabs0.0.$lx-commentary.$lx-commentary.2.0.1.1.1:$post-611aea22de5452771131ef3c.0.6.0.0:$post_3\">Pre\u0219edintele SUA Joe Biden a sus\u021binut o adresare televizat\u0103 cu privire la situa\u021bia din Afganistan. La capitolul \u201ecine este vinovat de situa\u021bia creat\u0103?\u201d acesta a men\u021bionat c\u0103 Washingtonul a oferit un sprijin militar \u0219i financiar \u201eenorm\u201d, \u00eens\u0103 guvernul de la Kabul \u0219i pre\u0219edintele Ashraf Ghani nu ar fi reu\u0219it s\u0103 gestioneze corespunz\u0103tor resursele. De asemenea, Biden a dat de \u00een\u021beles c\u0103 o parte din vin\u0103 o au chiar afganii, care au refuzat s\u0103 lupte cu talibanii, dar \u0219i ex-pre\u0219edintele american Donald Trump, ai c\u0103rei reprezentan\u021bi au ajuns la un acord cu talibanii cu privire la retragerea par\u021bial\u0103 a trupelor americane.<\/p>\n<p data-reactid=\".auy2qvg0vw.2.0.0.1.0.1.0.$lx-tabs0.0.$lx-commentary.$lx-commentary.2.0.1.1.1:$post-611ad5fd27b37217d37d54a8.0.6.0.0:$post_0\">La \u00eentrebarea de ce SUA nu a ac\u021bionat suficient de rapid pentru evacuarea afganilor care risc\u0103 s\u0103 pl\u0103teasc\u0103 cu via\u021ba pentru c\u0103 au colaborat cu americanii, Biden a numit dou\u0103 motive: \u201eAfganii nu voiau s\u0103 plece mai devreme\u201d, a \u00eenceput acesta.<\/p>\n<p data-reactid=\".auy2qvg0vw.2.0.0.1.0.1.0.$lx-tabs0.0.$lx-commentary.$lx-commentary.2.0.1.1.1:$post-611ad5fd27b37217d37d54a8.0.6.0.0:$post_0\">Potrivit lui Biden, al doilea motiv este faptul c\u0103 func\u021bionarii afgani nu voiau s\u0103 provoace o criz\u0103 de propor\u021bii, dac\u0103 ar fi permis demararea unei evacu\u0103ri de amploare.<\/p>\n<p data-reactid=\".auy2qvg0vw.2.0.0.1.0.1.0.$lx-tabs0.0.$lx-commentary.$lx-commentary.2.0.1.1.1:$post-611ad5fd27b37217d37d54a8.0.6.0.0:$post_3\">De asemenea, Biden a amintit de acordul ex-pre\u0219edintelui SUA Donald Trump cu talibanii, potrivit c\u0103ruia, num\u0103rul militarilor americani din Afganistan a fost redus de la 15,5 mii la 2500.<\/p>\n<p data-reactid=\".auy2qvg0vw.2.0.0.1.0.1.0.$lx-tabs0.0.$lx-commentary.$lx-commentary.2.0.1.1.1:$post-611ad5fd27b37217d37d54a8.0.6.0.0:$post_3\">\u201ePe plan militar, talibanii sunt la nivelul cel mai puternic din 2001\u201d, a spus Biden.<\/p>\n<p data-reactid=\".auy2qvg0vw.2.0.0.1.0.1.0.$lx-tabs0.0.$lx-commentary.$lx-commentary.2.0.1.1.1:$post-611ad5fd27b37217d37d54a8.0.6.0.0:$post_7\">Totodat\u0103, Casa Alb\u0103 a anun\u021bat c\u0103 va aloca 500 mln de dolari pentru ajutorul refugia\u021bilor afgani.<\/p>\n<p data-reactid=\".auy2qvg0vw.2.0.0.1.0.1.0.$lx-tabs0.0.$lx-commentary.$lx-commentary.2.0.1.1.1:$post-611b47a827b37217d37d54c4.0.6.0.0:$post_2\">***<\/p>\n<p>Amintim c\u0103, \u00een prezent, \u00een Afganistan se afl\u0103 \u0219i \u0219ase moldoveni, membri ai unui echipaj de zbor. Potrivit Autorit\u0103\u021bii Aeronautice Civile, ace\u0219tia sunt caza\u021bi\u00a0\u00eentr-un camping \u00eempreun\u0103 cu reprezentan\u021bii Programului Mondial Alimentar al ONU, de c\u0103tre care au fost contracta\u021bi. La moment, echipajul nu are acces la elicopter.<\/p>\n<p dir=\"auto\">\u201e\u00cen contextul stabilirii ac\u021biunilor ulterioare, compania aerian\u0103 este \u00een str\u00e2ns\u0103 coordonare at\u00e2t cu membrii echipajului, c\u0103rora le este asigurat\u0103 hrana, cazarea \u0219i securitatea c\u00e2t \u0219i cu reprezentan\u021bii ONU (World Food Programme WFP cu sediul la Roma). \u00cen vederea actualiz\u0103rii informa\u021biei \u0219i a deciziilor \u00eentreprinse \u00eempreun\u0103 cu reprezentan\u021bii ONU, compania aerian\u0103 va informa constant Autoritatea Aeronautic\u0103 Civil\u0103 \u0219i organele abilitate a Republicii Moldova\u201d, se arat\u0103 \u00eentr-o declara\u021bie de pres\u0103.<\/p>\n<p><img decoding=\"async\" src=\"data:image\/gif;base64,R0lGODlhAQABAIAAAAAAAP\/\/\/yH5BAEAAAAALAAAAAABAAEAAAIBRAA7\" alt=\"\u0414\u0436\u043e \u0411\u0430\u0439\u0434\u0435\u043d\" \/>Foto: Newsmaker.md.<\/p>\n<\/div>\n","protected":false},"excerpt":{"rendered":"<p>Zborurile pentru evacuarea civililor au fost reluate \u00een aeroportul din Kabul. \u00cen ajun, acestea au fost suspendate, din cauza num\u0103rului mare de persoane care a luat cu asalt pista, informeaz\u0103 Reuters pe 17 august. Circa 640 de afgani au fost evacua\u021bi, duminic\u0103, din Kabul, cu un avion militar cargo american. Ace\u0219tia au fost transporta\u021bi \u00een [&hellip;]<\/p>\n","protected":false},"author":4,"featured_media":141360,"comment_status":"closed","ping_status":"closed","sticky":false,"template":"","format":"standard","meta":{"footnotes":""},"categories":[6349],"tags":[29011],"class_list":["post-141359","post","type-post","status-publish","format-standard","has-post-thumbnail","hentry","category-social","tag-evacuarea-civililor-din-afganistan-a-fost-reluata-biden-a-explicat-cine-se-face-vinovat-de-situatia-creata"],"yoast_head":"<!-- This site is optimized with the Yoast SEO plugin v27.4 - https:\/\/yoast.com\/product\/yoast-seo-wordpress\/ -->\n<title>Evacuarea civililor din Afganistan a fost reluat\u0103. Biden a explicat cine se face vinovat de situa\u021bia creat\u0103 - BTV<\/title>\n<meta name=\"robots\" content=\"index, follow, max-snippet:-1, max-image-preview:large, max-video-preview:-1\" \/>\n<link rel=\"canonical\" href=\"https:\/\/www.btv.md\/ro\/evacuarea-civililor-din-afganistan-a-fost-reluata-biden-a-explicat-cine-se-face-vinovat-de-situatia-creata\/\" \/>\n<meta property=\"og:locale\" content=\"ro_RO\" \/>\n<meta property=\"og:type\" content=\"article\" \/>\n<meta property=\"og:title\" content=\"Evacuarea civililor din Afganistan a fost reluat\u0103. Biden a explicat cine se face vinovat de situa\u021bia creat\u0103 - BTV\" \/>\n<meta property=\"og:description\" content=\"Zborurile pentru evacuarea civililor au fost reluate \u00een aeroportul din Kabul. \u00cen ajun, acestea au fost suspendate, din cauza num\u0103rului mare de persoane care a luat cu asalt pista, informeaz\u0103 Reuters pe 17 august. Circa 640 de afgani au fost evacua\u021bi, duminic\u0103, din Kabul, cu un avion militar cargo american. Ace\u0219tia au fost transporta\u021bi \u00een [&hellip;]\" \/>\n<meta property=\"og:url\" content=\"https:\/\/www.btv.md\/ro\/evacuarea-civililor-din-afganistan-a-fost-reluata-biden-a-explicat-cine-se-face-vinovat-de-situatia-creata\/\" \/>\n<meta property=\"og:site_name\" content=\"BTV\" \/>\n<meta property=\"article:publisher\" content=\"https:\/\/www.facebook.com\/btvmoldova\/\" \/>\n<meta property=\"article:published_time\" content=\"2021-08-17T07:12:02+00:00\" \/>\n<meta property=\"og:image\" content=\"https:\/\/www.btv.md\/wp-content\/uploads\/2021\/08\/photo_2021-08-17_09-40-20.jpg\" \/>\n\t<meta property=\"og:image:width\" content=\"1072\" \/>\n\t<meta property=\"og:image:height\" content=\"1280\" \/>\n\t<meta property=\"og:image:type\" content=\"image\/jpeg\" \/>\n<meta name=\"author\" content=\"admin\" \/>\n<meta name=\"twitter:label1\" content=\"Scris de\" \/>\n\t<meta name=\"twitter:data1\" content=\"admin\" \/>\n\t<meta name=\"twitter:label2\" content=\"Timp estimat pentru citire\" \/>\n\t<meta name=\"twitter:data2\" content=\"3 minute\" \/>\n<script type=\"application\/ld+json\" class=\"yoast-schema-graph\">{\"@context\":\"https:\\\/\\\/schema.org\",\"@graph\":[{\"@type\":\"Article\",\"@id\":\"https:\\\/\\\/www.btv.md\\\/ro\\\/evacuarea-civililor-din-afganistan-a-fost-reluata-biden-a-explicat-cine-se-face-vinovat-de-situatia-creata\\\/#article\",\"isPartOf\":{\"@id\":\"https:\\\/\\\/www.btv.md\\\/ro\\\/evacuarea-civililor-din-afganistan-a-fost-reluata-biden-a-explicat-cine-se-face-vinovat-de-situatia-creata\\\/\"},\"author\":{\"name\":\"admin\",\"@id\":\"https:\\\/\\\/www.btv.md\\\/#\\\/schema\\\/person\\\/8fadce81561b3ce2c34c46dadc4ccbf2\"},\"headline\":\"Evacuarea civililor din Afganistan a fost reluat\u0103. Biden a explicat cine se face vinovat de situa\u021bia creat\u0103\",\"datePublished\":\"2021-08-17T07:12:02+00:00\",\"mainEntityOfPage\":{\"@id\":\"https:\\\/\\\/www.btv.md\\\/ro\\\/evacuarea-civililor-din-afganistan-a-fost-reluata-biden-a-explicat-cine-se-face-vinovat-de-situatia-creata\\\/\"},\"wordCount\":698,\"image\":{\"@id\":\"https:\\\/\\\/www.btv.md\\\/ro\\\/evacuarea-civililor-din-afganistan-a-fost-reluata-biden-a-explicat-cine-se-face-vinovat-de-situatia-creata\\\/#primaryimage\"},\"thumbnailUrl\":\"https:\\\/\\\/www.btv.md\\\/wp-content\\\/uploads\\\/2021\\\/08\\\/photo_2021-08-17_09-40-20.jpg\",\"keywords\":[\"Evacuarea civililor din Afganistan a fost reluat\u0103. Biden a explicat cine se face vinovat de situa\u021bia creat\u0103\"],\"articleSection\":[\"Social\"],\"inLanguage\":\"ro-RO\"},{\"@type\":\"WebPage\",\"@id\":\"https:\\\/\\\/www.btv.md\\\/ro\\\/evacuarea-civililor-din-afganistan-a-fost-reluata-biden-a-explicat-cine-se-face-vinovat-de-situatia-creata\\\/\",\"url\":\"https:\\\/\\\/www.btv.md\\\/ro\\\/evacuarea-civililor-din-afganistan-a-fost-reluata-biden-a-explicat-cine-se-face-vinovat-de-situatia-creata\\\/\",\"name\":\"Evacuarea civililor din Afganistan a fost reluat\u0103. Biden a explicat cine se face vinovat de situa\u021bia creat\u0103 - BTV\",\"isPartOf\":{\"@id\":\"https:\\\/\\\/www.btv.md\\\/#website\"},\"primaryImageOfPage\":{\"@id\":\"https:\\\/\\\/www.btv.md\\\/ro\\\/evacuarea-civililor-din-afganistan-a-fost-reluata-biden-a-explicat-cine-se-face-vinovat-de-situatia-creata\\\/#primaryimage\"},\"image\":{\"@id\":\"https:\\\/\\\/www.btv.md\\\/ro\\\/evacuarea-civililor-din-afganistan-a-fost-reluata-biden-a-explicat-cine-se-face-vinovat-de-situatia-creata\\\/#primaryimage\"},\"thumbnailUrl\":\"https:\\\/\\\/www.btv.md\\\/wp-content\\\/uploads\\\/2021\\\/08\\\/photo_2021-08-17_09-40-20.jpg\",\"datePublished\":\"2021-08-17T07:12:02+00:00\",\"author\":{\"@id\":\"https:\\\/\\\/www.btv.md\\\/#\\\/schema\\\/person\\\/8fadce81561b3ce2c34c46dadc4ccbf2\"},\"inLanguage\":\"ro-RO\",\"potentialAction\":[{\"@type\":\"ReadAction\",\"target\":[\"https:\\\/\\\/www.btv.md\\\/ro\\\/evacuarea-civililor-din-afganistan-a-fost-reluata-biden-a-explicat-cine-se-face-vinovat-de-situatia-creata\\\/\"]}]},{\"@type\":\"ImageObject\",\"inLanguage\":\"ro-RO\",\"@id\":\"https:\\\/\\\/www.btv.md\\\/ro\\\/evacuarea-civililor-din-afganistan-a-fost-reluata-biden-a-explicat-cine-se-face-vinovat-de-situatia-creata\\\/#primaryimage\",\"url\":\"https:\\\/\\\/www.btv.md\\\/wp-content\\\/uploads\\\/2021\\\/08\\\/photo_2021-08-17_09-40-20.jpg\",\"contentUrl\":\"https:\\\/\\\/www.btv.md\\\/wp-content\\\/uploads\\\/2021\\\/08\\\/photo_2021-08-17_09-40-20.jpg\",\"width\":1072,\"height\":1280},{\"@type\":\"WebSite\",\"@id\":\"https:\\\/\\\/www.btv.md\\\/#website\",\"url\":\"https:\\\/\\\/www.btv.md\\\/\",\"name\":\"BTV\",\"description\":\"\u0411\u0435\u043b\u044c\u0446\u043a\u043e\u0435 \u0442\u0435\u043b\u0435\u0432\u0438\u0434\u0435\u043d\u0438\u0435\",\"potentialAction\":[{\"@type\":\"SearchAction\",\"target\":{\"@type\":\"EntryPoint\",\"urlTemplate\":\"https:\\\/\\\/www.btv.md\\\/?s={search_term_string}\"},\"query-input\":{\"@type\":\"PropertyValueSpecification\",\"valueRequired\":true,\"valueName\":\"search_term_string\"}}],\"inLanguage\":\"ro-RO\"},{\"@type\":\"Person\",\"@id\":\"https:\\\/\\\/www.btv.md\\\/#\\\/schema\\\/person\\\/8fadce81561b3ce2c34c46dadc4ccbf2\",\"name\":\"admin\"}]}<\/script>\n<!-- \/ Yoast SEO plugin. -->","yoast_head_json":{"title":"Evacuarea civililor din Afganistan a fost reluat\u0103. Biden a explicat cine se face vinovat de situa\u021bia creat\u0103 - BTV","robots":{"index":"index","follow":"follow","max-snippet":"max-snippet:-1","max-image-preview":"max-image-preview:large","max-video-preview":"max-video-preview:-1"},"canonical":"https:\/\/www.btv.md\/ro\/evacuarea-civililor-din-afganistan-a-fost-reluata-biden-a-explicat-cine-se-face-vinovat-de-situatia-creata\/","og_locale":"ro_RO","og_type":"article","og_title":"Evacuarea civililor din Afganistan a fost reluat\u0103. Biden a explicat cine se face vinovat de situa\u021bia creat\u0103 - BTV","og_description":"Zborurile pentru evacuarea civililor au fost reluate \u00een aeroportul din Kabul. \u00cen ajun, acestea au fost suspendate, din cauza num\u0103rului mare de persoane care a luat cu asalt pista, informeaz\u0103 Reuters pe 17 august. Circa 640 de afgani au fost evacua\u021bi, duminic\u0103, din Kabul, cu un avion militar cargo american. Ace\u0219tia au fost transporta\u021bi \u00een [&hellip;]","og_url":"https:\/\/www.btv.md\/ro\/evacuarea-civililor-din-afganistan-a-fost-reluata-biden-a-explicat-cine-se-face-vinovat-de-situatia-creata\/","og_site_name":"BTV","article_publisher":"https:\/\/www.facebook.com\/btvmoldova\/","article_published_time":"2021-08-17T07:12:02+00:00","og_image":[{"width":1072,"height":1280,"url":"https:\/\/www.btv.md\/wp-content\/uploads\/2021\/08\/photo_2021-08-17_09-40-20.jpg","type":"image\/jpeg"}],"author":"admin","twitter_misc":{"Scris de":"admin","Timp estimat pentru citire":"3 minute"},"schema":{"@context":"https:\/\/schema.org","@graph":[{"@type":"Article","@id":"https:\/\/www.btv.md\/ro\/evacuarea-civililor-din-afganistan-a-fost-reluata-biden-a-explicat-cine-se-face-vinovat-de-situatia-creata\/#article","isPartOf":{"@id":"https:\/\/www.btv.md\/ro\/evacuarea-civililor-din-afganistan-a-fost-reluata-biden-a-explicat-cine-se-face-vinovat-de-situatia-creata\/"},"author":{"name":"admin","@id":"https:\/\/www.btv.md\/#\/schema\/person\/8fadce81561b3ce2c34c46dadc4ccbf2"},"headline":"Evacuarea civililor din Afganistan a fost reluat\u0103. Biden a explicat cine se face vinovat de situa\u021bia creat\u0103","datePublished":"2021-08-17T07:12:02+00:00","mainEntityOfPage":{"@id":"https:\/\/www.btv.md\/ro\/evacuarea-civililor-din-afganistan-a-fost-reluata-biden-a-explicat-cine-se-face-vinovat-de-situatia-creata\/"},"wordCount":698,"image":{"@id":"https:\/\/www.btv.md\/ro\/evacuarea-civililor-din-afganistan-a-fost-reluata-biden-a-explicat-cine-se-face-vinovat-de-situatia-creata\/#primaryimage"},"thumbnailUrl":"https:\/\/www.btv.md\/wp-content\/uploads\/2021\/08\/photo_2021-08-17_09-40-20.jpg","keywords":["Evacuarea civililor din Afganistan a fost reluat\u0103. Biden a explicat cine se face vinovat de situa\u021bia creat\u0103"],"articleSection":["Social"],"inLanguage":"ro-RO"},{"@type":"WebPage","@id":"https:\/\/www.btv.md\/ro\/evacuarea-civililor-din-afganistan-a-fost-reluata-biden-a-explicat-cine-se-face-vinovat-de-situatia-creata\/","url":"https:\/\/www.btv.md\/ro\/evacuarea-civililor-din-afganistan-a-fost-reluata-biden-a-explicat-cine-se-face-vinovat-de-situatia-creata\/","name":"Evacuarea civililor din Afganistan a fost reluat\u0103. Biden a explicat cine se face vinovat de situa\u021bia creat\u0103 - BTV","isPartOf":{"@id":"https:\/\/www.btv.md\/#website"},"primaryImageOfPage":{"@id":"https:\/\/www.btv.md\/ro\/evacuarea-civililor-din-afganistan-a-fost-reluata-biden-a-explicat-cine-se-face-vinovat-de-situatia-creata\/#primaryimage"},"image":{"@id":"https:\/\/www.btv.md\/ro\/evacuarea-civililor-din-afganistan-a-fost-reluata-biden-a-explicat-cine-se-face-vinovat-de-situatia-creata\/#primaryimage"},"thumbnailUrl":"https:\/\/www.btv.md\/wp-content\/uploads\/2021\/08\/photo_2021-08-17_09-40-20.jpg","datePublished":"2021-08-17T07:12:02+00:00","author":{"@id":"https:\/\/www.btv.md\/#\/schema\/person\/8fadce81561b3ce2c34c46dadc4ccbf2"},"inLanguage":"ro-RO","potentialAction":[{"@type":"ReadAction","target":["https:\/\/www.btv.md\/ro\/evacuarea-civililor-din-afganistan-a-fost-reluata-biden-a-explicat-cine-se-face-vinovat-de-situatia-creata\/"]}]},{"@type":"ImageObject","inLanguage":"ro-RO","@id":"https:\/\/www.btv.md\/ro\/evacuarea-civililor-din-afganistan-a-fost-reluata-biden-a-explicat-cine-se-face-vinovat-de-situatia-creata\/#primaryimage","url":"https:\/\/www.btv.md\/wp-content\/uploads\/2021\/08\/photo_2021-08-17_09-40-20.jpg","contentUrl":"https:\/\/www.btv.md\/wp-content\/uploads\/2021\/08\/photo_2021-08-17_09-40-20.jpg","width":1072,"height":1280},{"@type":"WebSite","@id":"https:\/\/www.btv.md\/#website","url":"https:\/\/www.btv.md\/","name":"BTV","description":"\u0411\u0435\u043b\u044c\u0446\u043a\u043e\u0435 \u0442\u0435\u043b\u0435\u0432\u0438\u0434\u0435\u043d\u0438\u0435","potentialAction":[{"@type":"SearchAction","target":{"@type":"EntryPoint","urlTemplate":"https:\/\/www.btv.md\/?s={search_term_string}"},"query-input":{"@type":"PropertyValueSpecification","valueRequired":true,"valueName":"search_term_string"}}],"inLanguage":"ro-RO"},{"@type":"Person","@id":"https:\/\/www.btv.md\/#\/schema\/person\/8fadce81561b3ce2c34c46dadc4ccbf2","name":"admin"}]}},"_links":{"self":[{"href":"https:\/\/www.btv.md\/ro\/wp-json\/wp\/v2\/posts\/141359","targetHints":{"allow":["GET"]}}],"collection":[{"href":"https:\/\/www.btv.md\/ro\/wp-json\/wp\/v2\/posts"}],"about":[{"href":"https:\/\/www.btv.md\/ro\/wp-json\/wp\/v2\/types\/post"}],"author":[{"embeddable":true,"href":"https:\/\/www.btv.md\/ro\/wp-json\/wp\/v2\/users\/4"}],"replies":[{"embeddable":true,"href":"https:\/\/www.btv.md\/ro\/wp-json\/wp\/v2\/comments?post=141359"}],"version-history":[{"count":0,"href":"https:\/\/www.btv.md\/ro\/wp-json\/wp\/v2\/posts\/141359\/revisions"}],"wp:featuredmedia":[{"embeddable":true,"href":"https:\/\/www.btv.md\/ro\/wp-json\/wp\/v2\/media\/141360"}],"wp:attachment":[{"href":"https:\/\/www.btv.md\/ro\/wp-json\/wp\/v2\/media?parent=141359"}],"wp:term":[{"taxonomy":"category","embeddable":true,"href":"https:\/\/www.btv.md\/ro\/wp-json\/wp\/v2\/categories?post=141359"},{"taxonomy":"post_tag","embeddable":true,"href":"https:\/\/www.btv.md\/ro\/wp-json\/wp\/v2\/tags?post=141359"}],"curies":[{"name":"wp","href":"https:\/\/api.w.org\/{rel}","templated":true}]}}