{"id":141363,"date":"2021-08-17T10:14:52","date_gmt":"2021-08-17T07:14:52","guid":{"rendered":"https:\/\/www.btv.md\/?p=141363"},"modified":"2021-08-17T10:14:52","modified_gmt":"2021-08-17T07:14:52","slug":"proces-penal-pentru-soferul-care-a-dat-buzna-cu-microbuzul-la-presedintie","status":"publish","type":"post","link":"https:\/\/www.btv.md\/ro\/proces-penal-pentru-soferul-care-a-dat-buzna-cu-microbuzul-la-presedintie\/","title":{"rendered":"Proces penal pentru \u0219oferul care a dat buzna cu microbuzul la Pre\u0219edin\u021bie"},"content":{"rendered":"<p><strong>Totul s-a produs ieri-sear\u0103, 16 august, transmite\u00a0\u0218tiri.md.<\/strong><\/p>\n<p>La fa\u021ba locului imediat au <strong>intervenit<\/strong> mai mul\u021bi poli\u021bi\u0219ti de la INSP \u0219i IP Buiucani.<\/p>\n<p>Potrivit poli\u021biei, b\u0103rbatul a recurs la acest gest \u00een semn de protest, din cauza c\u0103 cei de la Ap\u0103-Canal, de mai bine de un an, nu vor s\u0103-l conecteze la re\u021beaua de aprovizionare cu ap\u0103 din Gr\u0103tie\u0219ti.<\/p>\n<p>Conform legisla\u021biei, actele de huliganism se pedepsesc cu amend\u0103 de p\u00e2n\u0103 la 52.500 de lei, cu munc\u0103 neremunerat\u0103 \u00een folosul comunit\u0103\u021bii de la 180 la 240 de ore sau cu \u00eenchisoare de p\u00e2n\u0103 la 3 ani.<\/p>\n<p>Foto: \u0218tiri.md.<\/p>\n","protected":false},"excerpt":{"rendered":"<p>Totul s-a produs ieri-sear\u0103, 16 august, transmite\u00a0\u0218tiri.md. La fa\u021ba locului imediat au intervenit mai mul\u021bi poli\u021bi\u0219ti de la INSP \u0219i IP Buiucani. Potrivit poli\u021biei, b\u0103rbatul a recurs la acest gest \u00een semn de protest, din cauza c\u0103 cei de la Ap\u0103-Canal, de mai bine de un an, nu vor s\u0103-l conecteze la re\u021beaua de aprovizionare [&hellip;]<\/p>\n","protected":false},"author":4,"featured_media":141364,"comment_status":"closed","ping_status":"closed","sticky":false,"template":"","format":"standard","meta":{"footnotes":""},"categories":[6349],"tags":[29012],"class_list":["post-141363","post","type-post","status-publish","format-standard","has-post-thumbnail","hentry","category-social","tag-proces-penal-pentru-soferul-care-a-dat-buzna-cu-microbuzul-la-presedintie"],"yoast_head":"<!-- This site is optimized with the Yoast SEO plugin v27.4 - https:\/\/yoast.com\/product\/yoast-seo-wordpress\/ -->\n<title>Proces penal pentru \u0219oferul care a dat buzna cu microbuzul la Pre\u0219edin\u021bie - BTV<\/title>\n<meta name=\"robots\" content=\"index, follow, max-snippet:-1, max-image-preview:large, max-video-preview:-1\" \/>\n<link rel=\"canonical\" href=\"https:\/\/www.btv.md\/ro\/proces-penal-pentru-soferul-care-a-dat-buzna-cu-microbuzul-la-presedintie\/\" \/>\n<meta property=\"og:locale\" content=\"ro_RO\" \/>\n<meta property=\"og:type\" content=\"article\" \/>\n<meta property=\"og:title\" content=\"Proces penal pentru \u0219oferul care a dat buzna cu microbuzul la Pre\u0219edin\u021bie - BTV\" \/>\n<meta property=\"og:description\" content=\"Totul s-a produs ieri-sear\u0103, 16 august, transmite\u00a0\u0218tiri.md. La fa\u021ba locului imediat au intervenit mai mul\u021bi poli\u021bi\u0219ti de la INSP \u0219i IP Buiucani. Potrivit poli\u021biei, b\u0103rbatul a recurs la acest gest \u00een semn de protest, din cauza c\u0103 cei de la Ap\u0103-Canal, de mai bine de un an, nu vor s\u0103-l conecteze la re\u021beaua de aprovizionare [&hellip;]\" \/>\n<meta property=\"og:url\" content=\"https:\/\/www.btv.md\/ro\/proces-penal-pentru-soferul-care-a-dat-buzna-cu-microbuzul-la-presedintie\/\" \/>\n<meta property=\"og:site_name\" content=\"BTV\" \/>\n<meta property=\"article:publisher\" content=\"https:\/\/www.facebook.com\/btvmoldova\/\" \/>\n<meta property=\"article:published_time\" content=\"2021-08-17T07:14:52+00:00\" \/>\n<meta property=\"og:image\" content=\"https:\/\/www.btv.md\/wp-content\/uploads\/2021\/08\/2e35f80ac7be5d60d9bbc1a4ebbd9936.jpg\" \/>\n\t<meta property=\"og:image:width\" content=\"809\" \/>\n\t<meta property=\"og:image:height\" content=\"456\" \/>\n\t<meta property=\"og:image:type\" content=\"image\/jpeg\" \/>\n<meta name=\"author\" content=\"admin\" \/>\n<meta name=\"twitter:label1\" content=\"Scris de\" \/>\n\t<meta name=\"twitter:data1\" content=\"admin\" \/>\n\t<meta name=\"twitter:label2\" content=\"Timp estimat pentru citire\" \/>\n\t<meta name=\"twitter:data2\" content=\"1 minut\" \/>\n<script type=\"application\/ld+json\" class=\"yoast-schema-graph\">{\"@context\":\"https:\\\/\\\/schema.org\",\"@graph\":[{\"@type\":\"Article\",\"@id\":\"https:\\\/\\\/www.btv.md\\\/ro\\\/proces-penal-pentru-soferul-care-a-dat-buzna-cu-microbuzul-la-presedintie\\\/#article\",\"isPartOf\":{\"@id\":\"https:\\\/\\\/www.btv.md\\\/ro\\\/proces-penal-pentru-soferul-care-a-dat-buzna-cu-microbuzul-la-presedintie\\\/\"},\"author\":{\"name\":\"admin\",\"@id\":\"https:\\\/\\\/www.btv.md\\\/#\\\/schema\\\/person\\\/8fadce81561b3ce2c34c46dadc4ccbf2\"},\"headline\":\"Proces penal pentru \u0219oferul care a dat buzna cu microbuzul la Pre\u0219edin\u021bie\",\"datePublished\":\"2021-08-17T07:14:52+00:00\",\"mainEntityOfPage\":{\"@id\":\"https:\\\/\\\/www.btv.md\\\/ro\\\/proces-penal-pentru-soferul-care-a-dat-buzna-cu-microbuzul-la-presedintie\\\/\"},\"wordCount\":124,\"image\":{\"@id\":\"https:\\\/\\\/www.btv.md\\\/ro\\\/proces-penal-pentru-soferul-care-a-dat-buzna-cu-microbuzul-la-presedintie\\\/#primaryimage\"},\"thumbnailUrl\":\"https:\\\/\\\/www.btv.md\\\/wp-content\\\/uploads\\\/2021\\\/08\\\/2e35f80ac7be5d60d9bbc1a4ebbd9936.jpg\",\"keywords\":[\"Proces penal pentru \u0219oferul care a dat buzna cu microbuzul la Pre\u0219edin\u021bie\"],\"articleSection\":[\"Social\"],\"inLanguage\":\"ro-RO\"},{\"@type\":\"WebPage\",\"@id\":\"https:\\\/\\\/www.btv.md\\\/ro\\\/proces-penal-pentru-soferul-care-a-dat-buzna-cu-microbuzul-la-presedintie\\\/\",\"url\":\"https:\\\/\\\/www.btv.md\\\/ro\\\/proces-penal-pentru-soferul-care-a-dat-buzna-cu-microbuzul-la-presedintie\\\/\",\"name\":\"Proces penal pentru \u0219oferul care a dat buzna cu microbuzul la Pre\u0219edin\u021bie - BTV\",\"isPartOf\":{\"@id\":\"https:\\\/\\\/www.btv.md\\\/#website\"},\"primaryImageOfPage\":{\"@id\":\"https:\\\/\\\/www.btv.md\\\/ro\\\/proces-penal-pentru-soferul-care-a-dat-buzna-cu-microbuzul-la-presedintie\\\/#primaryimage\"},\"image\":{\"@id\":\"https:\\\/\\\/www.btv.md\\\/ro\\\/proces-penal-pentru-soferul-care-a-dat-buzna-cu-microbuzul-la-presedintie\\\/#primaryimage\"},\"thumbnailUrl\":\"https:\\\/\\\/www.btv.md\\\/wp-content\\\/uploads\\\/2021\\\/08\\\/2e35f80ac7be5d60d9bbc1a4ebbd9936.jpg\",\"datePublished\":\"2021-08-17T07:14:52+00:00\",\"author\":{\"@id\":\"https:\\\/\\\/www.btv.md\\\/#\\\/schema\\\/person\\\/8fadce81561b3ce2c34c46dadc4ccbf2\"},\"inLanguage\":\"ro-RO\",\"potentialAction\":[{\"@type\":\"ReadAction\",\"target\":[\"https:\\\/\\\/www.btv.md\\\/ro\\\/proces-penal-pentru-soferul-care-a-dat-buzna-cu-microbuzul-la-presedintie\\\/\"]}]},{\"@type\":\"ImageObject\",\"inLanguage\":\"ro-RO\",\"@id\":\"https:\\\/\\\/www.btv.md\\\/ro\\\/proces-penal-pentru-soferul-care-a-dat-buzna-cu-microbuzul-la-presedintie\\\/#primaryimage\",\"url\":\"https:\\\/\\\/www.btv.md\\\/wp-content\\\/uploads\\\/2021\\\/08\\\/2e35f80ac7be5d60d9bbc1a4ebbd9936.jpg\",\"contentUrl\":\"https:\\\/\\\/www.btv.md\\\/wp-content\\\/uploads\\\/2021\\\/08\\\/2e35f80ac7be5d60d9bbc1a4ebbd9936.jpg\",\"width\":809,\"height\":456},{\"@type\":\"WebSite\",\"@id\":\"https:\\\/\\\/www.btv.md\\\/#website\",\"url\":\"https:\\\/\\\/www.btv.md\\\/\",\"name\":\"BTV\",\"description\":\"\u0411\u0435\u043b\u044c\u0446\u043a\u043e\u0435 \u0442\u0435\u043b\u0435\u0432\u0438\u0434\u0435\u043d\u0438\u0435\",\"potentialAction\":[{\"@type\":\"SearchAction\",\"target\":{\"@type\":\"EntryPoint\",\"urlTemplate\":\"https:\\\/\\\/www.btv.md\\\/?s={search_term_string}\"},\"query-input\":{\"@type\":\"PropertyValueSpecification\",\"valueRequired\":true,\"valueName\":\"search_term_string\"}}],\"inLanguage\":\"ro-RO\"},{\"@type\":\"Person\",\"@id\":\"https:\\\/\\\/www.btv.md\\\/#\\\/schema\\\/person\\\/8fadce81561b3ce2c34c46dadc4ccbf2\",\"name\":\"admin\"}]}<\/script>\n<!-- \/ Yoast SEO plugin. -->","yoast_head_json":{"title":"Proces penal pentru \u0219oferul care a dat buzna cu microbuzul la Pre\u0219edin\u021bie - BTV","robots":{"index":"index","follow":"follow","max-snippet":"max-snippet:-1","max-image-preview":"max-image-preview:large","max-video-preview":"max-video-preview:-1"},"canonical":"https:\/\/www.btv.md\/ro\/proces-penal-pentru-soferul-care-a-dat-buzna-cu-microbuzul-la-presedintie\/","og_locale":"ro_RO","og_type":"article","og_title":"Proces penal pentru \u0219oferul care a dat buzna cu microbuzul la Pre\u0219edin\u021bie - BTV","og_description":"Totul s-a produs ieri-sear\u0103, 16 august, transmite\u00a0\u0218tiri.md. La fa\u021ba locului imediat au intervenit mai mul\u021bi poli\u021bi\u0219ti de la INSP \u0219i IP Buiucani. Potrivit poli\u021biei, b\u0103rbatul a recurs la acest gest \u00een semn de protest, din cauza c\u0103 cei de la Ap\u0103-Canal, de mai bine de un an, nu vor s\u0103-l conecteze la re\u021beaua de aprovizionare [&hellip;]","og_url":"https:\/\/www.btv.md\/ro\/proces-penal-pentru-soferul-care-a-dat-buzna-cu-microbuzul-la-presedintie\/","og_site_name":"BTV","article_publisher":"https:\/\/www.facebook.com\/btvmoldova\/","article_published_time":"2021-08-17T07:14:52+00:00","og_image":[{"width":809,"height":456,"url":"https:\/\/www.btv.md\/wp-content\/uploads\/2021\/08\/2e35f80ac7be5d60d9bbc1a4ebbd9936.jpg","type":"image\/jpeg"}],"author":"admin","twitter_misc":{"Scris de":"admin","Timp estimat pentru citire":"1 minut"},"schema":{"@context":"https:\/\/schema.org","@graph":[{"@type":"Article","@id":"https:\/\/www.btv.md\/ro\/proces-penal-pentru-soferul-care-a-dat-buzna-cu-microbuzul-la-presedintie\/#article","isPartOf":{"@id":"https:\/\/www.btv.md\/ro\/proces-penal-pentru-soferul-care-a-dat-buzna-cu-microbuzul-la-presedintie\/"},"author":{"name":"admin","@id":"https:\/\/www.btv.md\/#\/schema\/person\/8fadce81561b3ce2c34c46dadc4ccbf2"},"headline":"Proces penal pentru \u0219oferul care a dat buzna cu microbuzul la Pre\u0219edin\u021bie","datePublished":"2021-08-17T07:14:52+00:00","mainEntityOfPage":{"@id":"https:\/\/www.btv.md\/ro\/proces-penal-pentru-soferul-care-a-dat-buzna-cu-microbuzul-la-presedintie\/"},"wordCount":124,"image":{"@id":"https:\/\/www.btv.md\/ro\/proces-penal-pentru-soferul-care-a-dat-buzna-cu-microbuzul-la-presedintie\/#primaryimage"},"thumbnailUrl":"https:\/\/www.btv.md\/wp-content\/uploads\/2021\/08\/2e35f80ac7be5d60d9bbc1a4ebbd9936.jpg","keywords":["Proces penal pentru \u0219oferul care a dat buzna cu microbuzul la Pre\u0219edin\u021bie"],"articleSection":["Social"],"inLanguage":"ro-RO"},{"@type":"WebPage","@id":"https:\/\/www.btv.md\/ro\/proces-penal-pentru-soferul-care-a-dat-buzna-cu-microbuzul-la-presedintie\/","url":"https:\/\/www.btv.md\/ro\/proces-penal-pentru-soferul-care-a-dat-buzna-cu-microbuzul-la-presedintie\/","name":"Proces penal pentru \u0219oferul care a dat buzna cu microbuzul la Pre\u0219edin\u021bie - BTV","isPartOf":{"@id":"https:\/\/www.btv.md\/#website"},"primaryImageOfPage":{"@id":"https:\/\/www.btv.md\/ro\/proces-penal-pentru-soferul-care-a-dat-buzna-cu-microbuzul-la-presedintie\/#primaryimage"},"image":{"@id":"https:\/\/www.btv.md\/ro\/proces-penal-pentru-soferul-care-a-dat-buzna-cu-microbuzul-la-presedintie\/#primaryimage"},"thumbnailUrl":"https:\/\/www.btv.md\/wp-content\/uploads\/2021\/08\/2e35f80ac7be5d60d9bbc1a4ebbd9936.jpg","datePublished":"2021-08-17T07:14:52+00:00","author":{"@id":"https:\/\/www.btv.md\/#\/schema\/person\/8fadce81561b3ce2c34c46dadc4ccbf2"},"inLanguage":"ro-RO","potentialAction":[{"@type":"ReadAction","target":["https:\/\/www.btv.md\/ro\/proces-penal-pentru-soferul-care-a-dat-buzna-cu-microbuzul-la-presedintie\/"]}]},{"@type":"ImageObject","inLanguage":"ro-RO","@id":"https:\/\/www.btv.md\/ro\/proces-penal-pentru-soferul-care-a-dat-buzna-cu-microbuzul-la-presedintie\/#primaryimage","url":"https:\/\/www.btv.md\/wp-content\/uploads\/2021\/08\/2e35f80ac7be5d60d9bbc1a4ebbd9936.jpg","contentUrl":"https:\/\/www.btv.md\/wp-content\/uploads\/2021\/08\/2e35f80ac7be5d60d9bbc1a4ebbd9936.jpg","width":809,"height":456},{"@type":"WebSite","@id":"https:\/\/www.btv.md\/#website","url":"https:\/\/www.btv.md\/","name":"BTV","description":"\u0411\u0435\u043b\u044c\u0446\u043a\u043e\u0435 \u0442\u0435\u043b\u0435\u0432\u0438\u0434\u0435\u043d\u0438\u0435","potentialAction":[{"@type":"SearchAction","target":{"@type":"EntryPoint","urlTemplate":"https:\/\/www.btv.md\/?s={search_term_string}"},"query-input":{"@type":"PropertyValueSpecification","valueRequired":true,"valueName":"search_term_string"}}],"inLanguage":"ro-RO"},{"@type":"Person","@id":"https:\/\/www.btv.md\/#\/schema\/person\/8fadce81561b3ce2c34c46dadc4ccbf2","name":"admin"}]}},"_links":{"self":[{"href":"https:\/\/www.btv.md\/ro\/wp-json\/wp\/v2\/posts\/141363","targetHints":{"allow":["GET"]}}],"collection":[{"href":"https:\/\/www.btv.md\/ro\/wp-json\/wp\/v2\/posts"}],"about":[{"href":"https:\/\/www.btv.md\/ro\/wp-json\/wp\/v2\/types\/post"}],"author":[{"embeddable":true,"href":"https:\/\/www.btv.md\/ro\/wp-json\/wp\/v2\/users\/4"}],"replies":[{"embeddable":true,"href":"https:\/\/www.btv.md\/ro\/wp-json\/wp\/v2\/comments?post=141363"}],"version-history":[{"count":0,"href":"https:\/\/www.btv.md\/ro\/wp-json\/wp\/v2\/posts\/141363\/revisions"}],"wp:featuredmedia":[{"embeddable":true,"href":"https:\/\/www.btv.md\/ro\/wp-json\/wp\/v2\/media\/141364"}],"wp:attachment":[{"href":"https:\/\/www.btv.md\/ro\/wp-json\/wp\/v2\/media?parent=141363"}],"wp:term":[{"taxonomy":"category","embeddable":true,"href":"https:\/\/www.btv.md\/ro\/wp-json\/wp\/v2\/categories?post=141363"},{"taxonomy":"post_tag","embeddable":true,"href":"https:\/\/www.btv.md\/ro\/wp-json\/wp\/v2\/tags?post=141363"}],"curies":[{"name":"wp","href":"https:\/\/api.w.org\/{rel}","templated":true}]}}