{"id":141391,"date":"2021-08-17T11:42:12","date_gmt":"2021-08-17T08:42:12","guid":{"rendered":"https:\/\/www.btv.md\/?p=141391"},"modified":"2021-08-17T11:42:12","modified_gmt":"2021-08-17T08:42:12","slug":"descoperire-macabra-la-ungheni-cadavrul-unei-tinere-gasit-intr-un-parau","status":"publish","type":"post","link":"https:\/\/www.btv.md\/ro\/descoperire-macabra-la-ungheni-cadavrul-unei-tinere-gasit-intr-un-parau\/","title":{"rendered":"Descoperire macabr\u0103, la Ungheni. Cadavrul unei tinere, g\u0103sit \u00eentr-un p\u00e2r\u00e2u"},"content":{"rendered":"<p><strong>Trupul ne\u00eensufle\u021bit al unei tinere a fost g\u0103sit z\u0103c\u00e2nd \u00een aceast\u0103 diminea\u021b\u0103, \u00eentr-un p\u00e2r\u00e2u din municipiul Ungheni\u0431 scrie <a href=\"https:\/\/deschide.md\/ro\/stiri\/social\/90411\/Descoperire-macabr\u0103-la-Ungheni-Cadavrul-unei-tinere-g\u0103sit-\u00eentr-un-p\u00e2r\u00e2u.htm\">deschide.md<\/a>.<\/strong><\/p>\n<p>Potrivit poli\u021biei locale, victima s-a dovedit a fi o t\u00e2n\u0103r\u0103 \u00een v\u00e2rst\u0103 de 20 de ani. Cadavrul acesteia a fost g\u0103sit de c\u0103tre un trec\u0103tor care a alertat poli\u021bia.<\/p>\n<p>Medicii-legi\u0219ti, veni\u021bi la fa\u021ba locului, nu au g\u0103sit urme de moarte violent\u0103 pe suprafa\u021ba cadavrului.<\/p>\n<p>Poli\u021bi\u0219tii au stabilit c\u0103 fata ar fi mers asear\u0103 \u00een vizit\u0103 la o prieten\u0103 cu care ar fi consumat alcool, iar aproape de miezul nop\u021bii s-a pornit spre cas\u0103, \u00eens\u0103 din nefericire nu a mai ajuns.<\/p>\n<p>Oamenii legii au ini\u021bia o anchet\u0103 \u00een acest caz pentru a stabili toate cirucmstan\u021bele \u00een care a survenit decesul victimei.<\/p>\n<p>Foto: deschide.md.<\/p>\n","protected":false},"excerpt":{"rendered":"<p>Trupul ne\u00eensufle\u021bit al unei tinere a fost g\u0103sit z\u0103c\u00e2nd \u00een aceast\u0103 diminea\u021b\u0103, \u00eentr-un p\u00e2r\u00e2u din municipiul Ungheni\u0431 scrie deschide.md. Potrivit poli\u021biei locale, victima s-a dovedit a fi o t\u00e2n\u0103r\u0103 \u00een v\u00e2rst\u0103 de 20 de ani. Cadavrul acesteia a fost g\u0103sit de c\u0103tre un trec\u0103tor care a alertat poli\u021bia. Medicii-legi\u0219ti, veni\u021bi la fa\u021ba locului, nu au [&hellip;]<\/p>\n","protected":false},"author":4,"featured_media":141392,"comment_status":"closed","ping_status":"closed","sticky":false,"template":"","format":"standard","meta":{"footnotes":""},"categories":[6349],"tags":[29019,29021,29020],"class_list":["post-141391","post","type-post","status-publish","format-standard","has-post-thumbnail","hentry","category-social","tag-descoperire-macabra","tag-gasit-intr-un-parau","tag-la-ungheni-cadavrul-unei-tinere"],"yoast_head":"<!-- This site is optimized with the Yoast SEO plugin v27.4 - https:\/\/yoast.com\/product\/yoast-seo-wordpress\/ -->\n<title>Descoperire macabr\u0103, la Ungheni. Cadavrul unei tinere, g\u0103sit \u00eentr-un p\u00e2r\u00e2u - BTV<\/title>\n<meta name=\"robots\" content=\"index, follow, max-snippet:-1, max-image-preview:large, max-video-preview:-1\" \/>\n<link rel=\"canonical\" href=\"https:\/\/www.btv.md\/ro\/descoperire-macabra-la-ungheni-cadavrul-unei-tinere-gasit-intr-un-parau\/\" \/>\n<meta property=\"og:locale\" content=\"ro_RO\" \/>\n<meta property=\"og:type\" content=\"article\" \/>\n<meta property=\"og:title\" content=\"Descoperire macabr\u0103, la Ungheni. Cadavrul unei tinere, g\u0103sit \u00eentr-un p\u00e2r\u00e2u - BTV\" \/>\n<meta property=\"og:description\" content=\"Trupul ne\u00eensufle\u021bit al unei tinere a fost g\u0103sit z\u0103c\u00e2nd \u00een aceast\u0103 diminea\u021b\u0103, \u00eentr-un p\u00e2r\u00e2u din municipiul Ungheni\u0431 scrie deschide.md. Potrivit poli\u021biei locale, victima s-a dovedit a fi o t\u00e2n\u0103r\u0103 \u00een v\u00e2rst\u0103 de 20 de ani. Cadavrul acesteia a fost g\u0103sit de c\u0103tre un trec\u0103tor care a alertat poli\u021bia. Medicii-legi\u0219ti, veni\u021bi la fa\u021ba locului, nu au [&hellip;]\" \/>\n<meta property=\"og:url\" content=\"https:\/\/www.btv.md\/ro\/descoperire-macabra-la-ungheni-cadavrul-unei-tinere-gasit-intr-un-parau\/\" \/>\n<meta property=\"og:site_name\" content=\"BTV\" \/>\n<meta property=\"article:publisher\" content=\"https:\/\/www.facebook.com\/btvmoldova\/\" \/>\n<meta property=\"article:published_time\" content=\"2021-08-17T08:42:12+00:00\" \/>\n<meta property=\"og:image\" content=\"https:\/\/www.btv.md\/wp-content\/uploads\/2021\/08\/images_cms-image-000120782.jpg\" \/>\n\t<meta property=\"og:image:width\" content=\"758\" \/>\n\t<meta property=\"og:image:height\" content=\"426\" \/>\n\t<meta property=\"og:image:type\" content=\"image\/jpeg\" \/>\n<meta name=\"author\" content=\"admin\" \/>\n<meta name=\"twitter:label1\" content=\"Scris de\" \/>\n\t<meta name=\"twitter:data1\" content=\"admin\" \/>\n\t<meta name=\"twitter:label2\" content=\"Timp estimat pentru citire\" \/>\n\t<meta name=\"twitter:data2\" content=\"1 minut\" \/>\n<script type=\"application\/ld+json\" class=\"yoast-schema-graph\">{\"@context\":\"https:\\\/\\\/schema.org\",\"@graph\":[{\"@type\":\"Article\",\"@id\":\"https:\\\/\\\/www.btv.md\\\/ro\\\/descoperire-macabra-la-ungheni-cadavrul-unei-tinere-gasit-intr-un-parau\\\/#article\",\"isPartOf\":{\"@id\":\"https:\\\/\\\/www.btv.md\\\/ro\\\/descoperire-macabra-la-ungheni-cadavrul-unei-tinere-gasit-intr-un-parau\\\/\"},\"author\":{\"name\":\"admin\",\"@id\":\"https:\\\/\\\/www.btv.md\\\/#\\\/schema\\\/person\\\/8fadce81561b3ce2c34c46dadc4ccbf2\"},\"headline\":\"Descoperire macabr\u0103, la Ungheni. Cadavrul unei tinere, g\u0103sit \u00eentr-un p\u00e2r\u00e2u\",\"datePublished\":\"2021-08-17T08:42:12+00:00\",\"mainEntityOfPage\":{\"@id\":\"https:\\\/\\\/www.btv.md\\\/ro\\\/descoperire-macabra-la-ungheni-cadavrul-unei-tinere-gasit-intr-un-parau\\\/\"},\"wordCount\":174,\"image\":{\"@id\":\"https:\\\/\\\/www.btv.md\\\/ro\\\/descoperire-macabra-la-ungheni-cadavrul-unei-tinere-gasit-intr-un-parau\\\/#primaryimage\"},\"thumbnailUrl\":\"https:\\\/\\\/www.btv.md\\\/wp-content\\\/uploads\\\/2021\\\/08\\\/images_cms-image-000120782.jpg\",\"keywords\":[\"Descoperire macabr\u0103\",\"g\u0103sit \u00eentr-un p\u00e2r\u00e2u\",\"la Ungheni. Cadavrul unei tinere\"],\"articleSection\":[\"Social\"],\"inLanguage\":\"ro-RO\"},{\"@type\":\"WebPage\",\"@id\":\"https:\\\/\\\/www.btv.md\\\/ro\\\/descoperire-macabra-la-ungheni-cadavrul-unei-tinere-gasit-intr-un-parau\\\/\",\"url\":\"https:\\\/\\\/www.btv.md\\\/ro\\\/descoperire-macabra-la-ungheni-cadavrul-unei-tinere-gasit-intr-un-parau\\\/\",\"name\":\"Descoperire macabr\u0103, la Ungheni. Cadavrul unei tinere, g\u0103sit \u00eentr-un p\u00e2r\u00e2u - BTV\",\"isPartOf\":{\"@id\":\"https:\\\/\\\/www.btv.md\\\/#website\"},\"primaryImageOfPage\":{\"@id\":\"https:\\\/\\\/www.btv.md\\\/ro\\\/descoperire-macabra-la-ungheni-cadavrul-unei-tinere-gasit-intr-un-parau\\\/#primaryimage\"},\"image\":{\"@id\":\"https:\\\/\\\/www.btv.md\\\/ro\\\/descoperire-macabra-la-ungheni-cadavrul-unei-tinere-gasit-intr-un-parau\\\/#primaryimage\"},\"thumbnailUrl\":\"https:\\\/\\\/www.btv.md\\\/wp-content\\\/uploads\\\/2021\\\/08\\\/images_cms-image-000120782.jpg\",\"datePublished\":\"2021-08-17T08:42:12+00:00\",\"author\":{\"@id\":\"https:\\\/\\\/www.btv.md\\\/#\\\/schema\\\/person\\\/8fadce81561b3ce2c34c46dadc4ccbf2\"},\"inLanguage\":\"ro-RO\",\"potentialAction\":[{\"@type\":\"ReadAction\",\"target\":[\"https:\\\/\\\/www.btv.md\\\/ro\\\/descoperire-macabra-la-ungheni-cadavrul-unei-tinere-gasit-intr-un-parau\\\/\"]}]},{\"@type\":\"ImageObject\",\"inLanguage\":\"ro-RO\",\"@id\":\"https:\\\/\\\/www.btv.md\\\/ro\\\/descoperire-macabra-la-ungheni-cadavrul-unei-tinere-gasit-intr-un-parau\\\/#primaryimage\",\"url\":\"https:\\\/\\\/www.btv.md\\\/wp-content\\\/uploads\\\/2021\\\/08\\\/images_cms-image-000120782.jpg\",\"contentUrl\":\"https:\\\/\\\/www.btv.md\\\/wp-content\\\/uploads\\\/2021\\\/08\\\/images_cms-image-000120782.jpg\",\"width\":758,\"height\":426},{\"@type\":\"WebSite\",\"@id\":\"https:\\\/\\\/www.btv.md\\\/#website\",\"url\":\"https:\\\/\\\/www.btv.md\\\/\",\"name\":\"BTV\",\"description\":\"\u0411\u0435\u043b\u044c\u0446\u043a\u043e\u0435 \u0442\u0435\u043b\u0435\u0432\u0438\u0434\u0435\u043d\u0438\u0435\",\"potentialAction\":[{\"@type\":\"SearchAction\",\"target\":{\"@type\":\"EntryPoint\",\"urlTemplate\":\"https:\\\/\\\/www.btv.md\\\/?s={search_term_string}\"},\"query-input\":{\"@type\":\"PropertyValueSpecification\",\"valueRequired\":true,\"valueName\":\"search_term_string\"}}],\"inLanguage\":\"ro-RO\"},{\"@type\":\"Person\",\"@id\":\"https:\\\/\\\/www.btv.md\\\/#\\\/schema\\\/person\\\/8fadce81561b3ce2c34c46dadc4ccbf2\",\"name\":\"admin\"}]}<\/script>\n<!-- \/ Yoast SEO plugin. -->","yoast_head_json":{"title":"Descoperire macabr\u0103, la Ungheni. Cadavrul unei tinere, g\u0103sit \u00eentr-un p\u00e2r\u00e2u - BTV","robots":{"index":"index","follow":"follow","max-snippet":"max-snippet:-1","max-image-preview":"max-image-preview:large","max-video-preview":"max-video-preview:-1"},"canonical":"https:\/\/www.btv.md\/ro\/descoperire-macabra-la-ungheni-cadavrul-unei-tinere-gasit-intr-un-parau\/","og_locale":"ro_RO","og_type":"article","og_title":"Descoperire macabr\u0103, la Ungheni. Cadavrul unei tinere, g\u0103sit \u00eentr-un p\u00e2r\u00e2u - BTV","og_description":"Trupul ne\u00eensufle\u021bit al unei tinere a fost g\u0103sit z\u0103c\u00e2nd \u00een aceast\u0103 diminea\u021b\u0103, \u00eentr-un p\u00e2r\u00e2u din municipiul Ungheni\u0431 scrie deschide.md. Potrivit poli\u021biei locale, victima s-a dovedit a fi o t\u00e2n\u0103r\u0103 \u00een v\u00e2rst\u0103 de 20 de ani. Cadavrul acesteia a fost g\u0103sit de c\u0103tre un trec\u0103tor care a alertat poli\u021bia. Medicii-legi\u0219ti, veni\u021bi la fa\u021ba locului, nu au [&hellip;]","og_url":"https:\/\/www.btv.md\/ro\/descoperire-macabra-la-ungheni-cadavrul-unei-tinere-gasit-intr-un-parau\/","og_site_name":"BTV","article_publisher":"https:\/\/www.facebook.com\/btvmoldova\/","article_published_time":"2021-08-17T08:42:12+00:00","og_image":[{"width":758,"height":426,"url":"https:\/\/www.btv.md\/wp-content\/uploads\/2021\/08\/images_cms-image-000120782.jpg","type":"image\/jpeg"}],"author":"admin","twitter_misc":{"Scris de":"admin","Timp estimat pentru citire":"1 minut"},"schema":{"@context":"https:\/\/schema.org","@graph":[{"@type":"Article","@id":"https:\/\/www.btv.md\/ro\/descoperire-macabra-la-ungheni-cadavrul-unei-tinere-gasit-intr-un-parau\/#article","isPartOf":{"@id":"https:\/\/www.btv.md\/ro\/descoperire-macabra-la-ungheni-cadavrul-unei-tinere-gasit-intr-un-parau\/"},"author":{"name":"admin","@id":"https:\/\/www.btv.md\/#\/schema\/person\/8fadce81561b3ce2c34c46dadc4ccbf2"},"headline":"Descoperire macabr\u0103, la Ungheni. Cadavrul unei tinere, g\u0103sit \u00eentr-un p\u00e2r\u00e2u","datePublished":"2021-08-17T08:42:12+00:00","mainEntityOfPage":{"@id":"https:\/\/www.btv.md\/ro\/descoperire-macabra-la-ungheni-cadavrul-unei-tinere-gasit-intr-un-parau\/"},"wordCount":174,"image":{"@id":"https:\/\/www.btv.md\/ro\/descoperire-macabra-la-ungheni-cadavrul-unei-tinere-gasit-intr-un-parau\/#primaryimage"},"thumbnailUrl":"https:\/\/www.btv.md\/wp-content\/uploads\/2021\/08\/images_cms-image-000120782.jpg","keywords":["Descoperire macabr\u0103","g\u0103sit \u00eentr-un p\u00e2r\u00e2u","la Ungheni. Cadavrul unei tinere"],"articleSection":["Social"],"inLanguage":"ro-RO"},{"@type":"WebPage","@id":"https:\/\/www.btv.md\/ro\/descoperire-macabra-la-ungheni-cadavrul-unei-tinere-gasit-intr-un-parau\/","url":"https:\/\/www.btv.md\/ro\/descoperire-macabra-la-ungheni-cadavrul-unei-tinere-gasit-intr-un-parau\/","name":"Descoperire macabr\u0103, la Ungheni. Cadavrul unei tinere, g\u0103sit \u00eentr-un p\u00e2r\u00e2u - BTV","isPartOf":{"@id":"https:\/\/www.btv.md\/#website"},"primaryImageOfPage":{"@id":"https:\/\/www.btv.md\/ro\/descoperire-macabra-la-ungheni-cadavrul-unei-tinere-gasit-intr-un-parau\/#primaryimage"},"image":{"@id":"https:\/\/www.btv.md\/ro\/descoperire-macabra-la-ungheni-cadavrul-unei-tinere-gasit-intr-un-parau\/#primaryimage"},"thumbnailUrl":"https:\/\/www.btv.md\/wp-content\/uploads\/2021\/08\/images_cms-image-000120782.jpg","datePublished":"2021-08-17T08:42:12+00:00","author":{"@id":"https:\/\/www.btv.md\/#\/schema\/person\/8fadce81561b3ce2c34c46dadc4ccbf2"},"inLanguage":"ro-RO","potentialAction":[{"@type":"ReadAction","target":["https:\/\/www.btv.md\/ro\/descoperire-macabra-la-ungheni-cadavrul-unei-tinere-gasit-intr-un-parau\/"]}]},{"@type":"ImageObject","inLanguage":"ro-RO","@id":"https:\/\/www.btv.md\/ro\/descoperire-macabra-la-ungheni-cadavrul-unei-tinere-gasit-intr-un-parau\/#primaryimage","url":"https:\/\/www.btv.md\/wp-content\/uploads\/2021\/08\/images_cms-image-000120782.jpg","contentUrl":"https:\/\/www.btv.md\/wp-content\/uploads\/2021\/08\/images_cms-image-000120782.jpg","width":758,"height":426},{"@type":"WebSite","@id":"https:\/\/www.btv.md\/#website","url":"https:\/\/www.btv.md\/","name":"BTV","description":"\u0411\u0435\u043b\u044c\u0446\u043a\u043e\u0435 \u0442\u0435\u043b\u0435\u0432\u0438\u0434\u0435\u043d\u0438\u0435","potentialAction":[{"@type":"SearchAction","target":{"@type":"EntryPoint","urlTemplate":"https:\/\/www.btv.md\/?s={search_term_string}"},"query-input":{"@type":"PropertyValueSpecification","valueRequired":true,"valueName":"search_term_string"}}],"inLanguage":"ro-RO"},{"@type":"Person","@id":"https:\/\/www.btv.md\/#\/schema\/person\/8fadce81561b3ce2c34c46dadc4ccbf2","name":"admin"}]}},"_links":{"self":[{"href":"https:\/\/www.btv.md\/ro\/wp-json\/wp\/v2\/posts\/141391","targetHints":{"allow":["GET"]}}],"collection":[{"href":"https:\/\/www.btv.md\/ro\/wp-json\/wp\/v2\/posts"}],"about":[{"href":"https:\/\/www.btv.md\/ro\/wp-json\/wp\/v2\/types\/post"}],"author":[{"embeddable":true,"href":"https:\/\/www.btv.md\/ro\/wp-json\/wp\/v2\/users\/4"}],"replies":[{"embeddable":true,"href":"https:\/\/www.btv.md\/ro\/wp-json\/wp\/v2\/comments?post=141391"}],"version-history":[{"count":0,"href":"https:\/\/www.btv.md\/ro\/wp-json\/wp\/v2\/posts\/141391\/revisions"}],"wp:featuredmedia":[{"embeddable":true,"href":"https:\/\/www.btv.md\/ro\/wp-json\/wp\/v2\/media\/141392"}],"wp:attachment":[{"href":"https:\/\/www.btv.md\/ro\/wp-json\/wp\/v2\/media?parent=141391"}],"wp:term":[{"taxonomy":"category","embeddable":true,"href":"https:\/\/www.btv.md\/ro\/wp-json\/wp\/v2\/categories?post=141391"},{"taxonomy":"post_tag","embeddable":true,"href":"https:\/\/www.btv.md\/ro\/wp-json\/wp\/v2\/tags?post=141391"}],"curies":[{"name":"wp","href":"https:\/\/api.w.org\/{rel}","templated":true}]}}