{"id":141403,"date":"2021-08-17T12:54:23","date_gmt":"2021-08-17T09:54:23","guid":{"rendered":"https:\/\/www.btv.md\/?p=141403"},"modified":"2021-08-17T12:54:23","modified_gmt":"2021-08-17T09:54:23","slug":"sase-procurori-noi-care-vor-activa-in-cadrul-institutiilor-raionale-au-depus-juramantul","status":"publish","type":"post","link":"https:\/\/www.btv.md\/ro\/sase-procurori-noi-care-vor-activa-in-cadrul-institutiilor-raionale-au-depus-juramantul\/","title":{"rendered":"\u0218ase procurori noi care vor activa \u00een cadrul institu\u021biilor raionale au depus jur\u0103m\u00e2ntul"},"content":{"rendered":"<p><strong>\u0218ase procurori noi care vor activa \u00een cadrul institu\u021biilor raionale au depus jur\u0103m\u00e2ntul, dup\u0103 ce pe 25 iunie au fost desemna\u021bi c\u00e2\u0219tig\u0103tori ai concursului pentru suplinirea func\u021biilor vacante \u00een procuraturile teritoriale din Ungheni, F\u0103le\u0219ti, Cahul, \u0218tefan Vod\u0103, Leova \u0219i Cantemir, scrie <a href=\"https:\/\/www.zdg.md\/stiri\/stiri-justitie\/procurori-noi-care-vor-activa-in-cadrul-institutiilor-raionale-au-depus-juramantul\/\">zdg.md<\/a>.<\/strong><\/p>\n<p><strong>Potrivit deciziei CSP, func\u021biile vacante de procuror din cadrul\u00a0celor \u0219ase procuraturi raionale vor fi ocupate de absolven\u021bii Institutului Na\u021bional al Justi\u021biei:<\/strong><\/p>\n<ul>\n<li>Primac Lucian \u2013 \u00een func\u021bia de procuror \u00een Procuratura raionului Ungheni<\/li>\n<li>Levco Vladimir \u2013 \u00een func\u021bia de procuror \u00een Procuratura raionului F\u0103le\u0219ti<\/li>\n<li>Popu\u0219oi Dumitru \u2013 \u00een func\u021bia de procuror \u00een Procuratura raionului Cahul<\/li>\n<li>Covalenco Alexandru \u2013 \u00een func\u021bia de procuror \u00een Procuratura raionului \u0218tefan-Vod\u0103<\/li>\n<li>Gribincea Vadim \u2013 \u00een func\u021bia de procuror \u00een Procuratura raionului Leova<\/li>\n<li>Talmaci Alexandru \u2013 \u00een func\u021bia de procuror \u00een Procuratura raionului Cantemir<\/li>\n<\/ul>\n<p><strong>Membrii Consiliului Superior al Procuraturii (CSP) au desemnat vineri, 25 iunie, c\u00e2\u0219tig\u0103torii concursului din 10 iunie curent pentru suplinirea func\u021biilor vacante de procuror \u00een procuraturile teritoriale din Ungheni, F\u0103le\u0219ti, Cahul, \u0218tefan Vod\u0103, Leova \u0219i Cantemir.<\/strong><\/p>\n<p>Potrivit procedurilor stabilite de lege, CSP a propus procurorului general numirea pe post a candida\u021bilor nominaliza\u021bi \u0219i demararea procedurilor de emitere a actelor administrative corespunz\u0103toare. Actul de \u00eenvestire \u00een func\u021bie a procurorilor este ordinul procurorului general, \u00een baza c\u0103ruia se reglementeaz\u0103 raporturile juridice de munc\u0103 \u0219i se calculeaz\u0103 vechimea \u00een activitate.<\/p>\n<p><strong>Mandatul de procuror are statutul func\u021bie de demnitate public\u0103, iar conform prevederilor constitu\u021bionale, numirea procurorilor ierarhic inferiori se efectueaz\u0103 de c\u0103tre procurorul general, la propunerea CSP.<\/strong><\/p>\n<p>Foto: zdg.md.<\/p>\n","protected":false},"excerpt":{"rendered":"<p>\u0218ase procurori noi care vor activa \u00een cadrul institu\u021biilor raionale au depus jur\u0103m\u00e2ntul, dup\u0103 ce pe 25 iunie au fost desemna\u021bi c\u00e2\u0219tig\u0103tori ai concursului pentru suplinirea func\u021biilor vacante \u00een procuraturile teritoriale din Ungheni, F\u0103le\u0219ti, Cahul, \u0218tefan Vod\u0103, Leova \u0219i Cantemir, scrie zdg.md. Potrivit deciziei CSP, func\u021biile vacante de procuror din cadrul\u00a0celor \u0219ase procuraturi raionale vor [&hellip;]<\/p>\n","protected":false},"author":4,"featured_media":141404,"comment_status":"closed","ping_status":"closed","sticky":false,"template":"","format":"standard","meta":{"footnotes":""},"categories":[6349],"tags":[29026],"class_list":["post-141403","post","type-post","status-publish","format-standard","has-post-thumbnail","hentry","category-social","tag-sase-procurori-noi-care-vor-activa-in-cadrul-institutiilor-raionale-au-depus-juramantul"],"yoast_head":"<!-- This site is optimized with the Yoast SEO plugin v27.4 - https:\/\/yoast.com\/product\/yoast-seo-wordpress\/ -->\n<title>\u0218ase procurori noi care vor activa \u00een cadrul institu\u021biilor raionale au depus jur\u0103m\u00e2ntul - BTV<\/title>\n<meta name=\"robots\" content=\"index, follow, max-snippet:-1, max-image-preview:large, max-video-preview:-1\" \/>\n<link rel=\"canonical\" href=\"https:\/\/www.btv.md\/ro\/sase-procurori-noi-care-vor-activa-in-cadrul-institutiilor-raionale-au-depus-juramantul\/\" \/>\n<meta property=\"og:locale\" content=\"ro_RO\" \/>\n<meta property=\"og:type\" content=\"article\" \/>\n<meta property=\"og:title\" content=\"\u0218ase procurori noi care vor activa \u00een cadrul institu\u021biilor raionale au depus jur\u0103m\u00e2ntul - BTV\" \/>\n<meta property=\"og:description\" content=\"\u0218ase procurori noi care vor activa \u00een cadrul institu\u021biilor raionale au depus jur\u0103m\u00e2ntul, dup\u0103 ce pe 25 iunie au fost desemna\u021bi c\u00e2\u0219tig\u0103tori ai concursului pentru suplinirea func\u021biilor vacante \u00een procuraturile teritoriale din Ungheni, F\u0103le\u0219ti, Cahul, \u0218tefan Vod\u0103, Leova \u0219i Cantemir, scrie zdg.md. Potrivit deciziei CSP, func\u021biile vacante de procuror din cadrul\u00a0celor \u0219ase procuraturi raionale vor [&hellip;]\" \/>\n<meta property=\"og:url\" content=\"https:\/\/www.btv.md\/ro\/sase-procurori-noi-care-vor-activa-in-cadrul-institutiilor-raionale-au-depus-juramantul\/\" \/>\n<meta property=\"og:site_name\" content=\"BTV\" \/>\n<meta property=\"article:publisher\" content=\"https:\/\/www.facebook.com\/btvmoldova\/\" \/>\n<meta property=\"article:published_time\" content=\"2021-08-17T09:54:23+00:00\" \/>\n<meta property=\"og:image\" content=\"https:\/\/www.btv.md\/wp-content\/uploads\/2021\/08\/captura\u0306-de-ecran-din-2021-08-17-la-09.18.58-1920x1020-c-default.png\" \/>\n\t<meta property=\"og:image:width\" content=\"1920\" \/>\n\t<meta property=\"og:image:height\" content=\"1020\" \/>\n\t<meta property=\"og:image:type\" content=\"image\/png\" \/>\n<meta name=\"author\" content=\"admin\" \/>\n<meta name=\"twitter:label1\" content=\"Scris de\" \/>\n\t<meta name=\"twitter:data1\" content=\"admin\" \/>\n\t<meta name=\"twitter:label2\" content=\"Timp estimat pentru citire\" \/>\n\t<meta name=\"twitter:data2\" content=\"2 minute\" \/>\n<script type=\"application\/ld+json\" class=\"yoast-schema-graph\">{\"@context\":\"https:\\\/\\\/schema.org\",\"@graph\":[{\"@type\":\"Article\",\"@id\":\"https:\\\/\\\/www.btv.md\\\/ro\\\/sase-procurori-noi-care-vor-activa-in-cadrul-institutiilor-raionale-au-depus-juramantul\\\/#article\",\"isPartOf\":{\"@id\":\"https:\\\/\\\/www.btv.md\\\/ro\\\/sase-procurori-noi-care-vor-activa-in-cadrul-institutiilor-raionale-au-depus-juramantul\\\/\"},\"author\":{\"name\":\"admin\",\"@id\":\"https:\\\/\\\/www.btv.md\\\/#\\\/schema\\\/person\\\/8fadce81561b3ce2c34c46dadc4ccbf2\"},\"headline\":\"\u0218ase procurori noi care vor activa \u00een cadrul institu\u021biilor raionale au depus jur\u0103m\u00e2ntul\",\"datePublished\":\"2021-08-17T09:54:23+00:00\",\"mainEntityOfPage\":{\"@id\":\"https:\\\/\\\/www.btv.md\\\/ro\\\/sase-procurori-noi-care-vor-activa-in-cadrul-institutiilor-raionale-au-depus-juramantul\\\/\"},\"wordCount\":288,\"image\":{\"@id\":\"https:\\\/\\\/www.btv.md\\\/ro\\\/sase-procurori-noi-care-vor-activa-in-cadrul-institutiilor-raionale-au-depus-juramantul\\\/#primaryimage\"},\"thumbnailUrl\":\"https:\\\/\\\/www.btv.md\\\/wp-content\\\/uploads\\\/2021\\\/08\\\/captura\u0306-de-ecran-din-2021-08-17-la-09.18.58-1920x1020-c-default.png\",\"keywords\":[\"\u0218ase procurori noi care vor activa \u00een cadrul institu\u021biilor raionale au depus jur\u0103m\u00e2ntul\"],\"articleSection\":[\"Social\"],\"inLanguage\":\"ro-RO\"},{\"@type\":\"WebPage\",\"@id\":\"https:\\\/\\\/www.btv.md\\\/ro\\\/sase-procurori-noi-care-vor-activa-in-cadrul-institutiilor-raionale-au-depus-juramantul\\\/\",\"url\":\"https:\\\/\\\/www.btv.md\\\/ro\\\/sase-procurori-noi-care-vor-activa-in-cadrul-institutiilor-raionale-au-depus-juramantul\\\/\",\"name\":\"\u0218ase procurori noi care vor activa \u00een cadrul institu\u021biilor raionale au depus jur\u0103m\u00e2ntul - BTV\",\"isPartOf\":{\"@id\":\"https:\\\/\\\/www.btv.md\\\/#website\"},\"primaryImageOfPage\":{\"@id\":\"https:\\\/\\\/www.btv.md\\\/ro\\\/sase-procurori-noi-care-vor-activa-in-cadrul-institutiilor-raionale-au-depus-juramantul\\\/#primaryimage\"},\"image\":{\"@id\":\"https:\\\/\\\/www.btv.md\\\/ro\\\/sase-procurori-noi-care-vor-activa-in-cadrul-institutiilor-raionale-au-depus-juramantul\\\/#primaryimage\"},\"thumbnailUrl\":\"https:\\\/\\\/www.btv.md\\\/wp-content\\\/uploads\\\/2021\\\/08\\\/captura\u0306-de-ecran-din-2021-08-17-la-09.18.58-1920x1020-c-default.png\",\"datePublished\":\"2021-08-17T09:54:23+00:00\",\"author\":{\"@id\":\"https:\\\/\\\/www.btv.md\\\/#\\\/schema\\\/person\\\/8fadce81561b3ce2c34c46dadc4ccbf2\"},\"inLanguage\":\"ro-RO\",\"potentialAction\":[{\"@type\":\"ReadAction\",\"target\":[\"https:\\\/\\\/www.btv.md\\\/ro\\\/sase-procurori-noi-care-vor-activa-in-cadrul-institutiilor-raionale-au-depus-juramantul\\\/\"]}]},{\"@type\":\"ImageObject\",\"inLanguage\":\"ro-RO\",\"@id\":\"https:\\\/\\\/www.btv.md\\\/ro\\\/sase-procurori-noi-care-vor-activa-in-cadrul-institutiilor-raionale-au-depus-juramantul\\\/#primaryimage\",\"url\":\"https:\\\/\\\/www.btv.md\\\/wp-content\\\/uploads\\\/2021\\\/08\\\/captura\u0306-de-ecran-din-2021-08-17-la-09.18.58-1920x1020-c-default.png\",\"contentUrl\":\"https:\\\/\\\/www.btv.md\\\/wp-content\\\/uploads\\\/2021\\\/08\\\/captura\u0306-de-ecran-din-2021-08-17-la-09.18.58-1920x1020-c-default.png\",\"width\":1920,\"height\":1020},{\"@type\":\"WebSite\",\"@id\":\"https:\\\/\\\/www.btv.md\\\/#website\",\"url\":\"https:\\\/\\\/www.btv.md\\\/\",\"name\":\"BTV\",\"description\":\"\u0411\u0435\u043b\u044c\u0446\u043a\u043e\u0435 \u0442\u0435\u043b\u0435\u0432\u0438\u0434\u0435\u043d\u0438\u0435\",\"potentialAction\":[{\"@type\":\"SearchAction\",\"target\":{\"@type\":\"EntryPoint\",\"urlTemplate\":\"https:\\\/\\\/www.btv.md\\\/?s={search_term_string}\"},\"query-input\":{\"@type\":\"PropertyValueSpecification\",\"valueRequired\":true,\"valueName\":\"search_term_string\"}}],\"inLanguage\":\"ro-RO\"},{\"@type\":\"Person\",\"@id\":\"https:\\\/\\\/www.btv.md\\\/#\\\/schema\\\/person\\\/8fadce81561b3ce2c34c46dadc4ccbf2\",\"name\":\"admin\"}]}<\/script>\n<!-- \/ Yoast SEO plugin. -->","yoast_head_json":{"title":"\u0218ase procurori noi care vor activa \u00een cadrul institu\u021biilor raionale au depus jur\u0103m\u00e2ntul - BTV","robots":{"index":"index","follow":"follow","max-snippet":"max-snippet:-1","max-image-preview":"max-image-preview:large","max-video-preview":"max-video-preview:-1"},"canonical":"https:\/\/www.btv.md\/ro\/sase-procurori-noi-care-vor-activa-in-cadrul-institutiilor-raionale-au-depus-juramantul\/","og_locale":"ro_RO","og_type":"article","og_title":"\u0218ase procurori noi care vor activa \u00een cadrul institu\u021biilor raionale au depus jur\u0103m\u00e2ntul - BTV","og_description":"\u0218ase procurori noi care vor activa \u00een cadrul institu\u021biilor raionale au depus jur\u0103m\u00e2ntul, dup\u0103 ce pe 25 iunie au fost desemna\u021bi c\u00e2\u0219tig\u0103tori ai concursului pentru suplinirea func\u021biilor vacante \u00een procuraturile teritoriale din Ungheni, F\u0103le\u0219ti, Cahul, \u0218tefan Vod\u0103, Leova \u0219i Cantemir, scrie zdg.md. Potrivit deciziei CSP, func\u021biile vacante de procuror din cadrul\u00a0celor \u0219ase procuraturi raionale vor [&hellip;]","og_url":"https:\/\/www.btv.md\/ro\/sase-procurori-noi-care-vor-activa-in-cadrul-institutiilor-raionale-au-depus-juramantul\/","og_site_name":"BTV","article_publisher":"https:\/\/www.facebook.com\/btvmoldova\/","article_published_time":"2021-08-17T09:54:23+00:00","og_image":[{"width":1920,"height":1020,"url":"https:\/\/www.btv.md\/wp-content\/uploads\/2021\/08\/captura\u0306-de-ecran-din-2021-08-17-la-09.18.58-1920x1020-c-default.png","type":"image\/png"}],"author":"admin","twitter_misc":{"Scris de":"admin","Timp estimat pentru citire":"2 minute"},"schema":{"@context":"https:\/\/schema.org","@graph":[{"@type":"Article","@id":"https:\/\/www.btv.md\/ro\/sase-procurori-noi-care-vor-activa-in-cadrul-institutiilor-raionale-au-depus-juramantul\/#article","isPartOf":{"@id":"https:\/\/www.btv.md\/ro\/sase-procurori-noi-care-vor-activa-in-cadrul-institutiilor-raionale-au-depus-juramantul\/"},"author":{"name":"admin","@id":"https:\/\/www.btv.md\/#\/schema\/person\/8fadce81561b3ce2c34c46dadc4ccbf2"},"headline":"\u0218ase procurori noi care vor activa \u00een cadrul institu\u021biilor raionale au depus jur\u0103m\u00e2ntul","datePublished":"2021-08-17T09:54:23+00:00","mainEntityOfPage":{"@id":"https:\/\/www.btv.md\/ro\/sase-procurori-noi-care-vor-activa-in-cadrul-institutiilor-raionale-au-depus-juramantul\/"},"wordCount":288,"image":{"@id":"https:\/\/www.btv.md\/ro\/sase-procurori-noi-care-vor-activa-in-cadrul-institutiilor-raionale-au-depus-juramantul\/#primaryimage"},"thumbnailUrl":"https:\/\/www.btv.md\/wp-content\/uploads\/2021\/08\/captura\u0306-de-ecran-din-2021-08-17-la-09.18.58-1920x1020-c-default.png","keywords":["\u0218ase procurori noi care vor activa \u00een cadrul institu\u021biilor raionale au depus jur\u0103m\u00e2ntul"],"articleSection":["Social"],"inLanguage":"ro-RO"},{"@type":"WebPage","@id":"https:\/\/www.btv.md\/ro\/sase-procurori-noi-care-vor-activa-in-cadrul-institutiilor-raionale-au-depus-juramantul\/","url":"https:\/\/www.btv.md\/ro\/sase-procurori-noi-care-vor-activa-in-cadrul-institutiilor-raionale-au-depus-juramantul\/","name":"\u0218ase procurori noi care vor activa \u00een cadrul institu\u021biilor raionale au depus jur\u0103m\u00e2ntul - BTV","isPartOf":{"@id":"https:\/\/www.btv.md\/#website"},"primaryImageOfPage":{"@id":"https:\/\/www.btv.md\/ro\/sase-procurori-noi-care-vor-activa-in-cadrul-institutiilor-raionale-au-depus-juramantul\/#primaryimage"},"image":{"@id":"https:\/\/www.btv.md\/ro\/sase-procurori-noi-care-vor-activa-in-cadrul-institutiilor-raionale-au-depus-juramantul\/#primaryimage"},"thumbnailUrl":"https:\/\/www.btv.md\/wp-content\/uploads\/2021\/08\/captura\u0306-de-ecran-din-2021-08-17-la-09.18.58-1920x1020-c-default.png","datePublished":"2021-08-17T09:54:23+00:00","author":{"@id":"https:\/\/www.btv.md\/#\/schema\/person\/8fadce81561b3ce2c34c46dadc4ccbf2"},"inLanguage":"ro-RO","potentialAction":[{"@type":"ReadAction","target":["https:\/\/www.btv.md\/ro\/sase-procurori-noi-care-vor-activa-in-cadrul-institutiilor-raionale-au-depus-juramantul\/"]}]},{"@type":"ImageObject","inLanguage":"ro-RO","@id":"https:\/\/www.btv.md\/ro\/sase-procurori-noi-care-vor-activa-in-cadrul-institutiilor-raionale-au-depus-juramantul\/#primaryimage","url":"https:\/\/www.btv.md\/wp-content\/uploads\/2021\/08\/captura\u0306-de-ecran-din-2021-08-17-la-09.18.58-1920x1020-c-default.png","contentUrl":"https:\/\/www.btv.md\/wp-content\/uploads\/2021\/08\/captura\u0306-de-ecran-din-2021-08-17-la-09.18.58-1920x1020-c-default.png","width":1920,"height":1020},{"@type":"WebSite","@id":"https:\/\/www.btv.md\/#website","url":"https:\/\/www.btv.md\/","name":"BTV","description":"\u0411\u0435\u043b\u044c\u0446\u043a\u043e\u0435 \u0442\u0435\u043b\u0435\u0432\u0438\u0434\u0435\u043d\u0438\u0435","potentialAction":[{"@type":"SearchAction","target":{"@type":"EntryPoint","urlTemplate":"https:\/\/www.btv.md\/?s={search_term_string}"},"query-input":{"@type":"PropertyValueSpecification","valueRequired":true,"valueName":"search_term_string"}}],"inLanguage":"ro-RO"},{"@type":"Person","@id":"https:\/\/www.btv.md\/#\/schema\/person\/8fadce81561b3ce2c34c46dadc4ccbf2","name":"admin"}]}},"_links":{"self":[{"href":"https:\/\/www.btv.md\/ro\/wp-json\/wp\/v2\/posts\/141403","targetHints":{"allow":["GET"]}}],"collection":[{"href":"https:\/\/www.btv.md\/ro\/wp-json\/wp\/v2\/posts"}],"about":[{"href":"https:\/\/www.btv.md\/ro\/wp-json\/wp\/v2\/types\/post"}],"author":[{"embeddable":true,"href":"https:\/\/www.btv.md\/ro\/wp-json\/wp\/v2\/users\/4"}],"replies":[{"embeddable":true,"href":"https:\/\/www.btv.md\/ro\/wp-json\/wp\/v2\/comments?post=141403"}],"version-history":[{"count":0,"href":"https:\/\/www.btv.md\/ro\/wp-json\/wp\/v2\/posts\/141403\/revisions"}],"wp:featuredmedia":[{"embeddable":true,"href":"https:\/\/www.btv.md\/ro\/wp-json\/wp\/v2\/media\/141404"}],"wp:attachment":[{"href":"https:\/\/www.btv.md\/ro\/wp-json\/wp\/v2\/media?parent=141403"}],"wp:term":[{"taxonomy":"category","embeddable":true,"href":"https:\/\/www.btv.md\/ro\/wp-json\/wp\/v2\/categories?post=141403"},{"taxonomy":"post_tag","embeddable":true,"href":"https:\/\/www.btv.md\/ro\/wp-json\/wp\/v2\/tags?post=141403"}],"curies":[{"name":"wp","href":"https:\/\/api.w.org\/{rel}","templated":true}]}}