{"id":141444,"date":"2021-08-17T15:14:36","date_gmt":"2021-08-17T12:14:36","guid":{"rendered":"https:\/\/www.btv.md\/?p=141444"},"modified":"2021-08-17T15:14:36","modified_gmt":"2021-08-17T12:14:36","slug":"momentul-in-care-un-avion-militar-rus-ia-foc-in-timpul-zborului-si-se-prabuseste","status":"publish","type":"post","link":"https:\/\/www.btv.md\/ro\/momentul-in-care-un-avion-militar-rus-ia-foc-in-timpul-zborului-si-se-prabuseste\/","title":{"rendered":"Momentul \u00een care un avion militar rus ia foc \u00een timpul zborului \u0219i se pr\u0103bu\u0219e\u0219te"},"content":{"rendered":"<p data-index=\"1\"><strong>Un avion miliar aflat \u00een teste, cu trei persoane la bord, s-a pr\u0103bu\u0219it mar\u021bi diminea\u021b\u0103 \u00een Rusia, \u00een apropiere de Moscova. Prototipul IL-112V s-a pr\u0103bu\u0219it \u00een timpul unui zbor de antrenament, la Kubinka,\u00a0transmite <a href=\"https:\/\/www.digi24.ro\/stiri\/externe\/avion-militar-aflat-in-teste-prabusit-in-rusia-1636477\">digi24.ro<\/a>.<\/strong><\/p>\n<p data-index=\"2\">Un martor ocular a surprins \u00eentr-o \u00eenregistrare video momentul pr\u0103bu\u0219irii avionului model Iliu\u0219in Il-112V.<\/p>\n<p class=\"gdpr-placeholder gdpr-social-media \" data-index=\"3\">Setarile tale privind cookie-urile nu permit afisarea continutul din aceasta sectiune. Poti actualiza setarile modulelor coookie direct din browser sau de\u00a0<a class=\"gdpr-modal-trigger\" href=\"https:\/\/www.digi24.ro\/stiri\/externe\/avion-militar-aflat-in-teste-prabusit-in-rusia-1636477#\" data-skip-linkfix=\"1\">aici<\/a>\u00a0\u2013 e nevoie sa accepti cookie-urile social media<\/p>\n<p data-index=\"4\">Din filmare se observ\u0103 c\u0103, la un moment dat, izbucne\u0219te un foc la unul dintre motoarele aeronavei, chiar \u00een timpul zborului. Dup\u0103 c\u00e2teva secunde, avionul \u00eencepe s\u0103 piard\u0103 din altitudine p\u00e2n\u0103 \u00een momentul \u00een care love\u0219te solul.<\/p>\n<p data-index=\"5\">Potrivit United Aircraft Corporation, comandantul aeronavei pr\u0103bu\u0219ite a fost pilotul de \u00eencercare Nikolai Kuimov, erou al Rusiei. Pilotul \u0219i al\u021bi doi membri ai echipajului au murit \u00een tragedia aviatic\u0103.<\/p>\n<p data-index=\"6\">Conform presei ruse, \u00een incident a fost implicat un prototip al celui mai recent avion de transport militar Il-112V, aflat \u00een prezent \u00een teste \u0219i care urmeaz\u0103 s\u0103 intre \u00een dotarea For\u021belor Aeriene Ruse.<\/p>\n<p data-index=\"6\">Foto: digi24.ro.<\/p>\n<div class=\"ad-wrapper\">\n<div class=\"ad-container\">\n<div id=\"div-gpt-ad-1534428473535-0\" class=\"dSlot\" data-google-query-id=\"CKqXu_KDuPICFdA14Aod7bEAog\">\n<div id=\"google_ads_iframe_\/124748474\/300x250ap3-digi24-new_0__container__\"><\/div>\n<\/div>\n<\/div>\n<\/div>\n","protected":false},"excerpt":{"rendered":"<p>Un avion miliar aflat \u00een teste, cu trei persoane la bord, s-a pr\u0103bu\u0219it mar\u021bi diminea\u021b\u0103 \u00een Rusia, \u00een apropiere de Moscova. Prototipul IL-112V s-a pr\u0103bu\u0219it \u00een timpul unui zbor de antrenament, la Kubinka,\u00a0transmite digi24.ro. Un martor ocular a surprins \u00eentr-o \u00eenregistrare video momentul pr\u0103bu\u0219irii avionului model Iliu\u0219in Il-112V. Setarile tale privind cookie-urile nu permit afisarea [&hellip;]<\/p>\n","protected":false},"author":4,"featured_media":141445,"comment_status":"closed","ping_status":"closed","sticky":false,"template":"","format":"standard","meta":{"footnotes":""},"categories":[6349],"tags":[29037],"class_list":["post-141444","post","type-post","status-publish","format-standard","has-post-thumbnail","hentry","category-social","tag-momentul-in-care-un-avion-militar-rus-ia-foc-in-timpul-zborului-si-se-prabuseste"],"yoast_head":"<!-- This site is optimized with the Yoast SEO plugin v27.4 - https:\/\/yoast.com\/product\/yoast-seo-wordpress\/ -->\n<title>Momentul \u00een care un avion militar rus ia foc \u00een timpul zborului \u0219i se pr\u0103bu\u0219e\u0219te - BTV<\/title>\n<meta name=\"robots\" content=\"index, follow, max-snippet:-1, max-image-preview:large, max-video-preview:-1\" \/>\n<link rel=\"canonical\" href=\"https:\/\/www.btv.md\/ro\/momentul-in-care-un-avion-militar-rus-ia-foc-in-timpul-zborului-si-se-prabuseste\/\" \/>\n<meta property=\"og:locale\" content=\"ro_RO\" \/>\n<meta property=\"og:type\" content=\"article\" \/>\n<meta property=\"og:title\" content=\"Momentul \u00een care un avion militar rus ia foc \u00een timpul zborului \u0219i se pr\u0103bu\u0219e\u0219te - BTV\" \/>\n<meta property=\"og:description\" content=\"Un avion miliar aflat \u00een teste, cu trei persoane la bord, s-a pr\u0103bu\u0219it mar\u021bi diminea\u021b\u0103 \u00een Rusia, \u00een apropiere de Moscova. Prototipul IL-112V s-a pr\u0103bu\u0219it \u00een timpul unui zbor de antrenament, la Kubinka,\u00a0transmite digi24.ro. Un martor ocular a surprins \u00eentr-o \u00eenregistrare video momentul pr\u0103bu\u0219irii avionului model Iliu\u0219in Il-112V. Setarile tale privind cookie-urile nu permit afisarea [&hellip;]\" \/>\n<meta property=\"og:url\" content=\"https:\/\/www.btv.md\/ro\/momentul-in-care-un-avion-militar-rus-ia-foc-in-timpul-zborului-si-se-prabuseste\/\" \/>\n<meta property=\"og:site_name\" content=\"BTV\" \/>\n<meta property=\"article:publisher\" content=\"https:\/\/www.facebook.com\/btvmoldova\/\" \/>\n<meta property=\"article:published_time\" content=\"2021-08-17T12:14:36+00:00\" \/>\n<meta property=\"og:image\" content=\"https:\/\/www.btv.md\/wp-content\/uploads\/2021\/08\/mzvhotu0ntm5mzzkmwjknze4mzbkodu0ywixnza5.thumb_.jpg\" \/>\n\t<meta property=\"og:image:width\" content=\"780\" \/>\n\t<meta property=\"og:image:height\" content=\"440\" \/>\n\t<meta property=\"og:image:type\" content=\"image\/jpeg\" \/>\n<meta name=\"author\" content=\"admin\" \/>\n<meta name=\"twitter:label1\" content=\"Scris de\" \/>\n\t<meta name=\"twitter:data1\" content=\"admin\" \/>\n\t<meta name=\"twitter:label2\" content=\"Timp estimat pentru citire\" \/>\n\t<meta name=\"twitter:data2\" content=\"1 minut\" \/>\n<script type=\"application\/ld+json\" class=\"yoast-schema-graph\">{\"@context\":\"https:\\\/\\\/schema.org\",\"@graph\":[{\"@type\":\"Article\",\"@id\":\"https:\\\/\\\/www.btv.md\\\/ro\\\/momentul-in-care-un-avion-militar-rus-ia-foc-in-timpul-zborului-si-se-prabuseste\\\/#article\",\"isPartOf\":{\"@id\":\"https:\\\/\\\/www.btv.md\\\/ro\\\/momentul-in-care-un-avion-militar-rus-ia-foc-in-timpul-zborului-si-se-prabuseste\\\/\"},\"author\":{\"name\":\"admin\",\"@id\":\"https:\\\/\\\/www.btv.md\\\/#\\\/schema\\\/person\\\/8fadce81561b3ce2c34c46dadc4ccbf2\"},\"headline\":\"Momentul \u00een care un avion militar rus ia foc \u00een timpul zborului \u0219i se pr\u0103bu\u0219e\u0219te\",\"datePublished\":\"2021-08-17T12:14:36+00:00\",\"mainEntityOfPage\":{\"@id\":\"https:\\\/\\\/www.btv.md\\\/ro\\\/momentul-in-care-un-avion-militar-rus-ia-foc-in-timpul-zborului-si-se-prabuseste\\\/\"},\"wordCount\":219,\"image\":{\"@id\":\"https:\\\/\\\/www.btv.md\\\/ro\\\/momentul-in-care-un-avion-militar-rus-ia-foc-in-timpul-zborului-si-se-prabuseste\\\/#primaryimage\"},\"thumbnailUrl\":\"https:\\\/\\\/www.btv.md\\\/wp-content\\\/uploads\\\/2021\\\/08\\\/mzvhotu0ntm5mzzkmwjknze4mzbkodu0ywixnza5.thumb_.jpg\",\"keywords\":[\"Momentul \u00een care un avion militar rus ia foc \u00een timpul zborului \u0219i se pr\u0103bu\u0219e\u0219te\"],\"articleSection\":[\"Social\"],\"inLanguage\":\"ro-RO\"},{\"@type\":\"WebPage\",\"@id\":\"https:\\\/\\\/www.btv.md\\\/ro\\\/momentul-in-care-un-avion-militar-rus-ia-foc-in-timpul-zborului-si-se-prabuseste\\\/\",\"url\":\"https:\\\/\\\/www.btv.md\\\/ro\\\/momentul-in-care-un-avion-militar-rus-ia-foc-in-timpul-zborului-si-se-prabuseste\\\/\",\"name\":\"Momentul \u00een care un avion militar rus ia foc \u00een timpul zborului \u0219i se pr\u0103bu\u0219e\u0219te - BTV\",\"isPartOf\":{\"@id\":\"https:\\\/\\\/www.btv.md\\\/#website\"},\"primaryImageOfPage\":{\"@id\":\"https:\\\/\\\/www.btv.md\\\/ro\\\/momentul-in-care-un-avion-militar-rus-ia-foc-in-timpul-zborului-si-se-prabuseste\\\/#primaryimage\"},\"image\":{\"@id\":\"https:\\\/\\\/www.btv.md\\\/ro\\\/momentul-in-care-un-avion-militar-rus-ia-foc-in-timpul-zborului-si-se-prabuseste\\\/#primaryimage\"},\"thumbnailUrl\":\"https:\\\/\\\/www.btv.md\\\/wp-content\\\/uploads\\\/2021\\\/08\\\/mzvhotu0ntm5mzzkmwjknze4mzbkodu0ywixnza5.thumb_.jpg\",\"datePublished\":\"2021-08-17T12:14:36+00:00\",\"author\":{\"@id\":\"https:\\\/\\\/www.btv.md\\\/#\\\/schema\\\/person\\\/8fadce81561b3ce2c34c46dadc4ccbf2\"},\"inLanguage\":\"ro-RO\",\"potentialAction\":[{\"@type\":\"ReadAction\",\"target\":[\"https:\\\/\\\/www.btv.md\\\/ro\\\/momentul-in-care-un-avion-militar-rus-ia-foc-in-timpul-zborului-si-se-prabuseste\\\/\"]}]},{\"@type\":\"ImageObject\",\"inLanguage\":\"ro-RO\",\"@id\":\"https:\\\/\\\/www.btv.md\\\/ro\\\/momentul-in-care-un-avion-militar-rus-ia-foc-in-timpul-zborului-si-se-prabuseste\\\/#primaryimage\",\"url\":\"https:\\\/\\\/www.btv.md\\\/wp-content\\\/uploads\\\/2021\\\/08\\\/mzvhotu0ntm5mzzkmwjknze4mzbkodu0ywixnza5.thumb_.jpg\",\"contentUrl\":\"https:\\\/\\\/www.btv.md\\\/wp-content\\\/uploads\\\/2021\\\/08\\\/mzvhotu0ntm5mzzkmwjknze4mzbkodu0ywixnza5.thumb_.jpg\",\"width\":780,\"height\":440},{\"@type\":\"WebSite\",\"@id\":\"https:\\\/\\\/www.btv.md\\\/#website\",\"url\":\"https:\\\/\\\/www.btv.md\\\/\",\"name\":\"BTV\",\"description\":\"\u0411\u0435\u043b\u044c\u0446\u043a\u043e\u0435 \u0442\u0435\u043b\u0435\u0432\u0438\u0434\u0435\u043d\u0438\u0435\",\"potentialAction\":[{\"@type\":\"SearchAction\",\"target\":{\"@type\":\"EntryPoint\",\"urlTemplate\":\"https:\\\/\\\/www.btv.md\\\/?s={search_term_string}\"},\"query-input\":{\"@type\":\"PropertyValueSpecification\",\"valueRequired\":true,\"valueName\":\"search_term_string\"}}],\"inLanguage\":\"ro-RO\"},{\"@type\":\"Person\",\"@id\":\"https:\\\/\\\/www.btv.md\\\/#\\\/schema\\\/person\\\/8fadce81561b3ce2c34c46dadc4ccbf2\",\"name\":\"admin\"}]}<\/script>\n<!-- \/ Yoast SEO plugin. -->","yoast_head_json":{"title":"Momentul \u00een care un avion militar rus ia foc \u00een timpul zborului \u0219i se pr\u0103bu\u0219e\u0219te - BTV","robots":{"index":"index","follow":"follow","max-snippet":"max-snippet:-1","max-image-preview":"max-image-preview:large","max-video-preview":"max-video-preview:-1"},"canonical":"https:\/\/www.btv.md\/ro\/momentul-in-care-un-avion-militar-rus-ia-foc-in-timpul-zborului-si-se-prabuseste\/","og_locale":"ro_RO","og_type":"article","og_title":"Momentul \u00een care un avion militar rus ia foc \u00een timpul zborului \u0219i se pr\u0103bu\u0219e\u0219te - BTV","og_description":"Un avion miliar aflat \u00een teste, cu trei persoane la bord, s-a pr\u0103bu\u0219it mar\u021bi diminea\u021b\u0103 \u00een Rusia, \u00een apropiere de Moscova. Prototipul IL-112V s-a pr\u0103bu\u0219it \u00een timpul unui zbor de antrenament, la Kubinka,\u00a0transmite digi24.ro. Un martor ocular a surprins \u00eentr-o \u00eenregistrare video momentul pr\u0103bu\u0219irii avionului model Iliu\u0219in Il-112V. Setarile tale privind cookie-urile nu permit afisarea [&hellip;]","og_url":"https:\/\/www.btv.md\/ro\/momentul-in-care-un-avion-militar-rus-ia-foc-in-timpul-zborului-si-se-prabuseste\/","og_site_name":"BTV","article_publisher":"https:\/\/www.facebook.com\/btvmoldova\/","article_published_time":"2021-08-17T12:14:36+00:00","og_image":[{"width":780,"height":440,"url":"https:\/\/www.btv.md\/wp-content\/uploads\/2021\/08\/mzvhotu0ntm5mzzkmwjknze4mzbkodu0ywixnza5.thumb_.jpg","type":"image\/jpeg"}],"author":"admin","twitter_misc":{"Scris de":"admin","Timp estimat pentru citire":"1 minut"},"schema":{"@context":"https:\/\/schema.org","@graph":[{"@type":"Article","@id":"https:\/\/www.btv.md\/ro\/momentul-in-care-un-avion-militar-rus-ia-foc-in-timpul-zborului-si-se-prabuseste\/#article","isPartOf":{"@id":"https:\/\/www.btv.md\/ro\/momentul-in-care-un-avion-militar-rus-ia-foc-in-timpul-zborului-si-se-prabuseste\/"},"author":{"name":"admin","@id":"https:\/\/www.btv.md\/#\/schema\/person\/8fadce81561b3ce2c34c46dadc4ccbf2"},"headline":"Momentul \u00een care un avion militar rus ia foc \u00een timpul zborului \u0219i se pr\u0103bu\u0219e\u0219te","datePublished":"2021-08-17T12:14:36+00:00","mainEntityOfPage":{"@id":"https:\/\/www.btv.md\/ro\/momentul-in-care-un-avion-militar-rus-ia-foc-in-timpul-zborului-si-se-prabuseste\/"},"wordCount":219,"image":{"@id":"https:\/\/www.btv.md\/ro\/momentul-in-care-un-avion-militar-rus-ia-foc-in-timpul-zborului-si-se-prabuseste\/#primaryimage"},"thumbnailUrl":"https:\/\/www.btv.md\/wp-content\/uploads\/2021\/08\/mzvhotu0ntm5mzzkmwjknze4mzbkodu0ywixnza5.thumb_.jpg","keywords":["Momentul \u00een care un avion militar rus ia foc \u00een timpul zborului \u0219i se pr\u0103bu\u0219e\u0219te"],"articleSection":["Social"],"inLanguage":"ro-RO"},{"@type":"WebPage","@id":"https:\/\/www.btv.md\/ro\/momentul-in-care-un-avion-militar-rus-ia-foc-in-timpul-zborului-si-se-prabuseste\/","url":"https:\/\/www.btv.md\/ro\/momentul-in-care-un-avion-militar-rus-ia-foc-in-timpul-zborului-si-se-prabuseste\/","name":"Momentul \u00een care un avion militar rus ia foc \u00een timpul zborului \u0219i se pr\u0103bu\u0219e\u0219te - BTV","isPartOf":{"@id":"https:\/\/www.btv.md\/#website"},"primaryImageOfPage":{"@id":"https:\/\/www.btv.md\/ro\/momentul-in-care-un-avion-militar-rus-ia-foc-in-timpul-zborului-si-se-prabuseste\/#primaryimage"},"image":{"@id":"https:\/\/www.btv.md\/ro\/momentul-in-care-un-avion-militar-rus-ia-foc-in-timpul-zborului-si-se-prabuseste\/#primaryimage"},"thumbnailUrl":"https:\/\/www.btv.md\/wp-content\/uploads\/2021\/08\/mzvhotu0ntm5mzzkmwjknze4mzbkodu0ywixnza5.thumb_.jpg","datePublished":"2021-08-17T12:14:36+00:00","author":{"@id":"https:\/\/www.btv.md\/#\/schema\/person\/8fadce81561b3ce2c34c46dadc4ccbf2"},"inLanguage":"ro-RO","potentialAction":[{"@type":"ReadAction","target":["https:\/\/www.btv.md\/ro\/momentul-in-care-un-avion-militar-rus-ia-foc-in-timpul-zborului-si-se-prabuseste\/"]}]},{"@type":"ImageObject","inLanguage":"ro-RO","@id":"https:\/\/www.btv.md\/ro\/momentul-in-care-un-avion-militar-rus-ia-foc-in-timpul-zborului-si-se-prabuseste\/#primaryimage","url":"https:\/\/www.btv.md\/wp-content\/uploads\/2021\/08\/mzvhotu0ntm5mzzkmwjknze4mzbkodu0ywixnza5.thumb_.jpg","contentUrl":"https:\/\/www.btv.md\/wp-content\/uploads\/2021\/08\/mzvhotu0ntm5mzzkmwjknze4mzbkodu0ywixnza5.thumb_.jpg","width":780,"height":440},{"@type":"WebSite","@id":"https:\/\/www.btv.md\/#website","url":"https:\/\/www.btv.md\/","name":"BTV","description":"\u0411\u0435\u043b\u044c\u0446\u043a\u043e\u0435 \u0442\u0435\u043b\u0435\u0432\u0438\u0434\u0435\u043d\u0438\u0435","potentialAction":[{"@type":"SearchAction","target":{"@type":"EntryPoint","urlTemplate":"https:\/\/www.btv.md\/?s={search_term_string}"},"query-input":{"@type":"PropertyValueSpecification","valueRequired":true,"valueName":"search_term_string"}}],"inLanguage":"ro-RO"},{"@type":"Person","@id":"https:\/\/www.btv.md\/#\/schema\/person\/8fadce81561b3ce2c34c46dadc4ccbf2","name":"admin"}]}},"_links":{"self":[{"href":"https:\/\/www.btv.md\/ro\/wp-json\/wp\/v2\/posts\/141444","targetHints":{"allow":["GET"]}}],"collection":[{"href":"https:\/\/www.btv.md\/ro\/wp-json\/wp\/v2\/posts"}],"about":[{"href":"https:\/\/www.btv.md\/ro\/wp-json\/wp\/v2\/types\/post"}],"author":[{"embeddable":true,"href":"https:\/\/www.btv.md\/ro\/wp-json\/wp\/v2\/users\/4"}],"replies":[{"embeddable":true,"href":"https:\/\/www.btv.md\/ro\/wp-json\/wp\/v2\/comments?post=141444"}],"version-history":[{"count":0,"href":"https:\/\/www.btv.md\/ro\/wp-json\/wp\/v2\/posts\/141444\/revisions"}],"wp:featuredmedia":[{"embeddable":true,"href":"https:\/\/www.btv.md\/ro\/wp-json\/wp\/v2\/media\/141445"}],"wp:attachment":[{"href":"https:\/\/www.btv.md\/ro\/wp-json\/wp\/v2\/media?parent=141444"}],"wp:term":[{"taxonomy":"category","embeddable":true,"href":"https:\/\/www.btv.md\/ro\/wp-json\/wp\/v2\/categories?post=141444"},{"taxonomy":"post_tag","embeddable":true,"href":"https:\/\/www.btv.md\/ro\/wp-json\/wp\/v2\/tags?post=141444"}],"curies":[{"name":"wp","href":"https:\/\/api.w.org\/{rel}","templated":true}]}}