{"id":141450,"date":"2021-08-17T15:17:38","date_gmt":"2021-08-17T12:17:38","guid":{"rendered":"https:\/\/www.btv.md\/?p=141450"},"modified":"2021-08-17T15:17:38","modified_gmt":"2021-08-17T12:17:38","slug":"prim-ministrul-ucrainei-va-sosi-in-vizita-la-chisinau","status":"publish","type":"post","link":"https:\/\/www.btv.md\/ro\/prim-ministrul-ucrainei-va-sosi-in-vizita-la-chisinau\/","title":{"rendered":"Prim-ministrul Ucrainei va sosi \u00een vizit\u0103 la Chi\u0219in\u0103u"},"content":{"rendered":"<p><strong>Perspectivele dialogului politic moldo-ucrainean au fost examinate ast\u0103zi, \u00een cadrul unei \u00eentrevederi a Prim-ministrului Natalia Gavrili\u021ba cu Marko Shevchenko, ambasadorul Ucrainei la Chi\u0219in\u0103u, transmite <a href=\"https:\/\/www.moldpres.md\/news\/2021\/08\/17\/21005984\">MOLDPRES<\/a> cu referire la\u00a0Direc\u0163ia comunicare \u0219i protocol a Guvernului.<\/strong><\/p>\n<p>Oficialii au vorbit despre priorit\u0103\u021bile agendei bilaterale a celor dou\u0103 state, inclusiv despre reluarea activit\u0103\u021bii grupurilor sectoriale de lucru \u00een diverse domenii ale interac\u021biunii bilaterale.<\/p>\n<p>S-a discutat \u0219i despre vizita la Chi\u0219in\u0103u, \u00een perioada 27-28 august curent, a Prim-ministrului Ucrainei Denys Shmygal. Oficialul va participa la evenimentele prilejuite de cea de-a 30-a aniversare a proclam\u0103rii independen\u021bei Republicii Moldova.<\/p>\n<p>Foto: Guvern<\/p>\n","protected":false},"excerpt":{"rendered":"<p>Perspectivele dialogului politic moldo-ucrainean au fost examinate ast\u0103zi, \u00een cadrul unei \u00eentrevederi a Prim-ministrului Natalia Gavrili\u021ba cu Marko Shevchenko, ambasadorul Ucrainei la Chi\u0219in\u0103u, transmite MOLDPRES cu referire la\u00a0Direc\u0163ia comunicare \u0219i protocol a Guvernului. Oficialii au vorbit despre priorit\u0103\u021bile agendei bilaterale a celor dou\u0103 state, inclusiv despre reluarea activit\u0103\u021bii grupurilor sectoriale de lucru \u00een diverse domenii [&hellip;]<\/p>\n","protected":false},"author":4,"featured_media":141419,"comment_status":"closed","ping_status":"closed","sticky":false,"template":"","format":"standard","meta":{"footnotes":""},"categories":[6368],"tags":[29039],"class_list":["post-141450","post","type-post","status-publish","format-standard","has-post-thumbnail","hentry","category-politica-ro","tag-prim-ministrul-ucrainei-va-sosi-in-vizita-la-chisinau"],"yoast_head":"<!-- This site is optimized with the Yoast SEO plugin v27.4 - https:\/\/yoast.com\/product\/yoast-seo-wordpress\/ -->\n<title>Prim-ministrul Ucrainei va sosi \u00een vizit\u0103 la Chi\u0219in\u0103u - BTV<\/title>\n<meta name=\"robots\" content=\"index, follow, max-snippet:-1, max-image-preview:large, max-video-preview:-1\" \/>\n<link rel=\"canonical\" href=\"https:\/\/www.btv.md\/ro\/prim-ministrul-ucrainei-va-sosi-in-vizita-la-chisinau\/\" \/>\n<meta property=\"og:locale\" content=\"ro_RO\" \/>\n<meta property=\"og:type\" content=\"article\" \/>\n<meta property=\"og:title\" content=\"Prim-ministrul Ucrainei va sosi \u00een vizit\u0103 la Chi\u0219in\u0103u - BTV\" \/>\n<meta property=\"og:description\" content=\"Perspectivele dialogului politic moldo-ucrainean au fost examinate ast\u0103zi, \u00een cadrul unei \u00eentrevederi a Prim-ministrului Natalia Gavrili\u021ba cu Marko Shevchenko, ambasadorul Ucrainei la Chi\u0219in\u0103u, transmite MOLDPRES cu referire la\u00a0Direc\u0163ia comunicare \u0219i protocol a Guvernului. Oficialii au vorbit despre priorit\u0103\u021bile agendei bilaterale a celor dou\u0103 state, inclusiv despre reluarea activit\u0103\u021bii grupurilor sectoriale de lucru \u00een diverse domenii [&hellip;]\" \/>\n<meta property=\"og:url\" content=\"https:\/\/www.btv.md\/ro\/prim-ministrul-ucrainei-va-sosi-in-vizita-la-chisinau\/\" \/>\n<meta property=\"og:site_name\" content=\"BTV\" \/>\n<meta property=\"article:publisher\" content=\"https:\/\/www.facebook.com\/btvmoldova\/\" \/>\n<meta property=\"article:published_time\" content=\"2021-08-17T12:17:38+00:00\" \/>\n<meta property=\"og:image\" content=\"https:\/\/www.btv.md\/wp-content\/uploads\/2021\/08\/21005984_big1629198967.jpg\" \/>\n\t<meta property=\"og:image:width\" content=\"700\" \/>\n\t<meta property=\"og:image:height\" content=\"466\" \/>\n\t<meta property=\"og:image:type\" content=\"image\/jpeg\" \/>\n<meta name=\"author\" content=\"admin\" \/>\n<meta name=\"twitter:label1\" content=\"Scris de\" \/>\n\t<meta name=\"twitter:data1\" content=\"admin\" \/>\n\t<meta name=\"twitter:label2\" content=\"Timp estimat pentru citire\" \/>\n\t<meta name=\"twitter:data2\" content=\"1 minut\" \/>\n<script type=\"application\/ld+json\" class=\"yoast-schema-graph\">{\"@context\":\"https:\\\/\\\/schema.org\",\"@graph\":[{\"@type\":\"Article\",\"@id\":\"https:\\\/\\\/www.btv.md\\\/ro\\\/prim-ministrul-ucrainei-va-sosi-in-vizita-la-chisinau\\\/#article\",\"isPartOf\":{\"@id\":\"https:\\\/\\\/www.btv.md\\\/ro\\\/prim-ministrul-ucrainei-va-sosi-in-vizita-la-chisinau\\\/\"},\"author\":{\"name\":\"admin\",\"@id\":\"https:\\\/\\\/www.btv.md\\\/#\\\/schema\\\/person\\\/8fadce81561b3ce2c34c46dadc4ccbf2\"},\"headline\":\"Prim-ministrul Ucrainei va sosi \u00een vizit\u0103 la Chi\u0219in\u0103u\",\"datePublished\":\"2021-08-17T12:17:38+00:00\",\"mainEntityOfPage\":{\"@id\":\"https:\\\/\\\/www.btv.md\\\/ro\\\/prim-ministrul-ucrainei-va-sosi-in-vizita-la-chisinau\\\/\"},\"wordCount\":116,\"image\":{\"@id\":\"https:\\\/\\\/www.btv.md\\\/ro\\\/prim-ministrul-ucrainei-va-sosi-in-vizita-la-chisinau\\\/#primaryimage\"},\"thumbnailUrl\":\"https:\\\/\\\/www.btv.md\\\/wp-content\\\/uploads\\\/2021\\\/08\\\/21005984_big1629198967.jpg\",\"keywords\":[\"Prim-ministrul Ucrainei va sosi \u00een vizit\u0103 la Chi\u0219in\u0103u\"],\"articleSection\":[\"Politic\u0103\"],\"inLanguage\":\"ro-RO\"},{\"@type\":\"WebPage\",\"@id\":\"https:\\\/\\\/www.btv.md\\\/ro\\\/prim-ministrul-ucrainei-va-sosi-in-vizita-la-chisinau\\\/\",\"url\":\"https:\\\/\\\/www.btv.md\\\/ro\\\/prim-ministrul-ucrainei-va-sosi-in-vizita-la-chisinau\\\/\",\"name\":\"Prim-ministrul Ucrainei va sosi \u00een vizit\u0103 la Chi\u0219in\u0103u - BTV\",\"isPartOf\":{\"@id\":\"https:\\\/\\\/www.btv.md\\\/#website\"},\"primaryImageOfPage\":{\"@id\":\"https:\\\/\\\/www.btv.md\\\/ro\\\/prim-ministrul-ucrainei-va-sosi-in-vizita-la-chisinau\\\/#primaryimage\"},\"image\":{\"@id\":\"https:\\\/\\\/www.btv.md\\\/ro\\\/prim-ministrul-ucrainei-va-sosi-in-vizita-la-chisinau\\\/#primaryimage\"},\"thumbnailUrl\":\"https:\\\/\\\/www.btv.md\\\/wp-content\\\/uploads\\\/2021\\\/08\\\/21005984_big1629198967.jpg\",\"datePublished\":\"2021-08-17T12:17:38+00:00\",\"author\":{\"@id\":\"https:\\\/\\\/www.btv.md\\\/#\\\/schema\\\/person\\\/8fadce81561b3ce2c34c46dadc4ccbf2\"},\"inLanguage\":\"ro-RO\",\"potentialAction\":[{\"@type\":\"ReadAction\",\"target\":[\"https:\\\/\\\/www.btv.md\\\/ro\\\/prim-ministrul-ucrainei-va-sosi-in-vizita-la-chisinau\\\/\"]}]},{\"@type\":\"ImageObject\",\"inLanguage\":\"ro-RO\",\"@id\":\"https:\\\/\\\/www.btv.md\\\/ro\\\/prim-ministrul-ucrainei-va-sosi-in-vizita-la-chisinau\\\/#primaryimage\",\"url\":\"https:\\\/\\\/www.btv.md\\\/wp-content\\\/uploads\\\/2021\\\/08\\\/21005984_big1629198967.jpg\",\"contentUrl\":\"https:\\\/\\\/www.btv.md\\\/wp-content\\\/uploads\\\/2021\\\/08\\\/21005984_big1629198967.jpg\",\"width\":700,\"height\":466},{\"@type\":\"WebSite\",\"@id\":\"https:\\\/\\\/www.btv.md\\\/#website\",\"url\":\"https:\\\/\\\/www.btv.md\\\/\",\"name\":\"BTV\",\"description\":\"\u0411\u0435\u043b\u044c\u0446\u043a\u043e\u0435 \u0442\u0435\u043b\u0435\u0432\u0438\u0434\u0435\u043d\u0438\u0435\",\"potentialAction\":[{\"@type\":\"SearchAction\",\"target\":{\"@type\":\"EntryPoint\",\"urlTemplate\":\"https:\\\/\\\/www.btv.md\\\/?s={search_term_string}\"},\"query-input\":{\"@type\":\"PropertyValueSpecification\",\"valueRequired\":true,\"valueName\":\"search_term_string\"}}],\"inLanguage\":\"ro-RO\"},{\"@type\":\"Person\",\"@id\":\"https:\\\/\\\/www.btv.md\\\/#\\\/schema\\\/person\\\/8fadce81561b3ce2c34c46dadc4ccbf2\",\"name\":\"admin\"}]}<\/script>\n<!-- \/ Yoast SEO plugin. -->","yoast_head_json":{"title":"Prim-ministrul Ucrainei va sosi \u00een vizit\u0103 la Chi\u0219in\u0103u - BTV","robots":{"index":"index","follow":"follow","max-snippet":"max-snippet:-1","max-image-preview":"max-image-preview:large","max-video-preview":"max-video-preview:-1"},"canonical":"https:\/\/www.btv.md\/ro\/prim-ministrul-ucrainei-va-sosi-in-vizita-la-chisinau\/","og_locale":"ro_RO","og_type":"article","og_title":"Prim-ministrul Ucrainei va sosi \u00een vizit\u0103 la Chi\u0219in\u0103u - BTV","og_description":"Perspectivele dialogului politic moldo-ucrainean au fost examinate ast\u0103zi, \u00een cadrul unei \u00eentrevederi a Prim-ministrului Natalia Gavrili\u021ba cu Marko Shevchenko, ambasadorul Ucrainei la Chi\u0219in\u0103u, transmite MOLDPRES cu referire la\u00a0Direc\u0163ia comunicare \u0219i protocol a Guvernului. Oficialii au vorbit despre priorit\u0103\u021bile agendei bilaterale a celor dou\u0103 state, inclusiv despre reluarea activit\u0103\u021bii grupurilor sectoriale de lucru \u00een diverse domenii [&hellip;]","og_url":"https:\/\/www.btv.md\/ro\/prim-ministrul-ucrainei-va-sosi-in-vizita-la-chisinau\/","og_site_name":"BTV","article_publisher":"https:\/\/www.facebook.com\/btvmoldova\/","article_published_time":"2021-08-17T12:17:38+00:00","og_image":[{"width":700,"height":466,"url":"https:\/\/www.btv.md\/wp-content\/uploads\/2021\/08\/21005984_big1629198967.jpg","type":"image\/jpeg"}],"author":"admin","twitter_misc":{"Scris de":"admin","Timp estimat pentru citire":"1 minut"},"schema":{"@context":"https:\/\/schema.org","@graph":[{"@type":"Article","@id":"https:\/\/www.btv.md\/ro\/prim-ministrul-ucrainei-va-sosi-in-vizita-la-chisinau\/#article","isPartOf":{"@id":"https:\/\/www.btv.md\/ro\/prim-ministrul-ucrainei-va-sosi-in-vizita-la-chisinau\/"},"author":{"name":"admin","@id":"https:\/\/www.btv.md\/#\/schema\/person\/8fadce81561b3ce2c34c46dadc4ccbf2"},"headline":"Prim-ministrul Ucrainei va sosi \u00een vizit\u0103 la Chi\u0219in\u0103u","datePublished":"2021-08-17T12:17:38+00:00","mainEntityOfPage":{"@id":"https:\/\/www.btv.md\/ro\/prim-ministrul-ucrainei-va-sosi-in-vizita-la-chisinau\/"},"wordCount":116,"image":{"@id":"https:\/\/www.btv.md\/ro\/prim-ministrul-ucrainei-va-sosi-in-vizita-la-chisinau\/#primaryimage"},"thumbnailUrl":"https:\/\/www.btv.md\/wp-content\/uploads\/2021\/08\/21005984_big1629198967.jpg","keywords":["Prim-ministrul Ucrainei va sosi \u00een vizit\u0103 la Chi\u0219in\u0103u"],"articleSection":["Politic\u0103"],"inLanguage":"ro-RO"},{"@type":"WebPage","@id":"https:\/\/www.btv.md\/ro\/prim-ministrul-ucrainei-va-sosi-in-vizita-la-chisinau\/","url":"https:\/\/www.btv.md\/ro\/prim-ministrul-ucrainei-va-sosi-in-vizita-la-chisinau\/","name":"Prim-ministrul Ucrainei va sosi \u00een vizit\u0103 la Chi\u0219in\u0103u - BTV","isPartOf":{"@id":"https:\/\/www.btv.md\/#website"},"primaryImageOfPage":{"@id":"https:\/\/www.btv.md\/ro\/prim-ministrul-ucrainei-va-sosi-in-vizita-la-chisinau\/#primaryimage"},"image":{"@id":"https:\/\/www.btv.md\/ro\/prim-ministrul-ucrainei-va-sosi-in-vizita-la-chisinau\/#primaryimage"},"thumbnailUrl":"https:\/\/www.btv.md\/wp-content\/uploads\/2021\/08\/21005984_big1629198967.jpg","datePublished":"2021-08-17T12:17:38+00:00","author":{"@id":"https:\/\/www.btv.md\/#\/schema\/person\/8fadce81561b3ce2c34c46dadc4ccbf2"},"inLanguage":"ro-RO","potentialAction":[{"@type":"ReadAction","target":["https:\/\/www.btv.md\/ro\/prim-ministrul-ucrainei-va-sosi-in-vizita-la-chisinau\/"]}]},{"@type":"ImageObject","inLanguage":"ro-RO","@id":"https:\/\/www.btv.md\/ro\/prim-ministrul-ucrainei-va-sosi-in-vizita-la-chisinau\/#primaryimage","url":"https:\/\/www.btv.md\/wp-content\/uploads\/2021\/08\/21005984_big1629198967.jpg","contentUrl":"https:\/\/www.btv.md\/wp-content\/uploads\/2021\/08\/21005984_big1629198967.jpg","width":700,"height":466},{"@type":"WebSite","@id":"https:\/\/www.btv.md\/#website","url":"https:\/\/www.btv.md\/","name":"BTV","description":"\u0411\u0435\u043b\u044c\u0446\u043a\u043e\u0435 \u0442\u0435\u043b\u0435\u0432\u0438\u0434\u0435\u043d\u0438\u0435","potentialAction":[{"@type":"SearchAction","target":{"@type":"EntryPoint","urlTemplate":"https:\/\/www.btv.md\/?s={search_term_string}"},"query-input":{"@type":"PropertyValueSpecification","valueRequired":true,"valueName":"search_term_string"}}],"inLanguage":"ro-RO"},{"@type":"Person","@id":"https:\/\/www.btv.md\/#\/schema\/person\/8fadce81561b3ce2c34c46dadc4ccbf2","name":"admin"}]}},"_links":{"self":[{"href":"https:\/\/www.btv.md\/ro\/wp-json\/wp\/v2\/posts\/141450","targetHints":{"allow":["GET"]}}],"collection":[{"href":"https:\/\/www.btv.md\/ro\/wp-json\/wp\/v2\/posts"}],"about":[{"href":"https:\/\/www.btv.md\/ro\/wp-json\/wp\/v2\/types\/post"}],"author":[{"embeddable":true,"href":"https:\/\/www.btv.md\/ro\/wp-json\/wp\/v2\/users\/4"}],"replies":[{"embeddable":true,"href":"https:\/\/www.btv.md\/ro\/wp-json\/wp\/v2\/comments?post=141450"}],"version-history":[{"count":0,"href":"https:\/\/www.btv.md\/ro\/wp-json\/wp\/v2\/posts\/141450\/revisions"}],"wp:featuredmedia":[{"embeddable":true,"href":"https:\/\/www.btv.md\/ro\/wp-json\/wp\/v2\/media\/141419"}],"wp:attachment":[{"href":"https:\/\/www.btv.md\/ro\/wp-json\/wp\/v2\/media?parent=141450"}],"wp:term":[{"taxonomy":"category","embeddable":true,"href":"https:\/\/www.btv.md\/ro\/wp-json\/wp\/v2\/categories?post=141450"},{"taxonomy":"post_tag","embeddable":true,"href":"https:\/\/www.btv.md\/ro\/wp-json\/wp\/v2\/tags?post=141450"}],"curies":[{"name":"wp","href":"https:\/\/api.w.org\/{rel}","templated":true}]}}