{"id":141460,"date":"2021-08-17T15:39:50","date_gmt":"2021-08-17T12:39:50","guid":{"rendered":"https:\/\/www.btv.md\/?p=141460"},"modified":"2021-08-17T16:34:41","modified_gmt":"2021-08-17T13:34:41","slug":"averea-lui-igor-dodon-verificata-de-ani","status":"publish","type":"post","link":"https:\/\/www.btv.md\/ro\/averea-lui-igor-dodon-verificata-de-ani\/","title":{"rendered":"Averea lui Igor Dodon, verificat\u0103 de ANI"},"content":{"rendered":"<p><strong>Fostul pre\u0219edinte Igor Dodon este cercetat de Autoritatea Na\u021bional\u0103 de Integritate (ANI) privind controlul averilor. Despre aceasta a confirmat pre\u0219edinta ANI Rodica Antoci, \u00eentr-un interviu pentru\u00a0Anticoruptie. De\u0219i nu a dat mai multe detalii cu privire la controlul demarat \u00een cazul fostului pre\u0219edinte, \u0219efa ANI recunoa\u0219te c\u0103 este nevoie de curaj din partea inspectorilor de integritate pentru a investiga demnitarii cu pozi\u021bii influente \u00een cadrul institu\u021biilor de stat.<\/strong><\/p>\n<div style=\"width: 640px;\" class=\"wp-video\"><video class=\"wp-video-shortcode\" id=\"video-141460-1\" width=\"640\" height=\"360\" preload=\"metadata\" controls=\"controls\"><source type=\"video\/mp4\" src=\"https:\/\/media.btv.md\/2021\/08\/17\/17.08%20%20Agenstvo_Nepodkypnosti_md.mp4?_=1\" \/><a href=\"https:\/\/media.btv.md\/2021\/08\/17\/17.08%20%20Agenstvo_Nepodkypnosti_md.mp4\">https:\/\/media.btv.md\/2021\/08\/17\/17.08%20%20Agenstvo_Nepodkypnosti_md.mp4<\/a><\/video><\/div>\n<p>\u00cen cazul fostului \u0219ef de stat Igor Dodon, ANI s-a autosesizat din oficiu, \u00een baza investiga\u021biilor jurnalistice, dar \u0219i \u00een baza a mai multor sesiz\u0103ri oficiale parvenite la autoritate. Toate au fost direc\u021bionate, \u00een mod aleatoriu, c\u0103tre un inspector de integritate.<\/p>\n<p>\u0218efa ANI mai spune c\u0103 \u00een cazul lui Igor Dodon ar fi trebuit s\u0103 demareze controale \u0219i alte institu\u021bii abilitate, \u00eentruc\u00e2t el este func\u021bionar public de mai mult de zece ani.<\/p>\n<p>Igor Dodon, care \u00een prezent este deputat \u00een Parlamentul Republicii Moldova, a fost vizat \u00een ultimii zece ani \u00een mai multe anchete de pres\u0103 legate de modul de via\u021b\u0103 al lui \u0219i al familiei sale, averea care a crescut considerabil pe m\u0103sur\u0103 ce el a ocupat func\u021bii tot mai suspuse, dar \u0219i despre afacerile familiei sale, banii veni\u021bi din surse obscure, inclusiv pentru forma\u021biunea politic\u0103 al c\u0103rui lider este, dar \u0219i despre dosarele pornite \u0219i retrase de procurori legate de finan\u021b\u0103rile dubioase ale partidului. El \u0219i-a etalat de mai multe ori pe pagina sa de Facebook vacan\u021bele cu familia \u00een \u021b\u0103ri exotice cu destina\u021bii scumpe.<\/p>\n<p>&nbsp;<\/p>\n","protected":false},"excerpt":{"rendered":"<p>Fostul pre\u0219edinte Igor Dodon este cercetat de Autoritatea Na\u021bional\u0103 de Integritate (ANI) privind controlul averilor. Despre aceasta a confirmat pre\u0219edinta ANI Rodica Antoci, \u00eentr-un interviu pentru\u00a0Anticoruptie. De\u0219i nu a dat mai multe detalii cu privire la controlul demarat \u00een cazul fostului pre\u0219edinte, \u0219efa ANI recunoa\u0219te c\u0103 este nevoie de curaj din partea inspectorilor de integritate [&hellip;]<\/p>\n","protected":false},"author":4,"featured_media":141461,"comment_status":"closed","ping_status":"closed","sticky":false,"template":"","format":"standard","meta":{"footnotes":""},"categories":[6368],"tags":[17564,29042],"class_list":["post-141460","post","type-post","status-publish","format-standard","has-post-thumbnail","hentry","category-politica-ro","tag-averea-lui-igor-dodon","tag-verificata-de-ani"],"yoast_head":"<!-- This site is optimized with the Yoast SEO plugin v27.4 - https:\/\/yoast.com\/product\/yoast-seo-wordpress\/ -->\n<title>Averea lui Igor Dodon, verificat\u0103 de ANI - BTV<\/title>\n<meta name=\"robots\" content=\"index, follow, max-snippet:-1, max-image-preview:large, max-video-preview:-1\" \/>\n<link rel=\"canonical\" href=\"https:\/\/www.btv.md\/ro\/averea-lui-igor-dodon-verificata-de-ani\/\" \/>\n<meta property=\"og:locale\" content=\"ro_RO\" \/>\n<meta property=\"og:type\" content=\"article\" \/>\n<meta property=\"og:title\" content=\"Averea lui Igor Dodon, verificat\u0103 de ANI - BTV\" \/>\n<meta property=\"og:description\" content=\"Fostul pre\u0219edinte Igor Dodon este cercetat de Autoritatea Na\u021bional\u0103 de Integritate (ANI) privind controlul averilor. Despre aceasta a confirmat pre\u0219edinta ANI Rodica Antoci, \u00eentr-un interviu pentru\u00a0Anticoruptie. De\u0219i nu a dat mai multe detalii cu privire la controlul demarat \u00een cazul fostului pre\u0219edinte, \u0219efa ANI recunoa\u0219te c\u0103 este nevoie de curaj din partea inspectorilor de integritate [&hellip;]\" \/>\n<meta property=\"og:url\" content=\"https:\/\/www.btv.md\/ro\/averea-lui-igor-dodon-verificata-de-ani\/\" \/>\n<meta property=\"og:site_name\" content=\"BTV\" \/>\n<meta property=\"article:publisher\" content=\"https:\/\/www.facebook.com\/btvmoldova\/\" \/>\n<meta property=\"article:published_time\" content=\"2021-08-17T12:39:50+00:00\" \/>\n<meta property=\"article:modified_time\" content=\"2021-08-17T13:34:41+00:00\" \/>\n<meta property=\"og:image\" content=\"https:\/\/www.btv.md\/wp-content\/uploads\/2021\/08\/1-8.jpg\" \/>\n\t<meta property=\"og:image:width\" content=\"1920\" \/>\n\t<meta property=\"og:image:height\" content=\"1080\" \/>\n\t<meta property=\"og:image:type\" content=\"image\/jpeg\" \/>\n<meta name=\"author\" content=\"admin\" \/>\n<meta name=\"twitter:label1\" content=\"Scris de\" \/>\n\t<meta name=\"twitter:data1\" content=\"admin\" \/>\n\t<meta name=\"twitter:label2\" content=\"Timp estimat pentru citire\" \/>\n\t<meta name=\"twitter:data2\" content=\"2 minute\" \/>\n<script type=\"application\/ld+json\" class=\"yoast-schema-graph\">{\"@context\":\"https:\\\/\\\/schema.org\",\"@graph\":[{\"@type\":\"Article\",\"@id\":\"https:\\\/\\\/www.btv.md\\\/ro\\\/averea-lui-igor-dodon-verificata-de-ani\\\/#article\",\"isPartOf\":{\"@id\":\"https:\\\/\\\/www.btv.md\\\/ro\\\/averea-lui-igor-dodon-verificata-de-ani\\\/\"},\"author\":{\"name\":\"admin\",\"@id\":\"https:\\\/\\\/www.btv.md\\\/#\\\/schema\\\/person\\\/8fadce81561b3ce2c34c46dadc4ccbf2\"},\"headline\":\"Averea lui Igor Dodon, verificat\u0103 de ANI\",\"datePublished\":\"2021-08-17T12:39:50+00:00\",\"dateModified\":\"2021-08-17T13:34:41+00:00\",\"mainEntityOfPage\":{\"@id\":\"https:\\\/\\\/www.btv.md\\\/ro\\\/averea-lui-igor-dodon-verificata-de-ani\\\/\"},\"wordCount\":284,\"image\":{\"@id\":\"https:\\\/\\\/www.btv.md\\\/ro\\\/averea-lui-igor-dodon-verificata-de-ani\\\/#primaryimage\"},\"thumbnailUrl\":\"https:\\\/\\\/www.btv.md\\\/wp-content\\\/uploads\\\/2021\\\/08\\\/1-8.jpg\",\"keywords\":[\"Averea lui Igor Dodon\",\"verificat\u0103 de ANI\"],\"articleSection\":[\"Politic\u0103\"],\"inLanguage\":\"ro-RO\"},{\"@type\":\"WebPage\",\"@id\":\"https:\\\/\\\/www.btv.md\\\/ro\\\/averea-lui-igor-dodon-verificata-de-ani\\\/\",\"url\":\"https:\\\/\\\/www.btv.md\\\/ro\\\/averea-lui-igor-dodon-verificata-de-ani\\\/\",\"name\":\"Averea lui Igor Dodon, verificat\u0103 de ANI - BTV\",\"isPartOf\":{\"@id\":\"https:\\\/\\\/www.btv.md\\\/#website\"},\"primaryImageOfPage\":{\"@id\":\"https:\\\/\\\/www.btv.md\\\/ro\\\/averea-lui-igor-dodon-verificata-de-ani\\\/#primaryimage\"},\"image\":{\"@id\":\"https:\\\/\\\/www.btv.md\\\/ro\\\/averea-lui-igor-dodon-verificata-de-ani\\\/#primaryimage\"},\"thumbnailUrl\":\"https:\\\/\\\/www.btv.md\\\/wp-content\\\/uploads\\\/2021\\\/08\\\/1-8.jpg\",\"datePublished\":\"2021-08-17T12:39:50+00:00\",\"dateModified\":\"2021-08-17T13:34:41+00:00\",\"author\":{\"@id\":\"https:\\\/\\\/www.btv.md\\\/#\\\/schema\\\/person\\\/8fadce81561b3ce2c34c46dadc4ccbf2\"},\"inLanguage\":\"ro-RO\",\"potentialAction\":[{\"@type\":\"ReadAction\",\"target\":[\"https:\\\/\\\/www.btv.md\\\/ro\\\/averea-lui-igor-dodon-verificata-de-ani\\\/\"]}]},{\"@type\":\"ImageObject\",\"inLanguage\":\"ro-RO\",\"@id\":\"https:\\\/\\\/www.btv.md\\\/ro\\\/averea-lui-igor-dodon-verificata-de-ani\\\/#primaryimage\",\"url\":\"https:\\\/\\\/www.btv.md\\\/wp-content\\\/uploads\\\/2021\\\/08\\\/1-8.jpg\",\"contentUrl\":\"https:\\\/\\\/www.btv.md\\\/wp-content\\\/uploads\\\/2021\\\/08\\\/1-8.jpg\",\"width\":1920,\"height\":1080},{\"@type\":\"WebSite\",\"@id\":\"https:\\\/\\\/www.btv.md\\\/#website\",\"url\":\"https:\\\/\\\/www.btv.md\\\/\",\"name\":\"BTV\",\"description\":\"\u0411\u0435\u043b\u044c\u0446\u043a\u043e\u0435 \u0442\u0435\u043b\u0435\u0432\u0438\u0434\u0435\u043d\u0438\u0435\",\"potentialAction\":[{\"@type\":\"SearchAction\",\"target\":{\"@type\":\"EntryPoint\",\"urlTemplate\":\"https:\\\/\\\/www.btv.md\\\/?s={search_term_string}\"},\"query-input\":{\"@type\":\"PropertyValueSpecification\",\"valueRequired\":true,\"valueName\":\"search_term_string\"}}],\"inLanguage\":\"ro-RO\"},{\"@type\":\"Person\",\"@id\":\"https:\\\/\\\/www.btv.md\\\/#\\\/schema\\\/person\\\/8fadce81561b3ce2c34c46dadc4ccbf2\",\"name\":\"admin\"}]}<\/script>\n<!-- \/ Yoast SEO plugin. -->","yoast_head_json":{"title":"Averea lui Igor Dodon, verificat\u0103 de ANI - BTV","robots":{"index":"index","follow":"follow","max-snippet":"max-snippet:-1","max-image-preview":"max-image-preview:large","max-video-preview":"max-video-preview:-1"},"canonical":"https:\/\/www.btv.md\/ro\/averea-lui-igor-dodon-verificata-de-ani\/","og_locale":"ro_RO","og_type":"article","og_title":"Averea lui Igor Dodon, verificat\u0103 de ANI - BTV","og_description":"Fostul pre\u0219edinte Igor Dodon este cercetat de Autoritatea Na\u021bional\u0103 de Integritate (ANI) privind controlul averilor. Despre aceasta a confirmat pre\u0219edinta ANI Rodica Antoci, \u00eentr-un interviu pentru\u00a0Anticoruptie. De\u0219i nu a dat mai multe detalii cu privire la controlul demarat \u00een cazul fostului pre\u0219edinte, \u0219efa ANI recunoa\u0219te c\u0103 este nevoie de curaj din partea inspectorilor de integritate [&hellip;]","og_url":"https:\/\/www.btv.md\/ro\/averea-lui-igor-dodon-verificata-de-ani\/","og_site_name":"BTV","article_publisher":"https:\/\/www.facebook.com\/btvmoldova\/","article_published_time":"2021-08-17T12:39:50+00:00","article_modified_time":"2021-08-17T13:34:41+00:00","og_image":[{"width":1920,"height":1080,"url":"https:\/\/www.btv.md\/wp-content\/uploads\/2021\/08\/1-8.jpg","type":"image\/jpeg"}],"author":"admin","twitter_misc":{"Scris de":"admin","Timp estimat pentru citire":"2 minute"},"schema":{"@context":"https:\/\/schema.org","@graph":[{"@type":"Article","@id":"https:\/\/www.btv.md\/ro\/averea-lui-igor-dodon-verificata-de-ani\/#article","isPartOf":{"@id":"https:\/\/www.btv.md\/ro\/averea-lui-igor-dodon-verificata-de-ani\/"},"author":{"name":"admin","@id":"https:\/\/www.btv.md\/#\/schema\/person\/8fadce81561b3ce2c34c46dadc4ccbf2"},"headline":"Averea lui Igor Dodon, verificat\u0103 de ANI","datePublished":"2021-08-17T12:39:50+00:00","dateModified":"2021-08-17T13:34:41+00:00","mainEntityOfPage":{"@id":"https:\/\/www.btv.md\/ro\/averea-lui-igor-dodon-verificata-de-ani\/"},"wordCount":284,"image":{"@id":"https:\/\/www.btv.md\/ro\/averea-lui-igor-dodon-verificata-de-ani\/#primaryimage"},"thumbnailUrl":"https:\/\/www.btv.md\/wp-content\/uploads\/2021\/08\/1-8.jpg","keywords":["Averea lui Igor Dodon","verificat\u0103 de ANI"],"articleSection":["Politic\u0103"],"inLanguage":"ro-RO"},{"@type":"WebPage","@id":"https:\/\/www.btv.md\/ro\/averea-lui-igor-dodon-verificata-de-ani\/","url":"https:\/\/www.btv.md\/ro\/averea-lui-igor-dodon-verificata-de-ani\/","name":"Averea lui Igor Dodon, verificat\u0103 de ANI - BTV","isPartOf":{"@id":"https:\/\/www.btv.md\/#website"},"primaryImageOfPage":{"@id":"https:\/\/www.btv.md\/ro\/averea-lui-igor-dodon-verificata-de-ani\/#primaryimage"},"image":{"@id":"https:\/\/www.btv.md\/ro\/averea-lui-igor-dodon-verificata-de-ani\/#primaryimage"},"thumbnailUrl":"https:\/\/www.btv.md\/wp-content\/uploads\/2021\/08\/1-8.jpg","datePublished":"2021-08-17T12:39:50+00:00","dateModified":"2021-08-17T13:34:41+00:00","author":{"@id":"https:\/\/www.btv.md\/#\/schema\/person\/8fadce81561b3ce2c34c46dadc4ccbf2"},"inLanguage":"ro-RO","potentialAction":[{"@type":"ReadAction","target":["https:\/\/www.btv.md\/ro\/averea-lui-igor-dodon-verificata-de-ani\/"]}]},{"@type":"ImageObject","inLanguage":"ro-RO","@id":"https:\/\/www.btv.md\/ro\/averea-lui-igor-dodon-verificata-de-ani\/#primaryimage","url":"https:\/\/www.btv.md\/wp-content\/uploads\/2021\/08\/1-8.jpg","contentUrl":"https:\/\/www.btv.md\/wp-content\/uploads\/2021\/08\/1-8.jpg","width":1920,"height":1080},{"@type":"WebSite","@id":"https:\/\/www.btv.md\/#website","url":"https:\/\/www.btv.md\/","name":"BTV","description":"\u0411\u0435\u043b\u044c\u0446\u043a\u043e\u0435 \u0442\u0435\u043b\u0435\u0432\u0438\u0434\u0435\u043d\u0438\u0435","potentialAction":[{"@type":"SearchAction","target":{"@type":"EntryPoint","urlTemplate":"https:\/\/www.btv.md\/?s={search_term_string}"},"query-input":{"@type":"PropertyValueSpecification","valueRequired":true,"valueName":"search_term_string"}}],"inLanguage":"ro-RO"},{"@type":"Person","@id":"https:\/\/www.btv.md\/#\/schema\/person\/8fadce81561b3ce2c34c46dadc4ccbf2","name":"admin"}]}},"_links":{"self":[{"href":"https:\/\/www.btv.md\/ro\/wp-json\/wp\/v2\/posts\/141460","targetHints":{"allow":["GET"]}}],"collection":[{"href":"https:\/\/www.btv.md\/ro\/wp-json\/wp\/v2\/posts"}],"about":[{"href":"https:\/\/www.btv.md\/ro\/wp-json\/wp\/v2\/types\/post"}],"author":[{"embeddable":true,"href":"https:\/\/www.btv.md\/ro\/wp-json\/wp\/v2\/users\/4"}],"replies":[{"embeddable":true,"href":"https:\/\/www.btv.md\/ro\/wp-json\/wp\/v2\/comments?post=141460"}],"version-history":[{"count":0,"href":"https:\/\/www.btv.md\/ro\/wp-json\/wp\/v2\/posts\/141460\/revisions"}],"wp:featuredmedia":[{"embeddable":true,"href":"https:\/\/www.btv.md\/ro\/wp-json\/wp\/v2\/media\/141461"}],"wp:attachment":[{"href":"https:\/\/www.btv.md\/ro\/wp-json\/wp\/v2\/media?parent=141460"}],"wp:term":[{"taxonomy":"category","embeddable":true,"href":"https:\/\/www.btv.md\/ro\/wp-json\/wp\/v2\/categories?post=141460"},{"taxonomy":"post_tag","embeddable":true,"href":"https:\/\/www.btv.md\/ro\/wp-json\/wp\/v2\/tags?post=141460"}],"curies":[{"name":"wp","href":"https:\/\/api.w.org\/{rel}","templated":true}]}}