{"id":14154,"date":"2016-06-06T10:56:40","date_gmt":"2016-06-06T07:56:40","guid":{"rendered":"http:\/\/btv.md\/?p=14154"},"modified":"2016-06-06T10:56:40","modified_gmt":"2016-06-06T07:56:40","slug":"bns-moldovenii-raman-fara-locuri-de-munca","status":"publish","type":"post","link":"https:\/\/www.btv.md\/ro\/bns-moldovenii-raman-fara-locuri-de-munca\/","title":{"rendered":"BNS:  MOLDOVENII  R\u0102M\u00c2N  F\u0102R\u0102  LOCURI  DE  MUNC\u0102"},"content":{"rendered":"<p><strong>Situa\u0163ia economic\u0103 a Republicii Moldova se agraveaz\u0103 de la o zi la alta pe fundalul comprim\u0103rii principalilor indicatori. \u0218omajul, de\u0219i s-a redus, continu\u0103 s\u0103 fie la un nivel destul de \u00eenalt de 6,2% \u00een trimestrul unul din 2016, informeaz\u0103 <a href=\"http:\/\/today.md\/ro\/news\/economic\/8833\/Economia-oropsit%C4%83-Moldovenii-r%C4%83m%C3%A2n-f%C4%83r%C4%83-locuri-de-munc%C4%83.htm\" target=\"_blank\">today.md<\/a>.<\/strong><\/p>\n<p>Datele Biroului Na\u021bional de Statistic\u0103 arat\u0103 c\u0103 popula\u021bia economic activ\u0103 s-a majorat cu 6 % la 1000,7 mii persoane, iar popula\u021bia ocupat\u0103 a fost de peste 37 %, \u00eenregistr\u00e2nd o cre\u015ftere de 2,3 \u00een compara\u0163ie cu trimestrul  I al anului  2015.<\/p>\n<p>\u00cen agricultur\u0103 au muncit peste  300,7 mii persoane (28,9% din totalul persoanelor ocupate) urmate de cele din industrie \u2013 12,8% \u015fi construc\u0163ii \u2013 3,8%. \u00cen sectorul informal au lucrat 16 % din totalul persoanelor ocupate \u00een economie, iar o treime (33,2%) au avut un loc de munc\u0103 informal.<\/p>\n<p>Statisticile neoficiale arat\u0103 c\u0103 de\u015fi \u015fomajul s-a redus, \u00een prezent, tot mai mul\u0163i moldoveni \u00ee\u015fi caut\u0103 un loc de munc\u0103 pe fundalul comprim\u0103rii economice din \u0163ar\u0103, dar \u015fi a valului de migran\u0163i, care se \u00eentorc din Rusia \u00een urma restric\u0163iilor impuse de Moscova.<\/p>\n<p>Num\u0103rul oficial al \u0219omerilor \u00eenregistra\u021bi \u00een Republica Moldova a fost de 74  mii persoane.<\/p>\n","protected":false},"excerpt":{"rendered":"<p>Situa\u0163ia economic\u0103 a Republicii Moldova se agraveaz\u0103 de la o zi la alta pe fundalul comprim\u0103rii principalilor indicatori. \u0218omajul, de\u0219i s-a redus, continu\u0103 s\u0103 fie la un nivel destul de \u00eenalt de 6,2% \u00een trimestrul unul din 2016, informeaz\u0103 today.md. Datele Biroului Na\u021bional de Statistic\u0103 arat\u0103 c\u0103 popula\u021bia economic activ\u0103 s-a majorat cu 6 % [&hellip;]<\/p>\n","protected":false},"author":4,"featured_media":14155,"comment_status":"closed","ping_status":"closed","sticky":false,"template":"","format":"standard","meta":{"footnotes":""},"categories":[6369],"tags":[],"class_list":["post-14154","post","type-post","status-publish","format-standard","has-post-thumbnail","hentry","category-economie-ro"],"yoast_head":"<!-- This site is optimized with the Yoast SEO plugin v27.4 - https:\/\/yoast.com\/product\/yoast-seo-wordpress\/ -->\n<title>BNS: MOLDOVENII R\u0102M\u00c2N F\u0102R\u0102 LOCURI DE MUNC\u0102 - BTV<\/title>\n<meta name=\"robots\" content=\"index, follow, max-snippet:-1, max-image-preview:large, max-video-preview:-1\" \/>\n<link rel=\"canonical\" href=\"https:\/\/www.btv.md\/ro\/bns-moldovenii-raman-fara-locuri-de-munca\/\" \/>\n<meta property=\"og:locale\" content=\"ro_RO\" \/>\n<meta property=\"og:type\" content=\"article\" \/>\n<meta property=\"og:title\" content=\"BNS: MOLDOVENII R\u0102M\u00c2N F\u0102R\u0102 LOCURI DE MUNC\u0102 - BTV\" \/>\n<meta property=\"og:description\" content=\"Situa\u0163ia economic\u0103 a Republicii Moldova se agraveaz\u0103 de la o zi la alta pe fundalul comprim\u0103rii principalilor indicatori. \u0218omajul, de\u0219i s-a redus, continu\u0103 s\u0103 fie la un nivel destul de \u00eenalt de 6,2% \u00een trimestrul unul din 2016, informeaz\u0103 today.md. Datele Biroului Na\u021bional de Statistic\u0103 arat\u0103 c\u0103 popula\u021bia economic activ\u0103 s-a majorat cu 6 % [&hellip;]\" \/>\n<meta property=\"og:url\" content=\"https:\/\/www.btv.md\/ro\/bns-moldovenii-raman-fara-locuri-de-munca\/\" \/>\n<meta property=\"og:site_name\" content=\"BTV\" \/>\n<meta property=\"article:publisher\" content=\"https:\/\/www.facebook.com\/btvmoldova\/\" \/>\n<meta property=\"article:published_time\" content=\"2016-06-06T07:56:40+00:00\" \/>\n<meta property=\"og:image\" content=\"https:\/\/www.btv.md\/wp-content\/uploads\/2016\/06\/pagina7.jpg\" \/>\n\t<meta property=\"og:image:width\" content=\"657\" \/>\n\t<meta property=\"og:image:height\" content=\"400\" \/>\n\t<meta property=\"og:image:type\" content=\"image\/jpeg\" \/>\n<meta name=\"author\" content=\"admin\" \/>\n<meta name=\"twitter:label1\" content=\"Scris de\" \/>\n\t<meta name=\"twitter:data1\" content=\"admin\" \/>\n\t<meta name=\"twitter:label2\" content=\"Timp estimat pentru citire\" \/>\n\t<meta name=\"twitter:data2\" content=\"1 minut\" \/>\n<script type=\"application\/ld+json\" class=\"yoast-schema-graph\">{\"@context\":\"https:\\\/\\\/schema.org\",\"@graph\":[{\"@type\":\"Article\",\"@id\":\"https:\\\/\\\/www.btv.md\\\/ro\\\/bns-moldovenii-raman-fara-locuri-de-munca\\\/#article\",\"isPartOf\":{\"@id\":\"https:\\\/\\\/www.btv.md\\\/ro\\\/bns-moldovenii-raman-fara-locuri-de-munca\\\/\"},\"author\":{\"name\":\"admin\",\"@id\":\"https:\\\/\\\/www.btv.md\\\/#\\\/schema\\\/person\\\/8fadce81561b3ce2c34c46dadc4ccbf2\"},\"headline\":\"BNS: MOLDOVENII R\u0102M\u00c2N F\u0102R\u0102 LOCURI DE MUNC\u0102\",\"datePublished\":\"2016-06-06T07:56:40+00:00\",\"mainEntityOfPage\":{\"@id\":\"https:\\\/\\\/www.btv.md\\\/ro\\\/bns-moldovenii-raman-fara-locuri-de-munca\\\/\"},\"wordCount\":195,\"image\":{\"@id\":\"https:\\\/\\\/www.btv.md\\\/ro\\\/bns-moldovenii-raman-fara-locuri-de-munca\\\/#primaryimage\"},\"thumbnailUrl\":\"https:\\\/\\\/www.btv.md\\\/wp-content\\\/uploads\\\/2016\\\/06\\\/pagina7.jpg\",\"articleSection\":[\"Economie\"],\"inLanguage\":\"ro-RO\"},{\"@type\":\"WebPage\",\"@id\":\"https:\\\/\\\/www.btv.md\\\/ro\\\/bns-moldovenii-raman-fara-locuri-de-munca\\\/\",\"url\":\"https:\\\/\\\/www.btv.md\\\/ro\\\/bns-moldovenii-raman-fara-locuri-de-munca\\\/\",\"name\":\"BNS: MOLDOVENII R\u0102M\u00c2N F\u0102R\u0102 LOCURI DE MUNC\u0102 - BTV\",\"isPartOf\":{\"@id\":\"https:\\\/\\\/www.btv.md\\\/#website\"},\"primaryImageOfPage\":{\"@id\":\"https:\\\/\\\/www.btv.md\\\/ro\\\/bns-moldovenii-raman-fara-locuri-de-munca\\\/#primaryimage\"},\"image\":{\"@id\":\"https:\\\/\\\/www.btv.md\\\/ro\\\/bns-moldovenii-raman-fara-locuri-de-munca\\\/#primaryimage\"},\"thumbnailUrl\":\"https:\\\/\\\/www.btv.md\\\/wp-content\\\/uploads\\\/2016\\\/06\\\/pagina7.jpg\",\"datePublished\":\"2016-06-06T07:56:40+00:00\",\"author\":{\"@id\":\"https:\\\/\\\/www.btv.md\\\/#\\\/schema\\\/person\\\/8fadce81561b3ce2c34c46dadc4ccbf2\"},\"inLanguage\":\"ro-RO\",\"potentialAction\":[{\"@type\":\"ReadAction\",\"target\":[\"https:\\\/\\\/www.btv.md\\\/ro\\\/bns-moldovenii-raman-fara-locuri-de-munca\\\/\"]}]},{\"@type\":\"ImageObject\",\"inLanguage\":\"ro-RO\",\"@id\":\"https:\\\/\\\/www.btv.md\\\/ro\\\/bns-moldovenii-raman-fara-locuri-de-munca\\\/#primaryimage\",\"url\":\"https:\\\/\\\/www.btv.md\\\/wp-content\\\/uploads\\\/2016\\\/06\\\/pagina7.jpg\",\"contentUrl\":\"https:\\\/\\\/www.btv.md\\\/wp-content\\\/uploads\\\/2016\\\/06\\\/pagina7.jpg\",\"width\":657,\"height\":400},{\"@type\":\"WebSite\",\"@id\":\"https:\\\/\\\/www.btv.md\\\/#website\",\"url\":\"https:\\\/\\\/www.btv.md\\\/\",\"name\":\"BTV\",\"description\":\"\u0411\u0435\u043b\u044c\u0446\u043a\u043e\u0435 \u0442\u0435\u043b\u0435\u0432\u0438\u0434\u0435\u043d\u0438\u0435\",\"potentialAction\":[{\"@type\":\"SearchAction\",\"target\":{\"@type\":\"EntryPoint\",\"urlTemplate\":\"https:\\\/\\\/www.btv.md\\\/?s={search_term_string}\"},\"query-input\":{\"@type\":\"PropertyValueSpecification\",\"valueRequired\":true,\"valueName\":\"search_term_string\"}}],\"inLanguage\":\"ro-RO\"},{\"@type\":\"Person\",\"@id\":\"https:\\\/\\\/www.btv.md\\\/#\\\/schema\\\/person\\\/8fadce81561b3ce2c34c46dadc4ccbf2\",\"name\":\"admin\"}]}<\/script>\n<!-- \/ Yoast SEO plugin. -->","yoast_head_json":{"title":"BNS: MOLDOVENII R\u0102M\u00c2N F\u0102R\u0102 LOCURI DE MUNC\u0102 - BTV","robots":{"index":"index","follow":"follow","max-snippet":"max-snippet:-1","max-image-preview":"max-image-preview:large","max-video-preview":"max-video-preview:-1"},"canonical":"https:\/\/www.btv.md\/ro\/bns-moldovenii-raman-fara-locuri-de-munca\/","og_locale":"ro_RO","og_type":"article","og_title":"BNS: MOLDOVENII R\u0102M\u00c2N F\u0102R\u0102 LOCURI DE MUNC\u0102 - BTV","og_description":"Situa\u0163ia economic\u0103 a Republicii Moldova se agraveaz\u0103 de la o zi la alta pe fundalul comprim\u0103rii principalilor indicatori. \u0218omajul, de\u0219i s-a redus, continu\u0103 s\u0103 fie la un nivel destul de \u00eenalt de 6,2% \u00een trimestrul unul din 2016, informeaz\u0103 today.md. Datele Biroului Na\u021bional de Statistic\u0103 arat\u0103 c\u0103 popula\u021bia economic activ\u0103 s-a majorat cu 6 % [&hellip;]","og_url":"https:\/\/www.btv.md\/ro\/bns-moldovenii-raman-fara-locuri-de-munca\/","og_site_name":"BTV","article_publisher":"https:\/\/www.facebook.com\/btvmoldova\/","article_published_time":"2016-06-06T07:56:40+00:00","og_image":[{"width":657,"height":400,"url":"https:\/\/www.btv.md\/wp-content\/uploads\/2016\/06\/pagina7.jpg","type":"image\/jpeg"}],"author":"admin","twitter_misc":{"Scris de":"admin","Timp estimat pentru citire":"1 minut"},"schema":{"@context":"https:\/\/schema.org","@graph":[{"@type":"Article","@id":"https:\/\/www.btv.md\/ro\/bns-moldovenii-raman-fara-locuri-de-munca\/#article","isPartOf":{"@id":"https:\/\/www.btv.md\/ro\/bns-moldovenii-raman-fara-locuri-de-munca\/"},"author":{"name":"admin","@id":"https:\/\/www.btv.md\/#\/schema\/person\/8fadce81561b3ce2c34c46dadc4ccbf2"},"headline":"BNS: MOLDOVENII R\u0102M\u00c2N F\u0102R\u0102 LOCURI DE MUNC\u0102","datePublished":"2016-06-06T07:56:40+00:00","mainEntityOfPage":{"@id":"https:\/\/www.btv.md\/ro\/bns-moldovenii-raman-fara-locuri-de-munca\/"},"wordCount":195,"image":{"@id":"https:\/\/www.btv.md\/ro\/bns-moldovenii-raman-fara-locuri-de-munca\/#primaryimage"},"thumbnailUrl":"https:\/\/www.btv.md\/wp-content\/uploads\/2016\/06\/pagina7.jpg","articleSection":["Economie"],"inLanguage":"ro-RO"},{"@type":"WebPage","@id":"https:\/\/www.btv.md\/ro\/bns-moldovenii-raman-fara-locuri-de-munca\/","url":"https:\/\/www.btv.md\/ro\/bns-moldovenii-raman-fara-locuri-de-munca\/","name":"BNS: MOLDOVENII R\u0102M\u00c2N F\u0102R\u0102 LOCURI DE MUNC\u0102 - BTV","isPartOf":{"@id":"https:\/\/www.btv.md\/#website"},"primaryImageOfPage":{"@id":"https:\/\/www.btv.md\/ro\/bns-moldovenii-raman-fara-locuri-de-munca\/#primaryimage"},"image":{"@id":"https:\/\/www.btv.md\/ro\/bns-moldovenii-raman-fara-locuri-de-munca\/#primaryimage"},"thumbnailUrl":"https:\/\/www.btv.md\/wp-content\/uploads\/2016\/06\/pagina7.jpg","datePublished":"2016-06-06T07:56:40+00:00","author":{"@id":"https:\/\/www.btv.md\/#\/schema\/person\/8fadce81561b3ce2c34c46dadc4ccbf2"},"inLanguage":"ro-RO","potentialAction":[{"@type":"ReadAction","target":["https:\/\/www.btv.md\/ro\/bns-moldovenii-raman-fara-locuri-de-munca\/"]}]},{"@type":"ImageObject","inLanguage":"ro-RO","@id":"https:\/\/www.btv.md\/ro\/bns-moldovenii-raman-fara-locuri-de-munca\/#primaryimage","url":"https:\/\/www.btv.md\/wp-content\/uploads\/2016\/06\/pagina7.jpg","contentUrl":"https:\/\/www.btv.md\/wp-content\/uploads\/2016\/06\/pagina7.jpg","width":657,"height":400},{"@type":"WebSite","@id":"https:\/\/www.btv.md\/#website","url":"https:\/\/www.btv.md\/","name":"BTV","description":"\u0411\u0435\u043b\u044c\u0446\u043a\u043e\u0435 \u0442\u0435\u043b\u0435\u0432\u0438\u0434\u0435\u043d\u0438\u0435","potentialAction":[{"@type":"SearchAction","target":{"@type":"EntryPoint","urlTemplate":"https:\/\/www.btv.md\/?s={search_term_string}"},"query-input":{"@type":"PropertyValueSpecification","valueRequired":true,"valueName":"search_term_string"}}],"inLanguage":"ro-RO"},{"@type":"Person","@id":"https:\/\/www.btv.md\/#\/schema\/person\/8fadce81561b3ce2c34c46dadc4ccbf2","name":"admin"}]}},"_links":{"self":[{"href":"https:\/\/www.btv.md\/ro\/wp-json\/wp\/v2\/posts\/14154","targetHints":{"allow":["GET"]}}],"collection":[{"href":"https:\/\/www.btv.md\/ro\/wp-json\/wp\/v2\/posts"}],"about":[{"href":"https:\/\/www.btv.md\/ro\/wp-json\/wp\/v2\/types\/post"}],"author":[{"embeddable":true,"href":"https:\/\/www.btv.md\/ro\/wp-json\/wp\/v2\/users\/4"}],"replies":[{"embeddable":true,"href":"https:\/\/www.btv.md\/ro\/wp-json\/wp\/v2\/comments?post=14154"}],"version-history":[{"count":0,"href":"https:\/\/www.btv.md\/ro\/wp-json\/wp\/v2\/posts\/14154\/revisions"}],"wp:featuredmedia":[{"embeddable":true,"href":"https:\/\/www.btv.md\/ro\/wp-json\/wp\/v2\/media\/14155"}],"wp:attachment":[{"href":"https:\/\/www.btv.md\/ro\/wp-json\/wp\/v2\/media?parent=14154"}],"wp:term":[{"taxonomy":"category","embeddable":true,"href":"https:\/\/www.btv.md\/ro\/wp-json\/wp\/v2\/categories?post=14154"},{"taxonomy":"post_tag","embeddable":true,"href":"https:\/\/www.btv.md\/ro\/wp-json\/wp\/v2\/tags?post=14154"}],"curies":[{"name":"wp","href":"https:\/\/api.w.org\/{rel}","templated":true}]}}