{"id":14218,"date":"2016-06-06T14:00:26","date_gmt":"2016-06-06T11:00:26","guid":{"rendered":"http:\/\/btv.md\/?p=14218"},"modified":"2016-06-06T14:00:26","modified_gmt":"2016-06-06T11:00:26","slug":"accident-teribil-in-sudul-spaniei","status":"publish","type":"post","link":"https:\/\/www.btv.md\/ro\/accident-teribil-in-sudul-spaniei\/","title":{"rendered":"ACCIDENT  TERIBIL  \u00ceN  SUDUL  SPANIEI"},"content":{"rendered":"<p><strong>Dou\u0103 persoane \u015fi-au pierdut via\u0163a \u015fi 46 au fost r\u0103nite \u00een noaptea de s\u00e2mb\u0103t\u0103 spre duminic\u0103 pe o autostrad\u0103 din sudul Spaniei, dup\u0103 ce un autocar a intrat \u00een coliziune cu un camion care sta\u0163iona, unul dintre r\u0103ni\u0163i fiind rom\u00e2n, a anun\u0163at poli\u0163ia local\u0103, citat\u0103 de agen\u0163ia France Presse, preluat\u0103 de <a href=\"http:\/\/agerpres.ro\/\" target=\"_blank\">agerpres.ro<\/a>.<\/strong><\/p>\n<p>La bordul autocarului se aflau 55 de pasageri, mul\u0163i dintre ei fiind marocani. Accidentul s-a produs \u00een jurul orei locale 03:00 pe autostrada A4, \u00een apropierea localit\u0103\u0163ii Montoro din provincia Cordoba. Camionul lovit de autocar sta\u0163iona din cauza unei defec\u0163iuni. Printre cele dou\u0103 persoane care \u015fi-au pierdut via\u0163a se num\u0103r\u0103 \u015fi \u015foferul autocarului. Dintre r\u0103ni\u0163i, patru sunt \u00een stare grav\u0103, iar ceilal\u0163i 42 au suferit r\u0103ni u\u015foare. <\/p>\n<p>Conform poli\u0163iei spaniole, majoritatea pasagerilor sunt str\u0103ini, printre ei num\u0103r\u00e2ndu-se 31 de marocani, doi cet\u0103\u0163eni din Singapore \u015fi c\u00e2te unul din Coasta de Filde\u015f, Columbia, Ecuador, Mauritania, Rom\u00e2nia \u015fi SUA. Autocarul plecase din ora\u015ful de coast\u0103 Algesiras \u015fi se \u00eendrepta c\u0103tre Madrid. Cei doi \u015foferi afla\u0163i \u00een camionul care sta\u0163iona au sc\u0103pat nev\u0103t\u0103ma\u0163i.<\/p>\n<p>\u00cen luna martie, 14 studen\u0163i str\u0103ini, printre care s-a num\u0103rat \u015fi o student\u0103 din Rom\u00e2nia, \u015fi-au pierdut via\u0163a \u00eentr-un alt accident de autocar petrecut tot \u00een Spania. <\/p>\n","protected":false},"excerpt":{"rendered":"<p>Dou\u0103 persoane \u015fi-au pierdut via\u0163a \u015fi 46 au fost r\u0103nite \u00een noaptea de s\u00e2mb\u0103t\u0103 spre duminic\u0103 pe o autostrad\u0103 din sudul Spaniei, dup\u0103 ce un autocar a intrat \u00een coliziune cu un camion care sta\u0163iona, unul dintre r\u0103ni\u0163i fiind rom\u00e2n, a anun\u0163at poli\u0163ia local\u0103, citat\u0103 de agen\u0163ia France Presse, preluat\u0103 de agerpres.ro. La bordul autocarului [&hellip;]<\/p>\n","protected":false},"author":4,"featured_media":14219,"comment_status":"closed","ping_status":"closed","sticky":false,"template":"","format":"standard","meta":{"footnotes":""},"categories":[6354],"tags":[],"class_list":["post-14218","post","type-post","status-publish","format-standard","has-post-thumbnail","hentry","category-externe-ro"],"yoast_head":"<!-- This site is optimized with the Yoast SEO plugin v27.4 - https:\/\/yoast.com\/product\/yoast-seo-wordpress\/ -->\n<title>ACCIDENT TERIBIL \u00ceN SUDUL SPANIEI - BTV<\/title>\n<meta name=\"robots\" content=\"index, follow, max-snippet:-1, max-image-preview:large, max-video-preview:-1\" \/>\n<link rel=\"canonical\" href=\"https:\/\/www.btv.md\/ro\/accident-teribil-in-sudul-spaniei\/\" \/>\n<meta property=\"og:locale\" content=\"ro_RO\" \/>\n<meta property=\"og:type\" content=\"article\" \/>\n<meta property=\"og:title\" content=\"ACCIDENT TERIBIL \u00ceN SUDUL SPANIEI - BTV\" \/>\n<meta property=\"og:description\" content=\"Dou\u0103 persoane \u015fi-au pierdut via\u0163a \u015fi 46 au fost r\u0103nite \u00een noaptea de s\u00e2mb\u0103t\u0103 spre duminic\u0103 pe o autostrad\u0103 din sudul Spaniei, dup\u0103 ce un autocar a intrat \u00een coliziune cu un camion care sta\u0163iona, unul dintre r\u0103ni\u0163i fiind rom\u00e2n, a anun\u0163at poli\u0163ia local\u0103, citat\u0103 de agen\u0163ia France Presse, preluat\u0103 de agerpres.ro. La bordul autocarului [&hellip;]\" \/>\n<meta property=\"og:url\" content=\"https:\/\/www.btv.md\/ro\/accident-teribil-in-sudul-spaniei\/\" \/>\n<meta property=\"og:site_name\" content=\"BTV\" \/>\n<meta property=\"article:publisher\" content=\"https:\/\/www.facebook.com\/btvmoldova\/\" \/>\n<meta property=\"article:published_time\" content=\"2016-06-06T11:00:26+00:00\" \/>\n<meta property=\"og:image\" content=\"https:\/\/www.btv.md\/wp-content\/uploads\/2016\/06\/skachannye-fajly-3.jpg\" \/>\n\t<meta property=\"og:image:width\" content=\"259\" \/>\n\t<meta property=\"og:image:height\" content=\"194\" \/>\n\t<meta property=\"og:image:type\" content=\"image\/jpeg\" \/>\n<meta name=\"author\" content=\"admin\" \/>\n<meta name=\"twitter:label1\" content=\"Scris de\" \/>\n\t<meta name=\"twitter:data1\" content=\"admin\" \/>\n\t<meta name=\"twitter:label2\" content=\"Timp estimat pentru citire\" \/>\n\t<meta name=\"twitter:data2\" content=\"1 minut\" \/>\n<script type=\"application\/ld+json\" class=\"yoast-schema-graph\">{\"@context\":\"https:\\\/\\\/schema.org\",\"@graph\":[{\"@type\":\"Article\",\"@id\":\"https:\\\/\\\/www.btv.md\\\/ro\\\/accident-teribil-in-sudul-spaniei\\\/#article\",\"isPartOf\":{\"@id\":\"https:\\\/\\\/www.btv.md\\\/ro\\\/accident-teribil-in-sudul-spaniei\\\/\"},\"author\":{\"name\":\"admin\",\"@id\":\"https:\\\/\\\/www.btv.md\\\/#\\\/schema\\\/person\\\/8fadce81561b3ce2c34c46dadc4ccbf2\"},\"headline\":\"ACCIDENT TERIBIL \u00ceN SUDUL SPANIEI\",\"datePublished\":\"2016-06-06T11:00:26+00:00\",\"mainEntityOfPage\":{\"@id\":\"https:\\\/\\\/www.btv.md\\\/ro\\\/accident-teribil-in-sudul-spaniei\\\/\"},\"wordCount\":241,\"image\":{\"@id\":\"https:\\\/\\\/www.btv.md\\\/ro\\\/accident-teribil-in-sudul-spaniei\\\/#primaryimage\"},\"thumbnailUrl\":\"https:\\\/\\\/www.btv.md\\\/wp-content\\\/uploads\\\/2016\\\/06\\\/skachannye-fajly-3.jpg\",\"articleSection\":[\"Externe\"],\"inLanguage\":\"ro-RO\"},{\"@type\":\"WebPage\",\"@id\":\"https:\\\/\\\/www.btv.md\\\/ro\\\/accident-teribil-in-sudul-spaniei\\\/\",\"url\":\"https:\\\/\\\/www.btv.md\\\/ro\\\/accident-teribil-in-sudul-spaniei\\\/\",\"name\":\"ACCIDENT TERIBIL \u00ceN SUDUL SPANIEI - BTV\",\"isPartOf\":{\"@id\":\"https:\\\/\\\/www.btv.md\\\/#website\"},\"primaryImageOfPage\":{\"@id\":\"https:\\\/\\\/www.btv.md\\\/ro\\\/accident-teribil-in-sudul-spaniei\\\/#primaryimage\"},\"image\":{\"@id\":\"https:\\\/\\\/www.btv.md\\\/ro\\\/accident-teribil-in-sudul-spaniei\\\/#primaryimage\"},\"thumbnailUrl\":\"https:\\\/\\\/www.btv.md\\\/wp-content\\\/uploads\\\/2016\\\/06\\\/skachannye-fajly-3.jpg\",\"datePublished\":\"2016-06-06T11:00:26+00:00\",\"author\":{\"@id\":\"https:\\\/\\\/www.btv.md\\\/#\\\/schema\\\/person\\\/8fadce81561b3ce2c34c46dadc4ccbf2\"},\"inLanguage\":\"ro-RO\",\"potentialAction\":[{\"@type\":\"ReadAction\",\"target\":[\"https:\\\/\\\/www.btv.md\\\/ro\\\/accident-teribil-in-sudul-spaniei\\\/\"]}]},{\"@type\":\"ImageObject\",\"inLanguage\":\"ro-RO\",\"@id\":\"https:\\\/\\\/www.btv.md\\\/ro\\\/accident-teribil-in-sudul-spaniei\\\/#primaryimage\",\"url\":\"https:\\\/\\\/www.btv.md\\\/wp-content\\\/uploads\\\/2016\\\/06\\\/skachannye-fajly-3.jpg\",\"contentUrl\":\"https:\\\/\\\/www.btv.md\\\/wp-content\\\/uploads\\\/2016\\\/06\\\/skachannye-fajly-3.jpg\",\"width\":259,\"height\":194},{\"@type\":\"WebSite\",\"@id\":\"https:\\\/\\\/www.btv.md\\\/#website\",\"url\":\"https:\\\/\\\/www.btv.md\\\/\",\"name\":\"BTV\",\"description\":\"\u0411\u0435\u043b\u044c\u0446\u043a\u043e\u0435 \u0442\u0435\u043b\u0435\u0432\u0438\u0434\u0435\u043d\u0438\u0435\",\"potentialAction\":[{\"@type\":\"SearchAction\",\"target\":{\"@type\":\"EntryPoint\",\"urlTemplate\":\"https:\\\/\\\/www.btv.md\\\/?s={search_term_string}\"},\"query-input\":{\"@type\":\"PropertyValueSpecification\",\"valueRequired\":true,\"valueName\":\"search_term_string\"}}],\"inLanguage\":\"ro-RO\"},{\"@type\":\"Person\",\"@id\":\"https:\\\/\\\/www.btv.md\\\/#\\\/schema\\\/person\\\/8fadce81561b3ce2c34c46dadc4ccbf2\",\"name\":\"admin\"}]}<\/script>\n<!-- \/ Yoast SEO plugin. -->","yoast_head_json":{"title":"ACCIDENT TERIBIL \u00ceN SUDUL SPANIEI - BTV","robots":{"index":"index","follow":"follow","max-snippet":"max-snippet:-1","max-image-preview":"max-image-preview:large","max-video-preview":"max-video-preview:-1"},"canonical":"https:\/\/www.btv.md\/ro\/accident-teribil-in-sudul-spaniei\/","og_locale":"ro_RO","og_type":"article","og_title":"ACCIDENT TERIBIL \u00ceN SUDUL SPANIEI - BTV","og_description":"Dou\u0103 persoane \u015fi-au pierdut via\u0163a \u015fi 46 au fost r\u0103nite \u00een noaptea de s\u00e2mb\u0103t\u0103 spre duminic\u0103 pe o autostrad\u0103 din sudul Spaniei, dup\u0103 ce un autocar a intrat \u00een coliziune cu un camion care sta\u0163iona, unul dintre r\u0103ni\u0163i fiind rom\u00e2n, a anun\u0163at poli\u0163ia local\u0103, citat\u0103 de agen\u0163ia France Presse, preluat\u0103 de agerpres.ro. La bordul autocarului [&hellip;]","og_url":"https:\/\/www.btv.md\/ro\/accident-teribil-in-sudul-spaniei\/","og_site_name":"BTV","article_publisher":"https:\/\/www.facebook.com\/btvmoldova\/","article_published_time":"2016-06-06T11:00:26+00:00","og_image":[{"width":259,"height":194,"url":"https:\/\/www.btv.md\/wp-content\/uploads\/2016\/06\/skachannye-fajly-3.jpg","type":"image\/jpeg"}],"author":"admin","twitter_misc":{"Scris de":"admin","Timp estimat pentru citire":"1 minut"},"schema":{"@context":"https:\/\/schema.org","@graph":[{"@type":"Article","@id":"https:\/\/www.btv.md\/ro\/accident-teribil-in-sudul-spaniei\/#article","isPartOf":{"@id":"https:\/\/www.btv.md\/ro\/accident-teribil-in-sudul-spaniei\/"},"author":{"name":"admin","@id":"https:\/\/www.btv.md\/#\/schema\/person\/8fadce81561b3ce2c34c46dadc4ccbf2"},"headline":"ACCIDENT TERIBIL \u00ceN SUDUL SPANIEI","datePublished":"2016-06-06T11:00:26+00:00","mainEntityOfPage":{"@id":"https:\/\/www.btv.md\/ro\/accident-teribil-in-sudul-spaniei\/"},"wordCount":241,"image":{"@id":"https:\/\/www.btv.md\/ro\/accident-teribil-in-sudul-spaniei\/#primaryimage"},"thumbnailUrl":"https:\/\/www.btv.md\/wp-content\/uploads\/2016\/06\/skachannye-fajly-3.jpg","articleSection":["Externe"],"inLanguage":"ro-RO"},{"@type":"WebPage","@id":"https:\/\/www.btv.md\/ro\/accident-teribil-in-sudul-spaniei\/","url":"https:\/\/www.btv.md\/ro\/accident-teribil-in-sudul-spaniei\/","name":"ACCIDENT TERIBIL \u00ceN SUDUL SPANIEI - BTV","isPartOf":{"@id":"https:\/\/www.btv.md\/#website"},"primaryImageOfPage":{"@id":"https:\/\/www.btv.md\/ro\/accident-teribil-in-sudul-spaniei\/#primaryimage"},"image":{"@id":"https:\/\/www.btv.md\/ro\/accident-teribil-in-sudul-spaniei\/#primaryimage"},"thumbnailUrl":"https:\/\/www.btv.md\/wp-content\/uploads\/2016\/06\/skachannye-fajly-3.jpg","datePublished":"2016-06-06T11:00:26+00:00","author":{"@id":"https:\/\/www.btv.md\/#\/schema\/person\/8fadce81561b3ce2c34c46dadc4ccbf2"},"inLanguage":"ro-RO","potentialAction":[{"@type":"ReadAction","target":["https:\/\/www.btv.md\/ro\/accident-teribil-in-sudul-spaniei\/"]}]},{"@type":"ImageObject","inLanguage":"ro-RO","@id":"https:\/\/www.btv.md\/ro\/accident-teribil-in-sudul-spaniei\/#primaryimage","url":"https:\/\/www.btv.md\/wp-content\/uploads\/2016\/06\/skachannye-fajly-3.jpg","contentUrl":"https:\/\/www.btv.md\/wp-content\/uploads\/2016\/06\/skachannye-fajly-3.jpg","width":259,"height":194},{"@type":"WebSite","@id":"https:\/\/www.btv.md\/#website","url":"https:\/\/www.btv.md\/","name":"BTV","description":"\u0411\u0435\u043b\u044c\u0446\u043a\u043e\u0435 \u0442\u0435\u043b\u0435\u0432\u0438\u0434\u0435\u043d\u0438\u0435","potentialAction":[{"@type":"SearchAction","target":{"@type":"EntryPoint","urlTemplate":"https:\/\/www.btv.md\/?s={search_term_string}"},"query-input":{"@type":"PropertyValueSpecification","valueRequired":true,"valueName":"search_term_string"}}],"inLanguage":"ro-RO"},{"@type":"Person","@id":"https:\/\/www.btv.md\/#\/schema\/person\/8fadce81561b3ce2c34c46dadc4ccbf2","name":"admin"}]}},"_links":{"self":[{"href":"https:\/\/www.btv.md\/ro\/wp-json\/wp\/v2\/posts\/14218","targetHints":{"allow":["GET"]}}],"collection":[{"href":"https:\/\/www.btv.md\/ro\/wp-json\/wp\/v2\/posts"}],"about":[{"href":"https:\/\/www.btv.md\/ro\/wp-json\/wp\/v2\/types\/post"}],"author":[{"embeddable":true,"href":"https:\/\/www.btv.md\/ro\/wp-json\/wp\/v2\/users\/4"}],"replies":[{"embeddable":true,"href":"https:\/\/www.btv.md\/ro\/wp-json\/wp\/v2\/comments?post=14218"}],"version-history":[{"count":0,"href":"https:\/\/www.btv.md\/ro\/wp-json\/wp\/v2\/posts\/14218\/revisions"}],"wp:featuredmedia":[{"embeddable":true,"href":"https:\/\/www.btv.md\/ro\/wp-json\/wp\/v2\/media\/14219"}],"wp:attachment":[{"href":"https:\/\/www.btv.md\/ro\/wp-json\/wp\/v2\/media?parent=14218"}],"wp:term":[{"taxonomy":"category","embeddable":true,"href":"https:\/\/www.btv.md\/ro\/wp-json\/wp\/v2\/categories?post=14218"},{"taxonomy":"post_tag","embeddable":true,"href":"https:\/\/www.btv.md\/ro\/wp-json\/wp\/v2\/tags?post=14218"}],"curies":[{"name":"wp","href":"https:\/\/api.w.org\/{rel}","templated":true}]}}