{"id":14248,"date":"2016-06-06T17:43:31","date_gmt":"2016-06-06T14:43:31","guid":{"rendered":"http:\/\/btv.md\/?p=14248"},"modified":"2016-06-06T18:32:02","modified_gmt":"2016-06-06T15:32:02","slug":"acces-interzis-pentru-presa-pe-teritoriul-unei-scoli","status":"publish","type":"post","link":"https:\/\/www.btv.md\/ro\/acces-interzis-pentru-presa-pe-teritoriul-unei-scoli\/","title":{"rendered":"ACCES  INTERZIS   PENTRU  PRES\u0102  PE  TERITORIUL  UNEI  \u0218COLI"},"content":{"rendered":"<p><strong>Acces interzis pentru echipa BTV pe teritoriul gimnaziului \u201eAlexandru Ioan Cuza\u201d din B\u0103l\u021bi. Reporterul \u0219i cameramanul au fost ofensa\u021bi de administra\u021bia institu\u021biei, \u00een timp ce filmau un subiect cu privire la sus\u021binearea primului examen de capacitatea de elevii clasei a 9-a. <\/strong><\/p>\n<p>Mai mult ca at\u00e2t, administra\u021bia gimnaziului a aten\u021bionat p\u0103rin\u021bii, care \u00ee\u0219i a\u0219teptau copiii de la examen s\u0103 evite orice contact cu presa. Ace\u0219tia \u0219i-a motivat decizia prin faptul ca pe teritoriu institu\u021bie sunt strict interzise film\u0103rile \u0219i accesul jurnali\u0219tilor. Totodat\u0103 ei au mai ad\u0103ugat c\u0103 aceast\u0103 hot\u0103r\u00e2re este luat\u0103 \u00een baza unui cadru legal. <\/p>\n<p>Dup\u0103 o jum\u0103tate de or\u0103 de a\u0219tept\u0103ri, directorul adjunct al gimnaziului a binevoit s\u0103 discute cu echipa de filmare. Acesta spune c\u0103 at\u00e2t p\u0103rin\u021bii, c\u00e2t \u0219i elevii sunt agita\u021bi din cauza examenelor. <\/p>\n<p>Astfel, cei 36 de absolven\u021bi s-au \u00eendreptat \u00eentr-un mod organizat spre poarta institu\u021biei \u0219i s-au f\u0103cut nev\u0103zu\u021bi.<\/p>\n<p><iframe width=\"420\" height=\"315\" data-src=\"https:\/\/www.youtube.com\/embed\/6pTwrvSw8rc\" frameborder=\"0\" allowfullscreen src=\"data:image\/svg+xml;base64,PHN2ZyB3aWR0aD0iMSIgaGVpZ2h0PSIxIiB4bWxucz0iaHR0cDovL3d3dy53My5vcmcvMjAwMC9zdmciPjwvc3ZnPg==\" class=\"lazyload\" data-load-mode=\"1\"><\/iframe><\/p>\n","protected":false},"excerpt":{"rendered":"<p>Acces interzis pentru echipa BTV pe teritoriul gimnaziului \u201eAlexandru Ioan Cuza\u201d din B\u0103l\u021bi. Reporterul \u0219i cameramanul au fost ofensa\u021bi de administra\u021bia institu\u021biei, \u00een timp ce filmau un subiect cu privire la sus\u021binearea primului examen de capacitatea de elevii clasei a 9-a. Mai mult ca at\u00e2t, administra\u021bia gimnaziului a aten\u021bionat p\u0103rin\u021bii, care \u00ee\u0219i a\u0219teptau copiii de [&hellip;]<\/p>\n","protected":false},"author":4,"featured_media":14250,"comment_status":"closed","ping_status":"closed","sticky":false,"template":"","format":"standard","meta":{"footnotes":""},"categories":[6353],"tags":[],"class_list":["post-14248","post","type-post","status-publish","format-standard","has-post-thumbnail","hentry","category-oras"],"yoast_head":"<!-- This site is optimized with the Yoast SEO plugin v27.4 - https:\/\/yoast.com\/product\/yoast-seo-wordpress\/ -->\n<title>ACCES INTERZIS  PENTRU PRES\u0102 PE TERITORIUL UNEI \u0218COLI  - BTV<\/title>\n<meta name=\"robots\" content=\"index, follow, max-snippet:-1, max-image-preview:large, max-video-preview:-1\" \/>\n<link rel=\"canonical\" href=\"https:\/\/www.btv.md\/ro\/acces-interzis-pentru-presa-pe-teritoriul-unei-scoli\/\" \/>\n<meta property=\"og:locale\" content=\"ro_RO\" \/>\n<meta property=\"og:type\" content=\"article\" \/>\n<meta property=\"og:title\" content=\"ACCES INTERZIS  PENTRU PRES\u0102 PE TERITORIUL UNEI \u0218COLI  - BTV\" \/>\n<meta property=\"og:description\" content=\"Acces interzis pentru echipa BTV pe teritoriul gimnaziului \u201eAlexandru Ioan Cuza\u201d din B\u0103l\u021bi. Reporterul \u0219i cameramanul au fost ofensa\u021bi de administra\u021bia institu\u021biei, \u00een timp ce filmau un subiect cu privire la sus\u021binearea primului examen de capacitatea de elevii clasei a 9-a. Mai mult ca at\u00e2t, administra\u021bia gimnaziului a aten\u021bionat p\u0103rin\u021bii, care \u00ee\u0219i a\u0219teptau copiii de [&hellip;]\" \/>\n<meta property=\"og:url\" content=\"https:\/\/www.btv.md\/ro\/acces-interzis-pentru-presa-pe-teritoriul-unei-scoli\/\" \/>\n<meta property=\"og:site_name\" content=\"BTV\" \/>\n<meta property=\"article:publisher\" content=\"https:\/\/www.facebook.com\/btvmoldova\/\" \/>\n<meta property=\"article:published_time\" content=\"2016-06-06T14:43:31+00:00\" \/>\n<meta property=\"article:modified_time\" content=\"2016-06-06T15:32:02+00:00\" \/>\n<meta property=\"og:image\" content=\"https:\/\/www.btv.md\/wp-content\/uploads\/2016\/06\/scola-18.png\" \/>\n\t<meta property=\"og:image:width\" content=\"1197\" \/>\n\t<meta property=\"og:image:height\" content=\"653\" \/>\n\t<meta property=\"og:image:type\" content=\"image\/png\" \/>\n<meta name=\"author\" content=\"admin\" \/>\n<meta name=\"twitter:label1\" content=\"Scris de\" \/>\n\t<meta name=\"twitter:data1\" content=\"admin\" \/>\n\t<meta name=\"twitter:label2\" content=\"Timp estimat pentru citire\" \/>\n\t<meta name=\"twitter:data2\" content=\"1 minut\" \/>\n<script type=\"application\/ld+json\" class=\"yoast-schema-graph\">{\"@context\":\"https:\\\/\\\/schema.org\",\"@graph\":[{\"@type\":\"Article\",\"@id\":\"https:\\\/\\\/www.btv.md\\\/ro\\\/acces-interzis-pentru-presa-pe-teritoriul-unei-scoli\\\/#article\",\"isPartOf\":{\"@id\":\"https:\\\/\\\/www.btv.md\\\/ro\\\/acces-interzis-pentru-presa-pe-teritoriul-unei-scoli\\\/\"},\"author\":{\"name\":\"admin\",\"@id\":\"https:\\\/\\\/www.btv.md\\\/#\\\/schema\\\/person\\\/8fadce81561b3ce2c34c46dadc4ccbf2\"},\"headline\":\"ACCES INTERZIS PENTRU PRES\u0102 PE TERITORIUL UNEI \u0218COLI\",\"datePublished\":\"2016-06-06T14:43:31+00:00\",\"dateModified\":\"2016-06-06T15:32:02+00:00\",\"mainEntityOfPage\":{\"@id\":\"https:\\\/\\\/www.btv.md\\\/ro\\\/acces-interzis-pentru-presa-pe-teritoriul-unei-scoli\\\/\"},\"wordCount\":183,\"image\":{\"@id\":\"https:\\\/\\\/www.btv.md\\\/ro\\\/acces-interzis-pentru-presa-pe-teritoriul-unei-scoli\\\/#primaryimage\"},\"thumbnailUrl\":\"https:\\\/\\\/www.btv.md\\\/wp-content\\\/uploads\\\/2016\\\/06\\\/scola-18.png\",\"articleSection\":[\"Ora\u0219\"],\"inLanguage\":\"ro-RO\"},{\"@type\":\"WebPage\",\"@id\":\"https:\\\/\\\/www.btv.md\\\/ro\\\/acces-interzis-pentru-presa-pe-teritoriul-unei-scoli\\\/\",\"url\":\"https:\\\/\\\/www.btv.md\\\/ro\\\/acces-interzis-pentru-presa-pe-teritoriul-unei-scoli\\\/\",\"name\":\"ACCES INTERZIS PENTRU PRES\u0102 PE TERITORIUL UNEI \u0218COLI - BTV\",\"isPartOf\":{\"@id\":\"https:\\\/\\\/www.btv.md\\\/#website\"},\"primaryImageOfPage\":{\"@id\":\"https:\\\/\\\/www.btv.md\\\/ro\\\/acces-interzis-pentru-presa-pe-teritoriul-unei-scoli\\\/#primaryimage\"},\"image\":{\"@id\":\"https:\\\/\\\/www.btv.md\\\/ro\\\/acces-interzis-pentru-presa-pe-teritoriul-unei-scoli\\\/#primaryimage\"},\"thumbnailUrl\":\"https:\\\/\\\/www.btv.md\\\/wp-content\\\/uploads\\\/2016\\\/06\\\/scola-18.png\",\"datePublished\":\"2016-06-06T14:43:31+00:00\",\"dateModified\":\"2016-06-06T15:32:02+00:00\",\"author\":{\"@id\":\"https:\\\/\\\/www.btv.md\\\/#\\\/schema\\\/person\\\/8fadce81561b3ce2c34c46dadc4ccbf2\"},\"inLanguage\":\"ro-RO\",\"potentialAction\":[{\"@type\":\"ReadAction\",\"target\":[\"https:\\\/\\\/www.btv.md\\\/ro\\\/acces-interzis-pentru-presa-pe-teritoriul-unei-scoli\\\/\"]}]},{\"@type\":\"ImageObject\",\"inLanguage\":\"ro-RO\",\"@id\":\"https:\\\/\\\/www.btv.md\\\/ro\\\/acces-interzis-pentru-presa-pe-teritoriul-unei-scoli\\\/#primaryimage\",\"url\":\"https:\\\/\\\/www.btv.md\\\/wp-content\\\/uploads\\\/2016\\\/06\\\/scola-18.png\",\"contentUrl\":\"https:\\\/\\\/www.btv.md\\\/wp-content\\\/uploads\\\/2016\\\/06\\\/scola-18.png\",\"width\":1197,\"height\":653},{\"@type\":\"WebSite\",\"@id\":\"https:\\\/\\\/www.btv.md\\\/#website\",\"url\":\"https:\\\/\\\/www.btv.md\\\/\",\"name\":\"BTV\",\"description\":\"\u0411\u0435\u043b\u044c\u0446\u043a\u043e\u0435 \u0442\u0435\u043b\u0435\u0432\u0438\u0434\u0435\u043d\u0438\u0435\",\"potentialAction\":[{\"@type\":\"SearchAction\",\"target\":{\"@type\":\"EntryPoint\",\"urlTemplate\":\"https:\\\/\\\/www.btv.md\\\/?s={search_term_string}\"},\"query-input\":{\"@type\":\"PropertyValueSpecification\",\"valueRequired\":true,\"valueName\":\"search_term_string\"}}],\"inLanguage\":\"ro-RO\"},{\"@type\":\"Person\",\"@id\":\"https:\\\/\\\/www.btv.md\\\/#\\\/schema\\\/person\\\/8fadce81561b3ce2c34c46dadc4ccbf2\",\"name\":\"admin\"}]}<\/script>\n<!-- \/ Yoast SEO plugin. -->","yoast_head_json":{"title":"ACCES INTERZIS  PENTRU PRES\u0102 PE TERITORIUL UNEI \u0218COLI  - BTV","robots":{"index":"index","follow":"follow","max-snippet":"max-snippet:-1","max-image-preview":"max-image-preview:large","max-video-preview":"max-video-preview:-1"},"canonical":"https:\/\/www.btv.md\/ro\/acces-interzis-pentru-presa-pe-teritoriul-unei-scoli\/","og_locale":"ro_RO","og_type":"article","og_title":"ACCES INTERZIS  PENTRU PRES\u0102 PE TERITORIUL UNEI \u0218COLI  - BTV","og_description":"Acces interzis pentru echipa BTV pe teritoriul gimnaziului \u201eAlexandru Ioan Cuza\u201d din B\u0103l\u021bi. Reporterul \u0219i cameramanul au fost ofensa\u021bi de administra\u021bia institu\u021biei, \u00een timp ce filmau un subiect cu privire la sus\u021binearea primului examen de capacitatea de elevii clasei a 9-a. Mai mult ca at\u00e2t, administra\u021bia gimnaziului a aten\u021bionat p\u0103rin\u021bii, care \u00ee\u0219i a\u0219teptau copiii de [&hellip;]","og_url":"https:\/\/www.btv.md\/ro\/acces-interzis-pentru-presa-pe-teritoriul-unei-scoli\/","og_site_name":"BTV","article_publisher":"https:\/\/www.facebook.com\/btvmoldova\/","article_published_time":"2016-06-06T14:43:31+00:00","article_modified_time":"2016-06-06T15:32:02+00:00","og_image":[{"width":1197,"height":653,"url":"https:\/\/www.btv.md\/wp-content\/uploads\/2016\/06\/scola-18.png","type":"image\/png"}],"author":"admin","twitter_misc":{"Scris de":"admin","Timp estimat pentru citire":"1 minut"},"schema":{"@context":"https:\/\/schema.org","@graph":[{"@type":"Article","@id":"https:\/\/www.btv.md\/ro\/acces-interzis-pentru-presa-pe-teritoriul-unei-scoli\/#article","isPartOf":{"@id":"https:\/\/www.btv.md\/ro\/acces-interzis-pentru-presa-pe-teritoriul-unei-scoli\/"},"author":{"name":"admin","@id":"https:\/\/www.btv.md\/#\/schema\/person\/8fadce81561b3ce2c34c46dadc4ccbf2"},"headline":"ACCES INTERZIS PENTRU PRES\u0102 PE TERITORIUL UNEI \u0218COLI","datePublished":"2016-06-06T14:43:31+00:00","dateModified":"2016-06-06T15:32:02+00:00","mainEntityOfPage":{"@id":"https:\/\/www.btv.md\/ro\/acces-interzis-pentru-presa-pe-teritoriul-unei-scoli\/"},"wordCount":183,"image":{"@id":"https:\/\/www.btv.md\/ro\/acces-interzis-pentru-presa-pe-teritoriul-unei-scoli\/#primaryimage"},"thumbnailUrl":"https:\/\/www.btv.md\/wp-content\/uploads\/2016\/06\/scola-18.png","articleSection":["Ora\u0219"],"inLanguage":"ro-RO"},{"@type":"WebPage","@id":"https:\/\/www.btv.md\/ro\/acces-interzis-pentru-presa-pe-teritoriul-unei-scoli\/","url":"https:\/\/www.btv.md\/ro\/acces-interzis-pentru-presa-pe-teritoriul-unei-scoli\/","name":"ACCES INTERZIS PENTRU PRES\u0102 PE TERITORIUL UNEI \u0218COLI - BTV","isPartOf":{"@id":"https:\/\/www.btv.md\/#website"},"primaryImageOfPage":{"@id":"https:\/\/www.btv.md\/ro\/acces-interzis-pentru-presa-pe-teritoriul-unei-scoli\/#primaryimage"},"image":{"@id":"https:\/\/www.btv.md\/ro\/acces-interzis-pentru-presa-pe-teritoriul-unei-scoli\/#primaryimage"},"thumbnailUrl":"https:\/\/www.btv.md\/wp-content\/uploads\/2016\/06\/scola-18.png","datePublished":"2016-06-06T14:43:31+00:00","dateModified":"2016-06-06T15:32:02+00:00","author":{"@id":"https:\/\/www.btv.md\/#\/schema\/person\/8fadce81561b3ce2c34c46dadc4ccbf2"},"inLanguage":"ro-RO","potentialAction":[{"@type":"ReadAction","target":["https:\/\/www.btv.md\/ro\/acces-interzis-pentru-presa-pe-teritoriul-unei-scoli\/"]}]},{"@type":"ImageObject","inLanguage":"ro-RO","@id":"https:\/\/www.btv.md\/ro\/acces-interzis-pentru-presa-pe-teritoriul-unei-scoli\/#primaryimage","url":"https:\/\/www.btv.md\/wp-content\/uploads\/2016\/06\/scola-18.png","contentUrl":"https:\/\/www.btv.md\/wp-content\/uploads\/2016\/06\/scola-18.png","width":1197,"height":653},{"@type":"WebSite","@id":"https:\/\/www.btv.md\/#website","url":"https:\/\/www.btv.md\/","name":"BTV","description":"\u0411\u0435\u043b\u044c\u0446\u043a\u043e\u0435 \u0442\u0435\u043b\u0435\u0432\u0438\u0434\u0435\u043d\u0438\u0435","potentialAction":[{"@type":"SearchAction","target":{"@type":"EntryPoint","urlTemplate":"https:\/\/www.btv.md\/?s={search_term_string}"},"query-input":{"@type":"PropertyValueSpecification","valueRequired":true,"valueName":"search_term_string"}}],"inLanguage":"ro-RO"},{"@type":"Person","@id":"https:\/\/www.btv.md\/#\/schema\/person\/8fadce81561b3ce2c34c46dadc4ccbf2","name":"admin"}]}},"_links":{"self":[{"href":"https:\/\/www.btv.md\/ro\/wp-json\/wp\/v2\/posts\/14248","targetHints":{"allow":["GET"]}}],"collection":[{"href":"https:\/\/www.btv.md\/ro\/wp-json\/wp\/v2\/posts"}],"about":[{"href":"https:\/\/www.btv.md\/ro\/wp-json\/wp\/v2\/types\/post"}],"author":[{"embeddable":true,"href":"https:\/\/www.btv.md\/ro\/wp-json\/wp\/v2\/users\/4"}],"replies":[{"embeddable":true,"href":"https:\/\/www.btv.md\/ro\/wp-json\/wp\/v2\/comments?post=14248"}],"version-history":[{"count":0,"href":"https:\/\/www.btv.md\/ro\/wp-json\/wp\/v2\/posts\/14248\/revisions"}],"wp:featuredmedia":[{"embeddable":true,"href":"https:\/\/www.btv.md\/ro\/wp-json\/wp\/v2\/media\/14250"}],"wp:attachment":[{"href":"https:\/\/www.btv.md\/ro\/wp-json\/wp\/v2\/media?parent=14248"}],"wp:term":[{"taxonomy":"category","embeddable":true,"href":"https:\/\/www.btv.md\/ro\/wp-json\/wp\/v2\/categories?post=14248"},{"taxonomy":"post_tag","embeddable":true,"href":"https:\/\/www.btv.md\/ro\/wp-json\/wp\/v2\/tags?post=14248"}],"curies":[{"name":"wp","href":"https:\/\/api.w.org\/{rel}","templated":true}]}}