{"id":14255,"date":"2016-06-06T18:40:20","date_gmt":"2016-06-06T15:40:20","guid":{"rendered":"http:\/\/btv.md\/?p=14255"},"modified":"2016-06-06T18:40:20","modified_gmt":"2016-06-06T15:40:20","slug":"au-cautat-o-o-luna-si-au-gasit-o-chiar-in-fata-judecatoriei","status":"publish","type":"post","link":"https:\/\/www.btv.md\/ro\/au-cautat-o-o-luna-si-au-gasit-o-chiar-in-fata-judecatoriei\/","title":{"rendered":"AU  C\u0102UTAT-O  O  LUN\u0102  \u0218I  AU  G\u0102SIT-O  CHIAR  \u00ceN  FA\u021aA  JUDEC\u0102TORIEI"},"content":{"rendered":"<p><strong>S\u0103pt\u0103m\u00e2na trecut\u0103 c\u00e2\u021biva b\u0103l\u021beni au devenit martorii unei re\u021bineri, chiar \u00een fa\u021ba Judec\u0103toriei municipiului B\u0103l\u021bi. Din imaginile video publicate de portalul Curaj TV \u00een data de 2 iunie, se vede cum angaja\u021bii Inspectoratului de Poli\u021bie B\u0103l\u021bi au \u00eenc\u0103tu\u0219at o femeie \u0219i au silit-o s\u0103 urce cu ei \u00een ma\u0219ina de serviciu. Aceasta \u00eens\u0103 refuza s\u0103 se conformeze \u0219i cerea ajutor de la trec\u0103tori, care au \u00eencearcat s\u0103-i ia ap\u0103rarea.<\/strong><\/p>\n<p>La c\u00e2teva zile de la cele \u00eent\u00e2mplate, ofi\u021berul de pres\u0103 al Inspectoratului de Poli\u021bie B\u0103l\u021bi, Olga Bejenaru a venit cu detalii, preciz\u00e2nd c\u0103 persoana re\u021binut\u0103 se afla \u00een c\u0103utare de aproape o lun\u0103 \u0219i conform informa\u021biilor operative a fost observat\u0103 \u00een fa\u021ba judec\u0103toriei.<\/p>\n<p>\u201e<em>Cet\u0103\u021beanca Grigoreva Ana, anul na\u0219terii 1988 a fost anun\u021bat\u0103 \u00een c\u0103utare de c\u0103tre Judec\u0103toria municipiului B\u0103l\u021bi la data de 11 mai curent, pentru s\u0103v\u00e2r\u0219irea unei serii de furturi \u00een propor\u021bii deosebit de mari, cu eliberarea mandatului de arest pe un termen de 30 de zile.<\/em>\u201d<\/p>\n<p>Aceea\u0219i surs\u0103 a precizat c\u0103  angaja\u021bii poli\u021biei au ac\u021bionat \u00een limitele legii, iar \u00een ziua re\u021binerii la Judec\u0103toria B\u0103l\u021bi nu a avut loc nici o \u0219edin\u021b\u0103 de judecat\u0103 \u00een care ar fi fost vizat\u0103 femeia.<\/p>\n<p>\u201e<em>\u00cen ziua re\u021binerii la Judec\u0103toria B\u0103l\u021bi nu a avut loc nici o \u0219edin\u021b\u0103 de judecat\u0103 \u00een care s\u0103 fie vizat\u0103 cet\u0103\u021beanca Grigoreva. Anterior, fiind citat\u0103, ea nu s-a prezentat la \u0219edin\u021bele de judecat\u0103.<\/em>\u201d<\/p>\n<p>\u00cen prezent, suspecta se afl\u0103 \u00een izolator pe un termen de 30 de zile.<\/p>\n<p><iframe width=\"420\" height=\"315\" data-src=\"https:\/\/www.youtube.com\/embed\/UO_Req1OxsE\" frameborder=\"0\" allowfullscreen src=\"data:image\/svg+xml;base64,PHN2ZyB3aWR0aD0iMSIgaGVpZ2h0PSIxIiB4bWxucz0iaHR0cDovL3d3dy53My5vcmcvMjAwMC9zdmciPjwvc3ZnPg==\" class=\"lazyload\" data-load-mode=\"1\"><\/iframe><\/p>\n","protected":false},"excerpt":{"rendered":"<p>S\u0103pt\u0103m\u00e2na trecut\u0103 c\u00e2\u021biva b\u0103l\u021beni au devenit martorii unei re\u021bineri, chiar \u00een fa\u021ba Judec\u0103toriei municipiului B\u0103l\u021bi. Din imaginile video publicate de portalul Curaj TV \u00een data de 2 iunie, se vede cum angaja\u021bii Inspectoratului de Poli\u021bie B\u0103l\u021bi au \u00eenc\u0103tu\u0219at o femeie \u0219i au silit-o s\u0103 urce cu ei \u00een ma\u0219ina de serviciu. Aceasta \u00eens\u0103 refuza s\u0103 [&hellip;]<\/p>\n","protected":false},"author":4,"featured_media":14125,"comment_status":"closed","ping_status":"closed","sticky":false,"template":"","format":"standard","meta":{"footnotes":""},"categories":[6353],"tags":[],"class_list":["post-14255","post","type-post","status-publish","format-standard","has-post-thumbnail","hentry","category-oras"],"yoast_head":"<!-- This site is optimized with the Yoast SEO plugin v27.4 - https:\/\/yoast.com\/product\/yoast-seo-wordpress\/ -->\n<title>AU C\u0102UTAT-O O LUN\u0102 \u0218I AU G\u0102SIT-O CHIAR \u00ceN FA\u021aA JUDEC\u0102TORIEI - BTV<\/title>\n<meta name=\"robots\" content=\"index, follow, max-snippet:-1, max-image-preview:large, max-video-preview:-1\" \/>\n<link rel=\"canonical\" href=\"https:\/\/www.btv.md\/ro\/au-cautat-o-o-luna-si-au-gasit-o-chiar-in-fata-judecatoriei\/\" \/>\n<meta property=\"og:locale\" content=\"ro_RO\" \/>\n<meta property=\"og:type\" content=\"article\" \/>\n<meta property=\"og:title\" content=\"AU C\u0102UTAT-O O LUN\u0102 \u0218I AU G\u0102SIT-O CHIAR \u00ceN FA\u021aA JUDEC\u0102TORIEI - BTV\" \/>\n<meta property=\"og:description\" content=\"S\u0103pt\u0103m\u00e2na trecut\u0103 c\u00e2\u021biva b\u0103l\u021beni au devenit martorii unei re\u021bineri, chiar \u00een fa\u021ba Judec\u0103toriei municipiului B\u0103l\u021bi. Din imaginile video publicate de portalul Curaj TV \u00een data de 2 iunie, se vede cum angaja\u021bii Inspectoratului de Poli\u021bie B\u0103l\u021bi au \u00eenc\u0103tu\u0219at o femeie \u0219i au silit-o s\u0103 urce cu ei \u00een ma\u0219ina de serviciu. Aceasta \u00eens\u0103 refuza s\u0103 [&hellip;]\" \/>\n<meta property=\"og:url\" content=\"https:\/\/www.btv.md\/ro\/au-cautat-o-o-luna-si-au-gasit-o-chiar-in-fata-judecatoriei\/\" \/>\n<meta property=\"og:site_name\" content=\"BTV\" \/>\n<meta property=\"article:publisher\" content=\"https:\/\/www.facebook.com\/btvmoldova\/\" \/>\n<meta property=\"article:published_time\" content=\"2016-06-06T15:40:20+00:00\" \/>\n<meta property=\"og:image\" content=\"https:\/\/www.btv.md\/wp-content\/uploads\/2016\/06\/zaderjanie.png\" \/>\n\t<meta property=\"og:image:width\" content=\"1207\" \/>\n\t<meta property=\"og:image:height\" content=\"661\" \/>\n\t<meta property=\"og:image:type\" content=\"image\/png\" \/>\n<meta name=\"author\" content=\"admin\" \/>\n<meta name=\"twitter:label1\" content=\"Scris de\" \/>\n\t<meta name=\"twitter:data1\" content=\"admin\" \/>\n\t<meta name=\"twitter:label2\" content=\"Timp estimat pentru citire\" \/>\n\t<meta name=\"twitter:data2\" content=\"1 minut\" \/>\n<script type=\"application\/ld+json\" class=\"yoast-schema-graph\">{\"@context\":\"https:\\\/\\\/schema.org\",\"@graph\":[{\"@type\":\"Article\",\"@id\":\"https:\\\/\\\/www.btv.md\\\/ro\\\/au-cautat-o-o-luna-si-au-gasit-o-chiar-in-fata-judecatoriei\\\/#article\",\"isPartOf\":{\"@id\":\"https:\\\/\\\/www.btv.md\\\/ro\\\/au-cautat-o-o-luna-si-au-gasit-o-chiar-in-fata-judecatoriei\\\/\"},\"author\":{\"name\":\"admin\",\"@id\":\"https:\\\/\\\/www.btv.md\\\/#\\\/schema\\\/person\\\/8fadce81561b3ce2c34c46dadc4ccbf2\"},\"headline\":\"AU C\u0102UTAT-O O LUN\u0102 \u0218I AU G\u0102SIT-O CHIAR \u00ceN FA\u021aA JUDEC\u0102TORIEI\",\"datePublished\":\"2016-06-06T15:40:20+00:00\",\"mainEntityOfPage\":{\"@id\":\"https:\\\/\\\/www.btv.md\\\/ro\\\/au-cautat-o-o-luna-si-au-gasit-o-chiar-in-fata-judecatoriei\\\/\"},\"wordCount\":308,\"image\":{\"@id\":\"https:\\\/\\\/www.btv.md\\\/ro\\\/au-cautat-o-o-luna-si-au-gasit-o-chiar-in-fata-judecatoriei\\\/#primaryimage\"},\"thumbnailUrl\":\"https:\\\/\\\/www.btv.md\\\/wp-content\\\/uploads\\\/2016\\\/06\\\/zaderjanie.png\",\"articleSection\":[\"Ora\u0219\"],\"inLanguage\":\"ro-RO\"},{\"@type\":\"WebPage\",\"@id\":\"https:\\\/\\\/www.btv.md\\\/ro\\\/au-cautat-o-o-luna-si-au-gasit-o-chiar-in-fata-judecatoriei\\\/\",\"url\":\"https:\\\/\\\/www.btv.md\\\/ro\\\/au-cautat-o-o-luna-si-au-gasit-o-chiar-in-fata-judecatoriei\\\/\",\"name\":\"AU C\u0102UTAT-O O LUN\u0102 \u0218I AU G\u0102SIT-O CHIAR \u00ceN FA\u021aA JUDEC\u0102TORIEI - BTV\",\"isPartOf\":{\"@id\":\"https:\\\/\\\/www.btv.md\\\/#website\"},\"primaryImageOfPage\":{\"@id\":\"https:\\\/\\\/www.btv.md\\\/ro\\\/au-cautat-o-o-luna-si-au-gasit-o-chiar-in-fata-judecatoriei\\\/#primaryimage\"},\"image\":{\"@id\":\"https:\\\/\\\/www.btv.md\\\/ro\\\/au-cautat-o-o-luna-si-au-gasit-o-chiar-in-fata-judecatoriei\\\/#primaryimage\"},\"thumbnailUrl\":\"https:\\\/\\\/www.btv.md\\\/wp-content\\\/uploads\\\/2016\\\/06\\\/zaderjanie.png\",\"datePublished\":\"2016-06-06T15:40:20+00:00\",\"author\":{\"@id\":\"https:\\\/\\\/www.btv.md\\\/#\\\/schema\\\/person\\\/8fadce81561b3ce2c34c46dadc4ccbf2\"},\"inLanguage\":\"ro-RO\",\"potentialAction\":[{\"@type\":\"ReadAction\",\"target\":[\"https:\\\/\\\/www.btv.md\\\/ro\\\/au-cautat-o-o-luna-si-au-gasit-o-chiar-in-fata-judecatoriei\\\/\"]}]},{\"@type\":\"ImageObject\",\"inLanguage\":\"ro-RO\",\"@id\":\"https:\\\/\\\/www.btv.md\\\/ro\\\/au-cautat-o-o-luna-si-au-gasit-o-chiar-in-fata-judecatoriei\\\/#primaryimage\",\"url\":\"https:\\\/\\\/www.btv.md\\\/wp-content\\\/uploads\\\/2016\\\/06\\\/zaderjanie.png\",\"contentUrl\":\"https:\\\/\\\/www.btv.md\\\/wp-content\\\/uploads\\\/2016\\\/06\\\/zaderjanie.png\",\"width\":1207,\"height\":661},{\"@type\":\"WebSite\",\"@id\":\"https:\\\/\\\/www.btv.md\\\/#website\",\"url\":\"https:\\\/\\\/www.btv.md\\\/\",\"name\":\"BTV\",\"description\":\"\u0411\u0435\u043b\u044c\u0446\u043a\u043e\u0435 \u0442\u0435\u043b\u0435\u0432\u0438\u0434\u0435\u043d\u0438\u0435\",\"potentialAction\":[{\"@type\":\"SearchAction\",\"target\":{\"@type\":\"EntryPoint\",\"urlTemplate\":\"https:\\\/\\\/www.btv.md\\\/?s={search_term_string}\"},\"query-input\":{\"@type\":\"PropertyValueSpecification\",\"valueRequired\":true,\"valueName\":\"search_term_string\"}}],\"inLanguage\":\"ro-RO\"},{\"@type\":\"Person\",\"@id\":\"https:\\\/\\\/www.btv.md\\\/#\\\/schema\\\/person\\\/8fadce81561b3ce2c34c46dadc4ccbf2\",\"name\":\"admin\"}]}<\/script>\n<!-- \/ Yoast SEO plugin. -->","yoast_head_json":{"title":"AU C\u0102UTAT-O O LUN\u0102 \u0218I AU G\u0102SIT-O CHIAR \u00ceN FA\u021aA JUDEC\u0102TORIEI - BTV","robots":{"index":"index","follow":"follow","max-snippet":"max-snippet:-1","max-image-preview":"max-image-preview:large","max-video-preview":"max-video-preview:-1"},"canonical":"https:\/\/www.btv.md\/ro\/au-cautat-o-o-luna-si-au-gasit-o-chiar-in-fata-judecatoriei\/","og_locale":"ro_RO","og_type":"article","og_title":"AU C\u0102UTAT-O O LUN\u0102 \u0218I AU G\u0102SIT-O CHIAR \u00ceN FA\u021aA JUDEC\u0102TORIEI - BTV","og_description":"S\u0103pt\u0103m\u00e2na trecut\u0103 c\u00e2\u021biva b\u0103l\u021beni au devenit martorii unei re\u021bineri, chiar \u00een fa\u021ba Judec\u0103toriei municipiului B\u0103l\u021bi. Din imaginile video publicate de portalul Curaj TV \u00een data de 2 iunie, se vede cum angaja\u021bii Inspectoratului de Poli\u021bie B\u0103l\u021bi au \u00eenc\u0103tu\u0219at o femeie \u0219i au silit-o s\u0103 urce cu ei \u00een ma\u0219ina de serviciu. Aceasta \u00eens\u0103 refuza s\u0103 [&hellip;]","og_url":"https:\/\/www.btv.md\/ro\/au-cautat-o-o-luna-si-au-gasit-o-chiar-in-fata-judecatoriei\/","og_site_name":"BTV","article_publisher":"https:\/\/www.facebook.com\/btvmoldova\/","article_published_time":"2016-06-06T15:40:20+00:00","og_image":[{"width":1207,"height":661,"url":"https:\/\/www.btv.md\/wp-content\/uploads\/2016\/06\/zaderjanie.png","type":"image\/png"}],"author":"admin","twitter_misc":{"Scris de":"admin","Timp estimat pentru citire":"1 minut"},"schema":{"@context":"https:\/\/schema.org","@graph":[{"@type":"Article","@id":"https:\/\/www.btv.md\/ro\/au-cautat-o-o-luna-si-au-gasit-o-chiar-in-fata-judecatoriei\/#article","isPartOf":{"@id":"https:\/\/www.btv.md\/ro\/au-cautat-o-o-luna-si-au-gasit-o-chiar-in-fata-judecatoriei\/"},"author":{"name":"admin","@id":"https:\/\/www.btv.md\/#\/schema\/person\/8fadce81561b3ce2c34c46dadc4ccbf2"},"headline":"AU C\u0102UTAT-O O LUN\u0102 \u0218I AU G\u0102SIT-O CHIAR \u00ceN FA\u021aA JUDEC\u0102TORIEI","datePublished":"2016-06-06T15:40:20+00:00","mainEntityOfPage":{"@id":"https:\/\/www.btv.md\/ro\/au-cautat-o-o-luna-si-au-gasit-o-chiar-in-fata-judecatoriei\/"},"wordCount":308,"image":{"@id":"https:\/\/www.btv.md\/ro\/au-cautat-o-o-luna-si-au-gasit-o-chiar-in-fata-judecatoriei\/#primaryimage"},"thumbnailUrl":"https:\/\/www.btv.md\/wp-content\/uploads\/2016\/06\/zaderjanie.png","articleSection":["Ora\u0219"],"inLanguage":"ro-RO"},{"@type":"WebPage","@id":"https:\/\/www.btv.md\/ro\/au-cautat-o-o-luna-si-au-gasit-o-chiar-in-fata-judecatoriei\/","url":"https:\/\/www.btv.md\/ro\/au-cautat-o-o-luna-si-au-gasit-o-chiar-in-fata-judecatoriei\/","name":"AU C\u0102UTAT-O O LUN\u0102 \u0218I AU G\u0102SIT-O CHIAR \u00ceN FA\u021aA JUDEC\u0102TORIEI - BTV","isPartOf":{"@id":"https:\/\/www.btv.md\/#website"},"primaryImageOfPage":{"@id":"https:\/\/www.btv.md\/ro\/au-cautat-o-o-luna-si-au-gasit-o-chiar-in-fata-judecatoriei\/#primaryimage"},"image":{"@id":"https:\/\/www.btv.md\/ro\/au-cautat-o-o-luna-si-au-gasit-o-chiar-in-fata-judecatoriei\/#primaryimage"},"thumbnailUrl":"https:\/\/www.btv.md\/wp-content\/uploads\/2016\/06\/zaderjanie.png","datePublished":"2016-06-06T15:40:20+00:00","author":{"@id":"https:\/\/www.btv.md\/#\/schema\/person\/8fadce81561b3ce2c34c46dadc4ccbf2"},"inLanguage":"ro-RO","potentialAction":[{"@type":"ReadAction","target":["https:\/\/www.btv.md\/ro\/au-cautat-o-o-luna-si-au-gasit-o-chiar-in-fata-judecatoriei\/"]}]},{"@type":"ImageObject","inLanguage":"ro-RO","@id":"https:\/\/www.btv.md\/ro\/au-cautat-o-o-luna-si-au-gasit-o-chiar-in-fata-judecatoriei\/#primaryimage","url":"https:\/\/www.btv.md\/wp-content\/uploads\/2016\/06\/zaderjanie.png","contentUrl":"https:\/\/www.btv.md\/wp-content\/uploads\/2016\/06\/zaderjanie.png","width":1207,"height":661},{"@type":"WebSite","@id":"https:\/\/www.btv.md\/#website","url":"https:\/\/www.btv.md\/","name":"BTV","description":"\u0411\u0435\u043b\u044c\u0446\u043a\u043e\u0435 \u0442\u0435\u043b\u0435\u0432\u0438\u0434\u0435\u043d\u0438\u0435","potentialAction":[{"@type":"SearchAction","target":{"@type":"EntryPoint","urlTemplate":"https:\/\/www.btv.md\/?s={search_term_string}"},"query-input":{"@type":"PropertyValueSpecification","valueRequired":true,"valueName":"search_term_string"}}],"inLanguage":"ro-RO"},{"@type":"Person","@id":"https:\/\/www.btv.md\/#\/schema\/person\/8fadce81561b3ce2c34c46dadc4ccbf2","name":"admin"}]}},"_links":{"self":[{"href":"https:\/\/www.btv.md\/ro\/wp-json\/wp\/v2\/posts\/14255","targetHints":{"allow":["GET"]}}],"collection":[{"href":"https:\/\/www.btv.md\/ro\/wp-json\/wp\/v2\/posts"}],"about":[{"href":"https:\/\/www.btv.md\/ro\/wp-json\/wp\/v2\/types\/post"}],"author":[{"embeddable":true,"href":"https:\/\/www.btv.md\/ro\/wp-json\/wp\/v2\/users\/4"}],"replies":[{"embeddable":true,"href":"https:\/\/www.btv.md\/ro\/wp-json\/wp\/v2\/comments?post=14255"}],"version-history":[{"count":0,"href":"https:\/\/www.btv.md\/ro\/wp-json\/wp\/v2\/posts\/14255\/revisions"}],"wp:featuredmedia":[{"embeddable":true,"href":"https:\/\/www.btv.md\/ro\/wp-json\/wp\/v2\/media\/14125"}],"wp:attachment":[{"href":"https:\/\/www.btv.md\/ro\/wp-json\/wp\/v2\/media?parent=14255"}],"wp:term":[{"taxonomy":"category","embeddable":true,"href":"https:\/\/www.btv.md\/ro\/wp-json\/wp\/v2\/categories?post=14255"},{"taxonomy":"post_tag","embeddable":true,"href":"https:\/\/www.btv.md\/ro\/wp-json\/wp\/v2\/tags?post=14255"}],"curies":[{"name":"wp","href":"https:\/\/api.w.org\/{rel}","templated":true}]}}