{"id":14447,"date":"2016-06-09T15:44:15","date_gmt":"2016-06-09T12:44:15","guid":{"rendered":"http:\/\/btv.md\/?p=14447"},"modified":"2016-06-09T15:44:28","modified_gmt":"2016-06-09T12:44:28","slug":"academia-de-politie-visul-fetelor-din-balti","status":"publish","type":"post","link":"https:\/\/www.btv.md\/ro\/academia-de-politie-visul-fetelor-din-balti\/","title":{"rendered":"ACADEMIA  DE  POLI\u021aIE, VISUL  FETELOR  DIN  B\u0102L\u021aI"},"content":{"rendered":"<p>Vor s\u0103 schimbe rochiile \u015fi pantofii cu toc pe arm\u0103 \u015fi uniform\u0103 de poli\u021bist, cel pu\u0163in pentru urm\u0103torii patru ani. Vorbim despre fetele care au ales s\u0103 studieze la Academia de Poli\u021bie \u0218tefan cel Mare din Chi\u0219in\u0103u. Num\u0103rul dosarelor \u00eenregistrate la Inspectoratul de Poli\u021bie B\u0103l\u021bi arat\u0103 c\u0103 \u00een acest an, majoritatea candida\u021bilor sunt fete. Pentru unele din ele, nici \u00een\u0103l\u021bimea nu pare a fi un obstacol \u0219i sper\u0103 s\u0103-\u0219i \u00eemplineasc\u0103 visul chiar dac\u0103 nu le ajung doar c\u00e2\u021biva centimetri.<\/p>\n<p><iframe width=\"1170\" height=\"878\" data-src=\"https:\/\/www.youtube.com\/embed\/9DCMuw4TUHk?wmode=transparent&amp;rel=0&amp;feature=oembed\" frameborder=\"0\" allow=\"accelerometer; autoplay; encrypted-media; gyroscope; picture-in-picture\" allowfullscreen src=\"data:image\/svg+xml;base64,PHN2ZyB3aWR0aD0iMSIgaGVpZ2h0PSIxIiB4bWxucz0iaHR0cDovL3d3dy53My5vcmcvMjAwMC9zdmciPjwvc3ZnPg==\" class=\"lazyload\" data-load-mode=\"1\"><\/iframe><\/p>\n<p>De alegerea f\u0103cut\u0103 nu regret\u0103 nici cei care au aboslvit Academia de Poli\u021bie acum un an \u0219i activeaz\u0103 deja \u00een cadrul Inspectoratului de Poli\u021bie din B\u0103l\u021bi<\/p>\n<p>Cei care \u00ee\u0219i doresc o carier\u0103 \u00een poli\u021bie, trebuie respecte un \u0219ir de cerin\u021be. B\u0103rba\u021bii trebuie s\u0103 nu dep\u0103\u015feasc\u0103 v\u00e2rsta de 27 ani \u015fi s\u0103 aib\u0103 o \u00een\u0103l\u0163ime nu mai mic\u0103 de 170 cm. La r\u00e2ndul lor, femeile, nu trebuie s\u0103 dep\u0103\u015feasc\u0103 v\u00e2rsta de 25 ani \u015fi s\u0103 aib\u0103 o \u00een\u0103l\u0163ime nu mai mic\u0103 de 165 cm.<\/p>\n<p>Studen\u0163ii Academiei \u201e\u015etefan cel Mare\u201d Ministerul Afacerilor Interne a Republicii Moldova sunt asigura\u0163i cu hran\u0103, cazare, asisten\u0163\u0103 medical\u0103 \u015fi burs\u0103, iar la absolvirea Academiei, fiec\u0103rui absolvent i se asigur\u0103 un loc de munc\u0103 \u00een subdiviziunile MAI.<\/p>\n","protected":false},"excerpt":{"rendered":"<p>Vor s\u0103 schimbe rochiile \u015fi pantofii cu toc pe arm\u0103 \u015fi uniform\u0103 de poli\u021bist, cel pu\u0163in pentru urm\u0103torii patru ani. Vorbim despre fetele care au ales s\u0103 studieze la Academia de Poli\u021bie \u0218tefan cel Mare din Chi\u0219in\u0103u. Num\u0103rul dosarelor \u00eenregistrate la Inspectoratul de Poli\u021bie B\u0103l\u021bi arat\u0103 c\u0103 \u00een acest an, majoritatea candida\u021bilor sunt fete. Pentru [&hellip;]<\/p>\n","protected":false},"author":4,"featured_media":14448,"comment_status":"closed","ping_status":"closed","sticky":false,"template":"","format":"standard","meta":{"footnotes":""},"categories":[12],"tags":[],"class_list":["post-14447","post","type-post","status-publish","format-standard","has-post-thumbnail","hentry","category-balti"],"yoast_head":"<!-- This site is optimized with the Yoast SEO plugin v27.4 - https:\/\/yoast.com\/product\/yoast-seo-wordpress\/ -->\n<title>ACADEMIA DE POLI\u021aIE, VISUL FETELOR DIN B\u0102L\u021aI - BTV<\/title>\n<meta name=\"robots\" content=\"index, follow, max-snippet:-1, max-image-preview:large, max-video-preview:-1\" \/>\n<link rel=\"canonical\" href=\"https:\/\/www.btv.md\/ro\/academia-de-politie-visul-fetelor-din-balti\/\" \/>\n<meta property=\"og:locale\" content=\"ro_RO\" \/>\n<meta property=\"og:type\" content=\"article\" \/>\n<meta property=\"og:title\" content=\"ACADEMIA DE POLI\u021aIE, VISUL FETELOR DIN B\u0102L\u021aI - BTV\" \/>\n<meta property=\"og:description\" content=\"Vor s\u0103 schimbe rochiile \u015fi pantofii cu toc pe arm\u0103 \u015fi uniform\u0103 de poli\u021bist, cel pu\u0163in pentru urm\u0103torii patru ani. Vorbim despre fetele care au ales s\u0103 studieze la Academia de Poli\u021bie \u0218tefan cel Mare din Chi\u0219in\u0103u. Num\u0103rul dosarelor \u00eenregistrate la Inspectoratul de Poli\u021bie B\u0103l\u021bi arat\u0103 c\u0103 \u00een acest an, majoritatea candida\u021bilor sunt fete. Pentru [&hellip;]\" \/>\n<meta property=\"og:url\" content=\"https:\/\/www.btv.md\/ro\/academia-de-politie-visul-fetelor-din-balti\/\" \/>\n<meta property=\"og:site_name\" content=\"BTV\" \/>\n<meta property=\"article:publisher\" content=\"https:\/\/www.facebook.com\/btvmoldova\/\" \/>\n<meta property=\"article:published_time\" content=\"2016-06-09T12:44:15+00:00\" \/>\n<meta property=\"article:modified_time\" content=\"2016-06-09T12:44:28+00:00\" \/>\n<meta property=\"og:image\" content=\"https:\/\/www.btv.md\/wp-content\/uploads\/2016\/06\/polis.jpg\" \/>\n\t<meta property=\"og:image:width\" content=\"600\" \/>\n\t<meta property=\"og:image:height\" content=\"400\" \/>\n\t<meta property=\"og:image:type\" content=\"image\/jpeg\" \/>\n<meta name=\"author\" content=\"admin\" \/>\n<meta name=\"twitter:label1\" content=\"Scris de\" \/>\n\t<meta name=\"twitter:data1\" content=\"admin\" \/>\n\t<meta name=\"twitter:label2\" content=\"Timp estimat pentru citire\" \/>\n\t<meta name=\"twitter:data2\" content=\"1 minut\" \/>\n<script type=\"application\/ld+json\" class=\"yoast-schema-graph\">{\"@context\":\"https:\\\/\\\/schema.org\",\"@graph\":[{\"@type\":\"Article\",\"@id\":\"https:\\\/\\\/www.btv.md\\\/ro\\\/academia-de-politie-visul-fetelor-din-balti\\\/#article\",\"isPartOf\":{\"@id\":\"https:\\\/\\\/www.btv.md\\\/ro\\\/academia-de-politie-visul-fetelor-din-balti\\\/\"},\"author\":{\"name\":\"admin\",\"@id\":\"https:\\\/\\\/www.btv.md\\\/#\\\/schema\\\/person\\\/8fadce81561b3ce2c34c46dadc4ccbf2\"},\"headline\":\"ACADEMIA DE POLI\u021aIE, VISUL FETELOR DIN B\u0102L\u021aI\",\"datePublished\":\"2016-06-09T12:44:15+00:00\",\"dateModified\":\"2016-06-09T12:44:28+00:00\",\"mainEntityOfPage\":{\"@id\":\"https:\\\/\\\/www.btv.md\\\/ro\\\/academia-de-politie-visul-fetelor-din-balti\\\/\"},\"wordCount\":252,\"image\":{\"@id\":\"https:\\\/\\\/www.btv.md\\\/ro\\\/academia-de-politie-visul-fetelor-din-balti\\\/#primaryimage\"},\"thumbnailUrl\":\"https:\\\/\\\/www.btv.md\\\/wp-content\\\/uploads\\\/2016\\\/06\\\/polis.jpg\",\"articleSection\":[\"\u0413\u043e\u0440\u043e\u0434\"],\"inLanguage\":\"ro-RO\"},{\"@type\":\"WebPage\",\"@id\":\"https:\\\/\\\/www.btv.md\\\/ro\\\/academia-de-politie-visul-fetelor-din-balti\\\/\",\"url\":\"https:\\\/\\\/www.btv.md\\\/ro\\\/academia-de-politie-visul-fetelor-din-balti\\\/\",\"name\":\"ACADEMIA DE POLI\u021aIE, VISUL FETELOR DIN B\u0102L\u021aI - BTV\",\"isPartOf\":{\"@id\":\"https:\\\/\\\/www.btv.md\\\/#website\"},\"primaryImageOfPage\":{\"@id\":\"https:\\\/\\\/www.btv.md\\\/ro\\\/academia-de-politie-visul-fetelor-din-balti\\\/#primaryimage\"},\"image\":{\"@id\":\"https:\\\/\\\/www.btv.md\\\/ro\\\/academia-de-politie-visul-fetelor-din-balti\\\/#primaryimage\"},\"thumbnailUrl\":\"https:\\\/\\\/www.btv.md\\\/wp-content\\\/uploads\\\/2016\\\/06\\\/polis.jpg\",\"datePublished\":\"2016-06-09T12:44:15+00:00\",\"dateModified\":\"2016-06-09T12:44:28+00:00\",\"author\":{\"@id\":\"https:\\\/\\\/www.btv.md\\\/#\\\/schema\\\/person\\\/8fadce81561b3ce2c34c46dadc4ccbf2\"},\"inLanguage\":\"ro-RO\",\"potentialAction\":[{\"@type\":\"ReadAction\",\"target\":[\"https:\\\/\\\/www.btv.md\\\/ro\\\/academia-de-politie-visul-fetelor-din-balti\\\/\"]}]},{\"@type\":\"ImageObject\",\"inLanguage\":\"ro-RO\",\"@id\":\"https:\\\/\\\/www.btv.md\\\/ro\\\/academia-de-politie-visul-fetelor-din-balti\\\/#primaryimage\",\"url\":\"https:\\\/\\\/www.btv.md\\\/wp-content\\\/uploads\\\/2016\\\/06\\\/polis.jpg\",\"contentUrl\":\"https:\\\/\\\/www.btv.md\\\/wp-content\\\/uploads\\\/2016\\\/06\\\/polis.jpg\",\"width\":600,\"height\":400},{\"@type\":\"WebSite\",\"@id\":\"https:\\\/\\\/www.btv.md\\\/#website\",\"url\":\"https:\\\/\\\/www.btv.md\\\/\",\"name\":\"BTV\",\"description\":\"\u0411\u0435\u043b\u044c\u0446\u043a\u043e\u0435 \u0442\u0435\u043b\u0435\u0432\u0438\u0434\u0435\u043d\u0438\u0435\",\"potentialAction\":[{\"@type\":\"SearchAction\",\"target\":{\"@type\":\"EntryPoint\",\"urlTemplate\":\"https:\\\/\\\/www.btv.md\\\/?s={search_term_string}\"},\"query-input\":{\"@type\":\"PropertyValueSpecification\",\"valueRequired\":true,\"valueName\":\"search_term_string\"}}],\"inLanguage\":\"ro-RO\"},{\"@type\":\"Person\",\"@id\":\"https:\\\/\\\/www.btv.md\\\/#\\\/schema\\\/person\\\/8fadce81561b3ce2c34c46dadc4ccbf2\",\"name\":\"admin\"}]}<\/script>\n<!-- \/ Yoast SEO plugin. -->","yoast_head_json":{"title":"ACADEMIA DE POLI\u021aIE, VISUL FETELOR DIN B\u0102L\u021aI - BTV","robots":{"index":"index","follow":"follow","max-snippet":"max-snippet:-1","max-image-preview":"max-image-preview:large","max-video-preview":"max-video-preview:-1"},"canonical":"https:\/\/www.btv.md\/ro\/academia-de-politie-visul-fetelor-din-balti\/","og_locale":"ro_RO","og_type":"article","og_title":"ACADEMIA DE POLI\u021aIE, VISUL FETELOR DIN B\u0102L\u021aI - BTV","og_description":"Vor s\u0103 schimbe rochiile \u015fi pantofii cu toc pe arm\u0103 \u015fi uniform\u0103 de poli\u021bist, cel pu\u0163in pentru urm\u0103torii patru ani. Vorbim despre fetele care au ales s\u0103 studieze la Academia de Poli\u021bie \u0218tefan cel Mare din Chi\u0219in\u0103u. Num\u0103rul dosarelor \u00eenregistrate la Inspectoratul de Poli\u021bie B\u0103l\u021bi arat\u0103 c\u0103 \u00een acest an, majoritatea candida\u021bilor sunt fete. Pentru [&hellip;]","og_url":"https:\/\/www.btv.md\/ro\/academia-de-politie-visul-fetelor-din-balti\/","og_site_name":"BTV","article_publisher":"https:\/\/www.facebook.com\/btvmoldova\/","article_published_time":"2016-06-09T12:44:15+00:00","article_modified_time":"2016-06-09T12:44:28+00:00","og_image":[{"width":600,"height":400,"url":"https:\/\/www.btv.md\/wp-content\/uploads\/2016\/06\/polis.jpg","type":"image\/jpeg"}],"author":"admin","twitter_misc":{"Scris de":"admin","Timp estimat pentru citire":"1 minut"},"schema":{"@context":"https:\/\/schema.org","@graph":[{"@type":"Article","@id":"https:\/\/www.btv.md\/ro\/academia-de-politie-visul-fetelor-din-balti\/#article","isPartOf":{"@id":"https:\/\/www.btv.md\/ro\/academia-de-politie-visul-fetelor-din-balti\/"},"author":{"name":"admin","@id":"https:\/\/www.btv.md\/#\/schema\/person\/8fadce81561b3ce2c34c46dadc4ccbf2"},"headline":"ACADEMIA DE POLI\u021aIE, VISUL FETELOR DIN B\u0102L\u021aI","datePublished":"2016-06-09T12:44:15+00:00","dateModified":"2016-06-09T12:44:28+00:00","mainEntityOfPage":{"@id":"https:\/\/www.btv.md\/ro\/academia-de-politie-visul-fetelor-din-balti\/"},"wordCount":252,"image":{"@id":"https:\/\/www.btv.md\/ro\/academia-de-politie-visul-fetelor-din-balti\/#primaryimage"},"thumbnailUrl":"https:\/\/www.btv.md\/wp-content\/uploads\/2016\/06\/polis.jpg","articleSection":["\u0413\u043e\u0440\u043e\u0434"],"inLanguage":"ro-RO"},{"@type":"WebPage","@id":"https:\/\/www.btv.md\/ro\/academia-de-politie-visul-fetelor-din-balti\/","url":"https:\/\/www.btv.md\/ro\/academia-de-politie-visul-fetelor-din-balti\/","name":"ACADEMIA DE POLI\u021aIE, VISUL FETELOR DIN B\u0102L\u021aI - BTV","isPartOf":{"@id":"https:\/\/www.btv.md\/#website"},"primaryImageOfPage":{"@id":"https:\/\/www.btv.md\/ro\/academia-de-politie-visul-fetelor-din-balti\/#primaryimage"},"image":{"@id":"https:\/\/www.btv.md\/ro\/academia-de-politie-visul-fetelor-din-balti\/#primaryimage"},"thumbnailUrl":"https:\/\/www.btv.md\/wp-content\/uploads\/2016\/06\/polis.jpg","datePublished":"2016-06-09T12:44:15+00:00","dateModified":"2016-06-09T12:44:28+00:00","author":{"@id":"https:\/\/www.btv.md\/#\/schema\/person\/8fadce81561b3ce2c34c46dadc4ccbf2"},"inLanguage":"ro-RO","potentialAction":[{"@type":"ReadAction","target":["https:\/\/www.btv.md\/ro\/academia-de-politie-visul-fetelor-din-balti\/"]}]},{"@type":"ImageObject","inLanguage":"ro-RO","@id":"https:\/\/www.btv.md\/ro\/academia-de-politie-visul-fetelor-din-balti\/#primaryimage","url":"https:\/\/www.btv.md\/wp-content\/uploads\/2016\/06\/polis.jpg","contentUrl":"https:\/\/www.btv.md\/wp-content\/uploads\/2016\/06\/polis.jpg","width":600,"height":400},{"@type":"WebSite","@id":"https:\/\/www.btv.md\/#website","url":"https:\/\/www.btv.md\/","name":"BTV","description":"\u0411\u0435\u043b\u044c\u0446\u043a\u043e\u0435 \u0442\u0435\u043b\u0435\u0432\u0438\u0434\u0435\u043d\u0438\u0435","potentialAction":[{"@type":"SearchAction","target":{"@type":"EntryPoint","urlTemplate":"https:\/\/www.btv.md\/?s={search_term_string}"},"query-input":{"@type":"PropertyValueSpecification","valueRequired":true,"valueName":"search_term_string"}}],"inLanguage":"ro-RO"},{"@type":"Person","@id":"https:\/\/www.btv.md\/#\/schema\/person\/8fadce81561b3ce2c34c46dadc4ccbf2","name":"admin"}]}},"_links":{"self":[{"href":"https:\/\/www.btv.md\/ro\/wp-json\/wp\/v2\/posts\/14447","targetHints":{"allow":["GET"]}}],"collection":[{"href":"https:\/\/www.btv.md\/ro\/wp-json\/wp\/v2\/posts"}],"about":[{"href":"https:\/\/www.btv.md\/ro\/wp-json\/wp\/v2\/types\/post"}],"author":[{"embeddable":true,"href":"https:\/\/www.btv.md\/ro\/wp-json\/wp\/v2\/users\/4"}],"replies":[{"embeddable":true,"href":"https:\/\/www.btv.md\/ro\/wp-json\/wp\/v2\/comments?post=14447"}],"version-history":[{"count":0,"href":"https:\/\/www.btv.md\/ro\/wp-json\/wp\/v2\/posts\/14447\/revisions"}],"wp:featuredmedia":[{"embeddable":true,"href":"https:\/\/www.btv.md\/ro\/wp-json\/wp\/v2\/media\/14448"}],"wp:attachment":[{"href":"https:\/\/www.btv.md\/ro\/wp-json\/wp\/v2\/media?parent=14447"}],"wp:term":[{"taxonomy":"category","embeddable":true,"href":"https:\/\/www.btv.md\/ro\/wp-json\/wp\/v2\/categories?post=14447"},{"taxonomy":"post_tag","embeddable":true,"href":"https:\/\/www.btv.md\/ro\/wp-json\/wp\/v2\/tags?post=14447"}],"curies":[{"name":"wp","href":"https:\/\/api.w.org\/{rel}","templated":true}]}}