{"id":14462,"date":"2016-06-09T17:09:46","date_gmt":"2016-06-09T14:09:46","guid":{"rendered":"http:\/\/btv.md\/?p=14462"},"modified":"2016-06-09T17:09:57","modified_gmt":"2016-06-09T14:09:57","slug":"padurarii-vor-invata-sum-sa-pastreze-padurile","status":"publish","type":"post","link":"https:\/\/www.btv.md\/ro\/padurarii-vor-invata-sum-sa-pastreze-padurile\/","title":{"rendered":"P\u0102DURARII VOR \u00ceNV\u0102\u021aA SUM S\u0102 P\u0102STREZE P\u0102DURILE"},"content":{"rendered":"<p>P\u0103durarii din \u00eentreag\u0103 \u021bar\u0103 vor fi instrui\u021bi \u00een institu\u021biile superioare de profil cum s\u0103 foloseasc\u0103 ra\u021bional resursele forestiere. \u00cen acest scop mai mul\u021bi reprezentan\u021bi ai institu\u0163iilor superioare de \u00eenv\u0103\u0163\u0103m\u00eent din mai multe \u021b\u0103ri s-au adunat la B\u0103l\u021bi pentru a elabora un proiect educa\u021bional care ar permite \u00eensu\u0219irea modalit\u0103\u021bilor de folosire durabil\u0103 a p\u0103durilor.<\/p>\n<p><iframe width=\"1170\" height=\"878\" data-src=\"https:\/\/www.youtube.com\/embed\/NOiR_u8nLQI?wmode=transparent&amp;rel=0&amp;feature=oembed\" frameborder=\"0\" allow=\"accelerometer; autoplay; encrypted-media; gyroscope; picture-in-picture\" allowfullscreen src=\"data:image\/svg+xml;base64,PHN2ZyB3aWR0aD0iMSIgaGVpZ2h0PSIxIiB4bWxucz0iaHR0cDovL3d3dy53My5vcmcvMjAwMC9zdmciPjwvc3ZnPg==\" class=\"lazyload\" data-load-mode=\"1\"><\/iframe><\/p>\n<p>Potrivit coordonatorului de proiect, Zoia Empilova, de la Academia de \u0218tiin\u021be din Baku aceste module vor permite persoaneleor implicate s\u0103 informeze cet\u0103\u021benii despre importan\u021ba ocrotirii p\u0103durilor.<\/p>\n<p>Un alt participant al consor\u021biului este Jorge Alcazar, un lector de la una din\u00a0 Universit\u0103\u021bile din Spania, care spune c\u0103 nu doar studen\u021bii pot s\u0103 beneficieze de acest suport informa\u021bional dar \u0219i cet\u0103\u021benii de r\u00e2nd.<\/p>\n<p>La \u00eent\u00e2lnire au participat reprezentan\u0163i ai institu\u0163iilor superioare de \u00eenv\u0103\u0163\u0103m\u00eent din Spania, Austria, Finlanda, Germania, Federa\u0163ia Rus\u0103 \u015fi Republica Moldova.<\/p>\n","protected":false},"excerpt":{"rendered":"<p>P\u0103durarii din \u00eentreag\u0103 \u021bar\u0103 vor fi instrui\u021bi \u00een institu\u021biile superioare de profil cum s\u0103 foloseasc\u0103 ra\u021bional resursele forestiere. \u00cen acest scop mai mul\u021bi reprezentan\u021bi ai institu\u0163iilor superioare de \u00eenv\u0103\u0163\u0103m\u00eent din mai multe \u021b\u0103ri s-au adunat la B\u0103l\u021bi pentru a elabora un proiect educa\u021bional care ar permite \u00eensu\u0219irea modalit\u0103\u021bilor de folosire durabil\u0103 a p\u0103durilor. Potrivit coordonatorului [&hellip;]<\/p>\n","protected":false},"author":4,"featured_media":14463,"comment_status":"closed","ping_status":"closed","sticky":false,"template":"","format":"standard","meta":{"footnotes":""},"categories":[6353],"tags":[],"class_list":["post-14462","post","type-post","status-publish","format-standard","has-post-thumbnail","hentry","category-oras"],"yoast_head":"<!-- This site is optimized with the Yoast SEO plugin v27.4 - https:\/\/yoast.com\/product\/yoast-seo-wordpress\/ -->\n<title>P\u0102DURARII VOR \u00ceNV\u0102\u021aA SUM S\u0102 P\u0102STREZE P\u0102DURILE  - BTV<\/title>\n<meta name=\"robots\" content=\"index, follow, max-snippet:-1, max-image-preview:large, max-video-preview:-1\" \/>\n<link rel=\"canonical\" href=\"https:\/\/www.btv.md\/ro\/padurarii-vor-invata-sum-sa-pastreze-padurile\/\" \/>\n<meta property=\"og:locale\" content=\"ro_RO\" \/>\n<meta property=\"og:type\" content=\"article\" \/>\n<meta property=\"og:title\" content=\"P\u0102DURARII VOR \u00ceNV\u0102\u021aA SUM S\u0102 P\u0102STREZE P\u0102DURILE  - BTV\" \/>\n<meta property=\"og:description\" content=\"P\u0103durarii din \u00eentreag\u0103 \u021bar\u0103 vor fi instrui\u021bi \u00een institu\u021biile superioare de profil cum s\u0103 foloseasc\u0103 ra\u021bional resursele forestiere. \u00cen acest scop mai mul\u021bi reprezentan\u021bi ai institu\u0163iilor superioare de \u00eenv\u0103\u0163\u0103m\u00eent din mai multe \u021b\u0103ri s-au adunat la B\u0103l\u021bi pentru a elabora un proiect educa\u021bional care ar permite \u00eensu\u0219irea modalit\u0103\u021bilor de folosire durabil\u0103 a p\u0103durilor. Potrivit coordonatorului [&hellip;]\" \/>\n<meta property=\"og:url\" content=\"https:\/\/www.btv.md\/ro\/padurarii-vor-invata-sum-sa-pastreze-padurile\/\" \/>\n<meta property=\"og:site_name\" content=\"BTV\" \/>\n<meta property=\"article:publisher\" content=\"https:\/\/www.facebook.com\/btvmoldova\/\" \/>\n<meta property=\"article:published_time\" content=\"2016-06-09T14:09:46+00:00\" \/>\n<meta property=\"article:modified_time\" content=\"2016-06-09T14:09:57+00:00\" \/>\n<meta property=\"og:image\" content=\"https:\/\/www.btv.md\/wp-content\/uploads\/2016\/06\/p.jpg\" \/>\n\t<meta property=\"og:image:width\" content=\"600\" \/>\n\t<meta property=\"og:image:height\" content=\"400\" \/>\n\t<meta property=\"og:image:type\" content=\"image\/jpeg\" \/>\n<meta name=\"author\" content=\"admin\" \/>\n<meta name=\"twitter:label1\" content=\"Scris de\" \/>\n\t<meta name=\"twitter:data1\" content=\"admin\" \/>\n\t<meta name=\"twitter:label2\" content=\"Timp estimat pentru citire\" \/>\n\t<meta name=\"twitter:data2\" content=\"1 minut\" \/>\n<script type=\"application\/ld+json\" class=\"yoast-schema-graph\">{\"@context\":\"https:\\\/\\\/schema.org\",\"@graph\":[{\"@type\":\"Article\",\"@id\":\"https:\\\/\\\/www.btv.md\\\/ro\\\/padurarii-vor-invata-sum-sa-pastreze-padurile\\\/#article\",\"isPartOf\":{\"@id\":\"https:\\\/\\\/www.btv.md\\\/ro\\\/padurarii-vor-invata-sum-sa-pastreze-padurile\\\/\"},\"author\":{\"name\":\"admin\",\"@id\":\"https:\\\/\\\/www.btv.md\\\/#\\\/schema\\\/person\\\/8fadce81561b3ce2c34c46dadc4ccbf2\"},\"headline\":\"P\u0102DURARII VOR \u00ceNV\u0102\u021aA SUM S\u0102 P\u0102STREZE P\u0102DURILE\",\"datePublished\":\"2016-06-09T14:09:46+00:00\",\"dateModified\":\"2016-06-09T14:09:57+00:00\",\"mainEntityOfPage\":{\"@id\":\"https:\\\/\\\/www.btv.md\\\/ro\\\/padurarii-vor-invata-sum-sa-pastreze-padurile\\\/\"},\"wordCount\":188,\"image\":{\"@id\":\"https:\\\/\\\/www.btv.md\\\/ro\\\/padurarii-vor-invata-sum-sa-pastreze-padurile\\\/#primaryimage\"},\"thumbnailUrl\":\"https:\\\/\\\/www.btv.md\\\/wp-content\\\/uploads\\\/2016\\\/06\\\/p.jpg\",\"articleSection\":[\"Ora\u0219\"],\"inLanguage\":\"ro-RO\"},{\"@type\":\"WebPage\",\"@id\":\"https:\\\/\\\/www.btv.md\\\/ro\\\/padurarii-vor-invata-sum-sa-pastreze-padurile\\\/\",\"url\":\"https:\\\/\\\/www.btv.md\\\/ro\\\/padurarii-vor-invata-sum-sa-pastreze-padurile\\\/\",\"name\":\"P\u0102DURARII VOR \u00ceNV\u0102\u021aA SUM S\u0102 P\u0102STREZE P\u0102DURILE - BTV\",\"isPartOf\":{\"@id\":\"https:\\\/\\\/www.btv.md\\\/#website\"},\"primaryImageOfPage\":{\"@id\":\"https:\\\/\\\/www.btv.md\\\/ro\\\/padurarii-vor-invata-sum-sa-pastreze-padurile\\\/#primaryimage\"},\"image\":{\"@id\":\"https:\\\/\\\/www.btv.md\\\/ro\\\/padurarii-vor-invata-sum-sa-pastreze-padurile\\\/#primaryimage\"},\"thumbnailUrl\":\"https:\\\/\\\/www.btv.md\\\/wp-content\\\/uploads\\\/2016\\\/06\\\/p.jpg\",\"datePublished\":\"2016-06-09T14:09:46+00:00\",\"dateModified\":\"2016-06-09T14:09:57+00:00\",\"author\":{\"@id\":\"https:\\\/\\\/www.btv.md\\\/#\\\/schema\\\/person\\\/8fadce81561b3ce2c34c46dadc4ccbf2\"},\"inLanguage\":\"ro-RO\",\"potentialAction\":[{\"@type\":\"ReadAction\",\"target\":[\"https:\\\/\\\/www.btv.md\\\/ro\\\/padurarii-vor-invata-sum-sa-pastreze-padurile\\\/\"]}]},{\"@type\":\"ImageObject\",\"inLanguage\":\"ro-RO\",\"@id\":\"https:\\\/\\\/www.btv.md\\\/ro\\\/padurarii-vor-invata-sum-sa-pastreze-padurile\\\/#primaryimage\",\"url\":\"https:\\\/\\\/www.btv.md\\\/wp-content\\\/uploads\\\/2016\\\/06\\\/p.jpg\",\"contentUrl\":\"https:\\\/\\\/www.btv.md\\\/wp-content\\\/uploads\\\/2016\\\/06\\\/p.jpg\",\"width\":600,\"height\":400},{\"@type\":\"WebSite\",\"@id\":\"https:\\\/\\\/www.btv.md\\\/#website\",\"url\":\"https:\\\/\\\/www.btv.md\\\/\",\"name\":\"BTV\",\"description\":\"\u0411\u0435\u043b\u044c\u0446\u043a\u043e\u0435 \u0442\u0435\u043b\u0435\u0432\u0438\u0434\u0435\u043d\u0438\u0435\",\"potentialAction\":[{\"@type\":\"SearchAction\",\"target\":{\"@type\":\"EntryPoint\",\"urlTemplate\":\"https:\\\/\\\/www.btv.md\\\/?s={search_term_string}\"},\"query-input\":{\"@type\":\"PropertyValueSpecification\",\"valueRequired\":true,\"valueName\":\"search_term_string\"}}],\"inLanguage\":\"ro-RO\"},{\"@type\":\"Person\",\"@id\":\"https:\\\/\\\/www.btv.md\\\/#\\\/schema\\\/person\\\/8fadce81561b3ce2c34c46dadc4ccbf2\",\"name\":\"admin\"}]}<\/script>\n<!-- \/ Yoast SEO plugin. -->","yoast_head_json":{"title":"P\u0102DURARII VOR \u00ceNV\u0102\u021aA SUM S\u0102 P\u0102STREZE P\u0102DURILE  - BTV","robots":{"index":"index","follow":"follow","max-snippet":"max-snippet:-1","max-image-preview":"max-image-preview:large","max-video-preview":"max-video-preview:-1"},"canonical":"https:\/\/www.btv.md\/ro\/padurarii-vor-invata-sum-sa-pastreze-padurile\/","og_locale":"ro_RO","og_type":"article","og_title":"P\u0102DURARII VOR \u00ceNV\u0102\u021aA SUM S\u0102 P\u0102STREZE P\u0102DURILE  - BTV","og_description":"P\u0103durarii din \u00eentreag\u0103 \u021bar\u0103 vor fi instrui\u021bi \u00een institu\u021biile superioare de profil cum s\u0103 foloseasc\u0103 ra\u021bional resursele forestiere. \u00cen acest scop mai mul\u021bi reprezentan\u021bi ai institu\u0163iilor superioare de \u00eenv\u0103\u0163\u0103m\u00eent din mai multe \u021b\u0103ri s-au adunat la B\u0103l\u021bi pentru a elabora un proiect educa\u021bional care ar permite \u00eensu\u0219irea modalit\u0103\u021bilor de folosire durabil\u0103 a p\u0103durilor. Potrivit coordonatorului [&hellip;]","og_url":"https:\/\/www.btv.md\/ro\/padurarii-vor-invata-sum-sa-pastreze-padurile\/","og_site_name":"BTV","article_publisher":"https:\/\/www.facebook.com\/btvmoldova\/","article_published_time":"2016-06-09T14:09:46+00:00","article_modified_time":"2016-06-09T14:09:57+00:00","og_image":[{"width":600,"height":400,"url":"https:\/\/www.btv.md\/wp-content\/uploads\/2016\/06\/p.jpg","type":"image\/jpeg"}],"author":"admin","twitter_misc":{"Scris de":"admin","Timp estimat pentru citire":"1 minut"},"schema":{"@context":"https:\/\/schema.org","@graph":[{"@type":"Article","@id":"https:\/\/www.btv.md\/ro\/padurarii-vor-invata-sum-sa-pastreze-padurile\/#article","isPartOf":{"@id":"https:\/\/www.btv.md\/ro\/padurarii-vor-invata-sum-sa-pastreze-padurile\/"},"author":{"name":"admin","@id":"https:\/\/www.btv.md\/#\/schema\/person\/8fadce81561b3ce2c34c46dadc4ccbf2"},"headline":"P\u0102DURARII VOR \u00ceNV\u0102\u021aA SUM S\u0102 P\u0102STREZE P\u0102DURILE","datePublished":"2016-06-09T14:09:46+00:00","dateModified":"2016-06-09T14:09:57+00:00","mainEntityOfPage":{"@id":"https:\/\/www.btv.md\/ro\/padurarii-vor-invata-sum-sa-pastreze-padurile\/"},"wordCount":188,"image":{"@id":"https:\/\/www.btv.md\/ro\/padurarii-vor-invata-sum-sa-pastreze-padurile\/#primaryimage"},"thumbnailUrl":"https:\/\/www.btv.md\/wp-content\/uploads\/2016\/06\/p.jpg","articleSection":["Ora\u0219"],"inLanguage":"ro-RO"},{"@type":"WebPage","@id":"https:\/\/www.btv.md\/ro\/padurarii-vor-invata-sum-sa-pastreze-padurile\/","url":"https:\/\/www.btv.md\/ro\/padurarii-vor-invata-sum-sa-pastreze-padurile\/","name":"P\u0102DURARII VOR \u00ceNV\u0102\u021aA SUM S\u0102 P\u0102STREZE P\u0102DURILE - BTV","isPartOf":{"@id":"https:\/\/www.btv.md\/#website"},"primaryImageOfPage":{"@id":"https:\/\/www.btv.md\/ro\/padurarii-vor-invata-sum-sa-pastreze-padurile\/#primaryimage"},"image":{"@id":"https:\/\/www.btv.md\/ro\/padurarii-vor-invata-sum-sa-pastreze-padurile\/#primaryimage"},"thumbnailUrl":"https:\/\/www.btv.md\/wp-content\/uploads\/2016\/06\/p.jpg","datePublished":"2016-06-09T14:09:46+00:00","dateModified":"2016-06-09T14:09:57+00:00","author":{"@id":"https:\/\/www.btv.md\/#\/schema\/person\/8fadce81561b3ce2c34c46dadc4ccbf2"},"inLanguage":"ro-RO","potentialAction":[{"@type":"ReadAction","target":["https:\/\/www.btv.md\/ro\/padurarii-vor-invata-sum-sa-pastreze-padurile\/"]}]},{"@type":"ImageObject","inLanguage":"ro-RO","@id":"https:\/\/www.btv.md\/ro\/padurarii-vor-invata-sum-sa-pastreze-padurile\/#primaryimage","url":"https:\/\/www.btv.md\/wp-content\/uploads\/2016\/06\/p.jpg","contentUrl":"https:\/\/www.btv.md\/wp-content\/uploads\/2016\/06\/p.jpg","width":600,"height":400},{"@type":"WebSite","@id":"https:\/\/www.btv.md\/#website","url":"https:\/\/www.btv.md\/","name":"BTV","description":"\u0411\u0435\u043b\u044c\u0446\u043a\u043e\u0435 \u0442\u0435\u043b\u0435\u0432\u0438\u0434\u0435\u043d\u0438\u0435","potentialAction":[{"@type":"SearchAction","target":{"@type":"EntryPoint","urlTemplate":"https:\/\/www.btv.md\/?s={search_term_string}"},"query-input":{"@type":"PropertyValueSpecification","valueRequired":true,"valueName":"search_term_string"}}],"inLanguage":"ro-RO"},{"@type":"Person","@id":"https:\/\/www.btv.md\/#\/schema\/person\/8fadce81561b3ce2c34c46dadc4ccbf2","name":"admin"}]}},"_links":{"self":[{"href":"https:\/\/www.btv.md\/ro\/wp-json\/wp\/v2\/posts\/14462","targetHints":{"allow":["GET"]}}],"collection":[{"href":"https:\/\/www.btv.md\/ro\/wp-json\/wp\/v2\/posts"}],"about":[{"href":"https:\/\/www.btv.md\/ro\/wp-json\/wp\/v2\/types\/post"}],"author":[{"embeddable":true,"href":"https:\/\/www.btv.md\/ro\/wp-json\/wp\/v2\/users\/4"}],"replies":[{"embeddable":true,"href":"https:\/\/www.btv.md\/ro\/wp-json\/wp\/v2\/comments?post=14462"}],"version-history":[{"count":0,"href":"https:\/\/www.btv.md\/ro\/wp-json\/wp\/v2\/posts\/14462\/revisions"}],"wp:featuredmedia":[{"embeddable":true,"href":"https:\/\/www.btv.md\/ro\/wp-json\/wp\/v2\/media\/14463"}],"wp:attachment":[{"href":"https:\/\/www.btv.md\/ro\/wp-json\/wp\/v2\/media?parent=14462"}],"wp:term":[{"taxonomy":"category","embeddable":true,"href":"https:\/\/www.btv.md\/ro\/wp-json\/wp\/v2\/categories?post=14462"},{"taxonomy":"post_tag","embeddable":true,"href":"https:\/\/www.btv.md\/ro\/wp-json\/wp\/v2\/tags?post=14462"}],"curies":[{"name":"wp","href":"https:\/\/api.w.org\/{rel}","templated":true}]}}