{"id":14468,"date":"2016-06-10T15:49:13","date_gmt":"2016-06-10T12:49:13","guid":{"rendered":"http:\/\/btv.md\/?p=14468"},"modified":"2016-06-10T15:49:23","modified_gmt":"2016-06-10T12:49:23","slug":"masina-in-flacari-la-balti-scurtcircuit-sau-incendiere-intentionata","status":"publish","type":"post","link":"https:\/\/www.btv.md\/ro\/masina-in-flacari-la-balti-scurtcircuit-sau-incendiere-intentionata\/","title":{"rendered":"MA\u0218IN\u0102  \u00ceN  FL\u0102C\u0102RI  LA  B\u0102L\u021aI. SCURTCIRCUIT  SAU  INCENDIERE  INTEN\u021aIONAT\u0102?"},"content":{"rendered":"<p>Un \u0219ofer din B\u0103l\u021bi s-a pomenit cu ma\u0219ina ars\u0103. S-a \u00eent\u00e2mplat pe strada Chi\u0219in\u0103ului 48, \u00een diminea\u021ba zilei de vineri.<\/p>\n<p><iframe width=\"1170\" height=\"878\" data-src=\"https:\/\/www.youtube.com\/embed\/4hZ_dR-jVR0?wmode=transparent&amp;rel=0&amp;feature=oembed\" frameborder=\"0\" allow=\"accelerometer; autoplay; encrypted-media; gyroscope; picture-in-picture\" allowfullscreen src=\"data:image\/svg+xml;base64,PHN2ZyB3aWR0aD0iMSIgaGVpZ2h0PSIxIiB4bWxucz0iaHR0cDovL3d3dy53My5vcmcvMjAwMC9zdmciPjwvc3ZnPg==\" class=\"lazyload\" data-load-mode=\"1\"><\/iframe><\/p>\n<p>Serviciul 901 a fost alertat la ora 04:13 minute, echipa de pompieri reu\u0219ind s\u0103 lichideze focul\u00a0 \u00een doar c\u00e2teva minute. Din spusele proprietarului ma\u0219ina era parcat\u0103 \u00een curtea de bloc, unde mul\u021bi au avut posibilitatea s\u0103 se apropie de ea.<\/p>\n<p>&nbsp;<\/p>\n<p>Cauzele preliminarea a producerii incendiului ar fi un scurt circuit a firelor electrice ale automobilului sau incendiere inten\u021bionat\u0103.<\/p>\n","protected":false},"excerpt":{"rendered":"<p>Un \u0219ofer din B\u0103l\u021bi s-a pomenit cu ma\u0219ina ars\u0103. S-a \u00eent\u00e2mplat pe strada Chi\u0219in\u0103ului 48, \u00een diminea\u021ba zilei de vineri. Serviciul 901 a fost alertat la ora 04:13 minute, echipa de pompieri reu\u0219ind s\u0103 lichideze focul\u00a0 \u00een doar c\u00e2teva minute. Din spusele proprietarului ma\u0219ina era parcat\u0103 \u00een curtea de bloc, unde mul\u021bi au avut posibilitatea [&hellip;]<\/p>\n","protected":false},"author":4,"featured_media":14469,"comment_status":"closed","ping_status":"closed","sticky":false,"template":"","format":"standard","meta":{"footnotes":""},"categories":[15],"tags":[],"class_list":["post-14468","post","type-post","status-publish","format-standard","has-post-thumbnail","hentry","category-proishestvia"],"yoast_head":"<!-- This site is optimized with the Yoast SEO plugin v27.4 - https:\/\/yoast.com\/product\/yoast-seo-wordpress\/ -->\n<title>MA\u0218IN\u0102 \u00ceN FL\u0102C\u0102RI LA B\u0102L\u021aI. SCURTCIRCUIT SAU INCENDIERE INTEN\u021aIONAT\u0102? - BTV<\/title>\n<meta name=\"robots\" content=\"index, follow, max-snippet:-1, max-image-preview:large, max-video-preview:-1\" \/>\n<link rel=\"canonical\" href=\"https:\/\/www.btv.md\/ro\/masina-in-flacari-la-balti-scurtcircuit-sau-incendiere-intentionata\/\" \/>\n<meta property=\"og:locale\" content=\"ro_RO\" \/>\n<meta property=\"og:type\" content=\"article\" \/>\n<meta property=\"og:title\" content=\"MA\u0218IN\u0102 \u00ceN FL\u0102C\u0102RI LA B\u0102L\u021aI. SCURTCIRCUIT SAU INCENDIERE INTEN\u021aIONAT\u0102? - BTV\" \/>\n<meta property=\"og:description\" content=\"Un \u0219ofer din B\u0103l\u021bi s-a pomenit cu ma\u0219ina ars\u0103. S-a \u00eent\u00e2mplat pe strada Chi\u0219in\u0103ului 48, \u00een diminea\u021ba zilei de vineri. Serviciul 901 a fost alertat la ora 04:13 minute, echipa de pompieri reu\u0219ind s\u0103 lichideze focul\u00a0 \u00een doar c\u00e2teva minute. Din spusele proprietarului ma\u0219ina era parcat\u0103 \u00een curtea de bloc, unde mul\u021bi au avut posibilitatea [&hellip;]\" \/>\n<meta property=\"og:url\" content=\"https:\/\/www.btv.md\/ro\/masina-in-flacari-la-balti-scurtcircuit-sau-incendiere-intentionata\/\" \/>\n<meta property=\"og:site_name\" content=\"BTV\" \/>\n<meta property=\"article:publisher\" content=\"https:\/\/www.facebook.com\/btvmoldova\/\" \/>\n<meta property=\"article:published_time\" content=\"2016-06-10T12:49:13+00:00\" \/>\n<meta property=\"article:modified_time\" content=\"2016-06-10T12:49:23+00:00\" \/>\n<meta property=\"og:image\" content=\"https:\/\/www.btv.md\/wp-content\/uploads\/2016\/06\/masina.jpg\" \/>\n\t<meta property=\"og:image:width\" content=\"600\" \/>\n\t<meta property=\"og:image:height\" content=\"400\" \/>\n\t<meta property=\"og:image:type\" content=\"image\/jpeg\" \/>\n<meta name=\"author\" content=\"admin\" \/>\n<meta name=\"twitter:label1\" content=\"Scris de\" \/>\n\t<meta name=\"twitter:data1\" content=\"admin\" \/>\n<script type=\"application\/ld+json\" class=\"yoast-schema-graph\">{\"@context\":\"https:\\\/\\\/schema.org\",\"@graph\":[{\"@type\":\"Article\",\"@id\":\"https:\\\/\\\/www.btv.md\\\/ro\\\/masina-in-flacari-la-balti-scurtcircuit-sau-incendiere-intentionata\\\/#article\",\"isPartOf\":{\"@id\":\"https:\\\/\\\/www.btv.md\\\/ro\\\/masina-in-flacari-la-balti-scurtcircuit-sau-incendiere-intentionata\\\/\"},\"author\":{\"name\":\"admin\",\"@id\":\"https:\\\/\\\/www.btv.md\\\/#\\\/schema\\\/person\\\/8fadce81561b3ce2c34c46dadc4ccbf2\"},\"headline\":\"MA\u0218IN\u0102 \u00ceN FL\u0102C\u0102RI LA B\u0102L\u021aI. SCURTCIRCUIT SAU INCENDIERE INTEN\u021aIONAT\u0102?\",\"datePublished\":\"2016-06-10T12:49:13+00:00\",\"dateModified\":\"2016-06-10T12:49:23+00:00\",\"mainEntityOfPage\":{\"@id\":\"https:\\\/\\\/www.btv.md\\\/ro\\\/masina-in-flacari-la-balti-scurtcircuit-sau-incendiere-intentionata\\\/\"},\"wordCount\":114,\"image\":{\"@id\":\"https:\\\/\\\/www.btv.md\\\/ro\\\/masina-in-flacari-la-balti-scurtcircuit-sau-incendiere-intentionata\\\/#primaryimage\"},\"thumbnailUrl\":\"https:\\\/\\\/www.btv.md\\\/wp-content\\\/uploads\\\/2016\\\/06\\\/masina.jpg\",\"articleSection\":[\"\u041f\u0440\u043e\u0438\u0441\u0448\u0435\u0441\u0442\u0432\u0438\u044f\"],\"inLanguage\":\"ro-RO\"},{\"@type\":\"WebPage\",\"@id\":\"https:\\\/\\\/www.btv.md\\\/ro\\\/masina-in-flacari-la-balti-scurtcircuit-sau-incendiere-intentionata\\\/\",\"url\":\"https:\\\/\\\/www.btv.md\\\/ro\\\/masina-in-flacari-la-balti-scurtcircuit-sau-incendiere-intentionata\\\/\",\"name\":\"MA\u0218IN\u0102 \u00ceN FL\u0102C\u0102RI LA B\u0102L\u021aI. SCURTCIRCUIT SAU INCENDIERE INTEN\u021aIONAT\u0102? - BTV\",\"isPartOf\":{\"@id\":\"https:\\\/\\\/www.btv.md\\\/#website\"},\"primaryImageOfPage\":{\"@id\":\"https:\\\/\\\/www.btv.md\\\/ro\\\/masina-in-flacari-la-balti-scurtcircuit-sau-incendiere-intentionata\\\/#primaryimage\"},\"image\":{\"@id\":\"https:\\\/\\\/www.btv.md\\\/ro\\\/masina-in-flacari-la-balti-scurtcircuit-sau-incendiere-intentionata\\\/#primaryimage\"},\"thumbnailUrl\":\"https:\\\/\\\/www.btv.md\\\/wp-content\\\/uploads\\\/2016\\\/06\\\/masina.jpg\",\"datePublished\":\"2016-06-10T12:49:13+00:00\",\"dateModified\":\"2016-06-10T12:49:23+00:00\",\"author\":{\"@id\":\"https:\\\/\\\/www.btv.md\\\/#\\\/schema\\\/person\\\/8fadce81561b3ce2c34c46dadc4ccbf2\"},\"inLanguage\":\"ro-RO\",\"potentialAction\":[{\"@type\":\"ReadAction\",\"target\":[\"https:\\\/\\\/www.btv.md\\\/ro\\\/masina-in-flacari-la-balti-scurtcircuit-sau-incendiere-intentionata\\\/\"]}]},{\"@type\":\"ImageObject\",\"inLanguage\":\"ro-RO\",\"@id\":\"https:\\\/\\\/www.btv.md\\\/ro\\\/masina-in-flacari-la-balti-scurtcircuit-sau-incendiere-intentionata\\\/#primaryimage\",\"url\":\"https:\\\/\\\/www.btv.md\\\/wp-content\\\/uploads\\\/2016\\\/06\\\/masina.jpg\",\"contentUrl\":\"https:\\\/\\\/www.btv.md\\\/wp-content\\\/uploads\\\/2016\\\/06\\\/masina.jpg\",\"width\":600,\"height\":400},{\"@type\":\"WebSite\",\"@id\":\"https:\\\/\\\/www.btv.md\\\/#website\",\"url\":\"https:\\\/\\\/www.btv.md\\\/\",\"name\":\"BTV\",\"description\":\"\u0411\u0435\u043b\u044c\u0446\u043a\u043e\u0435 \u0442\u0435\u043b\u0435\u0432\u0438\u0434\u0435\u043d\u0438\u0435\",\"potentialAction\":[{\"@type\":\"SearchAction\",\"target\":{\"@type\":\"EntryPoint\",\"urlTemplate\":\"https:\\\/\\\/www.btv.md\\\/?s={search_term_string}\"},\"query-input\":{\"@type\":\"PropertyValueSpecification\",\"valueRequired\":true,\"valueName\":\"search_term_string\"}}],\"inLanguage\":\"ro-RO\"},{\"@type\":\"Person\",\"@id\":\"https:\\\/\\\/www.btv.md\\\/#\\\/schema\\\/person\\\/8fadce81561b3ce2c34c46dadc4ccbf2\",\"name\":\"admin\"}]}<\/script>\n<!-- \/ Yoast SEO plugin. -->","yoast_head_json":{"title":"MA\u0218IN\u0102 \u00ceN FL\u0102C\u0102RI LA B\u0102L\u021aI. SCURTCIRCUIT SAU INCENDIERE INTEN\u021aIONAT\u0102? - BTV","robots":{"index":"index","follow":"follow","max-snippet":"max-snippet:-1","max-image-preview":"max-image-preview:large","max-video-preview":"max-video-preview:-1"},"canonical":"https:\/\/www.btv.md\/ro\/masina-in-flacari-la-balti-scurtcircuit-sau-incendiere-intentionata\/","og_locale":"ro_RO","og_type":"article","og_title":"MA\u0218IN\u0102 \u00ceN FL\u0102C\u0102RI LA B\u0102L\u021aI. SCURTCIRCUIT SAU INCENDIERE INTEN\u021aIONAT\u0102? - BTV","og_description":"Un \u0219ofer din B\u0103l\u021bi s-a pomenit cu ma\u0219ina ars\u0103. S-a \u00eent\u00e2mplat pe strada Chi\u0219in\u0103ului 48, \u00een diminea\u021ba zilei de vineri. Serviciul 901 a fost alertat la ora 04:13 minute, echipa de pompieri reu\u0219ind s\u0103 lichideze focul\u00a0 \u00een doar c\u00e2teva minute. Din spusele proprietarului ma\u0219ina era parcat\u0103 \u00een curtea de bloc, unde mul\u021bi au avut posibilitatea [&hellip;]","og_url":"https:\/\/www.btv.md\/ro\/masina-in-flacari-la-balti-scurtcircuit-sau-incendiere-intentionata\/","og_site_name":"BTV","article_publisher":"https:\/\/www.facebook.com\/btvmoldova\/","article_published_time":"2016-06-10T12:49:13+00:00","article_modified_time":"2016-06-10T12:49:23+00:00","og_image":[{"width":600,"height":400,"url":"https:\/\/www.btv.md\/wp-content\/uploads\/2016\/06\/masina.jpg","type":"image\/jpeg"}],"author":"admin","twitter_misc":{"Scris de":"admin"},"schema":{"@context":"https:\/\/schema.org","@graph":[{"@type":"Article","@id":"https:\/\/www.btv.md\/ro\/masina-in-flacari-la-balti-scurtcircuit-sau-incendiere-intentionata\/#article","isPartOf":{"@id":"https:\/\/www.btv.md\/ro\/masina-in-flacari-la-balti-scurtcircuit-sau-incendiere-intentionata\/"},"author":{"name":"admin","@id":"https:\/\/www.btv.md\/#\/schema\/person\/8fadce81561b3ce2c34c46dadc4ccbf2"},"headline":"MA\u0218IN\u0102 \u00ceN FL\u0102C\u0102RI LA B\u0102L\u021aI. SCURTCIRCUIT SAU INCENDIERE INTEN\u021aIONAT\u0102?","datePublished":"2016-06-10T12:49:13+00:00","dateModified":"2016-06-10T12:49:23+00:00","mainEntityOfPage":{"@id":"https:\/\/www.btv.md\/ro\/masina-in-flacari-la-balti-scurtcircuit-sau-incendiere-intentionata\/"},"wordCount":114,"image":{"@id":"https:\/\/www.btv.md\/ro\/masina-in-flacari-la-balti-scurtcircuit-sau-incendiere-intentionata\/#primaryimage"},"thumbnailUrl":"https:\/\/www.btv.md\/wp-content\/uploads\/2016\/06\/masina.jpg","articleSection":["\u041f\u0440\u043e\u0438\u0441\u0448\u0435\u0441\u0442\u0432\u0438\u044f"],"inLanguage":"ro-RO"},{"@type":"WebPage","@id":"https:\/\/www.btv.md\/ro\/masina-in-flacari-la-balti-scurtcircuit-sau-incendiere-intentionata\/","url":"https:\/\/www.btv.md\/ro\/masina-in-flacari-la-balti-scurtcircuit-sau-incendiere-intentionata\/","name":"MA\u0218IN\u0102 \u00ceN FL\u0102C\u0102RI LA B\u0102L\u021aI. SCURTCIRCUIT SAU INCENDIERE INTEN\u021aIONAT\u0102? - BTV","isPartOf":{"@id":"https:\/\/www.btv.md\/#website"},"primaryImageOfPage":{"@id":"https:\/\/www.btv.md\/ro\/masina-in-flacari-la-balti-scurtcircuit-sau-incendiere-intentionata\/#primaryimage"},"image":{"@id":"https:\/\/www.btv.md\/ro\/masina-in-flacari-la-balti-scurtcircuit-sau-incendiere-intentionata\/#primaryimage"},"thumbnailUrl":"https:\/\/www.btv.md\/wp-content\/uploads\/2016\/06\/masina.jpg","datePublished":"2016-06-10T12:49:13+00:00","dateModified":"2016-06-10T12:49:23+00:00","author":{"@id":"https:\/\/www.btv.md\/#\/schema\/person\/8fadce81561b3ce2c34c46dadc4ccbf2"},"inLanguage":"ro-RO","potentialAction":[{"@type":"ReadAction","target":["https:\/\/www.btv.md\/ro\/masina-in-flacari-la-balti-scurtcircuit-sau-incendiere-intentionata\/"]}]},{"@type":"ImageObject","inLanguage":"ro-RO","@id":"https:\/\/www.btv.md\/ro\/masina-in-flacari-la-balti-scurtcircuit-sau-incendiere-intentionata\/#primaryimage","url":"https:\/\/www.btv.md\/wp-content\/uploads\/2016\/06\/masina.jpg","contentUrl":"https:\/\/www.btv.md\/wp-content\/uploads\/2016\/06\/masina.jpg","width":600,"height":400},{"@type":"WebSite","@id":"https:\/\/www.btv.md\/#website","url":"https:\/\/www.btv.md\/","name":"BTV","description":"\u0411\u0435\u043b\u044c\u0446\u043a\u043e\u0435 \u0442\u0435\u043b\u0435\u0432\u0438\u0434\u0435\u043d\u0438\u0435","potentialAction":[{"@type":"SearchAction","target":{"@type":"EntryPoint","urlTemplate":"https:\/\/www.btv.md\/?s={search_term_string}"},"query-input":{"@type":"PropertyValueSpecification","valueRequired":true,"valueName":"search_term_string"}}],"inLanguage":"ro-RO"},{"@type":"Person","@id":"https:\/\/www.btv.md\/#\/schema\/person\/8fadce81561b3ce2c34c46dadc4ccbf2","name":"admin"}]}},"_links":{"self":[{"href":"https:\/\/www.btv.md\/ro\/wp-json\/wp\/v2\/posts\/14468","targetHints":{"allow":["GET"]}}],"collection":[{"href":"https:\/\/www.btv.md\/ro\/wp-json\/wp\/v2\/posts"}],"about":[{"href":"https:\/\/www.btv.md\/ro\/wp-json\/wp\/v2\/types\/post"}],"author":[{"embeddable":true,"href":"https:\/\/www.btv.md\/ro\/wp-json\/wp\/v2\/users\/4"}],"replies":[{"embeddable":true,"href":"https:\/\/www.btv.md\/ro\/wp-json\/wp\/v2\/comments?post=14468"}],"version-history":[{"count":0,"href":"https:\/\/www.btv.md\/ro\/wp-json\/wp\/v2\/posts\/14468\/revisions"}],"wp:featuredmedia":[{"embeddable":true,"href":"https:\/\/www.btv.md\/ro\/wp-json\/wp\/v2\/media\/14469"}],"wp:attachment":[{"href":"https:\/\/www.btv.md\/ro\/wp-json\/wp\/v2\/media?parent=14468"}],"wp:term":[{"taxonomy":"category","embeddable":true,"href":"https:\/\/www.btv.md\/ro\/wp-json\/wp\/v2\/categories?post=14468"},{"taxonomy":"post_tag","embeddable":true,"href":"https:\/\/www.btv.md\/ro\/wp-json\/wp\/v2\/tags?post=14468"}],"curies":[{"name":"wp","href":"https:\/\/api.w.org\/{rel}","templated":true}]}}