{"id":14499,"date":"2016-06-10T17:23:49","date_gmt":"2016-06-10T14:23:49","guid":{"rendered":"http:\/\/btv.md\/?p=14499"},"modified":"2016-06-10T17:24:00","modified_gmt":"2016-06-10T14:24:00","slug":"zvonurile-despre-caderea-tavanului-in-liceu-nu-s-au-adeverit","status":"publish","type":"post","link":"https:\/\/www.btv.md\/ro\/zvonurile-despre-caderea-tavanului-in-liceu-nu-s-au-adeverit\/","title":{"rendered":"ZVONURILE DESPRE  C\u0102DEREA  TAVANULUI  \u00ceN LICEU  NU S-AU  ADEVERIT"},"content":{"rendered":"<p>Zvonurile c\u0103 buc\u0103\u021bi ale tavanul din Liceul Teoretic \u201e \u0218tefan cel Mare\u201d din municipiul B\u0103l\u021bi au c\u0103zut, nu s-au adeverit. Potrivit directorului liceului, ploile din ultima perioad\u0103 au generat fisuri pe tavanul s\u0103lii de festivit\u0103\u021bi acolo unde peste \u0219aptezeci de copii din municipiu sus\u021bin \u00een acest an, at\u00e2t examenele la Bacalaureat c\u00e2t \u0219i cele gimnaziale.<\/p>\n<p><iframe width=\"1170\" height=\"878\" data-src=\"https:\/\/www.youtube.com\/embed\/eLqh9nPI87U?wmode=transparent&amp;rel=0&amp;feature=oembed\" frameborder=\"0\" allow=\"accelerometer; autoplay; encrypted-media; gyroscope; picture-in-picture\" allowfullscreen src=\"data:image\/svg+xml;base64,PHN2ZyB3aWR0aD0iMSIgaGVpZ2h0PSIxIiB4bWxucz0iaHR0cDovL3d3dy53My5vcmcvMjAwMC9zdmciPjwvc3ZnPg==\" class=\"lazyload\" data-load-mode=\"1\"><\/iframe><\/p>\n<p>Totodat\u0103, directorul liceului precizeaz\u0103 c\u0103 acoperi\u0219ul institu\u021biei ar putea fi\u00a0 reparat \u00een viitorul apropiat, dac\u0103 bugetul institu\u021biei \u00a0va dispune de fondurile necesare pentru a efectua astfel de lucr\u0103ri.<\/p>\n<p>\u00a0De asemenea conducerea Liceului Teoretic \u201e\u0218tefan cel Mare\u201d a men\u021bionat c\u0103 banii care vor fi aloca\u021bi pentru repara\u021bia tavanul vor provoca un deficit bugetar pentru instiu\u021bia de \u00eenv\u0103\u021b\u0103m\u00e2nt.<\/p>\n","protected":false},"excerpt":{"rendered":"<p>Zvonurile c\u0103 buc\u0103\u021bi ale tavanul din Liceul Teoretic \u201e \u0218tefan cel Mare\u201d din municipiul B\u0103l\u021bi au c\u0103zut, nu s-au adeverit. Potrivit directorului liceului, ploile din ultima perioad\u0103 au generat fisuri pe tavanul s\u0103lii de festivit\u0103\u021bi acolo unde peste \u0219aptezeci de copii din municipiu sus\u021bin \u00een acest an, at\u00e2t examenele la Bacalaureat c\u00e2t \u0219i cele gimnaziale. [&hellip;]<\/p>\n","protected":false},"author":4,"featured_media":14501,"comment_status":"closed","ping_status":"closed","sticky":false,"template":"","format":"standard","meta":{"footnotes":""},"categories":[6353],"tags":[],"class_list":["post-14499","post","type-post","status-publish","format-standard","has-post-thumbnail","hentry","category-oras"],"yoast_head":"<!-- This site is optimized with the Yoast SEO plugin v27.4 - https:\/\/yoast.com\/product\/yoast-seo-wordpress\/ -->\n<title>ZVONURILE DESPRE C\u0102DEREA TAVANULUI \u00ceN LICEU NU S-AU ADEVERIT - BTV<\/title>\n<meta name=\"robots\" content=\"index, follow, max-snippet:-1, max-image-preview:large, max-video-preview:-1\" \/>\n<link rel=\"canonical\" href=\"https:\/\/www.btv.md\/ro\/zvonurile-despre-caderea-tavanului-in-liceu-nu-s-au-adeverit\/\" \/>\n<meta property=\"og:locale\" content=\"ro_RO\" \/>\n<meta property=\"og:type\" content=\"article\" \/>\n<meta property=\"og:title\" content=\"ZVONURILE DESPRE C\u0102DEREA TAVANULUI \u00ceN LICEU NU S-AU ADEVERIT - BTV\" \/>\n<meta property=\"og:description\" content=\"Zvonurile c\u0103 buc\u0103\u021bi ale tavanul din Liceul Teoretic \u201e \u0218tefan cel Mare\u201d din municipiul B\u0103l\u021bi au c\u0103zut, nu s-au adeverit. Potrivit directorului liceului, ploile din ultima perioad\u0103 au generat fisuri pe tavanul s\u0103lii de festivit\u0103\u021bi acolo unde peste \u0219aptezeci de copii din municipiu sus\u021bin \u00een acest an, at\u00e2t examenele la Bacalaureat c\u00e2t \u0219i cele gimnaziale. [&hellip;]\" \/>\n<meta property=\"og:url\" content=\"https:\/\/www.btv.md\/ro\/zvonurile-despre-caderea-tavanului-in-liceu-nu-s-au-adeverit\/\" \/>\n<meta property=\"og:site_name\" content=\"BTV\" \/>\n<meta property=\"article:publisher\" content=\"https:\/\/www.facebook.com\/btvmoldova\/\" \/>\n<meta property=\"article:published_time\" content=\"2016-06-10T14:23:49+00:00\" \/>\n<meta property=\"article:modified_time\" content=\"2016-06-10T14:24:00+00:00\" \/>\n<meta property=\"og:image\" content=\"https:\/\/www.btv.md\/wp-content\/uploads\/2016\/06\/l.jpg\" \/>\n\t<meta property=\"og:image:width\" content=\"600\" \/>\n\t<meta property=\"og:image:height\" content=\"400\" \/>\n\t<meta property=\"og:image:type\" content=\"image\/jpeg\" \/>\n<meta name=\"author\" content=\"admin\" \/>\n<meta name=\"twitter:label1\" content=\"Scris de\" \/>\n\t<meta name=\"twitter:data1\" content=\"admin\" \/>\n\t<meta name=\"twitter:label2\" content=\"Timp estimat pentru citire\" \/>\n\t<meta name=\"twitter:data2\" content=\"1 minut\" \/>\n<script type=\"application\/ld+json\" class=\"yoast-schema-graph\">{\"@context\":\"https:\\\/\\\/schema.org\",\"@graph\":[{\"@type\":\"Article\",\"@id\":\"https:\\\/\\\/www.btv.md\\\/ro\\\/zvonurile-despre-caderea-tavanului-in-liceu-nu-s-au-adeverit\\\/#article\",\"isPartOf\":{\"@id\":\"https:\\\/\\\/www.btv.md\\\/ro\\\/zvonurile-despre-caderea-tavanului-in-liceu-nu-s-au-adeverit\\\/\"},\"author\":{\"name\":\"admin\",\"@id\":\"https:\\\/\\\/www.btv.md\\\/#\\\/schema\\\/person\\\/8fadce81561b3ce2c34c46dadc4ccbf2\"},\"headline\":\"ZVONURILE DESPRE C\u0102DEREA TAVANULUI \u00ceN LICEU NU S-AU ADEVERIT\",\"datePublished\":\"2016-06-10T14:23:49+00:00\",\"dateModified\":\"2016-06-10T14:24:00+00:00\",\"mainEntityOfPage\":{\"@id\":\"https:\\\/\\\/www.btv.md\\\/ro\\\/zvonurile-despre-caderea-tavanului-in-liceu-nu-s-au-adeverit\\\/\"},\"wordCount\":151,\"image\":{\"@id\":\"https:\\\/\\\/www.btv.md\\\/ro\\\/zvonurile-despre-caderea-tavanului-in-liceu-nu-s-au-adeverit\\\/#primaryimage\"},\"thumbnailUrl\":\"https:\\\/\\\/www.btv.md\\\/wp-content\\\/uploads\\\/2016\\\/06\\\/l.jpg\",\"articleSection\":[\"Ora\u0219\"],\"inLanguage\":\"ro-RO\"},{\"@type\":\"WebPage\",\"@id\":\"https:\\\/\\\/www.btv.md\\\/ro\\\/zvonurile-despre-caderea-tavanului-in-liceu-nu-s-au-adeverit\\\/\",\"url\":\"https:\\\/\\\/www.btv.md\\\/ro\\\/zvonurile-despre-caderea-tavanului-in-liceu-nu-s-au-adeverit\\\/\",\"name\":\"ZVONURILE DESPRE C\u0102DEREA TAVANULUI \u00ceN LICEU NU S-AU ADEVERIT - BTV\",\"isPartOf\":{\"@id\":\"https:\\\/\\\/www.btv.md\\\/#website\"},\"primaryImageOfPage\":{\"@id\":\"https:\\\/\\\/www.btv.md\\\/ro\\\/zvonurile-despre-caderea-tavanului-in-liceu-nu-s-au-adeverit\\\/#primaryimage\"},\"image\":{\"@id\":\"https:\\\/\\\/www.btv.md\\\/ro\\\/zvonurile-despre-caderea-tavanului-in-liceu-nu-s-au-adeverit\\\/#primaryimage\"},\"thumbnailUrl\":\"https:\\\/\\\/www.btv.md\\\/wp-content\\\/uploads\\\/2016\\\/06\\\/l.jpg\",\"datePublished\":\"2016-06-10T14:23:49+00:00\",\"dateModified\":\"2016-06-10T14:24:00+00:00\",\"author\":{\"@id\":\"https:\\\/\\\/www.btv.md\\\/#\\\/schema\\\/person\\\/8fadce81561b3ce2c34c46dadc4ccbf2\"},\"inLanguage\":\"ro-RO\",\"potentialAction\":[{\"@type\":\"ReadAction\",\"target\":[\"https:\\\/\\\/www.btv.md\\\/ro\\\/zvonurile-despre-caderea-tavanului-in-liceu-nu-s-au-adeverit\\\/\"]}]},{\"@type\":\"ImageObject\",\"inLanguage\":\"ro-RO\",\"@id\":\"https:\\\/\\\/www.btv.md\\\/ro\\\/zvonurile-despre-caderea-tavanului-in-liceu-nu-s-au-adeverit\\\/#primaryimage\",\"url\":\"https:\\\/\\\/www.btv.md\\\/wp-content\\\/uploads\\\/2016\\\/06\\\/l.jpg\",\"contentUrl\":\"https:\\\/\\\/www.btv.md\\\/wp-content\\\/uploads\\\/2016\\\/06\\\/l.jpg\",\"width\":600,\"height\":400},{\"@type\":\"WebSite\",\"@id\":\"https:\\\/\\\/www.btv.md\\\/#website\",\"url\":\"https:\\\/\\\/www.btv.md\\\/\",\"name\":\"BTV\",\"description\":\"\u0411\u0435\u043b\u044c\u0446\u043a\u043e\u0435 \u0442\u0435\u043b\u0435\u0432\u0438\u0434\u0435\u043d\u0438\u0435\",\"potentialAction\":[{\"@type\":\"SearchAction\",\"target\":{\"@type\":\"EntryPoint\",\"urlTemplate\":\"https:\\\/\\\/www.btv.md\\\/?s={search_term_string}\"},\"query-input\":{\"@type\":\"PropertyValueSpecification\",\"valueRequired\":true,\"valueName\":\"search_term_string\"}}],\"inLanguage\":\"ro-RO\"},{\"@type\":\"Person\",\"@id\":\"https:\\\/\\\/www.btv.md\\\/#\\\/schema\\\/person\\\/8fadce81561b3ce2c34c46dadc4ccbf2\",\"name\":\"admin\"}]}<\/script>\n<!-- \/ Yoast SEO plugin. -->","yoast_head_json":{"title":"ZVONURILE DESPRE C\u0102DEREA TAVANULUI \u00ceN LICEU NU S-AU ADEVERIT - BTV","robots":{"index":"index","follow":"follow","max-snippet":"max-snippet:-1","max-image-preview":"max-image-preview:large","max-video-preview":"max-video-preview:-1"},"canonical":"https:\/\/www.btv.md\/ro\/zvonurile-despre-caderea-tavanului-in-liceu-nu-s-au-adeverit\/","og_locale":"ro_RO","og_type":"article","og_title":"ZVONURILE DESPRE C\u0102DEREA TAVANULUI \u00ceN LICEU NU S-AU ADEVERIT - BTV","og_description":"Zvonurile c\u0103 buc\u0103\u021bi ale tavanul din Liceul Teoretic \u201e \u0218tefan cel Mare\u201d din municipiul B\u0103l\u021bi au c\u0103zut, nu s-au adeverit. Potrivit directorului liceului, ploile din ultima perioad\u0103 au generat fisuri pe tavanul s\u0103lii de festivit\u0103\u021bi acolo unde peste \u0219aptezeci de copii din municipiu sus\u021bin \u00een acest an, at\u00e2t examenele la Bacalaureat c\u00e2t \u0219i cele gimnaziale. [&hellip;]","og_url":"https:\/\/www.btv.md\/ro\/zvonurile-despre-caderea-tavanului-in-liceu-nu-s-au-adeverit\/","og_site_name":"BTV","article_publisher":"https:\/\/www.facebook.com\/btvmoldova\/","article_published_time":"2016-06-10T14:23:49+00:00","article_modified_time":"2016-06-10T14:24:00+00:00","og_image":[{"width":600,"height":400,"url":"https:\/\/www.btv.md\/wp-content\/uploads\/2016\/06\/l.jpg","type":"image\/jpeg"}],"author":"admin","twitter_misc":{"Scris de":"admin","Timp estimat pentru citire":"1 minut"},"schema":{"@context":"https:\/\/schema.org","@graph":[{"@type":"Article","@id":"https:\/\/www.btv.md\/ro\/zvonurile-despre-caderea-tavanului-in-liceu-nu-s-au-adeverit\/#article","isPartOf":{"@id":"https:\/\/www.btv.md\/ro\/zvonurile-despre-caderea-tavanului-in-liceu-nu-s-au-adeverit\/"},"author":{"name":"admin","@id":"https:\/\/www.btv.md\/#\/schema\/person\/8fadce81561b3ce2c34c46dadc4ccbf2"},"headline":"ZVONURILE DESPRE C\u0102DEREA TAVANULUI \u00ceN LICEU NU S-AU ADEVERIT","datePublished":"2016-06-10T14:23:49+00:00","dateModified":"2016-06-10T14:24:00+00:00","mainEntityOfPage":{"@id":"https:\/\/www.btv.md\/ro\/zvonurile-despre-caderea-tavanului-in-liceu-nu-s-au-adeverit\/"},"wordCount":151,"image":{"@id":"https:\/\/www.btv.md\/ro\/zvonurile-despre-caderea-tavanului-in-liceu-nu-s-au-adeverit\/#primaryimage"},"thumbnailUrl":"https:\/\/www.btv.md\/wp-content\/uploads\/2016\/06\/l.jpg","articleSection":["Ora\u0219"],"inLanguage":"ro-RO"},{"@type":"WebPage","@id":"https:\/\/www.btv.md\/ro\/zvonurile-despre-caderea-tavanului-in-liceu-nu-s-au-adeverit\/","url":"https:\/\/www.btv.md\/ro\/zvonurile-despre-caderea-tavanului-in-liceu-nu-s-au-adeverit\/","name":"ZVONURILE DESPRE C\u0102DEREA TAVANULUI \u00ceN LICEU NU S-AU ADEVERIT - BTV","isPartOf":{"@id":"https:\/\/www.btv.md\/#website"},"primaryImageOfPage":{"@id":"https:\/\/www.btv.md\/ro\/zvonurile-despre-caderea-tavanului-in-liceu-nu-s-au-adeverit\/#primaryimage"},"image":{"@id":"https:\/\/www.btv.md\/ro\/zvonurile-despre-caderea-tavanului-in-liceu-nu-s-au-adeverit\/#primaryimage"},"thumbnailUrl":"https:\/\/www.btv.md\/wp-content\/uploads\/2016\/06\/l.jpg","datePublished":"2016-06-10T14:23:49+00:00","dateModified":"2016-06-10T14:24:00+00:00","author":{"@id":"https:\/\/www.btv.md\/#\/schema\/person\/8fadce81561b3ce2c34c46dadc4ccbf2"},"inLanguage":"ro-RO","potentialAction":[{"@type":"ReadAction","target":["https:\/\/www.btv.md\/ro\/zvonurile-despre-caderea-tavanului-in-liceu-nu-s-au-adeverit\/"]}]},{"@type":"ImageObject","inLanguage":"ro-RO","@id":"https:\/\/www.btv.md\/ro\/zvonurile-despre-caderea-tavanului-in-liceu-nu-s-au-adeverit\/#primaryimage","url":"https:\/\/www.btv.md\/wp-content\/uploads\/2016\/06\/l.jpg","contentUrl":"https:\/\/www.btv.md\/wp-content\/uploads\/2016\/06\/l.jpg","width":600,"height":400},{"@type":"WebSite","@id":"https:\/\/www.btv.md\/#website","url":"https:\/\/www.btv.md\/","name":"BTV","description":"\u0411\u0435\u043b\u044c\u0446\u043a\u043e\u0435 \u0442\u0435\u043b\u0435\u0432\u0438\u0434\u0435\u043d\u0438\u0435","potentialAction":[{"@type":"SearchAction","target":{"@type":"EntryPoint","urlTemplate":"https:\/\/www.btv.md\/?s={search_term_string}"},"query-input":{"@type":"PropertyValueSpecification","valueRequired":true,"valueName":"search_term_string"}}],"inLanguage":"ro-RO"},{"@type":"Person","@id":"https:\/\/www.btv.md\/#\/schema\/person\/8fadce81561b3ce2c34c46dadc4ccbf2","name":"admin"}]}},"_links":{"self":[{"href":"https:\/\/www.btv.md\/ro\/wp-json\/wp\/v2\/posts\/14499","targetHints":{"allow":["GET"]}}],"collection":[{"href":"https:\/\/www.btv.md\/ro\/wp-json\/wp\/v2\/posts"}],"about":[{"href":"https:\/\/www.btv.md\/ro\/wp-json\/wp\/v2\/types\/post"}],"author":[{"embeddable":true,"href":"https:\/\/www.btv.md\/ro\/wp-json\/wp\/v2\/users\/4"}],"replies":[{"embeddable":true,"href":"https:\/\/www.btv.md\/ro\/wp-json\/wp\/v2\/comments?post=14499"}],"version-history":[{"count":0,"href":"https:\/\/www.btv.md\/ro\/wp-json\/wp\/v2\/posts\/14499\/revisions"}],"wp:featuredmedia":[{"embeddable":true,"href":"https:\/\/www.btv.md\/ro\/wp-json\/wp\/v2\/media\/14501"}],"wp:attachment":[{"href":"https:\/\/www.btv.md\/ro\/wp-json\/wp\/v2\/media?parent=14499"}],"wp:term":[{"taxonomy":"category","embeddable":true,"href":"https:\/\/www.btv.md\/ro\/wp-json\/wp\/v2\/categories?post=14499"},{"taxonomy":"post_tag","embeddable":true,"href":"https:\/\/www.btv.md\/ro\/wp-json\/wp\/v2\/tags?post=14499"}],"curies":[{"name":"wp","href":"https:\/\/api.w.org\/{rel}","templated":true}]}}