{"id":14543,"date":"2016-06-13T12:51:30","date_gmt":"2016-06-13T09:51:30","guid":{"rendered":"http:\/\/btv.md\/?p=14543"},"modified":"2016-06-13T12:51:41","modified_gmt":"2016-06-13T09:51:41","slug":"deschiderea-oficiala-a-fan-zonei-din-balti-surprizele-serii","status":"publish","type":"post","link":"https:\/\/www.btv.md\/ro\/deschiderea-oficiala-a-fan-zonei-din-balti-surprizele-serii\/","title":{"rendered":"DESCHIDEREA  OFICIAL\u0102  A  FAN-ZONEI  DIN  B\u0102L\u021aI. SURPRIZELE  SERII"},"content":{"rendered":"<p>Marea fan-zon\u0103 din centrul municipiului B\u0103l\u021bi, care poate primi o mie de suporteri \u00een acela\u0219i timp, a fost deschis\u0103 oficial vineri seara. Fanii fotbalului au \u00eenceput s\u0103 vin\u0103 cu c\u00e2teva ore \u00eenainte de deschiderea Campionatului European la fotbal, EURO 2016, care se desf\u0103\u0219oar\u0103 \u00een Fran\u021ba.<\/p>\n<p><iframe width=\"1170\" height=\"878\" data-src=\"https:\/\/www.youtube.com\/embed\/7B3Y1dRTJVE?wmode=transparent&amp;rel=0&amp;feature=oembed\" frameborder=\"0\" allow=\"accelerometer; autoplay; encrypted-media; gyroscope; picture-in-picture\" allowfullscreen src=\"data:image\/svg+xml;base64,PHN2ZyB3aWR0aD0iMSIgaGVpZ2h0PSIxIiB4bWxucz0iaHR0cDovL3d3dy53My5vcmcvMjAwMC9zdmciPjwvc3ZnPg==\" class=\"lazyload\" data-load-mode=\"1\"><\/iframe><\/p>\n<p>Pe un ecran gigantic, ace\u0219tia au urm\u0103rit \u00een reluare concertul de deschidere a campionatului, dup\u0103 care pe scena din B\u0103l\u021bi a evoluat interpretul de muzic\u0103 u\u0219oar\u0103 Ionel Istrati, dar \u0219i dansatori din municipiu.<\/p>\n<p>Consilierul municipal Oleg \u0218aric, crede c\u0103 zona a fost amenajat\u0103 \u00een a\u0219a mod, \u00eenc\u00e2t suporterii s\u0103 nu duc\u0103 lips\u0103 de nimic: tarabe cu b\u0103uturi, carne la gr\u0103tar, o zon\u0103 pentru copii \u0219i chiar una pentru fum\u0103tori.<\/p>\n<p>\u0218eful sec\u021biei Tineret \u0219i Sport, Iurii Dmitracov, sper\u0103 c\u0103 acesta este doar un frumos \u00eenceput.<\/p>\n<p>Cel mai a\u0219teptat moment a fost primul meci din campionat, jucat \u00eentre selec\u021bionata Fran\u021bei \u0219i cea a Rom\u00e2niei. Ca de fiecare dat\u0103 taberele s-au \u00eemp\u0103r\u021bit.<\/p>\n<p>Meciul de vineri a fost c\u00e2\u0219tigat de francezi cu scorul de 2-1. \u00cen grupa A\u00a0 s-a jucat \u0219i \u00a0meciul dintre Albania \u2013 Elve\u0163ia, scor <strong>0-1<\/strong> \u00een favoarea elve\u021bienilor.<\/p>\n<p>\u00cen grupa B s-au disputat meciurile dintre \u0162ara Galilor &#8211; Slovacia <strong>2-1 <\/strong>\u0219i Anglia -Rusia <strong>1-1<\/strong>.<\/p>\n<p><strong>Ziua a treia la Euro 2016 a continuat cu alte trei partide: Turcia-Croa\u021bia, prima confruntare din Grupa D \u0219i primele dou\u0103 meciuri din Grupa C, Polonia-Irlanda de Nord, Germania-Ucraina.<\/strong><\/p>\n<p>\u00cen total, la EURO 2016 sunt programate 51 de partide.<\/p>\n","protected":false},"excerpt":{"rendered":"<p>Marea fan-zon\u0103 din centrul municipiului B\u0103l\u021bi, care poate primi o mie de suporteri \u00een acela\u0219i timp, a fost deschis\u0103 oficial vineri seara. Fanii fotbalului au \u00eenceput s\u0103 vin\u0103 cu c\u00e2teva ore \u00eenainte de deschiderea Campionatului European la fotbal, EURO 2016, care se desf\u0103\u0219oar\u0103 \u00een Fran\u021ba. Pe un ecran gigantic, ace\u0219tia au urm\u0103rit \u00een reluare concertul [&hellip;]<\/p>\n","protected":false},"author":4,"featured_media":14544,"comment_status":"closed","ping_status":"closed","sticky":false,"template":"","format":"standard","meta":{"footnotes":""},"categories":[6353],"tags":[],"class_list":["post-14543","post","type-post","status-publish","format-standard","has-post-thumbnail","hentry","category-oras"],"yoast_head":"<!-- This site is optimized with the Yoast SEO plugin v27.4 - https:\/\/yoast.com\/product\/yoast-seo-wordpress\/ -->\n<title>DESCHIDEREA OFICIAL\u0102 A FAN-ZONEI DIN B\u0102L\u021aI. SURPRIZELE SERII - BTV<\/title>\n<meta name=\"robots\" content=\"index, follow, max-snippet:-1, max-image-preview:large, max-video-preview:-1\" \/>\n<link rel=\"canonical\" href=\"https:\/\/www.btv.md\/ro\/deschiderea-oficiala-a-fan-zonei-din-balti-surprizele-serii\/\" \/>\n<meta property=\"og:locale\" content=\"ro_RO\" \/>\n<meta property=\"og:type\" content=\"article\" \/>\n<meta property=\"og:title\" content=\"DESCHIDEREA OFICIAL\u0102 A FAN-ZONEI DIN B\u0102L\u021aI. SURPRIZELE SERII - BTV\" \/>\n<meta property=\"og:description\" content=\"Marea fan-zon\u0103 din centrul municipiului B\u0103l\u021bi, care poate primi o mie de suporteri \u00een acela\u0219i timp, a fost deschis\u0103 oficial vineri seara. Fanii fotbalului au \u00eenceput s\u0103 vin\u0103 cu c\u00e2teva ore \u00eenainte de deschiderea Campionatului European la fotbal, EURO 2016, care se desf\u0103\u0219oar\u0103 \u00een Fran\u021ba. Pe un ecran gigantic, ace\u0219tia au urm\u0103rit \u00een reluare concertul [&hellip;]\" \/>\n<meta property=\"og:url\" content=\"https:\/\/www.btv.md\/ro\/deschiderea-oficiala-a-fan-zonei-din-balti-surprizele-serii\/\" \/>\n<meta property=\"og:site_name\" content=\"BTV\" \/>\n<meta property=\"article:publisher\" content=\"https:\/\/www.facebook.com\/btvmoldova\/\" \/>\n<meta property=\"article:published_time\" content=\"2016-06-13T09:51:30+00:00\" \/>\n<meta property=\"article:modified_time\" content=\"2016-06-13T09:51:41+00:00\" \/>\n<meta property=\"og:image\" content=\"https:\/\/www.btv.md\/wp-content\/uploads\/2016\/06\/f.jpg\" \/>\n\t<meta property=\"og:image:width\" content=\"600\" \/>\n\t<meta property=\"og:image:height\" content=\"400\" \/>\n\t<meta property=\"og:image:type\" content=\"image\/jpeg\" \/>\n<meta name=\"author\" content=\"admin\" \/>\n<meta name=\"twitter:label1\" content=\"Scris de\" \/>\n\t<meta name=\"twitter:data1\" content=\"admin\" \/>\n\t<meta name=\"twitter:label2\" content=\"Timp estimat pentru citire\" \/>\n\t<meta name=\"twitter:data2\" content=\"1 minut\" \/>\n<script type=\"application\/ld+json\" class=\"yoast-schema-graph\">{\"@context\":\"https:\\\/\\\/schema.org\",\"@graph\":[{\"@type\":\"Article\",\"@id\":\"https:\\\/\\\/www.btv.md\\\/ro\\\/deschiderea-oficiala-a-fan-zonei-din-balti-surprizele-serii\\\/#article\",\"isPartOf\":{\"@id\":\"https:\\\/\\\/www.btv.md\\\/ro\\\/deschiderea-oficiala-a-fan-zonei-din-balti-surprizele-serii\\\/\"},\"author\":{\"name\":\"admin\",\"@id\":\"https:\\\/\\\/www.btv.md\\\/#\\\/schema\\\/person\\\/8fadce81561b3ce2c34c46dadc4ccbf2\"},\"headline\":\"DESCHIDEREA OFICIAL\u0102 A FAN-ZONEI DIN B\u0102L\u021aI. SURPRIZELE SERII\",\"datePublished\":\"2016-06-13T09:51:30+00:00\",\"dateModified\":\"2016-06-13T09:51:41+00:00\",\"mainEntityOfPage\":{\"@id\":\"https:\\\/\\\/www.btv.md\\\/ro\\\/deschiderea-oficiala-a-fan-zonei-din-balti-surprizele-serii\\\/\"},\"wordCount\":281,\"image\":{\"@id\":\"https:\\\/\\\/www.btv.md\\\/ro\\\/deschiderea-oficiala-a-fan-zonei-din-balti-surprizele-serii\\\/#primaryimage\"},\"thumbnailUrl\":\"https:\\\/\\\/www.btv.md\\\/wp-content\\\/uploads\\\/2016\\\/06\\\/f.jpg\",\"articleSection\":[\"Ora\u0219\"],\"inLanguage\":\"ro-RO\"},{\"@type\":\"WebPage\",\"@id\":\"https:\\\/\\\/www.btv.md\\\/ro\\\/deschiderea-oficiala-a-fan-zonei-din-balti-surprizele-serii\\\/\",\"url\":\"https:\\\/\\\/www.btv.md\\\/ro\\\/deschiderea-oficiala-a-fan-zonei-din-balti-surprizele-serii\\\/\",\"name\":\"DESCHIDEREA OFICIAL\u0102 A FAN-ZONEI DIN B\u0102L\u021aI. SURPRIZELE SERII - BTV\",\"isPartOf\":{\"@id\":\"https:\\\/\\\/www.btv.md\\\/#website\"},\"primaryImageOfPage\":{\"@id\":\"https:\\\/\\\/www.btv.md\\\/ro\\\/deschiderea-oficiala-a-fan-zonei-din-balti-surprizele-serii\\\/#primaryimage\"},\"image\":{\"@id\":\"https:\\\/\\\/www.btv.md\\\/ro\\\/deschiderea-oficiala-a-fan-zonei-din-balti-surprizele-serii\\\/#primaryimage\"},\"thumbnailUrl\":\"https:\\\/\\\/www.btv.md\\\/wp-content\\\/uploads\\\/2016\\\/06\\\/f.jpg\",\"datePublished\":\"2016-06-13T09:51:30+00:00\",\"dateModified\":\"2016-06-13T09:51:41+00:00\",\"author\":{\"@id\":\"https:\\\/\\\/www.btv.md\\\/#\\\/schema\\\/person\\\/8fadce81561b3ce2c34c46dadc4ccbf2\"},\"inLanguage\":\"ro-RO\",\"potentialAction\":[{\"@type\":\"ReadAction\",\"target\":[\"https:\\\/\\\/www.btv.md\\\/ro\\\/deschiderea-oficiala-a-fan-zonei-din-balti-surprizele-serii\\\/\"]}]},{\"@type\":\"ImageObject\",\"inLanguage\":\"ro-RO\",\"@id\":\"https:\\\/\\\/www.btv.md\\\/ro\\\/deschiderea-oficiala-a-fan-zonei-din-balti-surprizele-serii\\\/#primaryimage\",\"url\":\"https:\\\/\\\/www.btv.md\\\/wp-content\\\/uploads\\\/2016\\\/06\\\/f.jpg\",\"contentUrl\":\"https:\\\/\\\/www.btv.md\\\/wp-content\\\/uploads\\\/2016\\\/06\\\/f.jpg\",\"width\":600,\"height\":400},{\"@type\":\"WebSite\",\"@id\":\"https:\\\/\\\/www.btv.md\\\/#website\",\"url\":\"https:\\\/\\\/www.btv.md\\\/\",\"name\":\"BTV\",\"description\":\"\u0411\u0435\u043b\u044c\u0446\u043a\u043e\u0435 \u0442\u0435\u043b\u0435\u0432\u0438\u0434\u0435\u043d\u0438\u0435\",\"potentialAction\":[{\"@type\":\"SearchAction\",\"target\":{\"@type\":\"EntryPoint\",\"urlTemplate\":\"https:\\\/\\\/www.btv.md\\\/?s={search_term_string}\"},\"query-input\":{\"@type\":\"PropertyValueSpecification\",\"valueRequired\":true,\"valueName\":\"search_term_string\"}}],\"inLanguage\":\"ro-RO\"},{\"@type\":\"Person\",\"@id\":\"https:\\\/\\\/www.btv.md\\\/#\\\/schema\\\/person\\\/8fadce81561b3ce2c34c46dadc4ccbf2\",\"name\":\"admin\"}]}<\/script>\n<!-- \/ Yoast SEO plugin. -->","yoast_head_json":{"title":"DESCHIDEREA OFICIAL\u0102 A FAN-ZONEI DIN B\u0102L\u021aI. SURPRIZELE SERII - BTV","robots":{"index":"index","follow":"follow","max-snippet":"max-snippet:-1","max-image-preview":"max-image-preview:large","max-video-preview":"max-video-preview:-1"},"canonical":"https:\/\/www.btv.md\/ro\/deschiderea-oficiala-a-fan-zonei-din-balti-surprizele-serii\/","og_locale":"ro_RO","og_type":"article","og_title":"DESCHIDEREA OFICIAL\u0102 A FAN-ZONEI DIN B\u0102L\u021aI. SURPRIZELE SERII - BTV","og_description":"Marea fan-zon\u0103 din centrul municipiului B\u0103l\u021bi, care poate primi o mie de suporteri \u00een acela\u0219i timp, a fost deschis\u0103 oficial vineri seara. Fanii fotbalului au \u00eenceput s\u0103 vin\u0103 cu c\u00e2teva ore \u00eenainte de deschiderea Campionatului European la fotbal, EURO 2016, care se desf\u0103\u0219oar\u0103 \u00een Fran\u021ba. Pe un ecran gigantic, ace\u0219tia au urm\u0103rit \u00een reluare concertul [&hellip;]","og_url":"https:\/\/www.btv.md\/ro\/deschiderea-oficiala-a-fan-zonei-din-balti-surprizele-serii\/","og_site_name":"BTV","article_publisher":"https:\/\/www.facebook.com\/btvmoldova\/","article_published_time":"2016-06-13T09:51:30+00:00","article_modified_time":"2016-06-13T09:51:41+00:00","og_image":[{"width":600,"height":400,"url":"https:\/\/www.btv.md\/wp-content\/uploads\/2016\/06\/f.jpg","type":"image\/jpeg"}],"author":"admin","twitter_misc":{"Scris de":"admin","Timp estimat pentru citire":"1 minut"},"schema":{"@context":"https:\/\/schema.org","@graph":[{"@type":"Article","@id":"https:\/\/www.btv.md\/ro\/deschiderea-oficiala-a-fan-zonei-din-balti-surprizele-serii\/#article","isPartOf":{"@id":"https:\/\/www.btv.md\/ro\/deschiderea-oficiala-a-fan-zonei-din-balti-surprizele-serii\/"},"author":{"name":"admin","@id":"https:\/\/www.btv.md\/#\/schema\/person\/8fadce81561b3ce2c34c46dadc4ccbf2"},"headline":"DESCHIDEREA OFICIAL\u0102 A FAN-ZONEI DIN B\u0102L\u021aI. SURPRIZELE SERII","datePublished":"2016-06-13T09:51:30+00:00","dateModified":"2016-06-13T09:51:41+00:00","mainEntityOfPage":{"@id":"https:\/\/www.btv.md\/ro\/deschiderea-oficiala-a-fan-zonei-din-balti-surprizele-serii\/"},"wordCount":281,"image":{"@id":"https:\/\/www.btv.md\/ro\/deschiderea-oficiala-a-fan-zonei-din-balti-surprizele-serii\/#primaryimage"},"thumbnailUrl":"https:\/\/www.btv.md\/wp-content\/uploads\/2016\/06\/f.jpg","articleSection":["Ora\u0219"],"inLanguage":"ro-RO"},{"@type":"WebPage","@id":"https:\/\/www.btv.md\/ro\/deschiderea-oficiala-a-fan-zonei-din-balti-surprizele-serii\/","url":"https:\/\/www.btv.md\/ro\/deschiderea-oficiala-a-fan-zonei-din-balti-surprizele-serii\/","name":"DESCHIDEREA OFICIAL\u0102 A FAN-ZONEI DIN B\u0102L\u021aI. SURPRIZELE SERII - BTV","isPartOf":{"@id":"https:\/\/www.btv.md\/#website"},"primaryImageOfPage":{"@id":"https:\/\/www.btv.md\/ro\/deschiderea-oficiala-a-fan-zonei-din-balti-surprizele-serii\/#primaryimage"},"image":{"@id":"https:\/\/www.btv.md\/ro\/deschiderea-oficiala-a-fan-zonei-din-balti-surprizele-serii\/#primaryimage"},"thumbnailUrl":"https:\/\/www.btv.md\/wp-content\/uploads\/2016\/06\/f.jpg","datePublished":"2016-06-13T09:51:30+00:00","dateModified":"2016-06-13T09:51:41+00:00","author":{"@id":"https:\/\/www.btv.md\/#\/schema\/person\/8fadce81561b3ce2c34c46dadc4ccbf2"},"inLanguage":"ro-RO","potentialAction":[{"@type":"ReadAction","target":["https:\/\/www.btv.md\/ro\/deschiderea-oficiala-a-fan-zonei-din-balti-surprizele-serii\/"]}]},{"@type":"ImageObject","inLanguage":"ro-RO","@id":"https:\/\/www.btv.md\/ro\/deschiderea-oficiala-a-fan-zonei-din-balti-surprizele-serii\/#primaryimage","url":"https:\/\/www.btv.md\/wp-content\/uploads\/2016\/06\/f.jpg","contentUrl":"https:\/\/www.btv.md\/wp-content\/uploads\/2016\/06\/f.jpg","width":600,"height":400},{"@type":"WebSite","@id":"https:\/\/www.btv.md\/#website","url":"https:\/\/www.btv.md\/","name":"BTV","description":"\u0411\u0435\u043b\u044c\u0446\u043a\u043e\u0435 \u0442\u0435\u043b\u0435\u0432\u0438\u0434\u0435\u043d\u0438\u0435","potentialAction":[{"@type":"SearchAction","target":{"@type":"EntryPoint","urlTemplate":"https:\/\/www.btv.md\/?s={search_term_string}"},"query-input":{"@type":"PropertyValueSpecification","valueRequired":true,"valueName":"search_term_string"}}],"inLanguage":"ro-RO"},{"@type":"Person","@id":"https:\/\/www.btv.md\/#\/schema\/person\/8fadce81561b3ce2c34c46dadc4ccbf2","name":"admin"}]}},"_links":{"self":[{"href":"https:\/\/www.btv.md\/ro\/wp-json\/wp\/v2\/posts\/14543","targetHints":{"allow":["GET"]}}],"collection":[{"href":"https:\/\/www.btv.md\/ro\/wp-json\/wp\/v2\/posts"}],"about":[{"href":"https:\/\/www.btv.md\/ro\/wp-json\/wp\/v2\/types\/post"}],"author":[{"embeddable":true,"href":"https:\/\/www.btv.md\/ro\/wp-json\/wp\/v2\/users\/4"}],"replies":[{"embeddable":true,"href":"https:\/\/www.btv.md\/ro\/wp-json\/wp\/v2\/comments?post=14543"}],"version-history":[{"count":0,"href":"https:\/\/www.btv.md\/ro\/wp-json\/wp\/v2\/posts\/14543\/revisions"}],"wp:featuredmedia":[{"embeddable":true,"href":"https:\/\/www.btv.md\/ro\/wp-json\/wp\/v2\/media\/14544"}],"wp:attachment":[{"href":"https:\/\/www.btv.md\/ro\/wp-json\/wp\/v2\/media?parent=14543"}],"wp:term":[{"taxonomy":"category","embeddable":true,"href":"https:\/\/www.btv.md\/ro\/wp-json\/wp\/v2\/categories?post=14543"},{"taxonomy":"post_tag","embeddable":true,"href":"https:\/\/www.btv.md\/ro\/wp-json\/wp\/v2\/tags?post=14543"}],"curies":[{"name":"wp","href":"https:\/\/api.w.org\/{rel}","templated":true}]}}