{"id":14570,"date":"2016-06-13T14:33:03","date_gmt":"2016-06-13T11:33:03","guid":{"rendered":"http:\/\/btv.md\/?p=14570"},"modified":"2016-06-13T14:33:03","modified_gmt":"2016-06-13T11:33:03","slug":"sis-ul-si-a-instituit-propriile-decoratii","status":"publish","type":"post","link":"https:\/\/www.btv.md\/ro\/sis-ul-si-a-instituit-propriile-decoratii\/","title":{"rendered":"SIS-UL  \u0218I-A  INSTITUIT  PROPRIILE  DECORA\u021aII"},"content":{"rendered":"<p><strong>Serviciul de Informa\u0163ii \u015fi Securitate (SIS) al Republicii \u00a0Moldova a instituit c\u00e2teva distinc\u0163ii departamentale, noteaz\u0103 <a href=\"http:\/\/deschide.md\/ro\/news\/social\/28324\/SIS-%C8%99i-a-instituit-propriile-decora%C8%9Bii.htm\">deschide.md.<\/a><\/strong><\/p>\n<p>Este vorba de Crucea \u201eOfi\u0163er emerit&#8221;, care este distinc\u0163ia suprem\u0103 a institu\u0163iei \u015fi se va acorda doar ofi\u0163erilor serviciului special \u201epentru curaj excep\u0163ional \u015fi altruism manifestate la asigurarea securit\u0103\u0163ii de stat; merite deosebite la protejarea independen\u0163ei \u015fi integrit\u0103\u0163ii teritoriale a R. Moldova; executarea cu succes \u015fi coordonarea misiunilor speciale de nivel na\u0163ional \u015fi interna\u0163ional&#8221;.<\/p>\n<p>Au fost instituite crucile \u201ePentru merite&#8221; \u015fi \u201ePentru serviciu impecabil&#8221; \u00een trei grade. De asemenea, SIS va avea medaliile: \u201ePentru cooperare&#8221; \u015fi \u201e25 de ani de Serviciu \u015fi securitate a RM&#8221;<\/p>\n<p>Pre\u015fedintele Nicolae Timofti a emis un decret cu privire la includerea noilor distinc\u0163ii \u00een Armorialul General al R. Moldova.<\/p>\n<p>&nbsp;<\/p>\n","protected":false},"excerpt":{"rendered":"<p>Serviciul de Informa\u0163ii \u015fi Securitate (SIS) al Republicii \u00a0Moldova a instituit c\u00e2teva distinc\u0163ii departamentale, noteaz\u0103 deschide.md. Este vorba de Crucea \u201eOfi\u0163er emerit&#8221;, care este distinc\u0163ia suprem\u0103 a institu\u0163iei \u015fi se va acorda doar ofi\u0163erilor serviciului special \u201epentru curaj excep\u0163ional \u015fi altruism manifestate la asigurarea securit\u0103\u0163ii de stat; merite deosebite la protejarea independen\u0163ei \u015fi integrit\u0103\u0163ii teritoriale [&hellip;]<\/p>\n","protected":false},"author":4,"featured_media":14571,"comment_status":"closed","ping_status":"closed","sticky":false,"template":"","format":"standard","meta":{"footnotes":""},"categories":[6349],"tags":[],"class_list":["post-14570","post","type-post","status-publish","format-standard","has-post-thumbnail","hentry","category-social"],"yoast_head":"<!-- This site is optimized with the Yoast SEO plugin v27.4 - https:\/\/yoast.com\/product\/yoast-seo-wordpress\/ -->\n<title>SIS-UL \u0218I-A INSTITUIT PROPRIILE DECORA\u021aII - BTV<\/title>\n<meta name=\"robots\" content=\"index, follow, max-snippet:-1, max-image-preview:large, max-video-preview:-1\" \/>\n<link rel=\"canonical\" href=\"https:\/\/www.btv.md\/ro\/sis-ul-si-a-instituit-propriile-decoratii\/\" \/>\n<meta property=\"og:locale\" content=\"ro_RO\" \/>\n<meta property=\"og:type\" content=\"article\" \/>\n<meta property=\"og:title\" content=\"SIS-UL \u0218I-A INSTITUIT PROPRIILE DECORA\u021aII - BTV\" \/>\n<meta property=\"og:description\" content=\"Serviciul de Informa\u0163ii \u015fi Securitate (SIS) al Republicii \u00a0Moldova a instituit c\u00e2teva distinc\u0163ii departamentale, noteaz\u0103 deschide.md. Este vorba de Crucea \u201eOfi\u0163er emerit&#8221;, care este distinc\u0163ia suprem\u0103 a institu\u0163iei \u015fi se va acorda doar ofi\u0163erilor serviciului special \u201epentru curaj excep\u0163ional \u015fi altruism manifestate la asigurarea securit\u0103\u0163ii de stat; merite deosebite la protejarea independen\u0163ei \u015fi integrit\u0103\u0163ii teritoriale [&hellip;]\" \/>\n<meta property=\"og:url\" content=\"https:\/\/www.btv.md\/ro\/sis-ul-si-a-instituit-propriile-decoratii\/\" \/>\n<meta property=\"og:site_name\" content=\"BTV\" \/>\n<meta property=\"article:publisher\" content=\"https:\/\/www.facebook.com\/btvmoldova\/\" \/>\n<meta property=\"article:published_time\" content=\"2016-06-13T11:33:03+00:00\" \/>\n<meta property=\"og:image\" content=\"https:\/\/www.btv.md\/wp-content\/uploads\/2016\/06\/images-cms-image-000041428.jpg\" \/>\n\t<meta property=\"og:image:width\" content=\"610\" \/>\n\t<meta property=\"og:image:height\" content=\"292\" \/>\n\t<meta property=\"og:image:type\" content=\"image\/jpeg\" \/>\n<meta name=\"author\" content=\"admin\" \/>\n<meta name=\"twitter:label1\" content=\"Scris de\" \/>\n\t<meta name=\"twitter:data1\" content=\"admin\" \/>\n\t<meta name=\"twitter:label2\" content=\"Timp estimat pentru citire\" \/>\n\t<meta name=\"twitter:data2\" content=\"1 minut\" \/>\n<script type=\"application\/ld+json\" class=\"yoast-schema-graph\">{\"@context\":\"https:\\\/\\\/schema.org\",\"@graph\":[{\"@type\":\"Article\",\"@id\":\"https:\\\/\\\/www.btv.md\\\/ro\\\/sis-ul-si-a-instituit-propriile-decoratii\\\/#article\",\"isPartOf\":{\"@id\":\"https:\\\/\\\/www.btv.md\\\/ro\\\/sis-ul-si-a-instituit-propriile-decoratii\\\/\"},\"author\":{\"name\":\"admin\",\"@id\":\"https:\\\/\\\/www.btv.md\\\/#\\\/schema\\\/person\\\/8fadce81561b3ce2c34c46dadc4ccbf2\"},\"headline\":\"SIS-UL \u0218I-A INSTITUIT PROPRIILE DECORA\u021aII\",\"datePublished\":\"2016-06-13T11:33:03+00:00\",\"mainEntityOfPage\":{\"@id\":\"https:\\\/\\\/www.btv.md\\\/ro\\\/sis-ul-si-a-instituit-propriile-decoratii\\\/\"},\"wordCount\":142,\"image\":{\"@id\":\"https:\\\/\\\/www.btv.md\\\/ro\\\/sis-ul-si-a-instituit-propriile-decoratii\\\/#primaryimage\"},\"thumbnailUrl\":\"https:\\\/\\\/www.btv.md\\\/wp-content\\\/uploads\\\/2016\\\/06\\\/images-cms-image-000041428.jpg\",\"articleSection\":[\"Social\"],\"inLanguage\":\"ro-RO\"},{\"@type\":\"WebPage\",\"@id\":\"https:\\\/\\\/www.btv.md\\\/ro\\\/sis-ul-si-a-instituit-propriile-decoratii\\\/\",\"url\":\"https:\\\/\\\/www.btv.md\\\/ro\\\/sis-ul-si-a-instituit-propriile-decoratii\\\/\",\"name\":\"SIS-UL \u0218I-A INSTITUIT PROPRIILE DECORA\u021aII - BTV\",\"isPartOf\":{\"@id\":\"https:\\\/\\\/www.btv.md\\\/#website\"},\"primaryImageOfPage\":{\"@id\":\"https:\\\/\\\/www.btv.md\\\/ro\\\/sis-ul-si-a-instituit-propriile-decoratii\\\/#primaryimage\"},\"image\":{\"@id\":\"https:\\\/\\\/www.btv.md\\\/ro\\\/sis-ul-si-a-instituit-propriile-decoratii\\\/#primaryimage\"},\"thumbnailUrl\":\"https:\\\/\\\/www.btv.md\\\/wp-content\\\/uploads\\\/2016\\\/06\\\/images-cms-image-000041428.jpg\",\"datePublished\":\"2016-06-13T11:33:03+00:00\",\"author\":{\"@id\":\"https:\\\/\\\/www.btv.md\\\/#\\\/schema\\\/person\\\/8fadce81561b3ce2c34c46dadc4ccbf2\"},\"inLanguage\":\"ro-RO\",\"potentialAction\":[{\"@type\":\"ReadAction\",\"target\":[\"https:\\\/\\\/www.btv.md\\\/ro\\\/sis-ul-si-a-instituit-propriile-decoratii\\\/\"]}]},{\"@type\":\"ImageObject\",\"inLanguage\":\"ro-RO\",\"@id\":\"https:\\\/\\\/www.btv.md\\\/ro\\\/sis-ul-si-a-instituit-propriile-decoratii\\\/#primaryimage\",\"url\":\"https:\\\/\\\/www.btv.md\\\/wp-content\\\/uploads\\\/2016\\\/06\\\/images-cms-image-000041428.jpg\",\"contentUrl\":\"https:\\\/\\\/www.btv.md\\\/wp-content\\\/uploads\\\/2016\\\/06\\\/images-cms-image-000041428.jpg\",\"width\":610,\"height\":292},{\"@type\":\"WebSite\",\"@id\":\"https:\\\/\\\/www.btv.md\\\/#website\",\"url\":\"https:\\\/\\\/www.btv.md\\\/\",\"name\":\"BTV\",\"description\":\"\u0411\u0435\u043b\u044c\u0446\u043a\u043e\u0435 \u0442\u0435\u043b\u0435\u0432\u0438\u0434\u0435\u043d\u0438\u0435\",\"potentialAction\":[{\"@type\":\"SearchAction\",\"target\":{\"@type\":\"EntryPoint\",\"urlTemplate\":\"https:\\\/\\\/www.btv.md\\\/?s={search_term_string}\"},\"query-input\":{\"@type\":\"PropertyValueSpecification\",\"valueRequired\":true,\"valueName\":\"search_term_string\"}}],\"inLanguage\":\"ro-RO\"},{\"@type\":\"Person\",\"@id\":\"https:\\\/\\\/www.btv.md\\\/#\\\/schema\\\/person\\\/8fadce81561b3ce2c34c46dadc4ccbf2\",\"name\":\"admin\"}]}<\/script>\n<!-- \/ Yoast SEO plugin. -->","yoast_head_json":{"title":"SIS-UL \u0218I-A INSTITUIT PROPRIILE DECORA\u021aII - BTV","robots":{"index":"index","follow":"follow","max-snippet":"max-snippet:-1","max-image-preview":"max-image-preview:large","max-video-preview":"max-video-preview:-1"},"canonical":"https:\/\/www.btv.md\/ro\/sis-ul-si-a-instituit-propriile-decoratii\/","og_locale":"ro_RO","og_type":"article","og_title":"SIS-UL \u0218I-A INSTITUIT PROPRIILE DECORA\u021aII - BTV","og_description":"Serviciul de Informa\u0163ii \u015fi Securitate (SIS) al Republicii \u00a0Moldova a instituit c\u00e2teva distinc\u0163ii departamentale, noteaz\u0103 deschide.md. Este vorba de Crucea \u201eOfi\u0163er emerit&#8221;, care este distinc\u0163ia suprem\u0103 a institu\u0163iei \u015fi se va acorda doar ofi\u0163erilor serviciului special \u201epentru curaj excep\u0163ional \u015fi altruism manifestate la asigurarea securit\u0103\u0163ii de stat; merite deosebite la protejarea independen\u0163ei \u015fi integrit\u0103\u0163ii teritoriale [&hellip;]","og_url":"https:\/\/www.btv.md\/ro\/sis-ul-si-a-instituit-propriile-decoratii\/","og_site_name":"BTV","article_publisher":"https:\/\/www.facebook.com\/btvmoldova\/","article_published_time":"2016-06-13T11:33:03+00:00","og_image":[{"width":610,"height":292,"url":"https:\/\/www.btv.md\/wp-content\/uploads\/2016\/06\/images-cms-image-000041428.jpg","type":"image\/jpeg"}],"author":"admin","twitter_misc":{"Scris de":"admin","Timp estimat pentru citire":"1 minut"},"schema":{"@context":"https:\/\/schema.org","@graph":[{"@type":"Article","@id":"https:\/\/www.btv.md\/ro\/sis-ul-si-a-instituit-propriile-decoratii\/#article","isPartOf":{"@id":"https:\/\/www.btv.md\/ro\/sis-ul-si-a-instituit-propriile-decoratii\/"},"author":{"name":"admin","@id":"https:\/\/www.btv.md\/#\/schema\/person\/8fadce81561b3ce2c34c46dadc4ccbf2"},"headline":"SIS-UL \u0218I-A INSTITUIT PROPRIILE DECORA\u021aII","datePublished":"2016-06-13T11:33:03+00:00","mainEntityOfPage":{"@id":"https:\/\/www.btv.md\/ro\/sis-ul-si-a-instituit-propriile-decoratii\/"},"wordCount":142,"image":{"@id":"https:\/\/www.btv.md\/ro\/sis-ul-si-a-instituit-propriile-decoratii\/#primaryimage"},"thumbnailUrl":"https:\/\/www.btv.md\/wp-content\/uploads\/2016\/06\/images-cms-image-000041428.jpg","articleSection":["Social"],"inLanguage":"ro-RO"},{"@type":"WebPage","@id":"https:\/\/www.btv.md\/ro\/sis-ul-si-a-instituit-propriile-decoratii\/","url":"https:\/\/www.btv.md\/ro\/sis-ul-si-a-instituit-propriile-decoratii\/","name":"SIS-UL \u0218I-A INSTITUIT PROPRIILE DECORA\u021aII - BTV","isPartOf":{"@id":"https:\/\/www.btv.md\/#website"},"primaryImageOfPage":{"@id":"https:\/\/www.btv.md\/ro\/sis-ul-si-a-instituit-propriile-decoratii\/#primaryimage"},"image":{"@id":"https:\/\/www.btv.md\/ro\/sis-ul-si-a-instituit-propriile-decoratii\/#primaryimage"},"thumbnailUrl":"https:\/\/www.btv.md\/wp-content\/uploads\/2016\/06\/images-cms-image-000041428.jpg","datePublished":"2016-06-13T11:33:03+00:00","author":{"@id":"https:\/\/www.btv.md\/#\/schema\/person\/8fadce81561b3ce2c34c46dadc4ccbf2"},"inLanguage":"ro-RO","potentialAction":[{"@type":"ReadAction","target":["https:\/\/www.btv.md\/ro\/sis-ul-si-a-instituit-propriile-decoratii\/"]}]},{"@type":"ImageObject","inLanguage":"ro-RO","@id":"https:\/\/www.btv.md\/ro\/sis-ul-si-a-instituit-propriile-decoratii\/#primaryimage","url":"https:\/\/www.btv.md\/wp-content\/uploads\/2016\/06\/images-cms-image-000041428.jpg","contentUrl":"https:\/\/www.btv.md\/wp-content\/uploads\/2016\/06\/images-cms-image-000041428.jpg","width":610,"height":292},{"@type":"WebSite","@id":"https:\/\/www.btv.md\/#website","url":"https:\/\/www.btv.md\/","name":"BTV","description":"\u0411\u0435\u043b\u044c\u0446\u043a\u043e\u0435 \u0442\u0435\u043b\u0435\u0432\u0438\u0434\u0435\u043d\u0438\u0435","potentialAction":[{"@type":"SearchAction","target":{"@type":"EntryPoint","urlTemplate":"https:\/\/www.btv.md\/?s={search_term_string}"},"query-input":{"@type":"PropertyValueSpecification","valueRequired":true,"valueName":"search_term_string"}}],"inLanguage":"ro-RO"},{"@type":"Person","@id":"https:\/\/www.btv.md\/#\/schema\/person\/8fadce81561b3ce2c34c46dadc4ccbf2","name":"admin"}]}},"_links":{"self":[{"href":"https:\/\/www.btv.md\/ro\/wp-json\/wp\/v2\/posts\/14570","targetHints":{"allow":["GET"]}}],"collection":[{"href":"https:\/\/www.btv.md\/ro\/wp-json\/wp\/v2\/posts"}],"about":[{"href":"https:\/\/www.btv.md\/ro\/wp-json\/wp\/v2\/types\/post"}],"author":[{"embeddable":true,"href":"https:\/\/www.btv.md\/ro\/wp-json\/wp\/v2\/users\/4"}],"replies":[{"embeddable":true,"href":"https:\/\/www.btv.md\/ro\/wp-json\/wp\/v2\/comments?post=14570"}],"version-history":[{"count":0,"href":"https:\/\/www.btv.md\/ro\/wp-json\/wp\/v2\/posts\/14570\/revisions"}],"wp:featuredmedia":[{"embeddable":true,"href":"https:\/\/www.btv.md\/ro\/wp-json\/wp\/v2\/media\/14571"}],"wp:attachment":[{"href":"https:\/\/www.btv.md\/ro\/wp-json\/wp\/v2\/media?parent=14570"}],"wp:term":[{"taxonomy":"category","embeddable":true,"href":"https:\/\/www.btv.md\/ro\/wp-json\/wp\/v2\/categories?post=14570"},{"taxonomy":"post_tag","embeddable":true,"href":"https:\/\/www.btv.md\/ro\/wp-json\/wp\/v2\/tags?post=14570"}],"curies":[{"name":"wp","href":"https:\/\/api.w.org\/{rel}","templated":true}]}}