{"id":145701,"date":"2021-09-16T16:28:25","date_gmt":"2021-09-16T13:28:25","guid":{"rendered":"https:\/\/www.btv.md\/?p=145701"},"modified":"2021-09-16T15:29:38","modified_gmt":"2021-09-16T12:29:38","slug":"cnas-continua-finantarea-prestatiilor-sociale-pentru-septembrie","status":"publish","type":"post","link":"https:\/\/www.btv.md\/ro\/cnas-continua-finantarea-prestatiilor-sociale-pentru-septembrie\/","title":{"rendered":"CNAS continu\u0103 finan\u021barea presta\u021biilor sociale pentru septembrie"},"content":{"rendered":"<p class=\"228bf8a64b8551e1MsoNormal\"><strong>De asemenea, ast\u0103zi, 16 septembrie, a fost efectuat\u0103 \u0219i finan\u021barea indemniza\u0163iilor de maternitate femeilor asigurate \u015fi so\u0163iilor aflate la \u00eentre\u0163inerea so\u0163ilor asigura\u0163i, \u00een m\u0103rime de 56,5 milioane de lei, transmite\u00a0<a href=\"https:\/\/stiri.md\/article\/social\/cnas-continua-finantarea-prestatiilor-sociale-pentru-septembrie\">\u0218tiri.md<\/a>.<\/strong><\/p>\n<p class=\"228bf8a64b8551e1MsoNormal\">De\u021bin\u0103torii de card bancar \u00ee\u0219i pot ridica banii de la institu\u0163iile financiare, iar ceilal\u021bi beneficiari &#8211; din orice oficiu po\u015ftal indiferent de locul de domiciliu.<\/p>\n<p class=\"228bf8a64b8551e1MsoNormal\">Pentru orice \u00eentreb\u0103ri care \u0163in de finan\u021barea presta\u0163iilor sociale contacta\u0163i Centrul de Apel al CNAS, la num\u0103rul de telefon:\u00a0<span class=\"wmi-callto\">022 257 777<\/span>.<\/p>\n<p>Foto: \u0218tiri.md.<\/p>\n","protected":false},"excerpt":{"rendered":"<p>De asemenea, ast\u0103zi, 16 septembrie, a fost efectuat\u0103 \u0219i finan\u021barea indemniza\u0163iilor de maternitate femeilor asigurate \u015fi so\u0163iilor aflate la \u00eentre\u0163inerea so\u0163ilor asigura\u0163i, \u00een m\u0103rime de 56,5 milioane de lei, transmite\u00a0\u0218tiri.md. De\u021bin\u0103torii de card bancar \u00ee\u0219i pot ridica banii de la institu\u0163iile financiare, iar ceilal\u021bi beneficiari &#8211; din orice oficiu po\u015ftal indiferent de locul de domiciliu. [&hellip;]<\/p>\n","protected":false},"author":4,"featured_media":145702,"comment_status":"closed","ping_status":"closed","sticky":false,"template":"","format":"standard","meta":{"footnotes":""},"categories":[6369],"tags":[30211],"class_list":["post-145701","post","type-post","status-publish","format-standard","has-post-thumbnail","hentry","category-economie-ro","tag-cnas-continua-finantarea-prestatiilor-sociale-pentru-septembrie"],"yoast_head":"<!-- This site is optimized with the Yoast SEO plugin v27.4 - https:\/\/yoast.com\/product\/yoast-seo-wordpress\/ -->\n<title>CNAS continu\u0103 finan\u021barea presta\u021biilor sociale pentru septembrie - BTV<\/title>\n<meta name=\"robots\" content=\"index, follow, max-snippet:-1, max-image-preview:large, max-video-preview:-1\" \/>\n<link rel=\"canonical\" href=\"https:\/\/www.btv.md\/ro\/cnas-continua-finantarea-prestatiilor-sociale-pentru-septembrie\/\" \/>\n<meta property=\"og:locale\" content=\"ro_RO\" \/>\n<meta property=\"og:type\" content=\"article\" \/>\n<meta property=\"og:title\" content=\"CNAS continu\u0103 finan\u021barea presta\u021biilor sociale pentru septembrie - BTV\" \/>\n<meta property=\"og:description\" content=\"De asemenea, ast\u0103zi, 16 septembrie, a fost efectuat\u0103 \u0219i finan\u021barea indemniza\u0163iilor de maternitate femeilor asigurate \u015fi so\u0163iilor aflate la \u00eentre\u0163inerea so\u0163ilor asigura\u0163i, \u00een m\u0103rime de 56,5 milioane de lei, transmite\u00a0\u0218tiri.md. De\u021bin\u0103torii de card bancar \u00ee\u0219i pot ridica banii de la institu\u0163iile financiare, iar ceilal\u021bi beneficiari &#8211; din orice oficiu po\u015ftal indiferent de locul de domiciliu. [&hellip;]\" \/>\n<meta property=\"og:url\" content=\"https:\/\/www.btv.md\/ro\/cnas-continua-finantarea-prestatiilor-sociale-pentru-septembrie\/\" \/>\n<meta property=\"og:site_name\" content=\"BTV\" \/>\n<meta property=\"article:publisher\" content=\"https:\/\/www.facebook.com\/btvmoldova\/\" \/>\n<meta property=\"article:published_time\" content=\"2021-09-16T13:28:25+00:00\" \/>\n<meta property=\"og:image\" content=\"https:\/\/www.btv.md\/wp-content\/uploads\/2021\/09\/f5d7658fdff5ff8f81c82dd0596a0f77.jpg\" \/>\n\t<meta property=\"og:image:width\" content=\"809\" \/>\n\t<meta property=\"og:image:height\" content=\"456\" \/>\n\t<meta property=\"og:image:type\" content=\"image\/jpeg\" \/>\n<meta name=\"author\" content=\"admin\" \/>\n<meta name=\"twitter:label1\" content=\"Scris de\" \/>\n\t<meta name=\"twitter:data1\" content=\"admin\" \/>\n\t<meta name=\"twitter:label2\" content=\"Timp estimat pentru citire\" \/>\n\t<meta name=\"twitter:data2\" content=\"1 minut\" \/>\n<script type=\"application\/ld+json\" class=\"yoast-schema-graph\">{\"@context\":\"https:\\\/\\\/schema.org\",\"@graph\":[{\"@type\":\"Article\",\"@id\":\"https:\\\/\\\/www.btv.md\\\/ro\\\/cnas-continua-finantarea-prestatiilor-sociale-pentru-septembrie\\\/#article\",\"isPartOf\":{\"@id\":\"https:\\\/\\\/www.btv.md\\\/ro\\\/cnas-continua-finantarea-prestatiilor-sociale-pentru-septembrie\\\/\"},\"author\":{\"name\":\"admin\",\"@id\":\"https:\\\/\\\/www.btv.md\\\/#\\\/schema\\\/person\\\/8fadce81561b3ce2c34c46dadc4ccbf2\"},\"headline\":\"CNAS continu\u0103 finan\u021barea presta\u021biilor sociale pentru septembrie\",\"datePublished\":\"2021-09-16T13:28:25+00:00\",\"mainEntityOfPage\":{\"@id\":\"https:\\\/\\\/www.btv.md\\\/ro\\\/cnas-continua-finantarea-prestatiilor-sociale-pentru-septembrie\\\/\"},\"wordCount\":104,\"image\":{\"@id\":\"https:\\\/\\\/www.btv.md\\\/ro\\\/cnas-continua-finantarea-prestatiilor-sociale-pentru-septembrie\\\/#primaryimage\"},\"thumbnailUrl\":\"https:\\\/\\\/www.btv.md\\\/wp-content\\\/uploads\\\/2021\\\/09\\\/f5d7658fdff5ff8f81c82dd0596a0f77.jpg\",\"keywords\":[\"CNAS continu\u0103 finan\u021barea presta\u021biilor sociale pentru septembrie\"],\"articleSection\":[\"Economie\"],\"inLanguage\":\"ro-RO\"},{\"@type\":\"WebPage\",\"@id\":\"https:\\\/\\\/www.btv.md\\\/ro\\\/cnas-continua-finantarea-prestatiilor-sociale-pentru-septembrie\\\/\",\"url\":\"https:\\\/\\\/www.btv.md\\\/ro\\\/cnas-continua-finantarea-prestatiilor-sociale-pentru-septembrie\\\/\",\"name\":\"CNAS continu\u0103 finan\u021barea presta\u021biilor sociale pentru septembrie - BTV\",\"isPartOf\":{\"@id\":\"https:\\\/\\\/www.btv.md\\\/#website\"},\"primaryImageOfPage\":{\"@id\":\"https:\\\/\\\/www.btv.md\\\/ro\\\/cnas-continua-finantarea-prestatiilor-sociale-pentru-septembrie\\\/#primaryimage\"},\"image\":{\"@id\":\"https:\\\/\\\/www.btv.md\\\/ro\\\/cnas-continua-finantarea-prestatiilor-sociale-pentru-septembrie\\\/#primaryimage\"},\"thumbnailUrl\":\"https:\\\/\\\/www.btv.md\\\/wp-content\\\/uploads\\\/2021\\\/09\\\/f5d7658fdff5ff8f81c82dd0596a0f77.jpg\",\"datePublished\":\"2021-09-16T13:28:25+00:00\",\"author\":{\"@id\":\"https:\\\/\\\/www.btv.md\\\/#\\\/schema\\\/person\\\/8fadce81561b3ce2c34c46dadc4ccbf2\"},\"inLanguage\":\"ro-RO\",\"potentialAction\":[{\"@type\":\"ReadAction\",\"target\":[\"https:\\\/\\\/www.btv.md\\\/ro\\\/cnas-continua-finantarea-prestatiilor-sociale-pentru-septembrie\\\/\"]}]},{\"@type\":\"ImageObject\",\"inLanguage\":\"ro-RO\",\"@id\":\"https:\\\/\\\/www.btv.md\\\/ro\\\/cnas-continua-finantarea-prestatiilor-sociale-pentru-septembrie\\\/#primaryimage\",\"url\":\"https:\\\/\\\/www.btv.md\\\/wp-content\\\/uploads\\\/2021\\\/09\\\/f5d7658fdff5ff8f81c82dd0596a0f77.jpg\",\"contentUrl\":\"https:\\\/\\\/www.btv.md\\\/wp-content\\\/uploads\\\/2021\\\/09\\\/f5d7658fdff5ff8f81c82dd0596a0f77.jpg\",\"width\":809,\"height\":456},{\"@type\":\"WebSite\",\"@id\":\"https:\\\/\\\/www.btv.md\\\/#website\",\"url\":\"https:\\\/\\\/www.btv.md\\\/\",\"name\":\"BTV\",\"description\":\"\u0411\u0435\u043b\u044c\u0446\u043a\u043e\u0435 \u0442\u0435\u043b\u0435\u0432\u0438\u0434\u0435\u043d\u0438\u0435\",\"potentialAction\":[{\"@type\":\"SearchAction\",\"target\":{\"@type\":\"EntryPoint\",\"urlTemplate\":\"https:\\\/\\\/www.btv.md\\\/?s={search_term_string}\"},\"query-input\":{\"@type\":\"PropertyValueSpecification\",\"valueRequired\":true,\"valueName\":\"search_term_string\"}}],\"inLanguage\":\"ro-RO\"},{\"@type\":\"Person\",\"@id\":\"https:\\\/\\\/www.btv.md\\\/#\\\/schema\\\/person\\\/8fadce81561b3ce2c34c46dadc4ccbf2\",\"name\":\"admin\"}]}<\/script>\n<!-- \/ Yoast SEO plugin. -->","yoast_head_json":{"title":"CNAS continu\u0103 finan\u021barea presta\u021biilor sociale pentru septembrie - BTV","robots":{"index":"index","follow":"follow","max-snippet":"max-snippet:-1","max-image-preview":"max-image-preview:large","max-video-preview":"max-video-preview:-1"},"canonical":"https:\/\/www.btv.md\/ro\/cnas-continua-finantarea-prestatiilor-sociale-pentru-septembrie\/","og_locale":"ro_RO","og_type":"article","og_title":"CNAS continu\u0103 finan\u021barea presta\u021biilor sociale pentru septembrie - BTV","og_description":"De asemenea, ast\u0103zi, 16 septembrie, a fost efectuat\u0103 \u0219i finan\u021barea indemniza\u0163iilor de maternitate femeilor asigurate \u015fi so\u0163iilor aflate la \u00eentre\u0163inerea so\u0163ilor asigura\u0163i, \u00een m\u0103rime de 56,5 milioane de lei, transmite\u00a0\u0218tiri.md. De\u021bin\u0103torii de card bancar \u00ee\u0219i pot ridica banii de la institu\u0163iile financiare, iar ceilal\u021bi beneficiari &#8211; din orice oficiu po\u015ftal indiferent de locul de domiciliu. [&hellip;]","og_url":"https:\/\/www.btv.md\/ro\/cnas-continua-finantarea-prestatiilor-sociale-pentru-septembrie\/","og_site_name":"BTV","article_publisher":"https:\/\/www.facebook.com\/btvmoldova\/","article_published_time":"2021-09-16T13:28:25+00:00","og_image":[{"width":809,"height":456,"url":"https:\/\/www.btv.md\/wp-content\/uploads\/2021\/09\/f5d7658fdff5ff8f81c82dd0596a0f77.jpg","type":"image\/jpeg"}],"author":"admin","twitter_misc":{"Scris de":"admin","Timp estimat pentru citire":"1 minut"},"schema":{"@context":"https:\/\/schema.org","@graph":[{"@type":"Article","@id":"https:\/\/www.btv.md\/ro\/cnas-continua-finantarea-prestatiilor-sociale-pentru-septembrie\/#article","isPartOf":{"@id":"https:\/\/www.btv.md\/ro\/cnas-continua-finantarea-prestatiilor-sociale-pentru-septembrie\/"},"author":{"name":"admin","@id":"https:\/\/www.btv.md\/#\/schema\/person\/8fadce81561b3ce2c34c46dadc4ccbf2"},"headline":"CNAS continu\u0103 finan\u021barea presta\u021biilor sociale pentru septembrie","datePublished":"2021-09-16T13:28:25+00:00","mainEntityOfPage":{"@id":"https:\/\/www.btv.md\/ro\/cnas-continua-finantarea-prestatiilor-sociale-pentru-septembrie\/"},"wordCount":104,"image":{"@id":"https:\/\/www.btv.md\/ro\/cnas-continua-finantarea-prestatiilor-sociale-pentru-septembrie\/#primaryimage"},"thumbnailUrl":"https:\/\/www.btv.md\/wp-content\/uploads\/2021\/09\/f5d7658fdff5ff8f81c82dd0596a0f77.jpg","keywords":["CNAS continu\u0103 finan\u021barea presta\u021biilor sociale pentru septembrie"],"articleSection":["Economie"],"inLanguage":"ro-RO"},{"@type":"WebPage","@id":"https:\/\/www.btv.md\/ro\/cnas-continua-finantarea-prestatiilor-sociale-pentru-septembrie\/","url":"https:\/\/www.btv.md\/ro\/cnas-continua-finantarea-prestatiilor-sociale-pentru-septembrie\/","name":"CNAS continu\u0103 finan\u021barea presta\u021biilor sociale pentru septembrie - BTV","isPartOf":{"@id":"https:\/\/www.btv.md\/#website"},"primaryImageOfPage":{"@id":"https:\/\/www.btv.md\/ro\/cnas-continua-finantarea-prestatiilor-sociale-pentru-septembrie\/#primaryimage"},"image":{"@id":"https:\/\/www.btv.md\/ro\/cnas-continua-finantarea-prestatiilor-sociale-pentru-septembrie\/#primaryimage"},"thumbnailUrl":"https:\/\/www.btv.md\/wp-content\/uploads\/2021\/09\/f5d7658fdff5ff8f81c82dd0596a0f77.jpg","datePublished":"2021-09-16T13:28:25+00:00","author":{"@id":"https:\/\/www.btv.md\/#\/schema\/person\/8fadce81561b3ce2c34c46dadc4ccbf2"},"inLanguage":"ro-RO","potentialAction":[{"@type":"ReadAction","target":["https:\/\/www.btv.md\/ro\/cnas-continua-finantarea-prestatiilor-sociale-pentru-septembrie\/"]}]},{"@type":"ImageObject","inLanguage":"ro-RO","@id":"https:\/\/www.btv.md\/ro\/cnas-continua-finantarea-prestatiilor-sociale-pentru-septembrie\/#primaryimage","url":"https:\/\/www.btv.md\/wp-content\/uploads\/2021\/09\/f5d7658fdff5ff8f81c82dd0596a0f77.jpg","contentUrl":"https:\/\/www.btv.md\/wp-content\/uploads\/2021\/09\/f5d7658fdff5ff8f81c82dd0596a0f77.jpg","width":809,"height":456},{"@type":"WebSite","@id":"https:\/\/www.btv.md\/#website","url":"https:\/\/www.btv.md\/","name":"BTV","description":"\u0411\u0435\u043b\u044c\u0446\u043a\u043e\u0435 \u0442\u0435\u043b\u0435\u0432\u0438\u0434\u0435\u043d\u0438\u0435","potentialAction":[{"@type":"SearchAction","target":{"@type":"EntryPoint","urlTemplate":"https:\/\/www.btv.md\/?s={search_term_string}"},"query-input":{"@type":"PropertyValueSpecification","valueRequired":true,"valueName":"search_term_string"}}],"inLanguage":"ro-RO"},{"@type":"Person","@id":"https:\/\/www.btv.md\/#\/schema\/person\/8fadce81561b3ce2c34c46dadc4ccbf2","name":"admin"}]}},"_links":{"self":[{"href":"https:\/\/www.btv.md\/ro\/wp-json\/wp\/v2\/posts\/145701","targetHints":{"allow":["GET"]}}],"collection":[{"href":"https:\/\/www.btv.md\/ro\/wp-json\/wp\/v2\/posts"}],"about":[{"href":"https:\/\/www.btv.md\/ro\/wp-json\/wp\/v2\/types\/post"}],"author":[{"embeddable":true,"href":"https:\/\/www.btv.md\/ro\/wp-json\/wp\/v2\/users\/4"}],"replies":[{"embeddable":true,"href":"https:\/\/www.btv.md\/ro\/wp-json\/wp\/v2\/comments?post=145701"}],"version-history":[{"count":0,"href":"https:\/\/www.btv.md\/ro\/wp-json\/wp\/v2\/posts\/145701\/revisions"}],"wp:featuredmedia":[{"embeddable":true,"href":"https:\/\/www.btv.md\/ro\/wp-json\/wp\/v2\/media\/145702"}],"wp:attachment":[{"href":"https:\/\/www.btv.md\/ro\/wp-json\/wp\/v2\/media?parent=145701"}],"wp:term":[{"taxonomy":"category","embeddable":true,"href":"https:\/\/www.btv.md\/ro\/wp-json\/wp\/v2\/categories?post=145701"},{"taxonomy":"post_tag","embeddable":true,"href":"https:\/\/www.btv.md\/ro\/wp-json\/wp\/v2\/tags?post=145701"}],"curies":[{"name":"wp","href":"https:\/\/api.w.org\/{rel}","templated":true}]}}