{"id":14573,"date":"2016-06-13T14:36:01","date_gmt":"2016-06-13T11:36:01","guid":{"rendered":"http:\/\/btv.md\/?p=14573"},"modified":"2016-06-13T14:36:13","modified_gmt":"2016-06-13T11:36:13","slug":"ciocan-pune-punctele-pe-i-si-vorbeste-in-detalii-despre-avizul-comisiei-de-la-venetia","status":"publish","type":"post","link":"https:\/\/www.btv.md\/ro\/ciocan-pune-punctele-pe-i-si-vorbeste-in-detalii-despre-avizul-comisiei-de-la-venetia\/","title":{"rendered":"Ciocan pune punctele pe i \u015fi vorbe\u015fte \u00een detalii despre avizul comisiei de la Vene\u0163ia"},"content":{"rendered":"<h3>Comisia de la Vene\u0163ia a avizat pozitiv modific\u0103rile la Codul Electoral al Republicii Moldova, elaborate de un grup de deputa\u0163i ca urmare a deciziei Cur\u0163ii Constitu\u0163ionale (CC) din 4 martie 2016.<\/h3>\n<p> \u00cen acest sens, TRIBUNA l-a contactat pe Pre\u0219edintele Comisiei Electorale Centrale (CEC), Iurie Ciocan pentru a face claritate vizavi de mai multe aspecte ce \u0163in de avizul respectiv.<\/p>\n<p> Iurie Ciocan a precizat c\u0103, Comisia de la Vene\u0163ia a avizat pozitiv \u00eentreg proiectul, \u00eens\u0103 s-a expus mai extins pe proiectul propriu-zis.<\/p>\n<p> \u201eProiectul a fost aprobat a\u0219a cum a fost transmis de la Parlament. A fost sut\u0103 la sut\u0103 acceptat pozitiv, doar c\u0103 Comisia a zis c\u0103, \u00een paralel, pe viitor trebuie s\u0103 se atrag\u0103 aten\u021bia la unele detalii \u0219i au f\u0103cut recomand\u0103ri. De exemplu, ar trebui s\u0103 fie rev\u0103zut\u0103 norma constitu\u021bional\u0103 privind cenzul de \u0219edere permanent\u0103 \u00een RM de 10 ani, ori ar trebui s\u0103 fie rev\u0103zut\u0103 modalitatea de colectare a semn\u0103turilor \u2013 ca un om s\u0103 poat\u0103 s\u0103 depun\u0103 semn\u0103turi pentru mai mul\u021bi candida\u021bi. Ele au fost la nivel de discu\u021bii, nici nu s-au formalizat \u00eentr-o responsabilitate juridic\u0103 pentru RM. Dar proiectul care a fost transmis a fost sut\u0103 la sut\u0103 aprobat pozitiv\u201d, a punctat Ciocan.<\/p>\n<p> Totodat\u0103, rugat s\u0103 fac\u0103 o retrospectiv\u0103 a celor mai importante prevederi din Codul Electoral, Iurie Ciocan a men\u021bionat c\u0103 \u201enuan\u021bele s\u00eent foarte simple, iar CC, prin hot\u0103r\u00eerea din 4 martie, a revigorat prevederile Codului Electoral existent \u00een 2000\u201d.<\/p>\n<p>\u201eDup\u0103 anul 2000 \u015fi p\u00een\u0103 \u00een 2016, sigur c\u0103, Codul a suferit destul de multe modific\u0103ri \u0219i ajust\u0103ri, practic toate fiind avizate de c\u0103tre Comisia de la Vene\u021bia. \u00cen acest context, s-a elaborat un proiect de lege privind modificarea normelor revigorate de CC. De exemplu, \u00een versiunea 2000 a Codului Electoral, perioada electoral\u0103 dura 90 zile, iar acum \u2013 doar 60. Num\u0103rul de semn\u0103turi \u00een ultima redac\u021bie a Codului Electoral, dac\u0103 \u00eel extrapol\u0103m la ce avem ast\u0103zi, deci ar trebui s\u0103 fie cam 180 mii de semn\u0103turi pentru fiecare candidat, ceea ce nici \u00eentr-un caz nu poate fi acceptat. Acum s-a redus la 15 mii. S-a stabilit c\u0103 din fiecare din jum\u0103tate din unit\u0103\u0163ile administrativ-teritorial\u0103 de nivelul doi s\u0103 fie nu c\u00eete 10 mii semn\u0103turi, dar c\u00eete 600 de semn\u0103turi etc. S\u00eent ni\u0219te nuan\u021be de ajustare a legii revigorate de CC la cadrul general al Codului Electoral\u201d, a explicat Ciocan.<\/p>\n<p> \u00centrebat cum r\u0103m\u00eene cu norma precum c\u0103 modific\u0103rile \u00een Codul Electoral nu se fac cu cel pu\u021bin jum\u0103tate de an \u00eenainte de campania electoral\u0103, Pre\u0219edintele CEC a declarat c\u0103 \u201eeste un cli\u0219eu, nu este adev\u0103rat\u201d. \u201eExist\u0103 o recomandare a Comisiei de la Vene\u021bia \u00een Codul Bunelor Practici care spune c\u0103 nu se mai fac modific\u0103ri la lege, \u00een momentul \u00een care deja se intr\u0103 \u00een perioada electoral\u0103. Asta pentru a da posibilitate tuturor celor care s-au angajat \u00een campania electoral\u0103 s\u0103 cunoasc\u0103 regulile din timp. Acesta-i principiul, nu-i b\u0103tut \u00een cuie, nu \u0219tiu cine a creat cli\u0219eul c\u0103 nu se mai poate. Avizul pozitiv al Comisiei de la Vene\u021bia \u00eenc\u0103 odat\u0103 ne arat\u0103 nou\u0103 c\u0103 se poate\u201d, a afirmat el.<\/p>\n<p> Iurie Ciocan a mai spus c\u0103, \u00een cazul \u00een care nu era a\u0219a, Comisia nici nu avea s\u0103 de-a aviz pozitiv.<\/p>\n<p> \u201eNoi avem mai pu\u021bin de 6 luni p\u00een\u0103 \u00een ziua alegerilor. Apropo, a fost remarcat \u0219i faptul c\u0103 proiectul de lege a fost pe larg mediatizat. Noi proiectul dat l-am coordonat, inclusiv \u0219i cu partidele. Aici surprize nu vor fi. Comisia a recomandat ca \u00een aceast\u0103 sesiune s\u0103 fie modificat Codul Electoral, dar sesiunea se termin\u0103 la mijlocul lunii iulie. Respectiv, dac\u0103 Parlamentul \u00een iulie va adopta modific\u0103rile la Codul Electoral, asta oricum nu va fi t\u00eerziu\u201d, a conchis Ciocan.<\/p>\n<p><strong>SURSA:<\/strong>\u00a0<a href=\"http:\/\/tribuna.md\/2016\/06\/13\/iurie-ciocan-pune-punctele-pe-i-si-vorbeste-in-detalii-despre-avizul-comisiei-de-la-venetia\/\">tribuna.md<\/a><\/p>\n<p>&nbsp;<\/p>\n","protected":false},"excerpt":{"rendered":"<p>Comisia de la Vene\u0163ia a avizat pozitiv modific\u0103rile la Codul Electoral al Republicii Moldova, elaborate de un grup de deputa\u0163i ca urmare a deciziei Cur\u0163ii Constitu\u0163ionale (CC) din 4 martie 2016. \u00cen acest sens, TRIBUNA l-a contactat pe Pre\u0219edintele Comisiei Electorale Centrale (CEC), Iurie Ciocan pentru a face claritate vizavi de mai multe aspecte ce [&hellip;]<\/p>\n","protected":false},"author":4,"featured_media":14574,"comment_status":"closed","ping_status":"closed","sticky":false,"template":"","format":"standard","meta":{"footnotes":""},"categories":[6368],"tags":[],"class_list":["post-14573","post","type-post","status-publish","format-standard","has-post-thumbnail","hentry","category-politica-ro"],"yoast_head":"<!-- This site is optimized with the Yoast SEO plugin v27.4 - https:\/\/yoast.com\/product\/yoast-seo-wordpress\/ -->\n<title>Ciocan pune punctele pe i \u015fi vorbe\u015fte \u00een detalii despre avizul comisiei de la Vene\u0163ia - BTV<\/title>\n<meta name=\"robots\" content=\"index, follow, max-snippet:-1, max-image-preview:large, max-video-preview:-1\" \/>\n<link rel=\"canonical\" href=\"https:\/\/www.btv.md\/ro\/ciocan-pune-punctele-pe-i-si-vorbeste-in-detalii-despre-avizul-comisiei-de-la-venetia\/\" \/>\n<meta property=\"og:locale\" content=\"ro_RO\" \/>\n<meta property=\"og:type\" content=\"article\" \/>\n<meta property=\"og:title\" content=\"Ciocan pune punctele pe i \u015fi vorbe\u015fte \u00een detalii despre avizul comisiei de la Vene\u0163ia - BTV\" \/>\n<meta property=\"og:description\" content=\"Comisia de la Vene\u0163ia a avizat pozitiv modific\u0103rile la Codul Electoral al Republicii Moldova, elaborate de un grup de deputa\u0163i ca urmare a deciziei Cur\u0163ii Constitu\u0163ionale (CC) din 4 martie 2016. \u00cen acest sens, TRIBUNA l-a contactat pe Pre\u0219edintele Comisiei Electorale Centrale (CEC), Iurie Ciocan pentru a face claritate vizavi de mai multe aspecte ce [&hellip;]\" \/>\n<meta property=\"og:url\" content=\"https:\/\/www.btv.md\/ro\/ciocan-pune-punctele-pe-i-si-vorbeste-in-detalii-despre-avizul-comisiei-de-la-venetia\/\" \/>\n<meta property=\"og:site_name\" content=\"BTV\" \/>\n<meta property=\"article:publisher\" content=\"https:\/\/www.facebook.com\/btvmoldova\/\" \/>\n<meta property=\"article:published_time\" content=\"2016-06-13T11:36:01+00:00\" \/>\n<meta property=\"article:modified_time\" content=\"2016-06-13T11:36:13+00:00\" \/>\n<meta property=\"og:image\" content=\"https:\/\/www.btv.md\/wp-content\/uploads\/2016\/06\/inx960x640-3.jpg\" \/>\n\t<meta property=\"og:image:width\" content=\"960\" \/>\n\t<meta property=\"og:image:height\" content=\"640\" \/>\n\t<meta property=\"og:image:type\" content=\"image\/jpeg\" \/>\n<meta name=\"author\" content=\"admin\" \/>\n<meta name=\"twitter:label1\" content=\"Scris de\" \/>\n\t<meta name=\"twitter:data1\" content=\"admin\" \/>\n\t<meta name=\"twitter:label2\" content=\"Timp estimat pentru citire\" \/>\n\t<meta name=\"twitter:data2\" content=\"3 minute\" \/>\n<script type=\"application\/ld+json\" class=\"yoast-schema-graph\">{\"@context\":\"https:\\\/\\\/schema.org\",\"@graph\":[{\"@type\":\"Article\",\"@id\":\"https:\\\/\\\/www.btv.md\\\/ro\\\/ciocan-pune-punctele-pe-i-si-vorbeste-in-detalii-despre-avizul-comisiei-de-la-venetia\\\/#article\",\"isPartOf\":{\"@id\":\"https:\\\/\\\/www.btv.md\\\/ro\\\/ciocan-pune-punctele-pe-i-si-vorbeste-in-detalii-despre-avizul-comisiei-de-la-venetia\\\/\"},\"author\":{\"name\":\"admin\",\"@id\":\"https:\\\/\\\/www.btv.md\\\/#\\\/schema\\\/person\\\/8fadce81561b3ce2c34c46dadc4ccbf2\"},\"headline\":\"Ciocan pune punctele pe i \u015fi vorbe\u015fte \u00een detalii despre avizul comisiei de la Vene\u0163ia\",\"datePublished\":\"2016-06-13T11:36:01+00:00\",\"dateModified\":\"2016-06-13T11:36:13+00:00\",\"mainEntityOfPage\":{\"@id\":\"https:\\\/\\\/www.btv.md\\\/ro\\\/ciocan-pune-punctele-pe-i-si-vorbeste-in-detalii-despre-avizul-comisiei-de-la-venetia\\\/\"},\"wordCount\":672,\"image\":{\"@id\":\"https:\\\/\\\/www.btv.md\\\/ro\\\/ciocan-pune-punctele-pe-i-si-vorbeste-in-detalii-despre-avizul-comisiei-de-la-venetia\\\/#primaryimage\"},\"thumbnailUrl\":\"https:\\\/\\\/www.btv.md\\\/wp-content\\\/uploads\\\/2016\\\/06\\\/inx960x640-3.jpg\",\"articleSection\":[\"Politic\u0103\"],\"inLanguage\":\"ro-RO\"},{\"@type\":\"WebPage\",\"@id\":\"https:\\\/\\\/www.btv.md\\\/ro\\\/ciocan-pune-punctele-pe-i-si-vorbeste-in-detalii-despre-avizul-comisiei-de-la-venetia\\\/\",\"url\":\"https:\\\/\\\/www.btv.md\\\/ro\\\/ciocan-pune-punctele-pe-i-si-vorbeste-in-detalii-despre-avizul-comisiei-de-la-venetia\\\/\",\"name\":\"Ciocan pune punctele pe i \u015fi vorbe\u015fte \u00een detalii despre avizul comisiei de la Vene\u0163ia - BTV\",\"isPartOf\":{\"@id\":\"https:\\\/\\\/www.btv.md\\\/#website\"},\"primaryImageOfPage\":{\"@id\":\"https:\\\/\\\/www.btv.md\\\/ro\\\/ciocan-pune-punctele-pe-i-si-vorbeste-in-detalii-despre-avizul-comisiei-de-la-venetia\\\/#primaryimage\"},\"image\":{\"@id\":\"https:\\\/\\\/www.btv.md\\\/ro\\\/ciocan-pune-punctele-pe-i-si-vorbeste-in-detalii-despre-avizul-comisiei-de-la-venetia\\\/#primaryimage\"},\"thumbnailUrl\":\"https:\\\/\\\/www.btv.md\\\/wp-content\\\/uploads\\\/2016\\\/06\\\/inx960x640-3.jpg\",\"datePublished\":\"2016-06-13T11:36:01+00:00\",\"dateModified\":\"2016-06-13T11:36:13+00:00\",\"author\":{\"@id\":\"https:\\\/\\\/www.btv.md\\\/#\\\/schema\\\/person\\\/8fadce81561b3ce2c34c46dadc4ccbf2\"},\"inLanguage\":\"ro-RO\",\"potentialAction\":[{\"@type\":\"ReadAction\",\"target\":[\"https:\\\/\\\/www.btv.md\\\/ro\\\/ciocan-pune-punctele-pe-i-si-vorbeste-in-detalii-despre-avizul-comisiei-de-la-venetia\\\/\"]}]},{\"@type\":\"ImageObject\",\"inLanguage\":\"ro-RO\",\"@id\":\"https:\\\/\\\/www.btv.md\\\/ro\\\/ciocan-pune-punctele-pe-i-si-vorbeste-in-detalii-despre-avizul-comisiei-de-la-venetia\\\/#primaryimage\",\"url\":\"https:\\\/\\\/www.btv.md\\\/wp-content\\\/uploads\\\/2016\\\/06\\\/inx960x640-3.jpg\",\"contentUrl\":\"https:\\\/\\\/www.btv.md\\\/wp-content\\\/uploads\\\/2016\\\/06\\\/inx960x640-3.jpg\",\"width\":960,\"height\":640},{\"@type\":\"WebSite\",\"@id\":\"https:\\\/\\\/www.btv.md\\\/#website\",\"url\":\"https:\\\/\\\/www.btv.md\\\/\",\"name\":\"BTV\",\"description\":\"\u0411\u0435\u043b\u044c\u0446\u043a\u043e\u0435 \u0442\u0435\u043b\u0435\u0432\u0438\u0434\u0435\u043d\u0438\u0435\",\"potentialAction\":[{\"@type\":\"SearchAction\",\"target\":{\"@type\":\"EntryPoint\",\"urlTemplate\":\"https:\\\/\\\/www.btv.md\\\/?s={search_term_string}\"},\"query-input\":{\"@type\":\"PropertyValueSpecification\",\"valueRequired\":true,\"valueName\":\"search_term_string\"}}],\"inLanguage\":\"ro-RO\"},{\"@type\":\"Person\",\"@id\":\"https:\\\/\\\/www.btv.md\\\/#\\\/schema\\\/person\\\/8fadce81561b3ce2c34c46dadc4ccbf2\",\"name\":\"admin\"}]}<\/script>\n<!-- \/ Yoast SEO plugin. -->","yoast_head_json":{"title":"Ciocan pune punctele pe i \u015fi vorbe\u015fte \u00een detalii despre avizul comisiei de la Vene\u0163ia - BTV","robots":{"index":"index","follow":"follow","max-snippet":"max-snippet:-1","max-image-preview":"max-image-preview:large","max-video-preview":"max-video-preview:-1"},"canonical":"https:\/\/www.btv.md\/ro\/ciocan-pune-punctele-pe-i-si-vorbeste-in-detalii-despre-avizul-comisiei-de-la-venetia\/","og_locale":"ro_RO","og_type":"article","og_title":"Ciocan pune punctele pe i \u015fi vorbe\u015fte \u00een detalii despre avizul comisiei de la Vene\u0163ia - BTV","og_description":"Comisia de la Vene\u0163ia a avizat pozitiv modific\u0103rile la Codul Electoral al Republicii Moldova, elaborate de un grup de deputa\u0163i ca urmare a deciziei Cur\u0163ii Constitu\u0163ionale (CC) din 4 martie 2016. \u00cen acest sens, TRIBUNA l-a contactat pe Pre\u0219edintele Comisiei Electorale Centrale (CEC), Iurie Ciocan pentru a face claritate vizavi de mai multe aspecte ce [&hellip;]","og_url":"https:\/\/www.btv.md\/ro\/ciocan-pune-punctele-pe-i-si-vorbeste-in-detalii-despre-avizul-comisiei-de-la-venetia\/","og_site_name":"BTV","article_publisher":"https:\/\/www.facebook.com\/btvmoldova\/","article_published_time":"2016-06-13T11:36:01+00:00","article_modified_time":"2016-06-13T11:36:13+00:00","og_image":[{"width":960,"height":640,"url":"https:\/\/www.btv.md\/wp-content\/uploads\/2016\/06\/inx960x640-3.jpg","type":"image\/jpeg"}],"author":"admin","twitter_misc":{"Scris de":"admin","Timp estimat pentru citire":"3 minute"},"schema":{"@context":"https:\/\/schema.org","@graph":[{"@type":"Article","@id":"https:\/\/www.btv.md\/ro\/ciocan-pune-punctele-pe-i-si-vorbeste-in-detalii-despre-avizul-comisiei-de-la-venetia\/#article","isPartOf":{"@id":"https:\/\/www.btv.md\/ro\/ciocan-pune-punctele-pe-i-si-vorbeste-in-detalii-despre-avizul-comisiei-de-la-venetia\/"},"author":{"name":"admin","@id":"https:\/\/www.btv.md\/#\/schema\/person\/8fadce81561b3ce2c34c46dadc4ccbf2"},"headline":"Ciocan pune punctele pe i \u015fi vorbe\u015fte \u00een detalii despre avizul comisiei de la Vene\u0163ia","datePublished":"2016-06-13T11:36:01+00:00","dateModified":"2016-06-13T11:36:13+00:00","mainEntityOfPage":{"@id":"https:\/\/www.btv.md\/ro\/ciocan-pune-punctele-pe-i-si-vorbeste-in-detalii-despre-avizul-comisiei-de-la-venetia\/"},"wordCount":672,"image":{"@id":"https:\/\/www.btv.md\/ro\/ciocan-pune-punctele-pe-i-si-vorbeste-in-detalii-despre-avizul-comisiei-de-la-venetia\/#primaryimage"},"thumbnailUrl":"https:\/\/www.btv.md\/wp-content\/uploads\/2016\/06\/inx960x640-3.jpg","articleSection":["Politic\u0103"],"inLanguage":"ro-RO"},{"@type":"WebPage","@id":"https:\/\/www.btv.md\/ro\/ciocan-pune-punctele-pe-i-si-vorbeste-in-detalii-despre-avizul-comisiei-de-la-venetia\/","url":"https:\/\/www.btv.md\/ro\/ciocan-pune-punctele-pe-i-si-vorbeste-in-detalii-despre-avizul-comisiei-de-la-venetia\/","name":"Ciocan pune punctele pe i \u015fi vorbe\u015fte \u00een detalii despre avizul comisiei de la Vene\u0163ia - BTV","isPartOf":{"@id":"https:\/\/www.btv.md\/#website"},"primaryImageOfPage":{"@id":"https:\/\/www.btv.md\/ro\/ciocan-pune-punctele-pe-i-si-vorbeste-in-detalii-despre-avizul-comisiei-de-la-venetia\/#primaryimage"},"image":{"@id":"https:\/\/www.btv.md\/ro\/ciocan-pune-punctele-pe-i-si-vorbeste-in-detalii-despre-avizul-comisiei-de-la-venetia\/#primaryimage"},"thumbnailUrl":"https:\/\/www.btv.md\/wp-content\/uploads\/2016\/06\/inx960x640-3.jpg","datePublished":"2016-06-13T11:36:01+00:00","dateModified":"2016-06-13T11:36:13+00:00","author":{"@id":"https:\/\/www.btv.md\/#\/schema\/person\/8fadce81561b3ce2c34c46dadc4ccbf2"},"inLanguage":"ro-RO","potentialAction":[{"@type":"ReadAction","target":["https:\/\/www.btv.md\/ro\/ciocan-pune-punctele-pe-i-si-vorbeste-in-detalii-despre-avizul-comisiei-de-la-venetia\/"]}]},{"@type":"ImageObject","inLanguage":"ro-RO","@id":"https:\/\/www.btv.md\/ro\/ciocan-pune-punctele-pe-i-si-vorbeste-in-detalii-despre-avizul-comisiei-de-la-venetia\/#primaryimage","url":"https:\/\/www.btv.md\/wp-content\/uploads\/2016\/06\/inx960x640-3.jpg","contentUrl":"https:\/\/www.btv.md\/wp-content\/uploads\/2016\/06\/inx960x640-3.jpg","width":960,"height":640},{"@type":"WebSite","@id":"https:\/\/www.btv.md\/#website","url":"https:\/\/www.btv.md\/","name":"BTV","description":"\u0411\u0435\u043b\u044c\u0446\u043a\u043e\u0435 \u0442\u0435\u043b\u0435\u0432\u0438\u0434\u0435\u043d\u0438\u0435","potentialAction":[{"@type":"SearchAction","target":{"@type":"EntryPoint","urlTemplate":"https:\/\/www.btv.md\/?s={search_term_string}"},"query-input":{"@type":"PropertyValueSpecification","valueRequired":true,"valueName":"search_term_string"}}],"inLanguage":"ro-RO"},{"@type":"Person","@id":"https:\/\/www.btv.md\/#\/schema\/person\/8fadce81561b3ce2c34c46dadc4ccbf2","name":"admin"}]}},"_links":{"self":[{"href":"https:\/\/www.btv.md\/ro\/wp-json\/wp\/v2\/posts\/14573","targetHints":{"allow":["GET"]}}],"collection":[{"href":"https:\/\/www.btv.md\/ro\/wp-json\/wp\/v2\/posts"}],"about":[{"href":"https:\/\/www.btv.md\/ro\/wp-json\/wp\/v2\/types\/post"}],"author":[{"embeddable":true,"href":"https:\/\/www.btv.md\/ro\/wp-json\/wp\/v2\/users\/4"}],"replies":[{"embeddable":true,"href":"https:\/\/www.btv.md\/ro\/wp-json\/wp\/v2\/comments?post=14573"}],"version-history":[{"count":0,"href":"https:\/\/www.btv.md\/ro\/wp-json\/wp\/v2\/posts\/14573\/revisions"}],"wp:featuredmedia":[{"embeddable":true,"href":"https:\/\/www.btv.md\/ro\/wp-json\/wp\/v2\/media\/14574"}],"wp:attachment":[{"href":"https:\/\/www.btv.md\/ro\/wp-json\/wp\/v2\/media?parent=14573"}],"wp:term":[{"taxonomy":"category","embeddable":true,"href":"https:\/\/www.btv.md\/ro\/wp-json\/wp\/v2\/categories?post=14573"},{"taxonomy":"post_tag","embeddable":true,"href":"https:\/\/www.btv.md\/ro\/wp-json\/wp\/v2\/tags?post=14573"}],"curies":[{"name":"wp","href":"https:\/\/api.w.org\/{rel}","templated":true}]}}