{"id":145815,"date":"2021-09-17T13:51:09","date_gmt":"2021-09-17T10:51:09","guid":{"rendered":"https:\/\/www.btv.md\/?p=145815"},"modified":"2021-09-17T13:51:09","modified_gmt":"2021-09-17T10:51:09","slug":"un-barbat-si-a-injunghiat-colegul-de-pahar-la-hincesti","status":"publish","type":"post","link":"https:\/\/www.btv.md\/ro\/un-barbat-si-a-injunghiat-colegul-de-pahar-la-hincesti\/","title":{"rendered":"Un b\u0103rbat \u0219i-a \u00eenjunghiat colegul de pahar, la H\u00eence\u0219ti"},"content":{"rendered":"<p><strong>Un b\u0103rbat a ajuns la spital, dup\u0103 ce a fost \u00eenjunghiat de amicul de pahar. Incidentul a avut loc ieri, \u00een localitatea Boghiceni, din raionul H\u00eence\u0219ti, transmite <a href=\"https:\/\/deschide.md\/ro\/stiri\/social\/92075\/Un-b\u0103rbat-\u0219i-a-\u00eenjunghiat-colegul-de-pahar-la-H\u00eence\u0219ti.htm\">deschide.md<\/a>.<\/strong><\/p>\n<p>Potrivit poli\u021biei, victima ar fi un b\u0103rbat \u00een v\u00e2rst\u0103 de 64 de ani, care a consumat b\u0103uturi alcoolice, la el acas\u0103, cu al\u021bi doi cons\u0103teni, unul dintre care\u00a0 \u00een v\u00e2rst\u0103 de 47 de ani. Dup\u0103 ce s-au \u00eemb\u0103tat, ace\u0219tia s-au culcat, iar peste ceva timp, unul dintre oaspe\u021bi s-a trezit din somn \u0219i \u0219i-a luat gazda la pumni.<\/p>\n<p>B\u0103rbatul de 64 de ani, ca s\u0103 se apere de oaspetele agresiv, a luat un cu\u021bit de buc\u0103t\u0103rie \u0219i i-a aplicat atacatorului o lovitur\u0103 \u00een regiunea pieptului. Poli\u021bia \u0219i medicii au fost alerta\u021bi despre acest caz, de c\u0103tre un alt b\u0103rbat.<\/p>\n<p>Tipul de 47 de ani a fost transportat de urgen\u021b\u0103 la un spital din capital\u0103 pentru a-i fi acordat ajutor medical, iar acum via\u021ba sa se afl\u0103 \u00een afara oric\u0103rui pericol.<\/p>\n<p>Totodat\u0103, proprietarul locuin\u021bei a fost re\u021binut pentru 72 de ore, iar pe numele s\u0103u a fost pornit\u0103 o cauz\u0103 penal\u0103.<\/p>\n<p>Oamenii legii cerceteaz\u0103 cazul penru a stabili toate circumstan\u021bele \u00een care s-a produs incidentul.<\/p>\n<p>Foto: deschide.md.<\/p>\n","protected":false},"excerpt":{"rendered":"<p>Un b\u0103rbat a ajuns la spital, dup\u0103 ce a fost \u00eenjunghiat de amicul de pahar. Incidentul a avut loc ieri, \u00een localitatea Boghiceni, din raionul H\u00eence\u0219ti, transmite deschide.md. Potrivit poli\u021biei, victima ar fi un b\u0103rbat \u00een v\u00e2rst\u0103 de 64 de ani, care a consumat b\u0103uturi alcoolice, la el acas\u0103, cu al\u021bi doi cons\u0103teni, unul dintre [&hellip;]<\/p>\n","protected":false},"author":4,"featured_media":145816,"comment_status":"closed","ping_status":"closed","sticky":false,"template":"","format":"standard","meta":{"footnotes":""},"categories":[6349],"tags":[24241,30243],"class_list":["post-145815","post","type-post","status-publish","format-standard","has-post-thumbnail","hentry","category-social","tag-la-hincesti","tag-un-barbat-si-a-injunghiat-colegul-de-pahar"],"yoast_head":"<!-- This site is optimized with the Yoast SEO plugin v27.4 - https:\/\/yoast.com\/product\/yoast-seo-wordpress\/ -->\n<title>Un b\u0103rbat \u0219i-a \u00eenjunghiat colegul de pahar, la H\u00eence\u0219ti - BTV<\/title>\n<meta name=\"robots\" content=\"index, follow, max-snippet:-1, max-image-preview:large, max-video-preview:-1\" \/>\n<link rel=\"canonical\" href=\"https:\/\/www.btv.md\/ro\/un-barbat-si-a-injunghiat-colegul-de-pahar-la-hincesti\/\" \/>\n<meta property=\"og:locale\" content=\"ro_RO\" \/>\n<meta property=\"og:type\" content=\"article\" \/>\n<meta property=\"og:title\" content=\"Un b\u0103rbat \u0219i-a \u00eenjunghiat colegul de pahar, la H\u00eence\u0219ti - BTV\" \/>\n<meta property=\"og:description\" content=\"Un b\u0103rbat a ajuns la spital, dup\u0103 ce a fost \u00eenjunghiat de amicul de pahar. Incidentul a avut loc ieri, \u00een localitatea Boghiceni, din raionul H\u00eence\u0219ti, transmite deschide.md. Potrivit poli\u021biei, victima ar fi un b\u0103rbat \u00een v\u00e2rst\u0103 de 64 de ani, care a consumat b\u0103uturi alcoolice, la el acas\u0103, cu al\u021bi doi cons\u0103teni, unul dintre [&hellip;]\" \/>\n<meta property=\"og:url\" content=\"https:\/\/www.btv.md\/ro\/un-barbat-si-a-injunghiat-colegul-de-pahar-la-hincesti\/\" \/>\n<meta property=\"og:site_name\" content=\"BTV\" \/>\n<meta property=\"article:publisher\" content=\"https:\/\/www.facebook.com\/btvmoldova\/\" \/>\n<meta property=\"article:published_time\" content=\"2021-09-17T10:51:09+00:00\" \/>\n<meta property=\"og:image\" content=\"https:\/\/www.btv.md\/wp-content\/uploads\/2021\/09\/images_cms-image-000120782-1.jpg\" \/>\n\t<meta property=\"og:image:width\" content=\"758\" \/>\n\t<meta property=\"og:image:height\" content=\"426\" \/>\n\t<meta property=\"og:image:type\" content=\"image\/jpeg\" \/>\n<meta name=\"author\" content=\"admin\" \/>\n<meta name=\"twitter:label1\" content=\"Scris de\" \/>\n\t<meta name=\"twitter:data1\" content=\"admin\" \/>\n\t<meta name=\"twitter:label2\" content=\"Timp estimat pentru citire\" \/>\n\t<meta name=\"twitter:data2\" content=\"1 minut\" \/>\n<script type=\"application\/ld+json\" class=\"yoast-schema-graph\">{\"@context\":\"https:\\\/\\\/schema.org\",\"@graph\":[{\"@type\":\"Article\",\"@id\":\"https:\\\/\\\/www.btv.md\\\/ro\\\/un-barbat-si-a-injunghiat-colegul-de-pahar-la-hincesti\\\/#article\",\"isPartOf\":{\"@id\":\"https:\\\/\\\/www.btv.md\\\/ro\\\/un-barbat-si-a-injunghiat-colegul-de-pahar-la-hincesti\\\/\"},\"author\":{\"name\":\"admin\",\"@id\":\"https:\\\/\\\/www.btv.md\\\/#\\\/schema\\\/person\\\/8fadce81561b3ce2c34c46dadc4ccbf2\"},\"headline\":\"Un b\u0103rbat \u0219i-a \u00eenjunghiat colegul de pahar, la H\u00eence\u0219ti\",\"datePublished\":\"2021-09-17T10:51:09+00:00\",\"mainEntityOfPage\":{\"@id\":\"https:\\\/\\\/www.btv.md\\\/ro\\\/un-barbat-si-a-injunghiat-colegul-de-pahar-la-hincesti\\\/\"},\"wordCount\":230,\"image\":{\"@id\":\"https:\\\/\\\/www.btv.md\\\/ro\\\/un-barbat-si-a-injunghiat-colegul-de-pahar-la-hincesti\\\/#primaryimage\"},\"thumbnailUrl\":\"https:\\\/\\\/www.btv.md\\\/wp-content\\\/uploads\\\/2021\\\/09\\\/images_cms-image-000120782-1.jpg\",\"keywords\":[\"la H\u00eence\u0219ti\",\"Un b\u0103rbat \u0219i-a \u00eenjunghiat colegul de pahar\"],\"articleSection\":[\"Social\"],\"inLanguage\":\"ro-RO\"},{\"@type\":\"WebPage\",\"@id\":\"https:\\\/\\\/www.btv.md\\\/ro\\\/un-barbat-si-a-injunghiat-colegul-de-pahar-la-hincesti\\\/\",\"url\":\"https:\\\/\\\/www.btv.md\\\/ro\\\/un-barbat-si-a-injunghiat-colegul-de-pahar-la-hincesti\\\/\",\"name\":\"Un b\u0103rbat \u0219i-a \u00eenjunghiat colegul de pahar, la H\u00eence\u0219ti - BTV\",\"isPartOf\":{\"@id\":\"https:\\\/\\\/www.btv.md\\\/#website\"},\"primaryImageOfPage\":{\"@id\":\"https:\\\/\\\/www.btv.md\\\/ro\\\/un-barbat-si-a-injunghiat-colegul-de-pahar-la-hincesti\\\/#primaryimage\"},\"image\":{\"@id\":\"https:\\\/\\\/www.btv.md\\\/ro\\\/un-barbat-si-a-injunghiat-colegul-de-pahar-la-hincesti\\\/#primaryimage\"},\"thumbnailUrl\":\"https:\\\/\\\/www.btv.md\\\/wp-content\\\/uploads\\\/2021\\\/09\\\/images_cms-image-000120782-1.jpg\",\"datePublished\":\"2021-09-17T10:51:09+00:00\",\"author\":{\"@id\":\"https:\\\/\\\/www.btv.md\\\/#\\\/schema\\\/person\\\/8fadce81561b3ce2c34c46dadc4ccbf2\"},\"inLanguage\":\"ro-RO\",\"potentialAction\":[{\"@type\":\"ReadAction\",\"target\":[\"https:\\\/\\\/www.btv.md\\\/ro\\\/un-barbat-si-a-injunghiat-colegul-de-pahar-la-hincesti\\\/\"]}]},{\"@type\":\"ImageObject\",\"inLanguage\":\"ro-RO\",\"@id\":\"https:\\\/\\\/www.btv.md\\\/ro\\\/un-barbat-si-a-injunghiat-colegul-de-pahar-la-hincesti\\\/#primaryimage\",\"url\":\"https:\\\/\\\/www.btv.md\\\/wp-content\\\/uploads\\\/2021\\\/09\\\/images_cms-image-000120782-1.jpg\",\"contentUrl\":\"https:\\\/\\\/www.btv.md\\\/wp-content\\\/uploads\\\/2021\\\/09\\\/images_cms-image-000120782-1.jpg\",\"width\":758,\"height\":426},{\"@type\":\"WebSite\",\"@id\":\"https:\\\/\\\/www.btv.md\\\/#website\",\"url\":\"https:\\\/\\\/www.btv.md\\\/\",\"name\":\"BTV\",\"description\":\"\u0411\u0435\u043b\u044c\u0446\u043a\u043e\u0435 \u0442\u0435\u043b\u0435\u0432\u0438\u0434\u0435\u043d\u0438\u0435\",\"potentialAction\":[{\"@type\":\"SearchAction\",\"target\":{\"@type\":\"EntryPoint\",\"urlTemplate\":\"https:\\\/\\\/www.btv.md\\\/?s={search_term_string}\"},\"query-input\":{\"@type\":\"PropertyValueSpecification\",\"valueRequired\":true,\"valueName\":\"search_term_string\"}}],\"inLanguage\":\"ro-RO\"},{\"@type\":\"Person\",\"@id\":\"https:\\\/\\\/www.btv.md\\\/#\\\/schema\\\/person\\\/8fadce81561b3ce2c34c46dadc4ccbf2\",\"name\":\"admin\"}]}<\/script>\n<!-- \/ Yoast SEO plugin. -->","yoast_head_json":{"title":"Un b\u0103rbat \u0219i-a \u00eenjunghiat colegul de pahar, la H\u00eence\u0219ti - BTV","robots":{"index":"index","follow":"follow","max-snippet":"max-snippet:-1","max-image-preview":"max-image-preview:large","max-video-preview":"max-video-preview:-1"},"canonical":"https:\/\/www.btv.md\/ro\/un-barbat-si-a-injunghiat-colegul-de-pahar-la-hincesti\/","og_locale":"ro_RO","og_type":"article","og_title":"Un b\u0103rbat \u0219i-a \u00eenjunghiat colegul de pahar, la H\u00eence\u0219ti - BTV","og_description":"Un b\u0103rbat a ajuns la spital, dup\u0103 ce a fost \u00eenjunghiat de amicul de pahar. Incidentul a avut loc ieri, \u00een localitatea Boghiceni, din raionul H\u00eence\u0219ti, transmite deschide.md. Potrivit poli\u021biei, victima ar fi un b\u0103rbat \u00een v\u00e2rst\u0103 de 64 de ani, care a consumat b\u0103uturi alcoolice, la el acas\u0103, cu al\u021bi doi cons\u0103teni, unul dintre [&hellip;]","og_url":"https:\/\/www.btv.md\/ro\/un-barbat-si-a-injunghiat-colegul-de-pahar-la-hincesti\/","og_site_name":"BTV","article_publisher":"https:\/\/www.facebook.com\/btvmoldova\/","article_published_time":"2021-09-17T10:51:09+00:00","og_image":[{"width":758,"height":426,"url":"https:\/\/www.btv.md\/wp-content\/uploads\/2021\/09\/images_cms-image-000120782-1.jpg","type":"image\/jpeg"}],"author":"admin","twitter_misc":{"Scris de":"admin","Timp estimat pentru citire":"1 minut"},"schema":{"@context":"https:\/\/schema.org","@graph":[{"@type":"Article","@id":"https:\/\/www.btv.md\/ro\/un-barbat-si-a-injunghiat-colegul-de-pahar-la-hincesti\/#article","isPartOf":{"@id":"https:\/\/www.btv.md\/ro\/un-barbat-si-a-injunghiat-colegul-de-pahar-la-hincesti\/"},"author":{"name":"admin","@id":"https:\/\/www.btv.md\/#\/schema\/person\/8fadce81561b3ce2c34c46dadc4ccbf2"},"headline":"Un b\u0103rbat \u0219i-a \u00eenjunghiat colegul de pahar, la H\u00eence\u0219ti","datePublished":"2021-09-17T10:51:09+00:00","mainEntityOfPage":{"@id":"https:\/\/www.btv.md\/ro\/un-barbat-si-a-injunghiat-colegul-de-pahar-la-hincesti\/"},"wordCount":230,"image":{"@id":"https:\/\/www.btv.md\/ro\/un-barbat-si-a-injunghiat-colegul-de-pahar-la-hincesti\/#primaryimage"},"thumbnailUrl":"https:\/\/www.btv.md\/wp-content\/uploads\/2021\/09\/images_cms-image-000120782-1.jpg","keywords":["la H\u00eence\u0219ti","Un b\u0103rbat \u0219i-a \u00eenjunghiat colegul de pahar"],"articleSection":["Social"],"inLanguage":"ro-RO"},{"@type":"WebPage","@id":"https:\/\/www.btv.md\/ro\/un-barbat-si-a-injunghiat-colegul-de-pahar-la-hincesti\/","url":"https:\/\/www.btv.md\/ro\/un-barbat-si-a-injunghiat-colegul-de-pahar-la-hincesti\/","name":"Un b\u0103rbat \u0219i-a \u00eenjunghiat colegul de pahar, la H\u00eence\u0219ti - BTV","isPartOf":{"@id":"https:\/\/www.btv.md\/#website"},"primaryImageOfPage":{"@id":"https:\/\/www.btv.md\/ro\/un-barbat-si-a-injunghiat-colegul-de-pahar-la-hincesti\/#primaryimage"},"image":{"@id":"https:\/\/www.btv.md\/ro\/un-barbat-si-a-injunghiat-colegul-de-pahar-la-hincesti\/#primaryimage"},"thumbnailUrl":"https:\/\/www.btv.md\/wp-content\/uploads\/2021\/09\/images_cms-image-000120782-1.jpg","datePublished":"2021-09-17T10:51:09+00:00","author":{"@id":"https:\/\/www.btv.md\/#\/schema\/person\/8fadce81561b3ce2c34c46dadc4ccbf2"},"inLanguage":"ro-RO","potentialAction":[{"@type":"ReadAction","target":["https:\/\/www.btv.md\/ro\/un-barbat-si-a-injunghiat-colegul-de-pahar-la-hincesti\/"]}]},{"@type":"ImageObject","inLanguage":"ro-RO","@id":"https:\/\/www.btv.md\/ro\/un-barbat-si-a-injunghiat-colegul-de-pahar-la-hincesti\/#primaryimage","url":"https:\/\/www.btv.md\/wp-content\/uploads\/2021\/09\/images_cms-image-000120782-1.jpg","contentUrl":"https:\/\/www.btv.md\/wp-content\/uploads\/2021\/09\/images_cms-image-000120782-1.jpg","width":758,"height":426},{"@type":"WebSite","@id":"https:\/\/www.btv.md\/#website","url":"https:\/\/www.btv.md\/","name":"BTV","description":"\u0411\u0435\u043b\u044c\u0446\u043a\u043e\u0435 \u0442\u0435\u043b\u0435\u0432\u0438\u0434\u0435\u043d\u0438\u0435","potentialAction":[{"@type":"SearchAction","target":{"@type":"EntryPoint","urlTemplate":"https:\/\/www.btv.md\/?s={search_term_string}"},"query-input":{"@type":"PropertyValueSpecification","valueRequired":true,"valueName":"search_term_string"}}],"inLanguage":"ro-RO"},{"@type":"Person","@id":"https:\/\/www.btv.md\/#\/schema\/person\/8fadce81561b3ce2c34c46dadc4ccbf2","name":"admin"}]}},"_links":{"self":[{"href":"https:\/\/www.btv.md\/ro\/wp-json\/wp\/v2\/posts\/145815","targetHints":{"allow":["GET"]}}],"collection":[{"href":"https:\/\/www.btv.md\/ro\/wp-json\/wp\/v2\/posts"}],"about":[{"href":"https:\/\/www.btv.md\/ro\/wp-json\/wp\/v2\/types\/post"}],"author":[{"embeddable":true,"href":"https:\/\/www.btv.md\/ro\/wp-json\/wp\/v2\/users\/4"}],"replies":[{"embeddable":true,"href":"https:\/\/www.btv.md\/ro\/wp-json\/wp\/v2\/comments?post=145815"}],"version-history":[{"count":0,"href":"https:\/\/www.btv.md\/ro\/wp-json\/wp\/v2\/posts\/145815\/revisions"}],"wp:featuredmedia":[{"embeddable":true,"href":"https:\/\/www.btv.md\/ro\/wp-json\/wp\/v2\/media\/145816"}],"wp:attachment":[{"href":"https:\/\/www.btv.md\/ro\/wp-json\/wp\/v2\/media?parent=145815"}],"wp:term":[{"taxonomy":"category","embeddable":true,"href":"https:\/\/www.btv.md\/ro\/wp-json\/wp\/v2\/categories?post=145815"},{"taxonomy":"post_tag","embeddable":true,"href":"https:\/\/www.btv.md\/ro\/wp-json\/wp\/v2\/tags?post=145815"}],"curies":[{"name":"wp","href":"https:\/\/api.w.org\/{rel}","templated":true}]}}