{"id":14584,"date":"2016-06-13T15:33:50","date_gmt":"2016-06-13T12:33:50","guid":{"rendered":"http:\/\/btv.md\/?p=14584"},"modified":"2016-06-13T15:34:00","modified_gmt":"2016-06-13T12:34:00","slug":"panica-la-balti-un-tren-a-luat-foc-chiar-in-gara","status":"publish","type":"post","link":"https:\/\/www.btv.md\/ro\/panica-la-balti-un-tren-a-luat-foc-chiar-in-gara\/","title":{"rendered":"PANIC\u0102  LA  B\u0102L\u021aI! UN  TREN  A  LUAT  FOC  CHIAR  \u00ceN  GAR\u0102"},"content":{"rendered":"<p>Un tren marfar a luat foc \u00een Gara feroviar\u0103 B\u0103l\u0163i-Ora\u015f \u00een diminea\u021ba zilei de luni, 13 iunie. Fl\u0103c\u0103rile au izbucnit la motorul unei locomotive din cele dou\u0103 care erau ata\u0219ate trenului.<\/p>\n<p><iframe width=\"1170\" height=\"878\" data-src=\"https:\/\/www.youtube.com\/embed\/n823bWtxt48?wmode=transparent&amp;rel=0&amp;feature=oembed\" frameborder=\"0\" allow=\"accelerometer; autoplay; encrypted-media; gyroscope; picture-in-picture\" allowfullscreen src=\"data:image\/svg+xml;base64,PHN2ZyB3aWR0aD0iMSIgaGVpZ2h0PSIxIiB4bWxucz0iaHR0cDovL3d3dy53My5vcmcvMjAwMC9zdmciPjwvc3ZnPg==\" class=\"lazyload\" data-load-mode=\"1\"><\/iframe><\/p>\n<p>Potrivit ofi\u021berului de pres\u0103 al Direc\u021bie Situa\u021bii Excep\u021bionale, Andrei Adam, la fa\u0163a\u00a0 locului au fost \u00eendreptate dou\u0103 autospeciale, cu un efectiv de 14 persoane. Pompierii au lichidat focul rapid, \u00eenainte ca acesta s\u0103 se r\u0103sp\u00e2ndeasc\u0103 peste ce-a de-a doua locomotiv\u0103. \u00a0<\/p>\n<p>Serviciul de pres\u0103 al CFM\u00a0 a precizat c\u0103 nimeni nu a avut de suferit. Cauzele izbucnirii incendiului se stabilesc.<\/p>\n","protected":false},"excerpt":{"rendered":"<p>Un tren marfar a luat foc \u00een Gara feroviar\u0103 B\u0103l\u0163i-Ora\u015f \u00een diminea\u021ba zilei de luni, 13 iunie. Fl\u0103c\u0103rile au izbucnit la motorul unei locomotive din cele dou\u0103 care erau ata\u0219ate trenului. Potrivit ofi\u021berului de pres\u0103 al Direc\u021bie Situa\u021bii Excep\u021bionale, Andrei Adam, la fa\u0163a\u00a0 locului au fost \u00eendreptate dou\u0103 autospeciale, cu un efectiv de 14 persoane. [&hellip;]<\/p>\n","protected":false},"author":4,"featured_media":14585,"comment_status":"closed","ping_status":"closed","sticky":false,"template":"","format":"standard","meta":{"footnotes":""},"categories":[6351],"tags":[],"class_list":["post-14584","post","type-post","status-publish","format-standard","has-post-thumbnail","hentry","category-incidente"],"yoast_head":"<!-- This site is optimized with the Yoast SEO plugin v27.4 - https:\/\/yoast.com\/product\/yoast-seo-wordpress\/ -->\n<title>PANIC\u0102 LA B\u0102L\u021aI! UN TREN A LUAT FOC CHIAR \u00ceN GAR\u0102 - BTV<\/title>\n<meta name=\"robots\" content=\"index, follow, max-snippet:-1, max-image-preview:large, max-video-preview:-1\" \/>\n<link rel=\"canonical\" href=\"https:\/\/www.btv.md\/ro\/panica-la-balti-un-tren-a-luat-foc-chiar-in-gara\/\" \/>\n<meta property=\"og:locale\" content=\"ro_RO\" \/>\n<meta property=\"og:type\" content=\"article\" \/>\n<meta property=\"og:title\" content=\"PANIC\u0102 LA B\u0102L\u021aI! UN TREN A LUAT FOC CHIAR \u00ceN GAR\u0102 - BTV\" \/>\n<meta property=\"og:description\" content=\"Un tren marfar a luat foc \u00een Gara feroviar\u0103 B\u0103l\u0163i-Ora\u015f \u00een diminea\u021ba zilei de luni, 13 iunie. Fl\u0103c\u0103rile au izbucnit la motorul unei locomotive din cele dou\u0103 care erau ata\u0219ate trenului. Potrivit ofi\u021berului de pres\u0103 al Direc\u021bie Situa\u021bii Excep\u021bionale, Andrei Adam, la fa\u0163a\u00a0 locului au fost \u00eendreptate dou\u0103 autospeciale, cu un efectiv de 14 persoane. [&hellip;]\" \/>\n<meta property=\"og:url\" content=\"https:\/\/www.btv.md\/ro\/panica-la-balti-un-tren-a-luat-foc-chiar-in-gara\/\" \/>\n<meta property=\"og:site_name\" content=\"BTV\" \/>\n<meta property=\"article:publisher\" content=\"https:\/\/www.facebook.com\/btvmoldova\/\" \/>\n<meta property=\"article:published_time\" content=\"2016-06-13T12:33:50+00:00\" \/>\n<meta property=\"article:modified_time\" content=\"2016-06-13T12:34:00+00:00\" \/>\n<meta property=\"og:image\" content=\"https:\/\/www.btv.md\/wp-content\/uploads\/2016\/06\/t.jpg\" \/>\n\t<meta property=\"og:image:width\" content=\"600\" \/>\n\t<meta property=\"og:image:height\" content=\"400\" \/>\n\t<meta property=\"og:image:type\" content=\"image\/jpeg\" \/>\n<meta name=\"author\" content=\"admin\" \/>\n<meta name=\"twitter:label1\" content=\"Scris de\" \/>\n\t<meta name=\"twitter:data1\" content=\"admin\" \/>\n\t<meta name=\"twitter:label2\" content=\"Timp estimat pentru citire\" \/>\n\t<meta name=\"twitter:data2\" content=\"1 minut\" \/>\n<script type=\"application\/ld+json\" class=\"yoast-schema-graph\">{\"@context\":\"https:\\\/\\\/schema.org\",\"@graph\":[{\"@type\":\"Article\",\"@id\":\"https:\\\/\\\/www.btv.md\\\/ro\\\/panica-la-balti-un-tren-a-luat-foc-chiar-in-gara\\\/#article\",\"isPartOf\":{\"@id\":\"https:\\\/\\\/www.btv.md\\\/ro\\\/panica-la-balti-un-tren-a-luat-foc-chiar-in-gara\\\/\"},\"author\":{\"name\":\"admin\",\"@id\":\"https:\\\/\\\/www.btv.md\\\/#\\\/schema\\\/person\\\/8fadce81561b3ce2c34c46dadc4ccbf2\"},\"headline\":\"PANIC\u0102 LA B\u0102L\u021aI! UN TREN A LUAT FOC CHIAR \u00ceN GAR\u0102\",\"datePublished\":\"2016-06-13T12:33:50+00:00\",\"dateModified\":\"2016-06-13T12:34:00+00:00\",\"mainEntityOfPage\":{\"@id\":\"https:\\\/\\\/www.btv.md\\\/ro\\\/panica-la-balti-un-tren-a-luat-foc-chiar-in-gara\\\/\"},\"wordCount\":125,\"image\":{\"@id\":\"https:\\\/\\\/www.btv.md\\\/ro\\\/panica-la-balti-un-tren-a-luat-foc-chiar-in-gara\\\/#primaryimage\"},\"thumbnailUrl\":\"https:\\\/\\\/www.btv.md\\\/wp-content\\\/uploads\\\/2016\\\/06\\\/t.jpg\",\"articleSection\":[\"Incidente\"],\"inLanguage\":\"ro-RO\"},{\"@type\":\"WebPage\",\"@id\":\"https:\\\/\\\/www.btv.md\\\/ro\\\/panica-la-balti-un-tren-a-luat-foc-chiar-in-gara\\\/\",\"url\":\"https:\\\/\\\/www.btv.md\\\/ro\\\/panica-la-balti-un-tren-a-luat-foc-chiar-in-gara\\\/\",\"name\":\"PANIC\u0102 LA B\u0102L\u021aI! UN TREN A LUAT FOC CHIAR \u00ceN GAR\u0102 - BTV\",\"isPartOf\":{\"@id\":\"https:\\\/\\\/www.btv.md\\\/#website\"},\"primaryImageOfPage\":{\"@id\":\"https:\\\/\\\/www.btv.md\\\/ro\\\/panica-la-balti-un-tren-a-luat-foc-chiar-in-gara\\\/#primaryimage\"},\"image\":{\"@id\":\"https:\\\/\\\/www.btv.md\\\/ro\\\/panica-la-balti-un-tren-a-luat-foc-chiar-in-gara\\\/#primaryimage\"},\"thumbnailUrl\":\"https:\\\/\\\/www.btv.md\\\/wp-content\\\/uploads\\\/2016\\\/06\\\/t.jpg\",\"datePublished\":\"2016-06-13T12:33:50+00:00\",\"dateModified\":\"2016-06-13T12:34:00+00:00\",\"author\":{\"@id\":\"https:\\\/\\\/www.btv.md\\\/#\\\/schema\\\/person\\\/8fadce81561b3ce2c34c46dadc4ccbf2\"},\"inLanguage\":\"ro-RO\",\"potentialAction\":[{\"@type\":\"ReadAction\",\"target\":[\"https:\\\/\\\/www.btv.md\\\/ro\\\/panica-la-balti-un-tren-a-luat-foc-chiar-in-gara\\\/\"]}]},{\"@type\":\"ImageObject\",\"inLanguage\":\"ro-RO\",\"@id\":\"https:\\\/\\\/www.btv.md\\\/ro\\\/panica-la-balti-un-tren-a-luat-foc-chiar-in-gara\\\/#primaryimage\",\"url\":\"https:\\\/\\\/www.btv.md\\\/wp-content\\\/uploads\\\/2016\\\/06\\\/t.jpg\",\"contentUrl\":\"https:\\\/\\\/www.btv.md\\\/wp-content\\\/uploads\\\/2016\\\/06\\\/t.jpg\",\"width\":600,\"height\":400},{\"@type\":\"WebSite\",\"@id\":\"https:\\\/\\\/www.btv.md\\\/#website\",\"url\":\"https:\\\/\\\/www.btv.md\\\/\",\"name\":\"BTV\",\"description\":\"\u0411\u0435\u043b\u044c\u0446\u043a\u043e\u0435 \u0442\u0435\u043b\u0435\u0432\u0438\u0434\u0435\u043d\u0438\u0435\",\"potentialAction\":[{\"@type\":\"SearchAction\",\"target\":{\"@type\":\"EntryPoint\",\"urlTemplate\":\"https:\\\/\\\/www.btv.md\\\/?s={search_term_string}\"},\"query-input\":{\"@type\":\"PropertyValueSpecification\",\"valueRequired\":true,\"valueName\":\"search_term_string\"}}],\"inLanguage\":\"ro-RO\"},{\"@type\":\"Person\",\"@id\":\"https:\\\/\\\/www.btv.md\\\/#\\\/schema\\\/person\\\/8fadce81561b3ce2c34c46dadc4ccbf2\",\"name\":\"admin\"}]}<\/script>\n<!-- \/ Yoast SEO plugin. -->","yoast_head_json":{"title":"PANIC\u0102 LA B\u0102L\u021aI! UN TREN A LUAT FOC CHIAR \u00ceN GAR\u0102 - BTV","robots":{"index":"index","follow":"follow","max-snippet":"max-snippet:-1","max-image-preview":"max-image-preview:large","max-video-preview":"max-video-preview:-1"},"canonical":"https:\/\/www.btv.md\/ro\/panica-la-balti-un-tren-a-luat-foc-chiar-in-gara\/","og_locale":"ro_RO","og_type":"article","og_title":"PANIC\u0102 LA B\u0102L\u021aI! UN TREN A LUAT FOC CHIAR \u00ceN GAR\u0102 - BTV","og_description":"Un tren marfar a luat foc \u00een Gara feroviar\u0103 B\u0103l\u0163i-Ora\u015f \u00een diminea\u021ba zilei de luni, 13 iunie. Fl\u0103c\u0103rile au izbucnit la motorul unei locomotive din cele dou\u0103 care erau ata\u0219ate trenului. Potrivit ofi\u021berului de pres\u0103 al Direc\u021bie Situa\u021bii Excep\u021bionale, Andrei Adam, la fa\u0163a\u00a0 locului au fost \u00eendreptate dou\u0103 autospeciale, cu un efectiv de 14 persoane. [&hellip;]","og_url":"https:\/\/www.btv.md\/ro\/panica-la-balti-un-tren-a-luat-foc-chiar-in-gara\/","og_site_name":"BTV","article_publisher":"https:\/\/www.facebook.com\/btvmoldova\/","article_published_time":"2016-06-13T12:33:50+00:00","article_modified_time":"2016-06-13T12:34:00+00:00","og_image":[{"width":600,"height":400,"url":"https:\/\/www.btv.md\/wp-content\/uploads\/2016\/06\/t.jpg","type":"image\/jpeg"}],"author":"admin","twitter_misc":{"Scris de":"admin","Timp estimat pentru citire":"1 minut"},"schema":{"@context":"https:\/\/schema.org","@graph":[{"@type":"Article","@id":"https:\/\/www.btv.md\/ro\/panica-la-balti-un-tren-a-luat-foc-chiar-in-gara\/#article","isPartOf":{"@id":"https:\/\/www.btv.md\/ro\/panica-la-balti-un-tren-a-luat-foc-chiar-in-gara\/"},"author":{"name":"admin","@id":"https:\/\/www.btv.md\/#\/schema\/person\/8fadce81561b3ce2c34c46dadc4ccbf2"},"headline":"PANIC\u0102 LA B\u0102L\u021aI! UN TREN A LUAT FOC CHIAR \u00ceN GAR\u0102","datePublished":"2016-06-13T12:33:50+00:00","dateModified":"2016-06-13T12:34:00+00:00","mainEntityOfPage":{"@id":"https:\/\/www.btv.md\/ro\/panica-la-balti-un-tren-a-luat-foc-chiar-in-gara\/"},"wordCount":125,"image":{"@id":"https:\/\/www.btv.md\/ro\/panica-la-balti-un-tren-a-luat-foc-chiar-in-gara\/#primaryimage"},"thumbnailUrl":"https:\/\/www.btv.md\/wp-content\/uploads\/2016\/06\/t.jpg","articleSection":["Incidente"],"inLanguage":"ro-RO"},{"@type":"WebPage","@id":"https:\/\/www.btv.md\/ro\/panica-la-balti-un-tren-a-luat-foc-chiar-in-gara\/","url":"https:\/\/www.btv.md\/ro\/panica-la-balti-un-tren-a-luat-foc-chiar-in-gara\/","name":"PANIC\u0102 LA B\u0102L\u021aI! UN TREN A LUAT FOC CHIAR \u00ceN GAR\u0102 - BTV","isPartOf":{"@id":"https:\/\/www.btv.md\/#website"},"primaryImageOfPage":{"@id":"https:\/\/www.btv.md\/ro\/panica-la-balti-un-tren-a-luat-foc-chiar-in-gara\/#primaryimage"},"image":{"@id":"https:\/\/www.btv.md\/ro\/panica-la-balti-un-tren-a-luat-foc-chiar-in-gara\/#primaryimage"},"thumbnailUrl":"https:\/\/www.btv.md\/wp-content\/uploads\/2016\/06\/t.jpg","datePublished":"2016-06-13T12:33:50+00:00","dateModified":"2016-06-13T12:34:00+00:00","author":{"@id":"https:\/\/www.btv.md\/#\/schema\/person\/8fadce81561b3ce2c34c46dadc4ccbf2"},"inLanguage":"ro-RO","potentialAction":[{"@type":"ReadAction","target":["https:\/\/www.btv.md\/ro\/panica-la-balti-un-tren-a-luat-foc-chiar-in-gara\/"]}]},{"@type":"ImageObject","inLanguage":"ro-RO","@id":"https:\/\/www.btv.md\/ro\/panica-la-balti-un-tren-a-luat-foc-chiar-in-gara\/#primaryimage","url":"https:\/\/www.btv.md\/wp-content\/uploads\/2016\/06\/t.jpg","contentUrl":"https:\/\/www.btv.md\/wp-content\/uploads\/2016\/06\/t.jpg","width":600,"height":400},{"@type":"WebSite","@id":"https:\/\/www.btv.md\/#website","url":"https:\/\/www.btv.md\/","name":"BTV","description":"\u0411\u0435\u043b\u044c\u0446\u043a\u043e\u0435 \u0442\u0435\u043b\u0435\u0432\u0438\u0434\u0435\u043d\u0438\u0435","potentialAction":[{"@type":"SearchAction","target":{"@type":"EntryPoint","urlTemplate":"https:\/\/www.btv.md\/?s={search_term_string}"},"query-input":{"@type":"PropertyValueSpecification","valueRequired":true,"valueName":"search_term_string"}}],"inLanguage":"ro-RO"},{"@type":"Person","@id":"https:\/\/www.btv.md\/#\/schema\/person\/8fadce81561b3ce2c34c46dadc4ccbf2","name":"admin"}]}},"_links":{"self":[{"href":"https:\/\/www.btv.md\/ro\/wp-json\/wp\/v2\/posts\/14584","targetHints":{"allow":["GET"]}}],"collection":[{"href":"https:\/\/www.btv.md\/ro\/wp-json\/wp\/v2\/posts"}],"about":[{"href":"https:\/\/www.btv.md\/ro\/wp-json\/wp\/v2\/types\/post"}],"author":[{"embeddable":true,"href":"https:\/\/www.btv.md\/ro\/wp-json\/wp\/v2\/users\/4"}],"replies":[{"embeddable":true,"href":"https:\/\/www.btv.md\/ro\/wp-json\/wp\/v2\/comments?post=14584"}],"version-history":[{"count":0,"href":"https:\/\/www.btv.md\/ro\/wp-json\/wp\/v2\/posts\/14584\/revisions"}],"wp:featuredmedia":[{"embeddable":true,"href":"https:\/\/www.btv.md\/ro\/wp-json\/wp\/v2\/media\/14585"}],"wp:attachment":[{"href":"https:\/\/www.btv.md\/ro\/wp-json\/wp\/v2\/media?parent=14584"}],"wp:term":[{"taxonomy":"category","embeddable":true,"href":"https:\/\/www.btv.md\/ro\/wp-json\/wp\/v2\/categories?post=14584"},{"taxonomy":"post_tag","embeddable":true,"href":"https:\/\/www.btv.md\/ro\/wp-json\/wp\/v2\/tags?post=14584"}],"curies":[{"name":"wp","href":"https:\/\/api.w.org\/{rel}","templated":true}]}}