{"id":14594,"date":"2016-06-13T17:29:11","date_gmt":"2016-06-13T14:29:11","guid":{"rendered":"http:\/\/btv.md\/?p=14594"},"modified":"2016-06-13T17:29:21","modified_gmt":"2016-06-13T14:29:21","slug":"ploua-nu-doar-afara-dar-si-in-unele-gradinite-din-balti","status":"publish","type":"post","link":"https:\/\/www.btv.md\/ro\/ploua-nu-doar-afara-dar-si-in-unele-gradinite-din-balti\/","title":{"rendered":"PLOU\u0102 NU DOAR AFAR\u0102, DAR  \u0218I \u00ceN UNELE GR\u0102DINI\u021aE DIN  B\u0102L\u021aI"},"content":{"rendered":"<h2>Ploile din ultima perioad\u0103 dau b\u0103t\u0103i de cap gr\u0103dini\u0163elor din B\u0103l\u0163i. Dup\u0103 ce s\u0103pt\u0103m\u00e2na trecut\u0103 apa a p\u0103truns prin tavan \u00een una din s\u0103lile\u00a0 gr\u0103dini\u0163ei 23, a venit r\u00e2ndul \u015fi institu\u0163iei pre\u015fcolare num\u0103rul 34. Directorul institu\u0163iei, Svetlana Tugarova spune c\u0103 de la un an de c\u00e2nd este la conducere, aceast\u0103 problem\u0103 apare doar \u00een perioada ploilor toren\u0163iale. Ea a dat asigur\u0103ri c\u0103 micu\u0163ii, care s-au aflat \u00een sala cu pricina au fost muta\u0163i \u00een alte loca\u0163ii.<\/h2>\n<p><iframe width=\"1170\" height=\"878\" data-src=\"https:\/\/www.youtube.com\/embed\/AKQTitSLScM?wmode=transparent&amp;rel=0&amp;feature=oembed\" frameborder=\"0\" allow=\"accelerometer; autoplay; encrypted-media; gyroscope; picture-in-picture\" allowfullscreen src=\"data:image\/svg+xml;base64,PHN2ZyB3aWR0aD0iMSIgaGVpZ2h0PSIxIiB4bWxucz0iaHR0cDovL3d3dy53My5vcmcvMjAwMC9zdmciPjwvc3ZnPg==\" class=\"lazyload\" data-load-mode=\"1\"><\/iframe><\/p>\n<p>&nbsp;<\/p>\n<h2>Responsabilii de la prim\u0103ria de B\u0103l\u0163i afirm\u0103 c\u0103\u00a0 b\u0103nii destina\u0163i pentru repara\u0163ia acoperi\u015fului nu au fost transfera\u0163i din Bugetul de Stat. Potrivit lor, aceste fonduri ar permite autorit\u0103\u0163ilor b\u0103l\u0163ene s\u0103 ini\u0163ieze un \u015fir de repara\u0163ii \u00een mai multe institu\u0163ii de \u00eenv\u0103\u0163\u0103m\u00e2nt.<\/h2>\n<h2>Totodat\u0103, directoarea Gr\u0103dini\u021bei 34 \u00a0a mai ad\u0103ugat c\u0103 a solicitat ajutorul consilierul municipal, Boris Frec\u0103u\u021ban \u00a0sub egida c\u0103ruia se afl\u0103\u00a0 institu\u0163ia pre\u015fcolar\u0103.<\/h2>\n<h2>\u00a0Ultima dat\u0103 acoperi\u0219ul institu\u021biei a fost reparat par\u021bial \u00een anul 2015. Atunci au fost schimbate 20 de foi de ardezie.<\/h2>\n","protected":false},"excerpt":{"rendered":"<p>Ploile din ultima perioad\u0103 dau b\u0103t\u0103i de cap gr\u0103dini\u0163elor din B\u0103l\u0163i. Dup\u0103 ce s\u0103pt\u0103m\u00e2na trecut\u0103 apa a p\u0103truns prin tavan \u00een una din s\u0103lile\u00a0 gr\u0103dini\u0163ei 23, a venit r\u00e2ndul \u015fi institu\u0163iei pre\u015fcolare num\u0103rul 34. Directorul institu\u0163iei, Svetlana Tugarova spune c\u0103 de la un an de c\u00e2nd este la conducere, aceast\u0103 problem\u0103 apare doar \u00een perioada [&hellip;]<\/p>\n","protected":false},"author":4,"featured_media":14595,"comment_status":"closed","ping_status":"closed","sticky":false,"template":"","format":"standard","meta":{"footnotes":""},"categories":[6353],"tags":[],"class_list":["post-14594","post","type-post","status-publish","format-standard","has-post-thumbnail","hentry","category-oras"],"yoast_head":"<!-- This site is optimized with the Yoast SEO plugin v27.4 - https:\/\/yoast.com\/product\/yoast-seo-wordpress\/ -->\n<title>PLOU\u0102 NU DOAR AFAR\u0102, DAR \u0218I \u00ceN UNELE GR\u0102DINI\u021aE DIN B\u0102L\u021aI  - BTV<\/title>\n<meta name=\"robots\" content=\"index, follow, max-snippet:-1, max-image-preview:large, max-video-preview:-1\" \/>\n<link rel=\"canonical\" href=\"https:\/\/www.btv.md\/ro\/ploua-nu-doar-afara-dar-si-in-unele-gradinite-din-balti\/\" \/>\n<meta property=\"og:locale\" content=\"ro_RO\" \/>\n<meta property=\"og:type\" content=\"article\" \/>\n<meta property=\"og:title\" content=\"PLOU\u0102 NU DOAR AFAR\u0102, DAR \u0218I \u00ceN UNELE GR\u0102DINI\u021aE DIN B\u0102L\u021aI  - BTV\" \/>\n<meta property=\"og:description\" content=\"Ploile din ultima perioad\u0103 dau b\u0103t\u0103i de cap gr\u0103dini\u0163elor din B\u0103l\u0163i. Dup\u0103 ce s\u0103pt\u0103m\u00e2na trecut\u0103 apa a p\u0103truns prin tavan \u00een una din s\u0103lile\u00a0 gr\u0103dini\u0163ei 23, a venit r\u00e2ndul \u015fi institu\u0163iei pre\u015fcolare num\u0103rul 34. Directorul institu\u0163iei, Svetlana Tugarova spune c\u0103 de la un an de c\u00e2nd este la conducere, aceast\u0103 problem\u0103 apare doar \u00een perioada [&hellip;]\" \/>\n<meta property=\"og:url\" content=\"https:\/\/www.btv.md\/ro\/ploua-nu-doar-afara-dar-si-in-unele-gradinite-din-balti\/\" \/>\n<meta property=\"og:site_name\" content=\"BTV\" \/>\n<meta property=\"article:publisher\" content=\"https:\/\/www.facebook.com\/btvmoldova\/\" \/>\n<meta property=\"article:published_time\" content=\"2016-06-13T14:29:11+00:00\" \/>\n<meta property=\"article:modified_time\" content=\"2016-06-13T14:29:21+00:00\" \/>\n<meta property=\"og:image\" content=\"https:\/\/www.btv.md\/wp-content\/uploads\/2016\/06\/gg.jpg\" \/>\n\t<meta property=\"og:image:width\" content=\"600\" \/>\n\t<meta property=\"og:image:height\" content=\"400\" \/>\n\t<meta property=\"og:image:type\" content=\"image\/jpeg\" \/>\n<meta name=\"author\" content=\"admin\" \/>\n<meta name=\"twitter:label1\" content=\"Scris de\" \/>\n\t<meta name=\"twitter:data1\" content=\"admin\" \/>\n\t<meta name=\"twitter:label2\" content=\"Timp estimat pentru citire\" \/>\n\t<meta name=\"twitter:data2\" content=\"1 minut\" \/>\n<script type=\"application\/ld+json\" class=\"yoast-schema-graph\">{\"@context\":\"https:\\\/\\\/schema.org\",\"@graph\":[{\"@type\":\"Article\",\"@id\":\"https:\\\/\\\/www.btv.md\\\/ro\\\/ploua-nu-doar-afara-dar-si-in-unele-gradinite-din-balti\\\/#article\",\"isPartOf\":{\"@id\":\"https:\\\/\\\/www.btv.md\\\/ro\\\/ploua-nu-doar-afara-dar-si-in-unele-gradinite-din-balti\\\/\"},\"author\":{\"name\":\"admin\",\"@id\":\"https:\\\/\\\/www.btv.md\\\/#\\\/schema\\\/person\\\/8fadce81561b3ce2c34c46dadc4ccbf2\"},\"headline\":\"PLOU\u0102 NU DOAR AFAR\u0102, DAR \u0218I \u00ceN UNELE GR\u0102DINI\u021aE DIN B\u0102L\u021aI\",\"datePublished\":\"2016-06-13T14:29:11+00:00\",\"dateModified\":\"2016-06-13T14:29:21+00:00\",\"mainEntityOfPage\":{\"@id\":\"https:\\\/\\\/www.btv.md\\\/ro\\\/ploua-nu-doar-afara-dar-si-in-unele-gradinite-din-balti\\\/\"},\"wordCount\":231,\"image\":{\"@id\":\"https:\\\/\\\/www.btv.md\\\/ro\\\/ploua-nu-doar-afara-dar-si-in-unele-gradinite-din-balti\\\/#primaryimage\"},\"thumbnailUrl\":\"https:\\\/\\\/www.btv.md\\\/wp-content\\\/uploads\\\/2016\\\/06\\\/gg.jpg\",\"articleSection\":[\"Ora\u0219\"],\"inLanguage\":\"ro-RO\"},{\"@type\":\"WebPage\",\"@id\":\"https:\\\/\\\/www.btv.md\\\/ro\\\/ploua-nu-doar-afara-dar-si-in-unele-gradinite-din-balti\\\/\",\"url\":\"https:\\\/\\\/www.btv.md\\\/ro\\\/ploua-nu-doar-afara-dar-si-in-unele-gradinite-din-balti\\\/\",\"name\":\"PLOU\u0102 NU DOAR AFAR\u0102, DAR \u0218I \u00ceN UNELE GR\u0102DINI\u021aE DIN B\u0102L\u021aI - BTV\",\"isPartOf\":{\"@id\":\"https:\\\/\\\/www.btv.md\\\/#website\"},\"primaryImageOfPage\":{\"@id\":\"https:\\\/\\\/www.btv.md\\\/ro\\\/ploua-nu-doar-afara-dar-si-in-unele-gradinite-din-balti\\\/#primaryimage\"},\"image\":{\"@id\":\"https:\\\/\\\/www.btv.md\\\/ro\\\/ploua-nu-doar-afara-dar-si-in-unele-gradinite-din-balti\\\/#primaryimage\"},\"thumbnailUrl\":\"https:\\\/\\\/www.btv.md\\\/wp-content\\\/uploads\\\/2016\\\/06\\\/gg.jpg\",\"datePublished\":\"2016-06-13T14:29:11+00:00\",\"dateModified\":\"2016-06-13T14:29:21+00:00\",\"author\":{\"@id\":\"https:\\\/\\\/www.btv.md\\\/#\\\/schema\\\/person\\\/8fadce81561b3ce2c34c46dadc4ccbf2\"},\"inLanguage\":\"ro-RO\",\"potentialAction\":[{\"@type\":\"ReadAction\",\"target\":[\"https:\\\/\\\/www.btv.md\\\/ro\\\/ploua-nu-doar-afara-dar-si-in-unele-gradinite-din-balti\\\/\"]}]},{\"@type\":\"ImageObject\",\"inLanguage\":\"ro-RO\",\"@id\":\"https:\\\/\\\/www.btv.md\\\/ro\\\/ploua-nu-doar-afara-dar-si-in-unele-gradinite-din-balti\\\/#primaryimage\",\"url\":\"https:\\\/\\\/www.btv.md\\\/wp-content\\\/uploads\\\/2016\\\/06\\\/gg.jpg\",\"contentUrl\":\"https:\\\/\\\/www.btv.md\\\/wp-content\\\/uploads\\\/2016\\\/06\\\/gg.jpg\",\"width\":600,\"height\":400},{\"@type\":\"WebSite\",\"@id\":\"https:\\\/\\\/www.btv.md\\\/#website\",\"url\":\"https:\\\/\\\/www.btv.md\\\/\",\"name\":\"BTV\",\"description\":\"\u0411\u0435\u043b\u044c\u0446\u043a\u043e\u0435 \u0442\u0435\u043b\u0435\u0432\u0438\u0434\u0435\u043d\u0438\u0435\",\"potentialAction\":[{\"@type\":\"SearchAction\",\"target\":{\"@type\":\"EntryPoint\",\"urlTemplate\":\"https:\\\/\\\/www.btv.md\\\/?s={search_term_string}\"},\"query-input\":{\"@type\":\"PropertyValueSpecification\",\"valueRequired\":true,\"valueName\":\"search_term_string\"}}],\"inLanguage\":\"ro-RO\"},{\"@type\":\"Person\",\"@id\":\"https:\\\/\\\/www.btv.md\\\/#\\\/schema\\\/person\\\/8fadce81561b3ce2c34c46dadc4ccbf2\",\"name\":\"admin\"}]}<\/script>\n<!-- \/ Yoast SEO plugin. -->","yoast_head_json":{"title":"PLOU\u0102 NU DOAR AFAR\u0102, DAR \u0218I \u00ceN UNELE GR\u0102DINI\u021aE DIN B\u0102L\u021aI  - BTV","robots":{"index":"index","follow":"follow","max-snippet":"max-snippet:-1","max-image-preview":"max-image-preview:large","max-video-preview":"max-video-preview:-1"},"canonical":"https:\/\/www.btv.md\/ro\/ploua-nu-doar-afara-dar-si-in-unele-gradinite-din-balti\/","og_locale":"ro_RO","og_type":"article","og_title":"PLOU\u0102 NU DOAR AFAR\u0102, DAR \u0218I \u00ceN UNELE GR\u0102DINI\u021aE DIN B\u0102L\u021aI  - BTV","og_description":"Ploile din ultima perioad\u0103 dau b\u0103t\u0103i de cap gr\u0103dini\u0163elor din B\u0103l\u0163i. Dup\u0103 ce s\u0103pt\u0103m\u00e2na trecut\u0103 apa a p\u0103truns prin tavan \u00een una din s\u0103lile\u00a0 gr\u0103dini\u0163ei 23, a venit r\u00e2ndul \u015fi institu\u0163iei pre\u015fcolare num\u0103rul 34. Directorul institu\u0163iei, Svetlana Tugarova spune c\u0103 de la un an de c\u00e2nd este la conducere, aceast\u0103 problem\u0103 apare doar \u00een perioada [&hellip;]","og_url":"https:\/\/www.btv.md\/ro\/ploua-nu-doar-afara-dar-si-in-unele-gradinite-din-balti\/","og_site_name":"BTV","article_publisher":"https:\/\/www.facebook.com\/btvmoldova\/","article_published_time":"2016-06-13T14:29:11+00:00","article_modified_time":"2016-06-13T14:29:21+00:00","og_image":[{"width":600,"height":400,"url":"https:\/\/www.btv.md\/wp-content\/uploads\/2016\/06\/gg.jpg","type":"image\/jpeg"}],"author":"admin","twitter_misc":{"Scris de":"admin","Timp estimat pentru citire":"1 minut"},"schema":{"@context":"https:\/\/schema.org","@graph":[{"@type":"Article","@id":"https:\/\/www.btv.md\/ro\/ploua-nu-doar-afara-dar-si-in-unele-gradinite-din-balti\/#article","isPartOf":{"@id":"https:\/\/www.btv.md\/ro\/ploua-nu-doar-afara-dar-si-in-unele-gradinite-din-balti\/"},"author":{"name":"admin","@id":"https:\/\/www.btv.md\/#\/schema\/person\/8fadce81561b3ce2c34c46dadc4ccbf2"},"headline":"PLOU\u0102 NU DOAR AFAR\u0102, DAR \u0218I \u00ceN UNELE GR\u0102DINI\u021aE DIN B\u0102L\u021aI","datePublished":"2016-06-13T14:29:11+00:00","dateModified":"2016-06-13T14:29:21+00:00","mainEntityOfPage":{"@id":"https:\/\/www.btv.md\/ro\/ploua-nu-doar-afara-dar-si-in-unele-gradinite-din-balti\/"},"wordCount":231,"image":{"@id":"https:\/\/www.btv.md\/ro\/ploua-nu-doar-afara-dar-si-in-unele-gradinite-din-balti\/#primaryimage"},"thumbnailUrl":"https:\/\/www.btv.md\/wp-content\/uploads\/2016\/06\/gg.jpg","articleSection":["Ora\u0219"],"inLanguage":"ro-RO"},{"@type":"WebPage","@id":"https:\/\/www.btv.md\/ro\/ploua-nu-doar-afara-dar-si-in-unele-gradinite-din-balti\/","url":"https:\/\/www.btv.md\/ro\/ploua-nu-doar-afara-dar-si-in-unele-gradinite-din-balti\/","name":"PLOU\u0102 NU DOAR AFAR\u0102, DAR \u0218I \u00ceN UNELE GR\u0102DINI\u021aE DIN B\u0102L\u021aI - BTV","isPartOf":{"@id":"https:\/\/www.btv.md\/#website"},"primaryImageOfPage":{"@id":"https:\/\/www.btv.md\/ro\/ploua-nu-doar-afara-dar-si-in-unele-gradinite-din-balti\/#primaryimage"},"image":{"@id":"https:\/\/www.btv.md\/ro\/ploua-nu-doar-afara-dar-si-in-unele-gradinite-din-balti\/#primaryimage"},"thumbnailUrl":"https:\/\/www.btv.md\/wp-content\/uploads\/2016\/06\/gg.jpg","datePublished":"2016-06-13T14:29:11+00:00","dateModified":"2016-06-13T14:29:21+00:00","author":{"@id":"https:\/\/www.btv.md\/#\/schema\/person\/8fadce81561b3ce2c34c46dadc4ccbf2"},"inLanguage":"ro-RO","potentialAction":[{"@type":"ReadAction","target":["https:\/\/www.btv.md\/ro\/ploua-nu-doar-afara-dar-si-in-unele-gradinite-din-balti\/"]}]},{"@type":"ImageObject","inLanguage":"ro-RO","@id":"https:\/\/www.btv.md\/ro\/ploua-nu-doar-afara-dar-si-in-unele-gradinite-din-balti\/#primaryimage","url":"https:\/\/www.btv.md\/wp-content\/uploads\/2016\/06\/gg.jpg","contentUrl":"https:\/\/www.btv.md\/wp-content\/uploads\/2016\/06\/gg.jpg","width":600,"height":400},{"@type":"WebSite","@id":"https:\/\/www.btv.md\/#website","url":"https:\/\/www.btv.md\/","name":"BTV","description":"\u0411\u0435\u043b\u044c\u0446\u043a\u043e\u0435 \u0442\u0435\u043b\u0435\u0432\u0438\u0434\u0435\u043d\u0438\u0435","potentialAction":[{"@type":"SearchAction","target":{"@type":"EntryPoint","urlTemplate":"https:\/\/www.btv.md\/?s={search_term_string}"},"query-input":{"@type":"PropertyValueSpecification","valueRequired":true,"valueName":"search_term_string"}}],"inLanguage":"ro-RO"},{"@type":"Person","@id":"https:\/\/www.btv.md\/#\/schema\/person\/8fadce81561b3ce2c34c46dadc4ccbf2","name":"admin"}]}},"_links":{"self":[{"href":"https:\/\/www.btv.md\/ro\/wp-json\/wp\/v2\/posts\/14594","targetHints":{"allow":["GET"]}}],"collection":[{"href":"https:\/\/www.btv.md\/ro\/wp-json\/wp\/v2\/posts"}],"about":[{"href":"https:\/\/www.btv.md\/ro\/wp-json\/wp\/v2\/types\/post"}],"author":[{"embeddable":true,"href":"https:\/\/www.btv.md\/ro\/wp-json\/wp\/v2\/users\/4"}],"replies":[{"embeddable":true,"href":"https:\/\/www.btv.md\/ro\/wp-json\/wp\/v2\/comments?post=14594"}],"version-history":[{"count":0,"href":"https:\/\/www.btv.md\/ro\/wp-json\/wp\/v2\/posts\/14594\/revisions"}],"wp:featuredmedia":[{"embeddable":true,"href":"https:\/\/www.btv.md\/ro\/wp-json\/wp\/v2\/media\/14595"}],"wp:attachment":[{"href":"https:\/\/www.btv.md\/ro\/wp-json\/wp\/v2\/media?parent=14594"}],"wp:term":[{"taxonomy":"category","embeddable":true,"href":"https:\/\/www.btv.md\/ro\/wp-json\/wp\/v2\/categories?post=14594"},{"taxonomy":"post_tag","embeddable":true,"href":"https:\/\/www.btv.md\/ro\/wp-json\/wp\/v2\/tags?post=14594"}],"curies":[{"name":"wp","href":"https:\/\/api.w.org\/{rel}","templated":true}]}}