{"id":14608,"date":"2016-06-14T11:25:01","date_gmt":"2016-06-14T08:25:01","guid":{"rendered":"http:\/\/btv.md\/?p=14608"},"modified":"2016-06-14T11:25:10","modified_gmt":"2016-06-14T08:25:10","slug":"stoltenberg-nato-va-avea-4-batalioane-in-tarile-baltice-si-in-polonia","status":"publish","type":"post","link":"https:\/\/www.btv.md\/ro\/stoltenberg-nato-va-avea-4-batalioane-in-tarile-baltice-si-in-polonia\/","title":{"rendered":"Stoltenberg: NATO va avea 4 batalioane \u00een \u021b\u0103rile baltice \u0219i \u00een Polonia"},"content":{"rendered":"<p><strong>NATO va desf\u0103\u0219ura patru batalioane \u201erobuste\u201d \u00een cele trei state baltice \u0219i \u00een Polonia, ca r\u0103spuns la ac\u021biunile Rusiei \u00een Ucraina, a anun\u021bat luni secretarul general al Alian\u021bei, Jens Stoltenberg, \u00eentr-o conferin\u021b\u0103 de pres\u0103 la Bruxelles, transmite Agerpres.<\/strong><\/p>\n<p>&#8216;Vom conveni s\u0103 desf\u0103\u0219ur\u0103m, prin rota\u021bie, patru batalioane multina\u021bionale robuste \u00een \u021b\u0103rile baltice \u0219i \u00een Polonia. Acest lucru va trimite un semnal clar c\u0103 NATO este preg\u0103tit s\u0103 apere toate statele aliate&#8217; \u00een caz de agresiune extern\u0103, a declarat Stoltenberg, prezent\u00e2nd programul reuniunii mini\u0219trilor ap\u0103r\u0103rii ai \u021b\u0103rilor membre, ce va avea loc mar\u021bi \u0219i miercuri la sediul Alian\u021bei.<\/p>\n<p style=\"font-style: inherit; font-weight: inherit;\">Decizia privind trimiterea de trupe \u00een flancul estic al NATO, gest considerat de Moscova drept unul de sfidare, va fi adoptat\u0103 mar\u021bi de cei 28 de mini\u0219tri ai ap\u0103r\u0103rii. Detaliile referitoare la &#8216;dimensiunea, \u00eentinderea \u0219i componen\u021ba&#8217; acestor batalioane vor fi puse la punct ulterior.<\/p>\n<p style=\"font-style: inherit; font-weight: inherit;\">Aceast\u0103 desf\u0103\u0219urare va completa o serie de m\u0103suri adoptate la \u00eenceputul crizei ucrainene, \u00een prim\u0103vara lui 2014, viz\u00e2nd cre\u0219terea capacit\u0103\u021bii de reac\u021bie a armatelor aliate \u0219i sus\u021binerea statelor membre care au grani\u021b\u0103 cu Rusia.<\/p>\n<p style=\"font-style: inherit; font-weight: inherit;\">&#8216;Nu poate exista nicio \u00eendoial\u0103 asupra faptului c\u0103 ceea ce am f\u0103cut noi este un r\u0103spuns la ac\u021biunile Rusiei \u00een Crimeea \u0219i \u00een Ucraina&#8217;, a ad\u0103ugat secretarul general.<\/p>\n<p style=\"font-style: inherit; font-weight: inherit;\">&#8216;\u00cenainte de aceste ac\u021biuni, nu se punea problema s\u0103 se discute despre o prezen\u021b\u0103 militar\u0103 de genul celei pe care o vom avea de acum \u00eencolo&#8217; \u00een \u021b\u0103rile baltice \u0219i \u00een Polonia, a subliniat el \u00een aceea\u0219i conferin\u021b\u0103 de pres\u0103.<\/p>\n<p style=\"font-style: inherit; font-weight: inherit;\">Potrivit lui Stoltenberg, &#8216;ap\u0103rarea noastr\u0103 \u0219i for\u021ba noastr\u0103 de descurajare nu se bazeaz\u0103 exclusiv pe patru batalioane&#8217;, acestea f\u0103c\u00e2nd &#8216;parte dintr-o schimbare mult mai profund\u0103 a pozi\u021biei noastre, ca r\u0103spuns la provoc\u0103rile cu care ne confrunt\u0103m&#8217;.<\/p>\n<p style=\"font-style: inherit; font-weight: inherit;\">Desf\u0103\u0219urarea acestor trupe \u0219i toate detaliile opera\u021bionale urmeaz\u0103 s\u0103 fie aprobate de \u0219efii de stat \u0219i de guvern din \u021b\u0103rile Alian\u021bei, la summitul ce va avea loc \u00een zilele de 8 \u0219i 9 iulie, la Var\u0219ovia.<\/p>\n<p><strong><a style=\"font-style: inherit; font-weight: inherit;\" href=\"http:\/\/deschide.md\/\">deschide.md<\/a><\/strong><\/p>\n<p>&nbsp;<\/p>\n","protected":false},"excerpt":{"rendered":"<p>NATO va desf\u0103\u0219ura patru batalioane \u201erobuste\u201d \u00een cele trei state baltice \u0219i \u00een Polonia, ca r\u0103spuns la ac\u021biunile Rusiei \u00een Ucraina, a anun\u021bat luni secretarul general al Alian\u021bei, Jens Stoltenberg, \u00eentr-o conferin\u021b\u0103 de pres\u0103 la Bruxelles, transmite Agerpres. &#8216;Vom conveni s\u0103 desf\u0103\u0219ur\u0103m, prin rota\u021bie, patru batalioane multina\u021bionale robuste \u00een \u021b\u0103rile baltice \u0219i \u00een Polonia. Acest [&hellip;]<\/p>\n","protected":false},"author":4,"featured_media":14609,"comment_status":"closed","ping_status":"closed","sticky":false,"template":"","format":"standard","meta":{"footnotes":""},"categories":[6354],"tags":[],"class_list":["post-14608","post","type-post","status-publish","format-standard","has-post-thumbnail","hentry","category-externe-ro"],"yoast_head":"<!-- This site is optimized with the Yoast SEO plugin v27.4 - https:\/\/yoast.com\/product\/yoast-seo-wordpress\/ -->\n<title>Stoltenberg: NATO va avea 4 batalioane \u00een \u021b\u0103rile baltice \u0219i \u00een Polonia - BTV<\/title>\n<meta name=\"robots\" content=\"index, follow, max-snippet:-1, max-image-preview:large, max-video-preview:-1\" \/>\n<link rel=\"canonical\" href=\"https:\/\/www.btv.md\/ro\/stoltenberg-nato-va-avea-4-batalioane-in-tarile-baltice-si-in-polonia\/\" \/>\n<meta property=\"og:locale\" content=\"ro_RO\" \/>\n<meta property=\"og:type\" content=\"article\" \/>\n<meta property=\"og:title\" content=\"Stoltenberg: NATO va avea 4 batalioane \u00een \u021b\u0103rile baltice \u0219i \u00een Polonia - BTV\" \/>\n<meta property=\"og:description\" content=\"NATO va desf\u0103\u0219ura patru batalioane \u201erobuste\u201d \u00een cele trei state baltice \u0219i \u00een Polonia, ca r\u0103spuns la ac\u021biunile Rusiei \u00een Ucraina, a anun\u021bat luni secretarul general al Alian\u021bei, Jens Stoltenberg, \u00eentr-o conferin\u021b\u0103 de pres\u0103 la Bruxelles, transmite Agerpres. &#8216;Vom conveni s\u0103 desf\u0103\u0219ur\u0103m, prin rota\u021bie, patru batalioane multina\u021bionale robuste \u00een \u021b\u0103rile baltice \u0219i \u00een Polonia. Acest [&hellip;]\" \/>\n<meta property=\"og:url\" content=\"https:\/\/www.btv.md\/ro\/stoltenberg-nato-va-avea-4-batalioane-in-tarile-baltice-si-in-polonia\/\" \/>\n<meta property=\"og:site_name\" content=\"BTV\" \/>\n<meta property=\"article:publisher\" content=\"https:\/\/www.facebook.com\/btvmoldova\/\" \/>\n<meta property=\"article:published_time\" content=\"2016-06-14T08:25:01+00:00\" \/>\n<meta property=\"article:modified_time\" content=\"2016-06-14T08:25:10+00:00\" \/>\n<meta property=\"og:image\" content=\"https:\/\/www.btv.md\/wp-content\/uploads\/2016\/06\/polsha-kak-liniya-mazhino.4009596.2015_12_08.jpg\" \/>\n\t<meta property=\"og:image:width\" content=\"2000\" \/>\n\t<meta property=\"og:image:height\" content=\"1345\" \/>\n\t<meta property=\"og:image:type\" content=\"image\/jpeg\" \/>\n<meta name=\"author\" content=\"admin\" \/>\n<meta name=\"twitter:label1\" content=\"Scris de\" \/>\n\t<meta name=\"twitter:data1\" content=\"admin\" \/>\n\t<meta name=\"twitter:label2\" content=\"Timp estimat pentru citire\" \/>\n\t<meta name=\"twitter:data2\" content=\"2 minute\" \/>\n<script type=\"application\/ld+json\" class=\"yoast-schema-graph\">{\"@context\":\"https:\\\/\\\/schema.org\",\"@graph\":[{\"@type\":\"Article\",\"@id\":\"https:\\\/\\\/www.btv.md\\\/ro\\\/stoltenberg-nato-va-avea-4-batalioane-in-tarile-baltice-si-in-polonia\\\/#article\",\"isPartOf\":{\"@id\":\"https:\\\/\\\/www.btv.md\\\/ro\\\/stoltenberg-nato-va-avea-4-batalioane-in-tarile-baltice-si-in-polonia\\\/\"},\"author\":{\"name\":\"admin\",\"@id\":\"https:\\\/\\\/www.btv.md\\\/#\\\/schema\\\/person\\\/8fadce81561b3ce2c34c46dadc4ccbf2\"},\"headline\":\"Stoltenberg: NATO va avea 4 batalioane \u00een \u021b\u0103rile baltice \u0219i \u00een Polonia\",\"datePublished\":\"2016-06-14T08:25:01+00:00\",\"dateModified\":\"2016-06-14T08:25:10+00:00\",\"mainEntityOfPage\":{\"@id\":\"https:\\\/\\\/www.btv.md\\\/ro\\\/stoltenberg-nato-va-avea-4-batalioane-in-tarile-baltice-si-in-polonia\\\/\"},\"wordCount\":371,\"image\":{\"@id\":\"https:\\\/\\\/www.btv.md\\\/ro\\\/stoltenberg-nato-va-avea-4-batalioane-in-tarile-baltice-si-in-polonia\\\/#primaryimage\"},\"thumbnailUrl\":\"https:\\\/\\\/www.btv.md\\\/wp-content\\\/uploads\\\/2016\\\/06\\\/polsha-kak-liniya-mazhino.4009596.2015_12_08.jpg\",\"articleSection\":[\"Externe\"],\"inLanguage\":\"ro-RO\"},{\"@type\":\"WebPage\",\"@id\":\"https:\\\/\\\/www.btv.md\\\/ro\\\/stoltenberg-nato-va-avea-4-batalioane-in-tarile-baltice-si-in-polonia\\\/\",\"url\":\"https:\\\/\\\/www.btv.md\\\/ro\\\/stoltenberg-nato-va-avea-4-batalioane-in-tarile-baltice-si-in-polonia\\\/\",\"name\":\"Stoltenberg: NATO va avea 4 batalioane \u00een \u021b\u0103rile baltice \u0219i \u00een Polonia - BTV\",\"isPartOf\":{\"@id\":\"https:\\\/\\\/www.btv.md\\\/#website\"},\"primaryImageOfPage\":{\"@id\":\"https:\\\/\\\/www.btv.md\\\/ro\\\/stoltenberg-nato-va-avea-4-batalioane-in-tarile-baltice-si-in-polonia\\\/#primaryimage\"},\"image\":{\"@id\":\"https:\\\/\\\/www.btv.md\\\/ro\\\/stoltenberg-nato-va-avea-4-batalioane-in-tarile-baltice-si-in-polonia\\\/#primaryimage\"},\"thumbnailUrl\":\"https:\\\/\\\/www.btv.md\\\/wp-content\\\/uploads\\\/2016\\\/06\\\/polsha-kak-liniya-mazhino.4009596.2015_12_08.jpg\",\"datePublished\":\"2016-06-14T08:25:01+00:00\",\"dateModified\":\"2016-06-14T08:25:10+00:00\",\"author\":{\"@id\":\"https:\\\/\\\/www.btv.md\\\/#\\\/schema\\\/person\\\/8fadce81561b3ce2c34c46dadc4ccbf2\"},\"inLanguage\":\"ro-RO\",\"potentialAction\":[{\"@type\":\"ReadAction\",\"target\":[\"https:\\\/\\\/www.btv.md\\\/ro\\\/stoltenberg-nato-va-avea-4-batalioane-in-tarile-baltice-si-in-polonia\\\/\"]}]},{\"@type\":\"ImageObject\",\"inLanguage\":\"ro-RO\",\"@id\":\"https:\\\/\\\/www.btv.md\\\/ro\\\/stoltenberg-nato-va-avea-4-batalioane-in-tarile-baltice-si-in-polonia\\\/#primaryimage\",\"url\":\"https:\\\/\\\/www.btv.md\\\/wp-content\\\/uploads\\\/2016\\\/06\\\/polsha-kak-liniya-mazhino.4009596.2015_12_08.jpg\",\"contentUrl\":\"https:\\\/\\\/www.btv.md\\\/wp-content\\\/uploads\\\/2016\\\/06\\\/polsha-kak-liniya-mazhino.4009596.2015_12_08.jpg\",\"width\":2000,\"height\":1345},{\"@type\":\"WebSite\",\"@id\":\"https:\\\/\\\/www.btv.md\\\/#website\",\"url\":\"https:\\\/\\\/www.btv.md\\\/\",\"name\":\"BTV\",\"description\":\"\u0411\u0435\u043b\u044c\u0446\u043a\u043e\u0435 \u0442\u0435\u043b\u0435\u0432\u0438\u0434\u0435\u043d\u0438\u0435\",\"potentialAction\":[{\"@type\":\"SearchAction\",\"target\":{\"@type\":\"EntryPoint\",\"urlTemplate\":\"https:\\\/\\\/www.btv.md\\\/?s={search_term_string}\"},\"query-input\":{\"@type\":\"PropertyValueSpecification\",\"valueRequired\":true,\"valueName\":\"search_term_string\"}}],\"inLanguage\":\"ro-RO\"},{\"@type\":\"Person\",\"@id\":\"https:\\\/\\\/www.btv.md\\\/#\\\/schema\\\/person\\\/8fadce81561b3ce2c34c46dadc4ccbf2\",\"name\":\"admin\"}]}<\/script>\n<!-- \/ Yoast SEO plugin. -->","yoast_head_json":{"title":"Stoltenberg: NATO va avea 4 batalioane \u00een \u021b\u0103rile baltice \u0219i \u00een Polonia - BTV","robots":{"index":"index","follow":"follow","max-snippet":"max-snippet:-1","max-image-preview":"max-image-preview:large","max-video-preview":"max-video-preview:-1"},"canonical":"https:\/\/www.btv.md\/ro\/stoltenberg-nato-va-avea-4-batalioane-in-tarile-baltice-si-in-polonia\/","og_locale":"ro_RO","og_type":"article","og_title":"Stoltenberg: NATO va avea 4 batalioane \u00een \u021b\u0103rile baltice \u0219i \u00een Polonia - BTV","og_description":"NATO va desf\u0103\u0219ura patru batalioane \u201erobuste\u201d \u00een cele trei state baltice \u0219i \u00een Polonia, ca r\u0103spuns la ac\u021biunile Rusiei \u00een Ucraina, a anun\u021bat luni secretarul general al Alian\u021bei, Jens Stoltenberg, \u00eentr-o conferin\u021b\u0103 de pres\u0103 la Bruxelles, transmite Agerpres. &#8216;Vom conveni s\u0103 desf\u0103\u0219ur\u0103m, prin rota\u021bie, patru batalioane multina\u021bionale robuste \u00een \u021b\u0103rile baltice \u0219i \u00een Polonia. Acest [&hellip;]","og_url":"https:\/\/www.btv.md\/ro\/stoltenberg-nato-va-avea-4-batalioane-in-tarile-baltice-si-in-polonia\/","og_site_name":"BTV","article_publisher":"https:\/\/www.facebook.com\/btvmoldova\/","article_published_time":"2016-06-14T08:25:01+00:00","article_modified_time":"2016-06-14T08:25:10+00:00","og_image":[{"width":2000,"height":1345,"url":"https:\/\/www.btv.md\/wp-content\/uploads\/2016\/06\/polsha-kak-liniya-mazhino.4009596.2015_12_08.jpg","type":"image\/jpeg"}],"author":"admin","twitter_misc":{"Scris de":"admin","Timp estimat pentru citire":"2 minute"},"schema":{"@context":"https:\/\/schema.org","@graph":[{"@type":"Article","@id":"https:\/\/www.btv.md\/ro\/stoltenberg-nato-va-avea-4-batalioane-in-tarile-baltice-si-in-polonia\/#article","isPartOf":{"@id":"https:\/\/www.btv.md\/ro\/stoltenberg-nato-va-avea-4-batalioane-in-tarile-baltice-si-in-polonia\/"},"author":{"name":"admin","@id":"https:\/\/www.btv.md\/#\/schema\/person\/8fadce81561b3ce2c34c46dadc4ccbf2"},"headline":"Stoltenberg: NATO va avea 4 batalioane \u00een \u021b\u0103rile baltice \u0219i \u00een Polonia","datePublished":"2016-06-14T08:25:01+00:00","dateModified":"2016-06-14T08:25:10+00:00","mainEntityOfPage":{"@id":"https:\/\/www.btv.md\/ro\/stoltenberg-nato-va-avea-4-batalioane-in-tarile-baltice-si-in-polonia\/"},"wordCount":371,"image":{"@id":"https:\/\/www.btv.md\/ro\/stoltenberg-nato-va-avea-4-batalioane-in-tarile-baltice-si-in-polonia\/#primaryimage"},"thumbnailUrl":"https:\/\/www.btv.md\/wp-content\/uploads\/2016\/06\/polsha-kak-liniya-mazhino.4009596.2015_12_08.jpg","articleSection":["Externe"],"inLanguage":"ro-RO"},{"@type":"WebPage","@id":"https:\/\/www.btv.md\/ro\/stoltenberg-nato-va-avea-4-batalioane-in-tarile-baltice-si-in-polonia\/","url":"https:\/\/www.btv.md\/ro\/stoltenberg-nato-va-avea-4-batalioane-in-tarile-baltice-si-in-polonia\/","name":"Stoltenberg: NATO va avea 4 batalioane \u00een \u021b\u0103rile baltice \u0219i \u00een Polonia - BTV","isPartOf":{"@id":"https:\/\/www.btv.md\/#website"},"primaryImageOfPage":{"@id":"https:\/\/www.btv.md\/ro\/stoltenberg-nato-va-avea-4-batalioane-in-tarile-baltice-si-in-polonia\/#primaryimage"},"image":{"@id":"https:\/\/www.btv.md\/ro\/stoltenberg-nato-va-avea-4-batalioane-in-tarile-baltice-si-in-polonia\/#primaryimage"},"thumbnailUrl":"https:\/\/www.btv.md\/wp-content\/uploads\/2016\/06\/polsha-kak-liniya-mazhino.4009596.2015_12_08.jpg","datePublished":"2016-06-14T08:25:01+00:00","dateModified":"2016-06-14T08:25:10+00:00","author":{"@id":"https:\/\/www.btv.md\/#\/schema\/person\/8fadce81561b3ce2c34c46dadc4ccbf2"},"inLanguage":"ro-RO","potentialAction":[{"@type":"ReadAction","target":["https:\/\/www.btv.md\/ro\/stoltenberg-nato-va-avea-4-batalioane-in-tarile-baltice-si-in-polonia\/"]}]},{"@type":"ImageObject","inLanguage":"ro-RO","@id":"https:\/\/www.btv.md\/ro\/stoltenberg-nato-va-avea-4-batalioane-in-tarile-baltice-si-in-polonia\/#primaryimage","url":"https:\/\/www.btv.md\/wp-content\/uploads\/2016\/06\/polsha-kak-liniya-mazhino.4009596.2015_12_08.jpg","contentUrl":"https:\/\/www.btv.md\/wp-content\/uploads\/2016\/06\/polsha-kak-liniya-mazhino.4009596.2015_12_08.jpg","width":2000,"height":1345},{"@type":"WebSite","@id":"https:\/\/www.btv.md\/#website","url":"https:\/\/www.btv.md\/","name":"BTV","description":"\u0411\u0435\u043b\u044c\u0446\u043a\u043e\u0435 \u0442\u0435\u043b\u0435\u0432\u0438\u0434\u0435\u043d\u0438\u0435","potentialAction":[{"@type":"SearchAction","target":{"@type":"EntryPoint","urlTemplate":"https:\/\/www.btv.md\/?s={search_term_string}"},"query-input":{"@type":"PropertyValueSpecification","valueRequired":true,"valueName":"search_term_string"}}],"inLanguage":"ro-RO"},{"@type":"Person","@id":"https:\/\/www.btv.md\/#\/schema\/person\/8fadce81561b3ce2c34c46dadc4ccbf2","name":"admin"}]}},"_links":{"self":[{"href":"https:\/\/www.btv.md\/ro\/wp-json\/wp\/v2\/posts\/14608","targetHints":{"allow":["GET"]}}],"collection":[{"href":"https:\/\/www.btv.md\/ro\/wp-json\/wp\/v2\/posts"}],"about":[{"href":"https:\/\/www.btv.md\/ro\/wp-json\/wp\/v2\/types\/post"}],"author":[{"embeddable":true,"href":"https:\/\/www.btv.md\/ro\/wp-json\/wp\/v2\/users\/4"}],"replies":[{"embeddable":true,"href":"https:\/\/www.btv.md\/ro\/wp-json\/wp\/v2\/comments?post=14608"}],"version-history":[{"count":0,"href":"https:\/\/www.btv.md\/ro\/wp-json\/wp\/v2\/posts\/14608\/revisions"}],"wp:featuredmedia":[{"embeddable":true,"href":"https:\/\/www.btv.md\/ro\/wp-json\/wp\/v2\/media\/14609"}],"wp:attachment":[{"href":"https:\/\/www.btv.md\/ro\/wp-json\/wp\/v2\/media?parent=14608"}],"wp:term":[{"taxonomy":"category","embeddable":true,"href":"https:\/\/www.btv.md\/ro\/wp-json\/wp\/v2\/categories?post=14608"},{"taxonomy":"post_tag","embeddable":true,"href":"https:\/\/www.btv.md\/ro\/wp-json\/wp\/v2\/tags?post=14608"}],"curies":[{"name":"wp","href":"https:\/\/api.w.org\/{rel}","templated":true}]}}