{"id":14611,"date":"2016-06-14T11:37:57","date_gmt":"2016-06-14T08:37:57","guid":{"rendered":"http:\/\/btv.md\/?p=14611"},"modified":"2016-06-14T11:38:27","modified_gmt":"2016-06-14T08:38:27","slug":"piata-mondiala-a-vanzarilor-de-armamente-a-inregistrat-in-2015-o-crestere","status":"publish","type":"post","link":"https:\/\/www.btv.md\/ro\/piata-mondiala-a-vanzarilor-de-armamente-a-inregistrat-in-2015-o-crestere\/","title":{"rendered":"Pia\u021ba mondial\u0103 a v\u00e2nz\u0103rilor de armamente a \u00eenregistrat \u00een 2015 o cre\u0219tere"},"content":{"rendered":"<p><strong>Pia\u021ba mondial\u0103 a v\u00e2nz\u0103rilor de armamente a \u00eenregistrat \u00een 2015 o cre\u0219tere de 11,3 procente, ajung\u00e2nd de la 58 miliarde de euro \u00een anul precedent la 65 miliarde de euro, fiind stimulat\u0103 \u00een special de cererea din regiunea Asia-Pacific, conform unui raport publicat luni de institutul britanic specializat IHS Jane&#8217;s, transmite AFP.<\/strong><\/p>\n<p>\u00cen cifre absolute, cre\u0219terea anual\u0103 a fost de 6,6 miliarde de dolari.<\/p>\n<p style=\"font-style: inherit; font-weight: inherit;\">&#8222;Pia\u021ba global\u0103 (a achizi\u021biilor) de ap\u0103rare nu a cunoscut niciodat\u0103 o cre\u0219tere at\u00e2t de important\u0103 precum cea constatat\u0103 \u00eentre 2014 \u0219i 2015&#8221;, a subliniat analistul Ben Moores, de la IHS Jane&#8217;s, preciz\u00e2nd c\u0103 &#8222;2015 a fost un an record&#8221;.<\/p>\n<p style=\"font-style: inherit; font-weight: inherit;\">\u00cen regiunea Asia-Pacific, valoarea importurilor de arme a crescut cu 71% \u00eentre 2009 \u0219i 2015, iar, potrivit lui Moores, trei din primele zece state estimate a avea \u00een continuare achizi\u021biile cele mai importante se afl\u0103 \u00een aceast\u0103 zon\u0103: Vietnam, Filipine \u0219i Bangladesh., scrie\u00a0agerpres.ro.<\/p>\n<p style=\"font-style: inherit; font-weight: inherit;\">Aceast\u0103 evolu\u021bie se \u00eenscrie \u00eentr-un context de nelini\u0219te a \u021b\u0103rilor din regiune, provocat\u0103 de ambi\u021biile teritoriale ale Chinei, care revendic\u0103 drepturi de suveranitate \u00een aproape \u00eentreaga zon\u0103 a M\u0103rii Chinei de Sud.<\/p>\n<p style=\"font-style: inherit; font-weight: inherit;\">Potrivit raportului men\u021bionat, Coreea de Sud a devenit \u00een 2015 al 5-lea importator la nivel mondial, cu achizi\u021bii de circa 2,2 miliarde de dolari, urc\u00e2nd dou\u0103 locuri. Institutul britanic prognozeaz\u0103 c\u0103 aceast\u0103 \u021bar\u0103 va ajunge \u00een 2016 pe pozi\u021bia a 4-a.<\/p>\n<p style=\"font-style: inherit; font-weight: inherit;\">Un alt stat din regiunea Asia-Pacific, \u0219i anume Australia, a urcat de pe pozi\u021bia a 6-a pe cea de-a 3-a, cu importuri \u00een valoare de 2,3 miliarde de dolari.<\/p>\n<p style=\"font-style: inherit; font-weight: inherit;\">Primele dou\u0103 \u021b\u0103ri importatoare de armament r\u0103m\u00e2n, la fel ca \u00een 2014, Arabia Saudit\u0103 \u0219i India.<\/p>\n<p style=\"font-style: inherit; font-weight: inherit;\">Raportul estimeaz\u0103 c\u0103 pia\u021ba global\u0103 \u00ee\u0219i va continua cre\u0219terea \u0219i \u00een 2016, p\u00e2n\u0103 la un nivel de 69 miliarde de dolari.<\/p>\n<p style=\"font-style: inherit; font-weight: inherit;\">\u00cen ce prive\u0219te statele exportatoare, institutul arat\u0103 c\u0103 Germania a urcat de pe locul al 5-lea pe pozi\u021bia a 3-a, cu v\u00e2nz\u0103ri totale de 4,8 miliarde de dolari. \u00cen schimb, Fran\u021ba a cobor\u00e2t un loc, afl\u00e2ndu-se pe pozi\u021bia a 4-a (4,8 miliarde de dolari), \u00een timp ce Marea Britanie a ajuns de pe locul al 4-lea pe locul al 5-lea, cu 3,9 miliarde de dolari.<\/p>\n<p style=\"font-style: inherit; font-weight: inherit;\">Primele dou\u0103 \u021b\u0103ri exportatoare de armament continu\u0103 s\u0103 fie SUA \u0219i Rusia, indic\u0103 raportul IHS Jane&#8217;s.<\/p>\n<p><strong><a style=\"font-style: inherit; font-weight: inherit;\" href=\"http:\/\/today.md\/\">today.md<\/a><\/strong><\/p>\n","protected":false},"excerpt":{"rendered":"<p>Pia\u021ba mondial\u0103 a v\u00e2nz\u0103rilor de armamente a \u00eenregistrat \u00een 2015 o cre\u0219tere de 11,3 procente, ajung\u00e2nd de la 58 miliarde de euro \u00een anul precedent la 65 miliarde de euro, fiind stimulat\u0103 \u00een special de cererea din regiunea Asia-Pacific, conform unui raport publicat luni de institutul britanic specializat IHS Jane&#8217;s, transmite AFP. \u00cen cifre absolute, [&hellip;]<\/p>\n","protected":false},"author":4,"featured_media":14612,"comment_status":"closed","ping_status":"closed","sticky":false,"template":"","format":"standard","meta":{"footnotes":""},"categories":[6354],"tags":[],"class_list":["post-14611","post","type-post","status-publish","format-standard","has-post-thumbnail","hentry","category-externe-ro"],"yoast_head":"<!-- This site is optimized with the Yoast SEO plugin v27.4 - https:\/\/yoast.com\/product\/yoast-seo-wordpress\/ -->\n<title>Pia\u021ba mondial\u0103 a v\u00e2nz\u0103rilor de armamente a \u00eenregistrat \u00een 2015 o cre\u0219tere - BTV<\/title>\n<meta name=\"robots\" content=\"index, follow, max-snippet:-1, max-image-preview:large, max-video-preview:-1\" \/>\n<link rel=\"canonical\" href=\"https:\/\/www.btv.md\/ro\/piata-mondiala-a-vanzarilor-de-armamente-a-inregistrat-in-2015-o-crestere\/\" \/>\n<meta property=\"og:locale\" content=\"ro_RO\" \/>\n<meta property=\"og:type\" content=\"article\" \/>\n<meta property=\"og:title\" content=\"Pia\u021ba mondial\u0103 a v\u00e2nz\u0103rilor de armamente a \u00eenregistrat \u00een 2015 o cre\u0219tere - BTV\" \/>\n<meta property=\"og:description\" content=\"Pia\u021ba mondial\u0103 a v\u00e2nz\u0103rilor de armamente a \u00eenregistrat \u00een 2015 o cre\u0219tere de 11,3 procente, ajung\u00e2nd de la 58 miliarde de euro \u00een anul precedent la 65 miliarde de euro, fiind stimulat\u0103 \u00een special de cererea din regiunea Asia-Pacific, conform unui raport publicat luni de institutul britanic specializat IHS Jane&#8217;s, transmite AFP. \u00cen cifre absolute, [&hellip;]\" \/>\n<meta property=\"og:url\" content=\"https:\/\/www.btv.md\/ro\/piata-mondiala-a-vanzarilor-de-armamente-a-inregistrat-in-2015-o-crestere\/\" \/>\n<meta property=\"og:site_name\" content=\"BTV\" \/>\n<meta property=\"article:publisher\" content=\"https:\/\/www.facebook.com\/btvmoldova\/\" \/>\n<meta property=\"article:published_time\" content=\"2016-06-14T08:37:57+00:00\" \/>\n<meta property=\"article:modified_time\" content=\"2016-06-14T08:38:27+00:00\" \/>\n<meta property=\"og:image\" content=\"https:\/\/www.btv.md\/wp-content\/uploads\/2016\/06\/1588982.jpg\" \/>\n\t<meta property=\"og:image:width\" content=\"610\" \/>\n\t<meta property=\"og:image:height\" content=\"385\" \/>\n\t<meta property=\"og:image:type\" content=\"image\/jpeg\" \/>\n<meta name=\"author\" content=\"admin\" \/>\n<meta name=\"twitter:label1\" content=\"Scris de\" \/>\n\t<meta name=\"twitter:data1\" content=\"admin\" \/>\n\t<meta name=\"twitter:label2\" content=\"Timp estimat pentru citire\" \/>\n\t<meta name=\"twitter:data2\" content=\"2 minute\" \/>\n<script type=\"application\/ld+json\" class=\"yoast-schema-graph\">{\"@context\":\"https:\\\/\\\/schema.org\",\"@graph\":[{\"@type\":\"Article\",\"@id\":\"https:\\\/\\\/www.btv.md\\\/ro\\\/piata-mondiala-a-vanzarilor-de-armamente-a-inregistrat-in-2015-o-crestere\\\/#article\",\"isPartOf\":{\"@id\":\"https:\\\/\\\/www.btv.md\\\/ro\\\/piata-mondiala-a-vanzarilor-de-armamente-a-inregistrat-in-2015-o-crestere\\\/\"},\"author\":{\"name\":\"admin\",\"@id\":\"https:\\\/\\\/www.btv.md\\\/#\\\/schema\\\/person\\\/8fadce81561b3ce2c34c46dadc4ccbf2\"},\"headline\":\"Pia\u021ba mondial\u0103 a v\u00e2nz\u0103rilor de armamente a \u00eenregistrat \u00een 2015 o cre\u0219tere\",\"datePublished\":\"2016-06-14T08:37:57+00:00\",\"dateModified\":\"2016-06-14T08:38:27+00:00\",\"mainEntityOfPage\":{\"@id\":\"https:\\\/\\\/www.btv.md\\\/ro\\\/piata-mondiala-a-vanzarilor-de-armamente-a-inregistrat-in-2015-o-crestere\\\/\"},\"wordCount\":402,\"image\":{\"@id\":\"https:\\\/\\\/www.btv.md\\\/ro\\\/piata-mondiala-a-vanzarilor-de-armamente-a-inregistrat-in-2015-o-crestere\\\/#primaryimage\"},\"thumbnailUrl\":\"https:\\\/\\\/www.btv.md\\\/wp-content\\\/uploads\\\/2016\\\/06\\\/1588982.jpg\",\"articleSection\":[\"Externe\"],\"inLanguage\":\"ro-RO\"},{\"@type\":\"WebPage\",\"@id\":\"https:\\\/\\\/www.btv.md\\\/ro\\\/piata-mondiala-a-vanzarilor-de-armamente-a-inregistrat-in-2015-o-crestere\\\/\",\"url\":\"https:\\\/\\\/www.btv.md\\\/ro\\\/piata-mondiala-a-vanzarilor-de-armamente-a-inregistrat-in-2015-o-crestere\\\/\",\"name\":\"Pia\u021ba mondial\u0103 a v\u00e2nz\u0103rilor de armamente a \u00eenregistrat \u00een 2015 o cre\u0219tere - BTV\",\"isPartOf\":{\"@id\":\"https:\\\/\\\/www.btv.md\\\/#website\"},\"primaryImageOfPage\":{\"@id\":\"https:\\\/\\\/www.btv.md\\\/ro\\\/piata-mondiala-a-vanzarilor-de-armamente-a-inregistrat-in-2015-o-crestere\\\/#primaryimage\"},\"image\":{\"@id\":\"https:\\\/\\\/www.btv.md\\\/ro\\\/piata-mondiala-a-vanzarilor-de-armamente-a-inregistrat-in-2015-o-crestere\\\/#primaryimage\"},\"thumbnailUrl\":\"https:\\\/\\\/www.btv.md\\\/wp-content\\\/uploads\\\/2016\\\/06\\\/1588982.jpg\",\"datePublished\":\"2016-06-14T08:37:57+00:00\",\"dateModified\":\"2016-06-14T08:38:27+00:00\",\"author\":{\"@id\":\"https:\\\/\\\/www.btv.md\\\/#\\\/schema\\\/person\\\/8fadce81561b3ce2c34c46dadc4ccbf2\"},\"inLanguage\":\"ro-RO\",\"potentialAction\":[{\"@type\":\"ReadAction\",\"target\":[\"https:\\\/\\\/www.btv.md\\\/ro\\\/piata-mondiala-a-vanzarilor-de-armamente-a-inregistrat-in-2015-o-crestere\\\/\"]}]},{\"@type\":\"ImageObject\",\"inLanguage\":\"ro-RO\",\"@id\":\"https:\\\/\\\/www.btv.md\\\/ro\\\/piata-mondiala-a-vanzarilor-de-armamente-a-inregistrat-in-2015-o-crestere\\\/#primaryimage\",\"url\":\"https:\\\/\\\/www.btv.md\\\/wp-content\\\/uploads\\\/2016\\\/06\\\/1588982.jpg\",\"contentUrl\":\"https:\\\/\\\/www.btv.md\\\/wp-content\\\/uploads\\\/2016\\\/06\\\/1588982.jpg\",\"width\":610,\"height\":385},{\"@type\":\"WebSite\",\"@id\":\"https:\\\/\\\/www.btv.md\\\/#website\",\"url\":\"https:\\\/\\\/www.btv.md\\\/\",\"name\":\"BTV\",\"description\":\"\u0411\u0435\u043b\u044c\u0446\u043a\u043e\u0435 \u0442\u0435\u043b\u0435\u0432\u0438\u0434\u0435\u043d\u0438\u0435\",\"potentialAction\":[{\"@type\":\"SearchAction\",\"target\":{\"@type\":\"EntryPoint\",\"urlTemplate\":\"https:\\\/\\\/www.btv.md\\\/?s={search_term_string}\"},\"query-input\":{\"@type\":\"PropertyValueSpecification\",\"valueRequired\":true,\"valueName\":\"search_term_string\"}}],\"inLanguage\":\"ro-RO\"},{\"@type\":\"Person\",\"@id\":\"https:\\\/\\\/www.btv.md\\\/#\\\/schema\\\/person\\\/8fadce81561b3ce2c34c46dadc4ccbf2\",\"name\":\"admin\"}]}<\/script>\n<!-- \/ Yoast SEO plugin. -->","yoast_head_json":{"title":"Pia\u021ba mondial\u0103 a v\u00e2nz\u0103rilor de armamente a \u00eenregistrat \u00een 2015 o cre\u0219tere - BTV","robots":{"index":"index","follow":"follow","max-snippet":"max-snippet:-1","max-image-preview":"max-image-preview:large","max-video-preview":"max-video-preview:-1"},"canonical":"https:\/\/www.btv.md\/ro\/piata-mondiala-a-vanzarilor-de-armamente-a-inregistrat-in-2015-o-crestere\/","og_locale":"ro_RO","og_type":"article","og_title":"Pia\u021ba mondial\u0103 a v\u00e2nz\u0103rilor de armamente a \u00eenregistrat \u00een 2015 o cre\u0219tere - BTV","og_description":"Pia\u021ba mondial\u0103 a v\u00e2nz\u0103rilor de armamente a \u00eenregistrat \u00een 2015 o cre\u0219tere de 11,3 procente, ajung\u00e2nd de la 58 miliarde de euro \u00een anul precedent la 65 miliarde de euro, fiind stimulat\u0103 \u00een special de cererea din regiunea Asia-Pacific, conform unui raport publicat luni de institutul britanic specializat IHS Jane&#8217;s, transmite AFP. \u00cen cifre absolute, [&hellip;]","og_url":"https:\/\/www.btv.md\/ro\/piata-mondiala-a-vanzarilor-de-armamente-a-inregistrat-in-2015-o-crestere\/","og_site_name":"BTV","article_publisher":"https:\/\/www.facebook.com\/btvmoldova\/","article_published_time":"2016-06-14T08:37:57+00:00","article_modified_time":"2016-06-14T08:38:27+00:00","og_image":[{"width":610,"height":385,"url":"https:\/\/www.btv.md\/wp-content\/uploads\/2016\/06\/1588982.jpg","type":"image\/jpeg"}],"author":"admin","twitter_misc":{"Scris de":"admin","Timp estimat pentru citire":"2 minute"},"schema":{"@context":"https:\/\/schema.org","@graph":[{"@type":"Article","@id":"https:\/\/www.btv.md\/ro\/piata-mondiala-a-vanzarilor-de-armamente-a-inregistrat-in-2015-o-crestere\/#article","isPartOf":{"@id":"https:\/\/www.btv.md\/ro\/piata-mondiala-a-vanzarilor-de-armamente-a-inregistrat-in-2015-o-crestere\/"},"author":{"name":"admin","@id":"https:\/\/www.btv.md\/#\/schema\/person\/8fadce81561b3ce2c34c46dadc4ccbf2"},"headline":"Pia\u021ba mondial\u0103 a v\u00e2nz\u0103rilor de armamente a \u00eenregistrat \u00een 2015 o cre\u0219tere","datePublished":"2016-06-14T08:37:57+00:00","dateModified":"2016-06-14T08:38:27+00:00","mainEntityOfPage":{"@id":"https:\/\/www.btv.md\/ro\/piata-mondiala-a-vanzarilor-de-armamente-a-inregistrat-in-2015-o-crestere\/"},"wordCount":402,"image":{"@id":"https:\/\/www.btv.md\/ro\/piata-mondiala-a-vanzarilor-de-armamente-a-inregistrat-in-2015-o-crestere\/#primaryimage"},"thumbnailUrl":"https:\/\/www.btv.md\/wp-content\/uploads\/2016\/06\/1588982.jpg","articleSection":["Externe"],"inLanguage":"ro-RO"},{"@type":"WebPage","@id":"https:\/\/www.btv.md\/ro\/piata-mondiala-a-vanzarilor-de-armamente-a-inregistrat-in-2015-o-crestere\/","url":"https:\/\/www.btv.md\/ro\/piata-mondiala-a-vanzarilor-de-armamente-a-inregistrat-in-2015-o-crestere\/","name":"Pia\u021ba mondial\u0103 a v\u00e2nz\u0103rilor de armamente a \u00eenregistrat \u00een 2015 o cre\u0219tere - BTV","isPartOf":{"@id":"https:\/\/www.btv.md\/#website"},"primaryImageOfPage":{"@id":"https:\/\/www.btv.md\/ro\/piata-mondiala-a-vanzarilor-de-armamente-a-inregistrat-in-2015-o-crestere\/#primaryimage"},"image":{"@id":"https:\/\/www.btv.md\/ro\/piata-mondiala-a-vanzarilor-de-armamente-a-inregistrat-in-2015-o-crestere\/#primaryimage"},"thumbnailUrl":"https:\/\/www.btv.md\/wp-content\/uploads\/2016\/06\/1588982.jpg","datePublished":"2016-06-14T08:37:57+00:00","dateModified":"2016-06-14T08:38:27+00:00","author":{"@id":"https:\/\/www.btv.md\/#\/schema\/person\/8fadce81561b3ce2c34c46dadc4ccbf2"},"inLanguage":"ro-RO","potentialAction":[{"@type":"ReadAction","target":["https:\/\/www.btv.md\/ro\/piata-mondiala-a-vanzarilor-de-armamente-a-inregistrat-in-2015-o-crestere\/"]}]},{"@type":"ImageObject","inLanguage":"ro-RO","@id":"https:\/\/www.btv.md\/ro\/piata-mondiala-a-vanzarilor-de-armamente-a-inregistrat-in-2015-o-crestere\/#primaryimage","url":"https:\/\/www.btv.md\/wp-content\/uploads\/2016\/06\/1588982.jpg","contentUrl":"https:\/\/www.btv.md\/wp-content\/uploads\/2016\/06\/1588982.jpg","width":610,"height":385},{"@type":"WebSite","@id":"https:\/\/www.btv.md\/#website","url":"https:\/\/www.btv.md\/","name":"BTV","description":"\u0411\u0435\u043b\u044c\u0446\u043a\u043e\u0435 \u0442\u0435\u043b\u0435\u0432\u0438\u0434\u0435\u043d\u0438\u0435","potentialAction":[{"@type":"SearchAction","target":{"@type":"EntryPoint","urlTemplate":"https:\/\/www.btv.md\/?s={search_term_string}"},"query-input":{"@type":"PropertyValueSpecification","valueRequired":true,"valueName":"search_term_string"}}],"inLanguage":"ro-RO"},{"@type":"Person","@id":"https:\/\/www.btv.md\/#\/schema\/person\/8fadce81561b3ce2c34c46dadc4ccbf2","name":"admin"}]}},"_links":{"self":[{"href":"https:\/\/www.btv.md\/ro\/wp-json\/wp\/v2\/posts\/14611","targetHints":{"allow":["GET"]}}],"collection":[{"href":"https:\/\/www.btv.md\/ro\/wp-json\/wp\/v2\/posts"}],"about":[{"href":"https:\/\/www.btv.md\/ro\/wp-json\/wp\/v2\/types\/post"}],"author":[{"embeddable":true,"href":"https:\/\/www.btv.md\/ro\/wp-json\/wp\/v2\/users\/4"}],"replies":[{"embeddable":true,"href":"https:\/\/www.btv.md\/ro\/wp-json\/wp\/v2\/comments?post=14611"}],"version-history":[{"count":0,"href":"https:\/\/www.btv.md\/ro\/wp-json\/wp\/v2\/posts\/14611\/revisions"}],"wp:featuredmedia":[{"embeddable":true,"href":"https:\/\/www.btv.md\/ro\/wp-json\/wp\/v2\/media\/14612"}],"wp:attachment":[{"href":"https:\/\/www.btv.md\/ro\/wp-json\/wp\/v2\/media?parent=14611"}],"wp:term":[{"taxonomy":"category","embeddable":true,"href":"https:\/\/www.btv.md\/ro\/wp-json\/wp\/v2\/categories?post=14611"},{"taxonomy":"post_tag","embeddable":true,"href":"https:\/\/www.btv.md\/ro\/wp-json\/wp\/v2\/tags?post=14611"}],"curies":[{"name":"wp","href":"https:\/\/api.w.org\/{rel}","templated":true}]}}