{"id":14614,"date":"2016-06-14T11:41:48","date_gmt":"2016-06-14T08:41:48","guid":{"rendered":"http:\/\/btv.md\/?p=14614"},"modified":"2016-06-14T11:41:57","modified_gmt":"2016-06-14T08:41:57","slug":"donald-tusk-daca-marea-britanie-va-parasi-ue-dusmanii-nostri-vor-deschide-sticla-cu-sampanie","status":"publish","type":"post","link":"https:\/\/www.btv.md\/ro\/donald-tusk-daca-marea-britanie-va-parasi-ue-dusmanii-nostri-vor-deschide-sticla-cu-sampanie\/","title":{"rendered":"Donald Tusk: Dac\u0103 Marea Britanie va p\u0103r\u0103si UE, \u201edu\u0219manii no\u0219tri vor deschide sticla cu \u0219ampanie\u201d"},"content":{"rendered":"<p><strong>Pre\u0219edintele Consiliului European, Donald Tusk, a estimat luni, \u00eentr-un interviu pentru cotidianul german Bild, c\u0103 o eventual\u0103 ie\u0219ire a Marii Britanii din Uniunea European\u0103 (Brexit) ar alimenta euroscepticismul \u00een cadrul blocului comunitar \u0219i ar reprezenta o mare victorie pentru inamicii externi ai UE, relateaz\u0103 agen\u021bia DPA.<\/strong><\/p>\n<p style=\"font-style: inherit; font-weight: inherit;\">Pre\u0219edintele Consiliului European, Donald Tusk, a estimat luni, \u00eentr-un interviu pentru cotidianul german Bild, c\u0103 o eventual\u0103 ie\u0219ire a Marii Britanii din Uniunea European\u0103 (Brexit) ar alimenta euroscepticismul \u00een cadrul blocului comunitar \u0219i ar reprezenta o mare victorie pentru inamicii externi ai UE, relateaz\u0103 agen\u021bia DPA.<\/p>\n<p> \u201eDin punct de vedere politic, aceasta i-ar \u00eencuraja pe to\u021bi anti-europenii radicali din interiorul a numeroase state membre\u201d, a declarat Tusk \u00een interviu, publicat cu 10 zile \u00eenainte de referendumul din Marea Britanie (23 iunie) \u00een cadrul c\u0103ruia electoratul este chemat s\u0103 se pronun\u021be \u00een leg\u0103tur\u0103 cu ie\u0219irea sau men\u021binerea \u021b\u0103rii \u00een UE.<\/p>\n<p style=\"font-style: inherit; font-weight: inherit;\">\u201e\u00cen plus, \u00een ziua \u00een care britanicii ar p\u0103r\u0103si UE, inamicii no\u0219tri externi vor deschide o sticl\u0103 cu \u0219ampanie. Ar trebui s\u0103 facem tot ce se poate ca s\u0103 le stric\u0103m petrecerea\u201d, a afirmat oficialul european.<\/p>\n<p style=\"font-style: inherit; font-weight: inherit;\">\u00cen opinia lui Tusk, un eventual Brexit s-ar solda cu o serie de consecin\u021be neprev\u0103zute. Nu numai c\u0103 va trebui s\u0103 fie anulate toate obliga\u021biile cu britanicii prin tratat, ci va fi necesar ca cei 27 de membri r\u0103ma\u0219i \u00een UE s\u0103 convin\u0103 asupra unei noi reglement\u0103ri, proces ce ar putea lua cinci ani \u0219i rezultatul nu va putea fi garantat.<\/p>\n<p style=\"font-style: inherit; font-weight: inherit;\">Tusk este de p\u0103rere c\u0103 secesiunea Marii Britanii fa\u021b\u0103 de UE \u201ear putea de fapt s\u0103 declan\u0219eze procesul de distrugere nu numai a UE, ci \u0219i a civiliza\u021biei politice occidentale\u201d.<\/p>\n<p style=\"font-style: inherit; font-weight: inherit;\">DPA precizeaz\u0103 c\u0103 rezultatele sondajelor de opinie publicate s\u0103pt\u0103m\u00e2na trecut\u0103 arat\u0103 c\u0103 55% din electoratul britanic inten\u021bioneaz\u0103 s\u0103 voteze pentru ie\u0219irea \u021b\u0103rii din UE la referendumul din 23 iunie. Aceasta indic\u0103 o cre\u0219tere semnificativ\u0103 a sus\u021binerii pentru Brexit.<\/p>\n<p><strong><a style=\"font-style: inherit; font-weight: inherit;\" href=\"http:\/\/independent.md\/\">independent.md<\/a><\/strong><\/p>\n","protected":false},"excerpt":{"rendered":"<p>Pre\u0219edintele Consiliului European, Donald Tusk, a estimat luni, \u00eentr-un interviu pentru cotidianul german Bild, c\u0103 o eventual\u0103 ie\u0219ire a Marii Britanii din Uniunea European\u0103 (Brexit) ar alimenta euroscepticismul \u00een cadrul blocului comunitar \u0219i ar reprezenta o mare victorie pentru inamicii externi ai UE, relateaz\u0103 agen\u021bia DPA. Pre\u0219edintele Consiliului European, Donald Tusk, a estimat luni, \u00eentr-un [&hellip;]<\/p>\n","protected":false},"author":4,"featured_media":14615,"comment_status":"closed","ping_status":"closed","sticky":false,"template":"","format":"standard","meta":{"footnotes":""},"categories":[6368],"tags":[],"class_list":["post-14614","post","type-post","status-publish","format-standard","has-post-thumbnail","hentry","category-politica-ro"],"yoast_head":"<!-- This site is optimized with the Yoast SEO plugin v27.4 - https:\/\/yoast.com\/product\/yoast-seo-wordpress\/ -->\n<title>Donald Tusk: Dac\u0103 Marea Britanie va p\u0103r\u0103si UE, \u201edu\u0219manii no\u0219tri vor deschide sticla cu \u0219ampanie\u201d - BTV<\/title>\n<meta name=\"robots\" content=\"index, follow, max-snippet:-1, max-image-preview:large, max-video-preview:-1\" \/>\n<link rel=\"canonical\" href=\"https:\/\/www.btv.md\/ro\/amp\/donald-tusk-daca-marea-britanie-va-parasi-ue-dusmanii-nostri-vor-deschide-sticla-cu-sampanie\/\" \/>\n<meta property=\"og:locale\" content=\"ro_RO\" \/>\n<meta property=\"og:type\" content=\"article\" \/>\n<meta property=\"og:title\" content=\"Donald Tusk: Dac\u0103 Marea Britanie va p\u0103r\u0103si UE, \u201edu\u0219manii no\u0219tri vor deschide sticla cu \u0219ampanie\u201d - BTV\" \/>\n<meta property=\"og:description\" content=\"Pre\u0219edintele Consiliului European, Donald Tusk, a estimat luni, \u00eentr-un interviu pentru cotidianul german Bild, c\u0103 o eventual\u0103 ie\u0219ire a Marii Britanii din Uniunea European\u0103 (Brexit) ar alimenta euroscepticismul \u00een cadrul blocului comunitar \u0219i ar reprezenta o mare victorie pentru inamicii externi ai UE, relateaz\u0103 agen\u021bia DPA. Pre\u0219edintele Consiliului European, Donald Tusk, a estimat luni, \u00eentr-un [&hellip;]\" \/>\n<meta property=\"og:url\" content=\"https:\/\/www.btv.md\/ro\/amp\/donald-tusk-daca-marea-britanie-va-parasi-ue-dusmanii-nostri-vor-deschide-sticla-cu-sampanie\/\" \/>\n<meta property=\"og:site_name\" content=\"BTV\" \/>\n<meta property=\"article:publisher\" content=\"https:\/\/www.facebook.com\/btvmoldova\/\" \/>\n<meta property=\"article:published_time\" content=\"2016-06-14T08:41:48+00:00\" \/>\n<meta property=\"article:modified_time\" content=\"2016-06-14T08:41:57+00:00\" \/>\n<meta property=\"og:image\" content=\"https:\/\/www.btv.md\/wp-content\/uploads\/2016\/06\/Donald-Tusk_3022302b.jpg\" \/>\n\t<meta property=\"og:image:width\" content=\"620\" \/>\n\t<meta property=\"og:image:height\" content=\"387\" \/>\n\t<meta property=\"og:image:type\" content=\"image\/jpeg\" \/>\n<meta name=\"author\" content=\"admin\" \/>\n<meta name=\"twitter:label1\" content=\"Scris de\" \/>\n\t<meta name=\"twitter:data1\" content=\"admin\" \/>\n\t<meta name=\"twitter:label2\" content=\"Timp estimat pentru citire\" \/>\n\t<meta name=\"twitter:data2\" content=\"2 minute\" \/>\n<script type=\"application\/ld+json\" class=\"yoast-schema-graph\">{\"@context\":\"https:\\\/\\\/schema.org\",\"@graph\":[{\"@type\":\"Article\",\"@id\":\"https:\\\/\\\/www.btv.md\\\/ro\\\/amp\\\/donald-tusk-daca-marea-britanie-va-parasi-ue-dusmanii-nostri-vor-deschide-sticla-cu-sampanie\\\/#article\",\"isPartOf\":{\"@id\":\"https:\\\/\\\/www.btv.md\\\/ro\\\/amp\\\/donald-tusk-daca-marea-britanie-va-parasi-ue-dusmanii-nostri-vor-deschide-sticla-cu-sampanie\\\/\"},\"author\":{\"name\":\"admin\",\"@id\":\"https:\\\/\\\/www.btv.md\\\/#\\\/schema\\\/person\\\/8fadce81561b3ce2c34c46dadc4ccbf2\"},\"headline\":\"Donald Tusk: Dac\u0103 Marea Britanie va p\u0103r\u0103si UE, \u201edu\u0219manii no\u0219tri vor deschide sticla cu \u0219ampanie\u201d\",\"datePublished\":\"2016-06-14T08:41:48+00:00\",\"dateModified\":\"2016-06-14T08:41:57+00:00\",\"mainEntityOfPage\":{\"@id\":\"https:\\\/\\\/www.btv.md\\\/ro\\\/amp\\\/donald-tusk-daca-marea-britanie-va-parasi-ue-dusmanii-nostri-vor-deschide-sticla-cu-sampanie\\\/\"},\"wordCount\":358,\"image\":{\"@id\":\"https:\\\/\\\/www.btv.md\\\/ro\\\/amp\\\/donald-tusk-daca-marea-britanie-va-parasi-ue-dusmanii-nostri-vor-deschide-sticla-cu-sampanie\\\/#primaryimage\"},\"thumbnailUrl\":\"https:\\\/\\\/www.btv.md\\\/wp-content\\\/uploads\\\/2016\\\/06\\\/Donald-Tusk_3022302b.jpg\",\"articleSection\":[\"Politic\u0103\"],\"inLanguage\":\"ro-RO\"},{\"@type\":\"WebPage\",\"@id\":\"https:\\\/\\\/www.btv.md\\\/ro\\\/amp\\\/donald-tusk-daca-marea-britanie-va-parasi-ue-dusmanii-nostri-vor-deschide-sticla-cu-sampanie\\\/\",\"url\":\"https:\\\/\\\/www.btv.md\\\/ro\\\/amp\\\/donald-tusk-daca-marea-britanie-va-parasi-ue-dusmanii-nostri-vor-deschide-sticla-cu-sampanie\\\/\",\"name\":\"Donald Tusk: Dac\u0103 Marea Britanie va p\u0103r\u0103si UE, \u201edu\u0219manii no\u0219tri vor deschide sticla cu \u0219ampanie\u201d - BTV\",\"isPartOf\":{\"@id\":\"https:\\\/\\\/www.btv.md\\\/#website\"},\"primaryImageOfPage\":{\"@id\":\"https:\\\/\\\/www.btv.md\\\/ro\\\/amp\\\/donald-tusk-daca-marea-britanie-va-parasi-ue-dusmanii-nostri-vor-deschide-sticla-cu-sampanie\\\/#primaryimage\"},\"image\":{\"@id\":\"https:\\\/\\\/www.btv.md\\\/ro\\\/amp\\\/donald-tusk-daca-marea-britanie-va-parasi-ue-dusmanii-nostri-vor-deschide-sticla-cu-sampanie\\\/#primaryimage\"},\"thumbnailUrl\":\"https:\\\/\\\/www.btv.md\\\/wp-content\\\/uploads\\\/2016\\\/06\\\/Donald-Tusk_3022302b.jpg\",\"datePublished\":\"2016-06-14T08:41:48+00:00\",\"dateModified\":\"2016-06-14T08:41:57+00:00\",\"author\":{\"@id\":\"https:\\\/\\\/www.btv.md\\\/#\\\/schema\\\/person\\\/8fadce81561b3ce2c34c46dadc4ccbf2\"},\"inLanguage\":\"ro-RO\",\"potentialAction\":[{\"@type\":\"ReadAction\",\"target\":[\"https:\\\/\\\/www.btv.md\\\/ro\\\/amp\\\/donald-tusk-daca-marea-britanie-va-parasi-ue-dusmanii-nostri-vor-deschide-sticla-cu-sampanie\\\/\"]}]},{\"@type\":\"ImageObject\",\"inLanguage\":\"ro-RO\",\"@id\":\"https:\\\/\\\/www.btv.md\\\/ro\\\/amp\\\/donald-tusk-daca-marea-britanie-va-parasi-ue-dusmanii-nostri-vor-deschide-sticla-cu-sampanie\\\/#primaryimage\",\"url\":\"https:\\\/\\\/www.btv.md\\\/wp-content\\\/uploads\\\/2016\\\/06\\\/Donald-Tusk_3022302b.jpg\",\"contentUrl\":\"https:\\\/\\\/www.btv.md\\\/wp-content\\\/uploads\\\/2016\\\/06\\\/Donald-Tusk_3022302b.jpg\",\"width\":620,\"height\":387},{\"@type\":\"WebSite\",\"@id\":\"https:\\\/\\\/www.btv.md\\\/#website\",\"url\":\"https:\\\/\\\/www.btv.md\\\/\",\"name\":\"BTV\",\"description\":\"\u0411\u0435\u043b\u044c\u0446\u043a\u043e\u0435 \u0442\u0435\u043b\u0435\u0432\u0438\u0434\u0435\u043d\u0438\u0435\",\"potentialAction\":[{\"@type\":\"SearchAction\",\"target\":{\"@type\":\"EntryPoint\",\"urlTemplate\":\"https:\\\/\\\/www.btv.md\\\/?s={search_term_string}\"},\"query-input\":{\"@type\":\"PropertyValueSpecification\",\"valueRequired\":true,\"valueName\":\"search_term_string\"}}],\"inLanguage\":\"ro-RO\"},{\"@type\":\"Person\",\"@id\":\"https:\\\/\\\/www.btv.md\\\/#\\\/schema\\\/person\\\/8fadce81561b3ce2c34c46dadc4ccbf2\",\"name\":\"admin\"}]}<\/script>\n<!-- \/ Yoast SEO plugin. -->","yoast_head_json":{"title":"Donald Tusk: Dac\u0103 Marea Britanie va p\u0103r\u0103si UE, \u201edu\u0219manii no\u0219tri vor deschide sticla cu \u0219ampanie\u201d - BTV","robots":{"index":"index","follow":"follow","max-snippet":"max-snippet:-1","max-image-preview":"max-image-preview:large","max-video-preview":"max-video-preview:-1"},"canonical":"https:\/\/www.btv.md\/ro\/amp\/donald-tusk-daca-marea-britanie-va-parasi-ue-dusmanii-nostri-vor-deschide-sticla-cu-sampanie\/","og_locale":"ro_RO","og_type":"article","og_title":"Donald Tusk: Dac\u0103 Marea Britanie va p\u0103r\u0103si UE, \u201edu\u0219manii no\u0219tri vor deschide sticla cu \u0219ampanie\u201d - BTV","og_description":"Pre\u0219edintele Consiliului European, Donald Tusk, a estimat luni, \u00eentr-un interviu pentru cotidianul german Bild, c\u0103 o eventual\u0103 ie\u0219ire a Marii Britanii din Uniunea European\u0103 (Brexit) ar alimenta euroscepticismul \u00een cadrul blocului comunitar \u0219i ar reprezenta o mare victorie pentru inamicii externi ai UE, relateaz\u0103 agen\u021bia DPA. Pre\u0219edintele Consiliului European, Donald Tusk, a estimat luni, \u00eentr-un [&hellip;]","og_url":"https:\/\/www.btv.md\/ro\/amp\/donald-tusk-daca-marea-britanie-va-parasi-ue-dusmanii-nostri-vor-deschide-sticla-cu-sampanie\/","og_site_name":"BTV","article_publisher":"https:\/\/www.facebook.com\/btvmoldova\/","article_published_time":"2016-06-14T08:41:48+00:00","article_modified_time":"2016-06-14T08:41:57+00:00","og_image":[{"width":620,"height":387,"url":"https:\/\/www.btv.md\/wp-content\/uploads\/2016\/06\/Donald-Tusk_3022302b.jpg","type":"image\/jpeg"}],"author":"admin","twitter_misc":{"Scris de":"admin","Timp estimat pentru citire":"2 minute"},"schema":{"@context":"https:\/\/schema.org","@graph":[{"@type":"Article","@id":"https:\/\/www.btv.md\/ro\/amp\/donald-tusk-daca-marea-britanie-va-parasi-ue-dusmanii-nostri-vor-deschide-sticla-cu-sampanie\/#article","isPartOf":{"@id":"https:\/\/www.btv.md\/ro\/amp\/donald-tusk-daca-marea-britanie-va-parasi-ue-dusmanii-nostri-vor-deschide-sticla-cu-sampanie\/"},"author":{"name":"admin","@id":"https:\/\/www.btv.md\/#\/schema\/person\/8fadce81561b3ce2c34c46dadc4ccbf2"},"headline":"Donald Tusk: Dac\u0103 Marea Britanie va p\u0103r\u0103si UE, \u201edu\u0219manii no\u0219tri vor deschide sticla cu \u0219ampanie\u201d","datePublished":"2016-06-14T08:41:48+00:00","dateModified":"2016-06-14T08:41:57+00:00","mainEntityOfPage":{"@id":"https:\/\/www.btv.md\/ro\/amp\/donald-tusk-daca-marea-britanie-va-parasi-ue-dusmanii-nostri-vor-deschide-sticla-cu-sampanie\/"},"wordCount":358,"image":{"@id":"https:\/\/www.btv.md\/ro\/amp\/donald-tusk-daca-marea-britanie-va-parasi-ue-dusmanii-nostri-vor-deschide-sticla-cu-sampanie\/#primaryimage"},"thumbnailUrl":"https:\/\/www.btv.md\/wp-content\/uploads\/2016\/06\/Donald-Tusk_3022302b.jpg","articleSection":["Politic\u0103"],"inLanguage":"ro-RO"},{"@type":"WebPage","@id":"https:\/\/www.btv.md\/ro\/amp\/donald-tusk-daca-marea-britanie-va-parasi-ue-dusmanii-nostri-vor-deschide-sticla-cu-sampanie\/","url":"https:\/\/www.btv.md\/ro\/amp\/donald-tusk-daca-marea-britanie-va-parasi-ue-dusmanii-nostri-vor-deschide-sticla-cu-sampanie\/","name":"Donald Tusk: Dac\u0103 Marea Britanie va p\u0103r\u0103si UE, \u201edu\u0219manii no\u0219tri vor deschide sticla cu \u0219ampanie\u201d - BTV","isPartOf":{"@id":"https:\/\/www.btv.md\/#website"},"primaryImageOfPage":{"@id":"https:\/\/www.btv.md\/ro\/amp\/donald-tusk-daca-marea-britanie-va-parasi-ue-dusmanii-nostri-vor-deschide-sticla-cu-sampanie\/#primaryimage"},"image":{"@id":"https:\/\/www.btv.md\/ro\/amp\/donald-tusk-daca-marea-britanie-va-parasi-ue-dusmanii-nostri-vor-deschide-sticla-cu-sampanie\/#primaryimage"},"thumbnailUrl":"https:\/\/www.btv.md\/wp-content\/uploads\/2016\/06\/Donald-Tusk_3022302b.jpg","datePublished":"2016-06-14T08:41:48+00:00","dateModified":"2016-06-14T08:41:57+00:00","author":{"@id":"https:\/\/www.btv.md\/#\/schema\/person\/8fadce81561b3ce2c34c46dadc4ccbf2"},"inLanguage":"ro-RO","potentialAction":[{"@type":"ReadAction","target":["https:\/\/www.btv.md\/ro\/amp\/donald-tusk-daca-marea-britanie-va-parasi-ue-dusmanii-nostri-vor-deschide-sticla-cu-sampanie\/"]}]},{"@type":"ImageObject","inLanguage":"ro-RO","@id":"https:\/\/www.btv.md\/ro\/amp\/donald-tusk-daca-marea-britanie-va-parasi-ue-dusmanii-nostri-vor-deschide-sticla-cu-sampanie\/#primaryimage","url":"https:\/\/www.btv.md\/wp-content\/uploads\/2016\/06\/Donald-Tusk_3022302b.jpg","contentUrl":"https:\/\/www.btv.md\/wp-content\/uploads\/2016\/06\/Donald-Tusk_3022302b.jpg","width":620,"height":387},{"@type":"WebSite","@id":"https:\/\/www.btv.md\/#website","url":"https:\/\/www.btv.md\/","name":"BTV","description":"\u0411\u0435\u043b\u044c\u0446\u043a\u043e\u0435 \u0442\u0435\u043b\u0435\u0432\u0438\u0434\u0435\u043d\u0438\u0435","potentialAction":[{"@type":"SearchAction","target":{"@type":"EntryPoint","urlTemplate":"https:\/\/www.btv.md\/?s={search_term_string}"},"query-input":{"@type":"PropertyValueSpecification","valueRequired":true,"valueName":"search_term_string"}}],"inLanguage":"ro-RO"},{"@type":"Person","@id":"https:\/\/www.btv.md\/#\/schema\/person\/8fadce81561b3ce2c34c46dadc4ccbf2","name":"admin"}]}},"_links":{"self":[{"href":"https:\/\/www.btv.md\/ro\/wp-json\/wp\/v2\/posts\/14614","targetHints":{"allow":["GET"]}}],"collection":[{"href":"https:\/\/www.btv.md\/ro\/wp-json\/wp\/v2\/posts"}],"about":[{"href":"https:\/\/www.btv.md\/ro\/wp-json\/wp\/v2\/types\/post"}],"author":[{"embeddable":true,"href":"https:\/\/www.btv.md\/ro\/wp-json\/wp\/v2\/users\/4"}],"replies":[{"embeddable":true,"href":"https:\/\/www.btv.md\/ro\/wp-json\/wp\/v2\/comments?post=14614"}],"version-history":[{"count":0,"href":"https:\/\/www.btv.md\/ro\/wp-json\/wp\/v2\/posts\/14614\/revisions"}],"wp:featuredmedia":[{"embeddable":true,"href":"https:\/\/www.btv.md\/ro\/wp-json\/wp\/v2\/media\/14615"}],"wp:attachment":[{"href":"https:\/\/www.btv.md\/ro\/wp-json\/wp\/v2\/media?parent=14614"}],"wp:term":[{"taxonomy":"category","embeddable":true,"href":"https:\/\/www.btv.md\/ro\/wp-json\/wp\/v2\/categories?post=14614"},{"taxonomy":"post_tag","embeddable":true,"href":"https:\/\/www.btv.md\/ro\/wp-json\/wp\/v2\/tags?post=14614"}],"curies":[{"name":"wp","href":"https:\/\/api.w.org\/{rel}","templated":true}]}}