{"id":14617,"date":"2016-06-14T11:45:27","date_gmt":"2016-06-14T08:45:27","guid":{"rendered":"http:\/\/btv.md\/?p=14617"},"modified":"2016-06-14T11:45:41","modified_gmt":"2016-06-14T08:45:41","slug":"klaus-iohannis-e-atacat-din-toate-partile-dupa-ce-nu-i-a-raspuns-lui-vladimir-putin","status":"publish","type":"post","link":"https:\/\/www.btv.md\/ro\/klaus-iohannis-e-atacat-din-toate-partile-dupa-ce-nu-i-a-raspuns-lui-vladimir-putin\/","title":{"rendered":"Klaus Iohannis e atacat din toate p\u0103r\u0163ile dup\u0103 ce nu i-a r\u0103spuns lui Vladimir Putin"},"content":{"rendered":"<p><strong>Klaus Iohannis e atacat din toate p\u0103r\u0163ile dup\u0103 ce nu i-a r\u0103spuns lui Vladimir Putin dup\u0103 declara\u0163iile r\u0103zboinice ale \u015fefului Federa\u0163iei Ruse. <\/strong><strong>Fostul pre\u015fedinte, Traian B\u0103sescu i-a dat lec\u0163ii \u00een direct lui Iohannis.<\/strong><\/p>\n<p style=\"font-style: inherit; font-weight: inherit;\">\u201eEra necesar\u0103 o interven\u021bie imediat\u0103. O declara\u021bie de la pre\u0219edinte, la pre\u0219edinte. Mesajul lui Putin a fost unul de amenin\u021bare care s-a dus direct la popula\u021bia Rom\u00e2niei. M-a dezam\u0103git Putin pentru c\u0103 min\u021bea. Noi nu am devenit \u0163int\u0103 dup\u0103 instalarea scutului de la Deveselu, am devenit \u0163int\u0103 atunci c\u00e2nd am intrat \u00een NATO\u201d, a spus B\u0103sescu la RTV.<\/p>\n<p style=\"font-style: inherit; font-weight: inherit;\">Actualul \u015fef al PMP l-a pus la zid pe Iohannis. \u015eeful statului \u00eei transmisese lui B\u0103sescu s\u0103 ias\u0103 la pensie.<\/p>\n<p style=\"font-style: inherit; font-weight: inherit;\">\u201eUnul care \u00ee\u015fi d\u0103 comunicatele oficiale pe facebook s\u0103 spun\u0103 despre mine c\u0103 sunt postac. E un tip ranchiunos. ce s\u0103 fac dac\u0103 \u0103sta este nivelul. Ar vrea s\u0103 ies la pensie. Nu se poate domnule Iohannis. \u0162ara este foarte prost condus\u0103 \u015fi trebuie s\u0103 fac opozi\u0163ie. M\u0103 simt \u00een siguran\u0163\u0103 cu institu\u0163iile statului rom\u00e2n. Cred c\u0103 are un mod mai relaxat de a lucra cu structurile de for\u0163\u0103 ale statului.\u201d, a \u00eencheiat B\u0103sescu, potrivit argumentul.ro.<\/p>\n<p><strong><a style=\"font-style: inherit; font-weight: inherit;\" href=\"http:\/\/independent.md\/\">independent.md<\/a><\/strong><\/p>\n","protected":false},"excerpt":{"rendered":"<p>Klaus Iohannis e atacat din toate p\u0103r\u0163ile dup\u0103 ce nu i-a r\u0103spuns lui Vladimir Putin dup\u0103 declara\u0163iile r\u0103zboinice ale \u015fefului Federa\u0163iei Ruse. Fostul pre\u015fedinte, Traian B\u0103sescu i-a dat lec\u0163ii \u00een direct lui Iohannis. \u201eEra necesar\u0103 o interven\u021bie imediat\u0103. O declara\u021bie de la pre\u0219edinte, la pre\u0219edinte. Mesajul lui Putin a fost unul de amenin\u021bare care s-a [&hellip;]<\/p>\n","protected":false},"author":4,"featured_media":14618,"comment_status":"closed","ping_status":"closed","sticky":false,"template":"","format":"standard","meta":{"footnotes":""},"categories":[6368],"tags":[],"class_list":["post-14617","post","type-post","status-publish","format-standard","has-post-thumbnail","hentry","category-politica-ro"],"yoast_head":"<!-- This site is optimized with the Yoast SEO plugin v27.4 - https:\/\/yoast.com\/product\/yoast-seo-wordpress\/ -->\n<title>Klaus Iohannis e atacat din toate p\u0103r\u0163ile dup\u0103 ce nu i-a r\u0103spuns lui Vladimir Putin - BTV<\/title>\n<meta name=\"robots\" content=\"index, follow, max-snippet:-1, max-image-preview:large, max-video-preview:-1\" \/>\n<link rel=\"canonical\" href=\"https:\/\/www.btv.md\/ro\/klaus-iohannis-e-atacat-din-toate-partile-dupa-ce-nu-i-a-raspuns-lui-vladimir-putin\/\" \/>\n<meta property=\"og:locale\" content=\"ro_RO\" \/>\n<meta property=\"og:type\" content=\"article\" \/>\n<meta property=\"og:title\" content=\"Klaus Iohannis e atacat din toate p\u0103r\u0163ile dup\u0103 ce nu i-a r\u0103spuns lui Vladimir Putin - BTV\" \/>\n<meta property=\"og:description\" content=\"Klaus Iohannis e atacat din toate p\u0103r\u0163ile dup\u0103 ce nu i-a r\u0103spuns lui Vladimir Putin dup\u0103 declara\u0163iile r\u0103zboinice ale \u015fefului Federa\u0163iei Ruse. Fostul pre\u015fedinte, Traian B\u0103sescu i-a dat lec\u0163ii \u00een direct lui Iohannis. \u201eEra necesar\u0103 o interven\u021bie imediat\u0103. O declara\u021bie de la pre\u0219edinte, la pre\u0219edinte. Mesajul lui Putin a fost unul de amenin\u021bare care s-a [&hellip;]\" \/>\n<meta property=\"og:url\" content=\"https:\/\/www.btv.md\/ro\/klaus-iohannis-e-atacat-din-toate-partile-dupa-ce-nu-i-a-raspuns-lui-vladimir-putin\/\" \/>\n<meta property=\"og:site_name\" content=\"BTV\" \/>\n<meta property=\"article:publisher\" content=\"https:\/\/www.facebook.com\/btvmoldova\/\" \/>\n<meta property=\"article:published_time\" content=\"2016-06-14T08:45:27+00:00\" \/>\n<meta property=\"article:modified_time\" content=\"2016-06-14T08:45:41+00:00\" \/>\n<meta property=\"og:image\" content=\"https:\/\/www.btv.md\/wp-content\/uploads\/2016\/06\/550811d0b8c2e_fb-big.jpeg\" \/>\n\t<meta property=\"og:image:width\" content=\"1200\" \/>\n\t<meta property=\"og:image:height\" content=\"630\" \/>\n\t<meta property=\"og:image:type\" content=\"image\/jpeg\" \/>\n<meta name=\"author\" content=\"admin\" \/>\n<meta name=\"twitter:label1\" content=\"Scris de\" \/>\n\t<meta name=\"twitter:data1\" content=\"admin\" \/>\n\t<meta name=\"twitter:label2\" content=\"Timp estimat pentru citire\" \/>\n\t<meta name=\"twitter:data2\" content=\"1 minut\" \/>\n<script type=\"application\/ld+json\" class=\"yoast-schema-graph\">{\"@context\":\"https:\\\/\\\/schema.org\",\"@graph\":[{\"@type\":\"Article\",\"@id\":\"https:\\\/\\\/www.btv.md\\\/ro\\\/klaus-iohannis-e-atacat-din-toate-partile-dupa-ce-nu-i-a-raspuns-lui-vladimir-putin\\\/#article\",\"isPartOf\":{\"@id\":\"https:\\\/\\\/www.btv.md\\\/ro\\\/klaus-iohannis-e-atacat-din-toate-partile-dupa-ce-nu-i-a-raspuns-lui-vladimir-putin\\\/\"},\"author\":{\"name\":\"admin\",\"@id\":\"https:\\\/\\\/www.btv.md\\\/#\\\/schema\\\/person\\\/8fadce81561b3ce2c34c46dadc4ccbf2\"},\"headline\":\"Klaus Iohannis e atacat din toate p\u0103r\u0163ile dup\u0103 ce nu i-a r\u0103spuns lui Vladimir Putin\",\"datePublished\":\"2016-06-14T08:45:27+00:00\",\"dateModified\":\"2016-06-14T08:45:41+00:00\",\"mainEntityOfPage\":{\"@id\":\"https:\\\/\\\/www.btv.md\\\/ro\\\/klaus-iohannis-e-atacat-din-toate-partile-dupa-ce-nu-i-a-raspuns-lui-vladimir-putin\\\/\"},\"wordCount\":233,\"image\":{\"@id\":\"https:\\\/\\\/www.btv.md\\\/ro\\\/klaus-iohannis-e-atacat-din-toate-partile-dupa-ce-nu-i-a-raspuns-lui-vladimir-putin\\\/#primaryimage\"},\"thumbnailUrl\":\"https:\\\/\\\/www.btv.md\\\/wp-content\\\/uploads\\\/2016\\\/06\\\/550811d0b8c2e_fb-big.jpeg\",\"articleSection\":[\"Politic\u0103\"],\"inLanguage\":\"ro-RO\"},{\"@type\":\"WebPage\",\"@id\":\"https:\\\/\\\/www.btv.md\\\/ro\\\/klaus-iohannis-e-atacat-din-toate-partile-dupa-ce-nu-i-a-raspuns-lui-vladimir-putin\\\/\",\"url\":\"https:\\\/\\\/www.btv.md\\\/ro\\\/klaus-iohannis-e-atacat-din-toate-partile-dupa-ce-nu-i-a-raspuns-lui-vladimir-putin\\\/\",\"name\":\"Klaus Iohannis e atacat din toate p\u0103r\u0163ile dup\u0103 ce nu i-a r\u0103spuns lui Vladimir Putin - BTV\",\"isPartOf\":{\"@id\":\"https:\\\/\\\/www.btv.md\\\/#website\"},\"primaryImageOfPage\":{\"@id\":\"https:\\\/\\\/www.btv.md\\\/ro\\\/klaus-iohannis-e-atacat-din-toate-partile-dupa-ce-nu-i-a-raspuns-lui-vladimir-putin\\\/#primaryimage\"},\"image\":{\"@id\":\"https:\\\/\\\/www.btv.md\\\/ro\\\/klaus-iohannis-e-atacat-din-toate-partile-dupa-ce-nu-i-a-raspuns-lui-vladimir-putin\\\/#primaryimage\"},\"thumbnailUrl\":\"https:\\\/\\\/www.btv.md\\\/wp-content\\\/uploads\\\/2016\\\/06\\\/550811d0b8c2e_fb-big.jpeg\",\"datePublished\":\"2016-06-14T08:45:27+00:00\",\"dateModified\":\"2016-06-14T08:45:41+00:00\",\"author\":{\"@id\":\"https:\\\/\\\/www.btv.md\\\/#\\\/schema\\\/person\\\/8fadce81561b3ce2c34c46dadc4ccbf2\"},\"inLanguage\":\"ro-RO\",\"potentialAction\":[{\"@type\":\"ReadAction\",\"target\":[\"https:\\\/\\\/www.btv.md\\\/ro\\\/klaus-iohannis-e-atacat-din-toate-partile-dupa-ce-nu-i-a-raspuns-lui-vladimir-putin\\\/\"]}]},{\"@type\":\"ImageObject\",\"inLanguage\":\"ro-RO\",\"@id\":\"https:\\\/\\\/www.btv.md\\\/ro\\\/klaus-iohannis-e-atacat-din-toate-partile-dupa-ce-nu-i-a-raspuns-lui-vladimir-putin\\\/#primaryimage\",\"url\":\"https:\\\/\\\/www.btv.md\\\/wp-content\\\/uploads\\\/2016\\\/06\\\/550811d0b8c2e_fb-big.jpeg\",\"contentUrl\":\"https:\\\/\\\/www.btv.md\\\/wp-content\\\/uploads\\\/2016\\\/06\\\/550811d0b8c2e_fb-big.jpeg\",\"width\":1200,\"height\":630},{\"@type\":\"WebSite\",\"@id\":\"https:\\\/\\\/www.btv.md\\\/#website\",\"url\":\"https:\\\/\\\/www.btv.md\\\/\",\"name\":\"BTV\",\"description\":\"\u0411\u0435\u043b\u044c\u0446\u043a\u043e\u0435 \u0442\u0435\u043b\u0435\u0432\u0438\u0434\u0435\u043d\u0438\u0435\",\"potentialAction\":[{\"@type\":\"SearchAction\",\"target\":{\"@type\":\"EntryPoint\",\"urlTemplate\":\"https:\\\/\\\/www.btv.md\\\/?s={search_term_string}\"},\"query-input\":{\"@type\":\"PropertyValueSpecification\",\"valueRequired\":true,\"valueName\":\"search_term_string\"}}],\"inLanguage\":\"ro-RO\"},{\"@type\":\"Person\",\"@id\":\"https:\\\/\\\/www.btv.md\\\/#\\\/schema\\\/person\\\/8fadce81561b3ce2c34c46dadc4ccbf2\",\"name\":\"admin\"}]}<\/script>\n<!-- \/ Yoast SEO plugin. -->","yoast_head_json":{"title":"Klaus Iohannis e atacat din toate p\u0103r\u0163ile dup\u0103 ce nu i-a r\u0103spuns lui Vladimir Putin - BTV","robots":{"index":"index","follow":"follow","max-snippet":"max-snippet:-1","max-image-preview":"max-image-preview:large","max-video-preview":"max-video-preview:-1"},"canonical":"https:\/\/www.btv.md\/ro\/klaus-iohannis-e-atacat-din-toate-partile-dupa-ce-nu-i-a-raspuns-lui-vladimir-putin\/","og_locale":"ro_RO","og_type":"article","og_title":"Klaus Iohannis e atacat din toate p\u0103r\u0163ile dup\u0103 ce nu i-a r\u0103spuns lui Vladimir Putin - BTV","og_description":"Klaus Iohannis e atacat din toate p\u0103r\u0163ile dup\u0103 ce nu i-a r\u0103spuns lui Vladimir Putin dup\u0103 declara\u0163iile r\u0103zboinice ale \u015fefului Federa\u0163iei Ruse. Fostul pre\u015fedinte, Traian B\u0103sescu i-a dat lec\u0163ii \u00een direct lui Iohannis. \u201eEra necesar\u0103 o interven\u021bie imediat\u0103. O declara\u021bie de la pre\u0219edinte, la pre\u0219edinte. Mesajul lui Putin a fost unul de amenin\u021bare care s-a [&hellip;]","og_url":"https:\/\/www.btv.md\/ro\/klaus-iohannis-e-atacat-din-toate-partile-dupa-ce-nu-i-a-raspuns-lui-vladimir-putin\/","og_site_name":"BTV","article_publisher":"https:\/\/www.facebook.com\/btvmoldova\/","article_published_time":"2016-06-14T08:45:27+00:00","article_modified_time":"2016-06-14T08:45:41+00:00","og_image":[{"width":1200,"height":630,"url":"https:\/\/www.btv.md\/wp-content\/uploads\/2016\/06\/550811d0b8c2e_fb-big.jpeg","type":"image\/jpeg"}],"author":"admin","twitter_misc":{"Scris de":"admin","Timp estimat pentru citire":"1 minut"},"schema":{"@context":"https:\/\/schema.org","@graph":[{"@type":"Article","@id":"https:\/\/www.btv.md\/ro\/klaus-iohannis-e-atacat-din-toate-partile-dupa-ce-nu-i-a-raspuns-lui-vladimir-putin\/#article","isPartOf":{"@id":"https:\/\/www.btv.md\/ro\/klaus-iohannis-e-atacat-din-toate-partile-dupa-ce-nu-i-a-raspuns-lui-vladimir-putin\/"},"author":{"name":"admin","@id":"https:\/\/www.btv.md\/#\/schema\/person\/8fadce81561b3ce2c34c46dadc4ccbf2"},"headline":"Klaus Iohannis e atacat din toate p\u0103r\u0163ile dup\u0103 ce nu i-a r\u0103spuns lui Vladimir Putin","datePublished":"2016-06-14T08:45:27+00:00","dateModified":"2016-06-14T08:45:41+00:00","mainEntityOfPage":{"@id":"https:\/\/www.btv.md\/ro\/klaus-iohannis-e-atacat-din-toate-partile-dupa-ce-nu-i-a-raspuns-lui-vladimir-putin\/"},"wordCount":233,"image":{"@id":"https:\/\/www.btv.md\/ro\/klaus-iohannis-e-atacat-din-toate-partile-dupa-ce-nu-i-a-raspuns-lui-vladimir-putin\/#primaryimage"},"thumbnailUrl":"https:\/\/www.btv.md\/wp-content\/uploads\/2016\/06\/550811d0b8c2e_fb-big.jpeg","articleSection":["Politic\u0103"],"inLanguage":"ro-RO"},{"@type":"WebPage","@id":"https:\/\/www.btv.md\/ro\/klaus-iohannis-e-atacat-din-toate-partile-dupa-ce-nu-i-a-raspuns-lui-vladimir-putin\/","url":"https:\/\/www.btv.md\/ro\/klaus-iohannis-e-atacat-din-toate-partile-dupa-ce-nu-i-a-raspuns-lui-vladimir-putin\/","name":"Klaus Iohannis e atacat din toate p\u0103r\u0163ile dup\u0103 ce nu i-a r\u0103spuns lui Vladimir Putin - BTV","isPartOf":{"@id":"https:\/\/www.btv.md\/#website"},"primaryImageOfPage":{"@id":"https:\/\/www.btv.md\/ro\/klaus-iohannis-e-atacat-din-toate-partile-dupa-ce-nu-i-a-raspuns-lui-vladimir-putin\/#primaryimage"},"image":{"@id":"https:\/\/www.btv.md\/ro\/klaus-iohannis-e-atacat-din-toate-partile-dupa-ce-nu-i-a-raspuns-lui-vladimir-putin\/#primaryimage"},"thumbnailUrl":"https:\/\/www.btv.md\/wp-content\/uploads\/2016\/06\/550811d0b8c2e_fb-big.jpeg","datePublished":"2016-06-14T08:45:27+00:00","dateModified":"2016-06-14T08:45:41+00:00","author":{"@id":"https:\/\/www.btv.md\/#\/schema\/person\/8fadce81561b3ce2c34c46dadc4ccbf2"},"inLanguage":"ro-RO","potentialAction":[{"@type":"ReadAction","target":["https:\/\/www.btv.md\/ro\/klaus-iohannis-e-atacat-din-toate-partile-dupa-ce-nu-i-a-raspuns-lui-vladimir-putin\/"]}]},{"@type":"ImageObject","inLanguage":"ro-RO","@id":"https:\/\/www.btv.md\/ro\/klaus-iohannis-e-atacat-din-toate-partile-dupa-ce-nu-i-a-raspuns-lui-vladimir-putin\/#primaryimage","url":"https:\/\/www.btv.md\/wp-content\/uploads\/2016\/06\/550811d0b8c2e_fb-big.jpeg","contentUrl":"https:\/\/www.btv.md\/wp-content\/uploads\/2016\/06\/550811d0b8c2e_fb-big.jpeg","width":1200,"height":630},{"@type":"WebSite","@id":"https:\/\/www.btv.md\/#website","url":"https:\/\/www.btv.md\/","name":"BTV","description":"\u0411\u0435\u043b\u044c\u0446\u043a\u043e\u0435 \u0442\u0435\u043b\u0435\u0432\u0438\u0434\u0435\u043d\u0438\u0435","potentialAction":[{"@type":"SearchAction","target":{"@type":"EntryPoint","urlTemplate":"https:\/\/www.btv.md\/?s={search_term_string}"},"query-input":{"@type":"PropertyValueSpecification","valueRequired":true,"valueName":"search_term_string"}}],"inLanguage":"ro-RO"},{"@type":"Person","@id":"https:\/\/www.btv.md\/#\/schema\/person\/8fadce81561b3ce2c34c46dadc4ccbf2","name":"admin"}]}},"_links":{"self":[{"href":"https:\/\/www.btv.md\/ro\/wp-json\/wp\/v2\/posts\/14617","targetHints":{"allow":["GET"]}}],"collection":[{"href":"https:\/\/www.btv.md\/ro\/wp-json\/wp\/v2\/posts"}],"about":[{"href":"https:\/\/www.btv.md\/ro\/wp-json\/wp\/v2\/types\/post"}],"author":[{"embeddable":true,"href":"https:\/\/www.btv.md\/ro\/wp-json\/wp\/v2\/users\/4"}],"replies":[{"embeddable":true,"href":"https:\/\/www.btv.md\/ro\/wp-json\/wp\/v2\/comments?post=14617"}],"version-history":[{"count":0,"href":"https:\/\/www.btv.md\/ro\/wp-json\/wp\/v2\/posts\/14617\/revisions"}],"wp:featuredmedia":[{"embeddable":true,"href":"https:\/\/www.btv.md\/ro\/wp-json\/wp\/v2\/media\/14618"}],"wp:attachment":[{"href":"https:\/\/www.btv.md\/ro\/wp-json\/wp\/v2\/media?parent=14617"}],"wp:term":[{"taxonomy":"category","embeddable":true,"href":"https:\/\/www.btv.md\/ro\/wp-json\/wp\/v2\/categories?post=14617"},{"taxonomy":"post_tag","embeddable":true,"href":"https:\/\/www.btv.md\/ro\/wp-json\/wp\/v2\/tags?post=14617"}],"curies":[{"name":"wp","href":"https:\/\/api.w.org\/{rel}","templated":true}]}}