{"id":14624,"date":"2016-06-14T11:56:52","date_gmt":"2016-06-14T08:56:52","guid":{"rendered":"http:\/\/btv.md\/?p=14624"},"modified":"2016-06-14T11:57:04","modified_gmt":"2016-06-14T08:57:04","slug":"invatamantul-din-republica-moldova-ar-putea-fi-finantat-de-catre-banca-mondiala-cu-inca-15-milioane-de-dolari","status":"publish","type":"post","link":"https:\/\/www.btv.md\/ro\/invatamantul-din-republica-moldova-ar-putea-fi-finantat-de-catre-banca-mondiala-cu-inca-15-milioane-de-dolari\/","title":{"rendered":"\u00cenv\u0103\u021b\u0103m\u00e2ntul din Republica Moldova ar putea fi finan\u021bat de c\u0103tre Banca Mondial\u0103 cu \u00eenc\u0103 15 milioane de dolari"},"content":{"rendered":"<p>Posibilit\u0103\u021bile de extindere a finan\u021b\u0103rii\u00a0au fost discutate luni, \u00een timpul unei \u00eentrevederi, de c\u0103tre ministrul educa\u021biei Corina Fusu \u0219i oficiali ai B\u0103ncii Mondiale, afla\u021bi \u00eentr-o vizit\u0103 de lucru la Chi\u0219in\u0103u, \u00een perioada 13-17 iunie 2016.<\/p>\n<p style=\"font-style: inherit; font-weight: inherit;\">Potrivit unui comunicat emis de Ministerul Educa\u021biei, ministrul Corina Fusu a prezentat un raport succint al indicatorilor realiza\u021bi p\u00e2n\u0103 la momentul actual \u00een cadrul PRIM \u0219i s-a referit la ac\u021biunile aflate \u00een curs de derulare: \u201d\u00cen urma unui concurs, am selectat o companie estonian\u0103 de consultan\u021b\u0103 ce va elabora noua formul\u0103 de finan\u021bare a cadrelor didactice. \u00cen aceast\u0103 ordine de idei, colabor\u0103m \u0219i cu responsabili de la Ministerul Finan\u021belor \u0219i de la Ministerul Muncii, Protec\u021biei Sociale \u0219i Familiei, deoarece viitoarea formul\u0103 de salarizare va fi diferit\u0103 fa\u021b\u0103 de cea prev\u0103zut\u0103 \u00een cadrul normativ existent. Concomitent, alte dou\u0103 companii de consultan\u021b\u0103 lucreaz\u0103 asupra elabor\u0103rii programelor de preg\u0103tire a profesorilor \u0219i managerilor \u0219colari pentru ca ei s\u0103 \u00eendeplineasc\u0103 cerin\u021bele standardelor profesionale. De fapt, este necesar\u0103 reconceptualizarea form\u0103rii ini\u021biale a cadrelor didactice pentru diferite niveluri ale sistemului de \u00eenv\u0103\u021b\u0103m\u00e2nt. Toate cadrele didactice, inclusiv educatorii, vor trebui s\u0103 de\u021bin\u0103 studii superioare \u0219i preg\u0103tirea necesar\u0103 conform standardelor.\u201d<\/p>\n<p style=\"font-style: inherit; font-weight: inherit;\">\u00cen context, Andrea Guedes, \u0219ef de echip\u0103 al B\u0103ncii Mondiale, a afirmat c\u0103 institu\u021bia pe care o reprezint\u0103 va examina propunerile Ministerului Educa\u021biei: \u201dAceast\u0103 vizit\u0103 de lucru \u00een Moldova ne va permite s\u0103 definitiv\u0103m sectoarele asupra c\u0103rora putem colabora \u00een anii urm\u0103tori. Acum preg\u0103tim pachetul de documente pentru extinderea cu 15 mln. USD. Ne bucur\u0103 faptul c\u0103 a\u021bi realizat noi indicatori, ceea ce ofer\u0103 posibilitatea de a debursa mijloace pentru alte activit\u0103\u021bi \u00een vederea moderniz\u0103rii \u00eenv\u0103\u021b\u0103m\u00e2ntului.\u201d<\/p>\n<p style=\"font-style: inherit; font-weight: inherit;\">P\u0103r\u021bile au mai discutat despre problemele din domeniul educa\u021biei pre\u0219colare \u0219i antepre\u0219colare, despre consolidarea capacit\u0103\u021bilor Agen\u021biei Na\u021bionale pentru Curriculum \u0219i Evaluare, Inspectoratului Na\u021bional \u0218colar, Sistemului Informa\u0163ional de Management \u00een Educa\u021bie.<\/p>\n<p style=\"font-style: inherit; font-weight: inherit;\">Pe parcursul s\u0103pt\u0103m\u00e2nii curente reprezentan\u021bii misiunii B\u0103ncii Mondiale vor avea \u00eentrevederi cu \u0219efi de direc\u021bii \u0219i institu\u021bii subordonate Ministerului Educa\u021biei, cu evaluatori, cadre didactice, cu reprezentan\u021bi ai Ministerului Finan\u021belor \u0219i ai Fondului de Investi\u021bii Sociale din Moldova.<\/p>\n<p style=\"font-style: inherit; font-weight: inherit;\">Proiectul \u201dReforma \u00cenv\u0103\u021b\u0103m\u00e2ntului \u00een Moldova\u201d este finan\u021bat de Asocia\u021bia Interna\u021bional\u0103 de Dezvoltare (Banca Mondial\u0103) \u0219i este realizat de Ministerul Educa\u021biei, \u00een perioada 2013 &#8211; 2018, cu scopul de a consolida calitatea \u0219i eficien\u021ba educa\u021biei.<\/p>\n<p><strong><a style=\"font-style: inherit; font-weight: inherit;\" href=\"http:\/\/today.md\/\">today.md<\/a><\/strong><\/p>\n<p>&nbsp;<\/p>\n","protected":false},"excerpt":{"rendered":"<p>Posibilit\u0103\u021bile de extindere a finan\u021b\u0103rii\u00a0au fost discutate luni, \u00een timpul unei \u00eentrevederi, de c\u0103tre ministrul educa\u021biei Corina Fusu \u0219i oficiali ai B\u0103ncii Mondiale, afla\u021bi \u00eentr-o vizit\u0103 de lucru la Chi\u0219in\u0103u, \u00een perioada 13-17 iunie 2016. Potrivit unui comunicat emis de Ministerul Educa\u021biei, ministrul Corina Fusu a prezentat un raport succint al indicatorilor realiza\u021bi p\u00e2n\u0103 la [&hellip;]<\/p>\n","protected":false},"author":4,"featured_media":14625,"comment_status":"closed","ping_status":"closed","sticky":false,"template":"","format":"standard","meta":{"footnotes":""},"categories":[7],"tags":[],"class_list":["post-14624","post","type-post","status-publish","format-standard","has-post-thumbnail","hentry","category-economie"],"yoast_head":"<!-- This site is optimized with the Yoast SEO plugin v27.4 - https:\/\/yoast.com\/product\/yoast-seo-wordpress\/ -->\n<title>\u00cenv\u0103\u021b\u0103m\u00e2ntul din Republica Moldova ar putea fi finan\u021bat de c\u0103tre Banca Mondial\u0103 cu \u00eenc\u0103 15 milioane de dolari - BTV<\/title>\n<meta name=\"robots\" content=\"index, follow, max-snippet:-1, max-image-preview:large, max-video-preview:-1\" \/>\n<link rel=\"canonical\" href=\"https:\/\/www.btv.md\/ro\/invatamantul-din-republica-moldova-ar-putea-fi-finantat-de-catre-banca-mondiala-cu-inca-15-milioane-de-dolari\/\" \/>\n<meta property=\"og:locale\" content=\"ro_RO\" \/>\n<meta property=\"og:type\" content=\"article\" \/>\n<meta property=\"og:title\" content=\"\u00cenv\u0103\u021b\u0103m\u00e2ntul din Republica Moldova ar putea fi finan\u021bat de c\u0103tre Banca Mondial\u0103 cu \u00eenc\u0103 15 milioane de dolari - BTV\" \/>\n<meta property=\"og:description\" content=\"Posibilit\u0103\u021bile de extindere a finan\u021b\u0103rii\u00a0au fost discutate luni, \u00een timpul unei \u00eentrevederi, de c\u0103tre ministrul educa\u021biei Corina Fusu \u0219i oficiali ai B\u0103ncii Mondiale, afla\u021bi \u00eentr-o vizit\u0103 de lucru la Chi\u0219in\u0103u, \u00een perioada 13-17 iunie 2016. Potrivit unui comunicat emis de Ministerul Educa\u021biei, ministrul Corina Fusu a prezentat un raport succint al indicatorilor realiza\u021bi p\u00e2n\u0103 la [&hellip;]\" \/>\n<meta property=\"og:url\" content=\"https:\/\/www.btv.md\/ro\/invatamantul-din-republica-moldova-ar-putea-fi-finantat-de-catre-banca-mondiala-cu-inca-15-milioane-de-dolari\/\" \/>\n<meta property=\"og:site_name\" content=\"BTV\" \/>\n<meta property=\"article:publisher\" content=\"https:\/\/www.facebook.com\/btvmoldova\/\" \/>\n<meta property=\"article:published_time\" content=\"2016-06-14T08:56:52+00:00\" \/>\n<meta property=\"article:modified_time\" content=\"2016-06-14T08:57:04+00:00\" \/>\n<meta property=\"og:image\" content=\"https:\/\/www.btv.md\/wp-content\/uploads\/2016\/06\/image-13895.jpg\" \/>\n\t<meta property=\"og:image:width\" content=\"460\" \/>\n\t<meta property=\"og:image:height\" content=\"258\" \/>\n\t<meta property=\"og:image:type\" content=\"image\/jpeg\" \/>\n<meta name=\"author\" content=\"admin\" \/>\n<meta name=\"twitter:label1\" content=\"Scris de\" \/>\n\t<meta name=\"twitter:data1\" content=\"admin\" \/>\n\t<meta name=\"twitter:label2\" content=\"Timp estimat pentru citire\" \/>\n\t<meta name=\"twitter:data2\" content=\"2 minute\" \/>\n<script type=\"application\/ld+json\" class=\"yoast-schema-graph\">{\"@context\":\"https:\\\/\\\/schema.org\",\"@graph\":[{\"@type\":\"Article\",\"@id\":\"https:\\\/\\\/www.btv.md\\\/ro\\\/invatamantul-din-republica-moldova-ar-putea-fi-finantat-de-catre-banca-mondiala-cu-inca-15-milioane-de-dolari\\\/#article\",\"isPartOf\":{\"@id\":\"https:\\\/\\\/www.btv.md\\\/ro\\\/invatamantul-din-republica-moldova-ar-putea-fi-finantat-de-catre-banca-mondiala-cu-inca-15-milioane-de-dolari\\\/\"},\"author\":{\"name\":\"admin\",\"@id\":\"https:\\\/\\\/www.btv.md\\\/#\\\/schema\\\/person\\\/8fadce81561b3ce2c34c46dadc4ccbf2\"},\"headline\":\"\u00cenv\u0103\u021b\u0103m\u00e2ntul din Republica Moldova ar putea fi finan\u021bat de c\u0103tre Banca Mondial\u0103 cu \u00eenc\u0103 15 milioane de dolari\",\"datePublished\":\"2016-06-14T08:56:52+00:00\",\"dateModified\":\"2016-06-14T08:57:04+00:00\",\"mainEntityOfPage\":{\"@id\":\"https:\\\/\\\/www.btv.md\\\/ro\\\/invatamantul-din-republica-moldova-ar-putea-fi-finantat-de-catre-banca-mondiala-cu-inca-15-milioane-de-dolari\\\/\"},\"wordCount\":453,\"image\":{\"@id\":\"https:\\\/\\\/www.btv.md\\\/ro\\\/invatamantul-din-republica-moldova-ar-putea-fi-finantat-de-catre-banca-mondiala-cu-inca-15-milioane-de-dolari\\\/#primaryimage\"},\"thumbnailUrl\":\"https:\\\/\\\/www.btv.md\\\/wp-content\\\/uploads\\\/2016\\\/06\\\/image-13895.jpg\",\"articleSection\":[\"\u042d\u043a\u043e\u043d\u043e\u043c\u0438\u043a\u0430\"],\"inLanguage\":\"ro-RO\"},{\"@type\":\"WebPage\",\"@id\":\"https:\\\/\\\/www.btv.md\\\/ro\\\/invatamantul-din-republica-moldova-ar-putea-fi-finantat-de-catre-banca-mondiala-cu-inca-15-milioane-de-dolari\\\/\",\"url\":\"https:\\\/\\\/www.btv.md\\\/ro\\\/invatamantul-din-republica-moldova-ar-putea-fi-finantat-de-catre-banca-mondiala-cu-inca-15-milioane-de-dolari\\\/\",\"name\":\"\u00cenv\u0103\u021b\u0103m\u00e2ntul din Republica Moldova ar putea fi finan\u021bat de c\u0103tre Banca Mondial\u0103 cu \u00eenc\u0103 15 milioane de dolari - BTV\",\"isPartOf\":{\"@id\":\"https:\\\/\\\/www.btv.md\\\/#website\"},\"primaryImageOfPage\":{\"@id\":\"https:\\\/\\\/www.btv.md\\\/ro\\\/invatamantul-din-republica-moldova-ar-putea-fi-finantat-de-catre-banca-mondiala-cu-inca-15-milioane-de-dolari\\\/#primaryimage\"},\"image\":{\"@id\":\"https:\\\/\\\/www.btv.md\\\/ro\\\/invatamantul-din-republica-moldova-ar-putea-fi-finantat-de-catre-banca-mondiala-cu-inca-15-milioane-de-dolari\\\/#primaryimage\"},\"thumbnailUrl\":\"https:\\\/\\\/www.btv.md\\\/wp-content\\\/uploads\\\/2016\\\/06\\\/image-13895.jpg\",\"datePublished\":\"2016-06-14T08:56:52+00:00\",\"dateModified\":\"2016-06-14T08:57:04+00:00\",\"author\":{\"@id\":\"https:\\\/\\\/www.btv.md\\\/#\\\/schema\\\/person\\\/8fadce81561b3ce2c34c46dadc4ccbf2\"},\"inLanguage\":\"ro-RO\",\"potentialAction\":[{\"@type\":\"ReadAction\",\"target\":[\"https:\\\/\\\/www.btv.md\\\/ro\\\/invatamantul-din-republica-moldova-ar-putea-fi-finantat-de-catre-banca-mondiala-cu-inca-15-milioane-de-dolari\\\/\"]}]},{\"@type\":\"ImageObject\",\"inLanguage\":\"ro-RO\",\"@id\":\"https:\\\/\\\/www.btv.md\\\/ro\\\/invatamantul-din-republica-moldova-ar-putea-fi-finantat-de-catre-banca-mondiala-cu-inca-15-milioane-de-dolari\\\/#primaryimage\",\"url\":\"https:\\\/\\\/www.btv.md\\\/wp-content\\\/uploads\\\/2016\\\/06\\\/image-13895.jpg\",\"contentUrl\":\"https:\\\/\\\/www.btv.md\\\/wp-content\\\/uploads\\\/2016\\\/06\\\/image-13895.jpg\",\"width\":460,\"height\":258},{\"@type\":\"WebSite\",\"@id\":\"https:\\\/\\\/www.btv.md\\\/#website\",\"url\":\"https:\\\/\\\/www.btv.md\\\/\",\"name\":\"BTV\",\"description\":\"\u0411\u0435\u043b\u044c\u0446\u043a\u043e\u0435 \u0442\u0435\u043b\u0435\u0432\u0438\u0434\u0435\u043d\u0438\u0435\",\"potentialAction\":[{\"@type\":\"SearchAction\",\"target\":{\"@type\":\"EntryPoint\",\"urlTemplate\":\"https:\\\/\\\/www.btv.md\\\/?s={search_term_string}\"},\"query-input\":{\"@type\":\"PropertyValueSpecification\",\"valueRequired\":true,\"valueName\":\"search_term_string\"}}],\"inLanguage\":\"ro-RO\"},{\"@type\":\"Person\",\"@id\":\"https:\\\/\\\/www.btv.md\\\/#\\\/schema\\\/person\\\/8fadce81561b3ce2c34c46dadc4ccbf2\",\"name\":\"admin\"}]}<\/script>\n<!-- \/ Yoast SEO plugin. -->","yoast_head_json":{"title":"\u00cenv\u0103\u021b\u0103m\u00e2ntul din Republica Moldova ar putea fi finan\u021bat de c\u0103tre Banca Mondial\u0103 cu \u00eenc\u0103 15 milioane de dolari - BTV","robots":{"index":"index","follow":"follow","max-snippet":"max-snippet:-1","max-image-preview":"max-image-preview:large","max-video-preview":"max-video-preview:-1"},"canonical":"https:\/\/www.btv.md\/ro\/invatamantul-din-republica-moldova-ar-putea-fi-finantat-de-catre-banca-mondiala-cu-inca-15-milioane-de-dolari\/","og_locale":"ro_RO","og_type":"article","og_title":"\u00cenv\u0103\u021b\u0103m\u00e2ntul din Republica Moldova ar putea fi finan\u021bat de c\u0103tre Banca Mondial\u0103 cu \u00eenc\u0103 15 milioane de dolari - BTV","og_description":"Posibilit\u0103\u021bile de extindere a finan\u021b\u0103rii\u00a0au fost discutate luni, \u00een timpul unei \u00eentrevederi, de c\u0103tre ministrul educa\u021biei Corina Fusu \u0219i oficiali ai B\u0103ncii Mondiale, afla\u021bi \u00eentr-o vizit\u0103 de lucru la Chi\u0219in\u0103u, \u00een perioada 13-17 iunie 2016. Potrivit unui comunicat emis de Ministerul Educa\u021biei, ministrul Corina Fusu a prezentat un raport succint al indicatorilor realiza\u021bi p\u00e2n\u0103 la [&hellip;]","og_url":"https:\/\/www.btv.md\/ro\/invatamantul-din-republica-moldova-ar-putea-fi-finantat-de-catre-banca-mondiala-cu-inca-15-milioane-de-dolari\/","og_site_name":"BTV","article_publisher":"https:\/\/www.facebook.com\/btvmoldova\/","article_published_time":"2016-06-14T08:56:52+00:00","article_modified_time":"2016-06-14T08:57:04+00:00","og_image":[{"width":460,"height":258,"url":"https:\/\/www.btv.md\/wp-content\/uploads\/2016\/06\/image-13895.jpg","type":"image\/jpeg"}],"author":"admin","twitter_misc":{"Scris de":"admin","Timp estimat pentru citire":"2 minute"},"schema":{"@context":"https:\/\/schema.org","@graph":[{"@type":"Article","@id":"https:\/\/www.btv.md\/ro\/invatamantul-din-republica-moldova-ar-putea-fi-finantat-de-catre-banca-mondiala-cu-inca-15-milioane-de-dolari\/#article","isPartOf":{"@id":"https:\/\/www.btv.md\/ro\/invatamantul-din-republica-moldova-ar-putea-fi-finantat-de-catre-banca-mondiala-cu-inca-15-milioane-de-dolari\/"},"author":{"name":"admin","@id":"https:\/\/www.btv.md\/#\/schema\/person\/8fadce81561b3ce2c34c46dadc4ccbf2"},"headline":"\u00cenv\u0103\u021b\u0103m\u00e2ntul din Republica Moldova ar putea fi finan\u021bat de c\u0103tre Banca Mondial\u0103 cu \u00eenc\u0103 15 milioane de dolari","datePublished":"2016-06-14T08:56:52+00:00","dateModified":"2016-06-14T08:57:04+00:00","mainEntityOfPage":{"@id":"https:\/\/www.btv.md\/ro\/invatamantul-din-republica-moldova-ar-putea-fi-finantat-de-catre-banca-mondiala-cu-inca-15-milioane-de-dolari\/"},"wordCount":453,"image":{"@id":"https:\/\/www.btv.md\/ro\/invatamantul-din-republica-moldova-ar-putea-fi-finantat-de-catre-banca-mondiala-cu-inca-15-milioane-de-dolari\/#primaryimage"},"thumbnailUrl":"https:\/\/www.btv.md\/wp-content\/uploads\/2016\/06\/image-13895.jpg","articleSection":["\u042d\u043a\u043e\u043d\u043e\u043c\u0438\u043a\u0430"],"inLanguage":"ro-RO"},{"@type":"WebPage","@id":"https:\/\/www.btv.md\/ro\/invatamantul-din-republica-moldova-ar-putea-fi-finantat-de-catre-banca-mondiala-cu-inca-15-milioane-de-dolari\/","url":"https:\/\/www.btv.md\/ro\/invatamantul-din-republica-moldova-ar-putea-fi-finantat-de-catre-banca-mondiala-cu-inca-15-milioane-de-dolari\/","name":"\u00cenv\u0103\u021b\u0103m\u00e2ntul din Republica Moldova ar putea fi finan\u021bat de c\u0103tre Banca Mondial\u0103 cu \u00eenc\u0103 15 milioane de dolari - BTV","isPartOf":{"@id":"https:\/\/www.btv.md\/#website"},"primaryImageOfPage":{"@id":"https:\/\/www.btv.md\/ro\/invatamantul-din-republica-moldova-ar-putea-fi-finantat-de-catre-banca-mondiala-cu-inca-15-milioane-de-dolari\/#primaryimage"},"image":{"@id":"https:\/\/www.btv.md\/ro\/invatamantul-din-republica-moldova-ar-putea-fi-finantat-de-catre-banca-mondiala-cu-inca-15-milioane-de-dolari\/#primaryimage"},"thumbnailUrl":"https:\/\/www.btv.md\/wp-content\/uploads\/2016\/06\/image-13895.jpg","datePublished":"2016-06-14T08:56:52+00:00","dateModified":"2016-06-14T08:57:04+00:00","author":{"@id":"https:\/\/www.btv.md\/#\/schema\/person\/8fadce81561b3ce2c34c46dadc4ccbf2"},"inLanguage":"ro-RO","potentialAction":[{"@type":"ReadAction","target":["https:\/\/www.btv.md\/ro\/invatamantul-din-republica-moldova-ar-putea-fi-finantat-de-catre-banca-mondiala-cu-inca-15-milioane-de-dolari\/"]}]},{"@type":"ImageObject","inLanguage":"ro-RO","@id":"https:\/\/www.btv.md\/ro\/invatamantul-din-republica-moldova-ar-putea-fi-finantat-de-catre-banca-mondiala-cu-inca-15-milioane-de-dolari\/#primaryimage","url":"https:\/\/www.btv.md\/wp-content\/uploads\/2016\/06\/image-13895.jpg","contentUrl":"https:\/\/www.btv.md\/wp-content\/uploads\/2016\/06\/image-13895.jpg","width":460,"height":258},{"@type":"WebSite","@id":"https:\/\/www.btv.md\/#website","url":"https:\/\/www.btv.md\/","name":"BTV","description":"\u0411\u0435\u043b\u044c\u0446\u043a\u043e\u0435 \u0442\u0435\u043b\u0435\u0432\u0438\u0434\u0435\u043d\u0438\u0435","potentialAction":[{"@type":"SearchAction","target":{"@type":"EntryPoint","urlTemplate":"https:\/\/www.btv.md\/?s={search_term_string}"},"query-input":{"@type":"PropertyValueSpecification","valueRequired":true,"valueName":"search_term_string"}}],"inLanguage":"ro-RO"},{"@type":"Person","@id":"https:\/\/www.btv.md\/#\/schema\/person\/8fadce81561b3ce2c34c46dadc4ccbf2","name":"admin"}]}},"_links":{"self":[{"href":"https:\/\/www.btv.md\/ro\/wp-json\/wp\/v2\/posts\/14624","targetHints":{"allow":["GET"]}}],"collection":[{"href":"https:\/\/www.btv.md\/ro\/wp-json\/wp\/v2\/posts"}],"about":[{"href":"https:\/\/www.btv.md\/ro\/wp-json\/wp\/v2\/types\/post"}],"author":[{"embeddable":true,"href":"https:\/\/www.btv.md\/ro\/wp-json\/wp\/v2\/users\/4"}],"replies":[{"embeddable":true,"href":"https:\/\/www.btv.md\/ro\/wp-json\/wp\/v2\/comments?post=14624"}],"version-history":[{"count":0,"href":"https:\/\/www.btv.md\/ro\/wp-json\/wp\/v2\/posts\/14624\/revisions"}],"wp:featuredmedia":[{"embeddable":true,"href":"https:\/\/www.btv.md\/ro\/wp-json\/wp\/v2\/media\/14625"}],"wp:attachment":[{"href":"https:\/\/www.btv.md\/ro\/wp-json\/wp\/v2\/media?parent=14624"}],"wp:term":[{"taxonomy":"category","embeddable":true,"href":"https:\/\/www.btv.md\/ro\/wp-json\/wp\/v2\/categories?post=14624"},{"taxonomy":"post_tag","embeddable":true,"href":"https:\/\/www.btv.md\/ro\/wp-json\/wp\/v2\/tags?post=14624"}],"curies":[{"name":"wp","href":"https:\/\/api.w.org\/{rel}","templated":true}]}}