{"id":146714,"date":"2021-09-24T17:03:55","date_gmt":"2021-09-24T14:03:55","guid":{"rendered":"https:\/\/www.btv.md\/?p=146714"},"modified":"2021-09-24T17:03:55","modified_gmt":"2021-09-24T14:03:55","slug":"video-moldova-exclusa-de-ue-din-zona-verde-vor-putea-realiza-calatorii-doar-cetatenii-vaccinati","status":"publish","type":"post","link":"https:\/\/www.btv.md\/ro\/video-moldova-exclusa-de-ue-din-zona-verde-vor-putea-realiza-calatorii-doar-cetatenii-vaccinati\/","title":{"rendered":"Video\/\/ Moldova, exclus\u0103 de UE din zona verde. Vor putea realiza c\u0103l\u0103torii doar cet\u0103\u021benii vaccina\u021bi"},"content":{"rendered":"<p>Ve\u0219ti bune pentru moldovenii vaccina\u021bi. Datorit\u0103 certificatului Covid-19 ar putea c\u0103l\u0103tori \u00een \u021b\u0103rile Uniunii Europene. La data de 23 septembrie \u00een urma deciziei luate de c\u0103tre Consiliul Europei R. Moldova \u0219i Bosnia \u0219i Her\u021begovina au fost eliminate din lista \u021b\u0103rilor cet\u0103\u021benii c\u0103rora pot c\u0103l\u0103tori \u00een UE f\u0103r\u0103 restric\u021bii. Totu\u0219i c\u0103l\u0103toriile vor putea fi realizate\u00a0 de cet\u0103\u021benii care sunt vaccina\u021bi.<\/p>\n<div style=\"width: 640px;\" class=\"wp-video\"><video class=\"wp-video-shortcode\" id=\"video-146714-1\" width=\"640\" height=\"360\" preload=\"metadata\" controls=\"controls\"><source type=\"video\/mp4\" src=\"https:\/\/media.btv.md\/2021\/09\/24\/24.09%20restrictii%20calatorii_md.mp4?_=1\" \/><a href=\"https:\/\/media.btv.md\/2021\/09\/24\/24.09%20restrictii%20calatorii_md.mp4\">https:\/\/media.btv.md\/2021\/09\/24\/24.09%20restrictii%20calatorii_md.mp4<\/a><\/video><\/div>\n<p><em>\u201d\u00cen urma unei revizuiri efectuate \u00een temeiul recomand\u0103rii privind eliminarea treptat\u0103 a restric\u021biilor temporare asupra c\u0103l\u0103toriilor neesen\u021biale c\u0103tre UE, Consiliul a actualizat lista \u021b\u0103rilor, a regiunilor administrative speciale \u0219i a altor entit\u0103\u021bi \u0219i autorit\u0103\u021bi teritoriale \u00een privin\u021ba c\u0103rora restric\u021biile de c\u0103l\u0103torie ar trebui s\u0103 fie eliminate. \u00cen mod concret, Chile, Kuweitul \u0219i Rwanda au fost ad\u0103ugate pe list\u0103, iar Bosnia \u0219i Her\u021begovina \u0219i Republica Moldova au fost \u00eenl\u0103turate de pe list\u0103.<\/em><\/p>\n<p><em>C\u0103l\u0103toriile neesen\u021biale c\u0103tre UE din \u021b\u0103ri sau entit\u0103\u021bi care nu sunt enumerate \u00een anexa 1 fac obiectul unei restric\u021bii temporare de c\u0103l\u0103torie. Acest lucru nu aduce atingere posibilit\u0103\u021bii statelor membre de a ridica restric\u021bia temporar\u0103 asupra c\u0103l\u0103toriilor neesen\u021biale c\u0103tre UE pentru c\u0103l\u0103torii vaccina\u021bi complet.<\/em><\/p>\n<p><em>Astfel cum se prevede \u00een recomandarea Consiliului, aceast\u0103 list\u0103 va continua s\u0103 fie revizuit\u0103 o dat\u0103 la dou\u0103 s\u0103pt\u0103m\u00e2ni \u0219i, dac\u0103 este cazul, va fi actualizat\u0103\u201d<\/em>, se arat\u0103 \u00een comunicat.<\/p>\n<p>Men\u021bion\u0103m faptul c\u0103 de la \u00eenceputul pandemiei \u00een R.Moldova au fost \u00eenregistrate\u00a0 286.536 de persoane infectate cu COVID-19. \u00cen ultimele 24 de ore num\u0103rul de cazuri cre\u0219te alarmant. Actualmente \u00een \u021bar\u0103 avem 9000 cazuri active.<\/p>\n<p>&nbsp;<\/p>\n","protected":false},"excerpt":{"rendered":"<p>Ve\u0219ti bune pentru moldovenii vaccina\u021bi. Datorit\u0103 certificatului Covid-19 ar putea c\u0103l\u0103tori \u00een \u021b\u0103rile Uniunii Europene. La data de 23 septembrie \u00een urma deciziei luate de c\u0103tre Consiliul Europei R. Moldova \u0219i Bosnia \u0219i Her\u021begovina au fost eliminate din lista \u021b\u0103rilor cet\u0103\u021benii c\u0103rora pot c\u0103l\u0103tori \u00een UE f\u0103r\u0103 restric\u021bii. Totu\u0219i c\u0103l\u0103toriile vor putea fi realizate\u00a0 de [&hellip;]<\/p>\n","protected":false},"author":26,"featured_media":146715,"comment_status":"closed","ping_status":"closed","sticky":false,"template":"","format":"standard","meta":{"footnotes":""},"categories":[6349],"tags":[30429,30430,8667],"class_list":["post-146714","post","type-post","status-publish","format-standard","has-post-thumbnail","hentry","category-social","tag-din-zona-verde-cetatenii-nevaccinati-nu-vor-putea-calatori-in-tarile-ue","tag-vor-putea-realiza-calatorii-doar-cetatenii-vaccinati","tag-moldova-ro"],"yoast_head":"<!-- This site is optimized with the Yoast SEO plugin v27.4 - https:\/\/yoast.com\/product\/yoast-seo-wordpress\/ -->\n<title>Video\/\/ Moldova, exclus\u0103 de UE din zona verde. Vor putea realiza c\u0103l\u0103torii doar cet\u0103\u021benii vaccina\u021bi - BTV<\/title>\n<meta name=\"robots\" content=\"index, follow, max-snippet:-1, max-image-preview:large, max-video-preview:-1\" \/>\n<link rel=\"canonical\" href=\"https:\/\/www.btv.md\/ro\/amp\/video-moldova-exclusa-de-ue-din-zona-verde-vor-putea-realiza-calatorii-doar-cetatenii-vaccinati\/\" \/>\n<meta property=\"og:locale\" content=\"ro_RO\" \/>\n<meta property=\"og:type\" content=\"article\" \/>\n<meta property=\"og:title\" content=\"Video\/\/ Moldova, exclus\u0103 de UE din zona verde. Vor putea realiza c\u0103l\u0103torii doar cet\u0103\u021benii vaccina\u021bi - BTV\" \/>\n<meta property=\"og:description\" content=\"Ve\u0219ti bune pentru moldovenii vaccina\u021bi. Datorit\u0103 certificatului Covid-19 ar putea c\u0103l\u0103tori \u00een \u021b\u0103rile Uniunii Europene. La data de 23 septembrie \u00een urma deciziei luate de c\u0103tre Consiliul Europei R. Moldova \u0219i Bosnia \u0219i Her\u021begovina au fost eliminate din lista \u021b\u0103rilor cet\u0103\u021benii c\u0103rora pot c\u0103l\u0103tori \u00een UE f\u0103r\u0103 restric\u021bii. Totu\u0219i c\u0103l\u0103toriile vor putea fi realizate\u00a0 de [&hellip;]\" \/>\n<meta property=\"og:url\" content=\"https:\/\/www.btv.md\/ro\/amp\/video-moldova-exclusa-de-ue-din-zona-verde-vor-putea-realiza-calatorii-doar-cetatenii-vaccinati\/\" \/>\n<meta property=\"og:site_name\" content=\"BTV\" \/>\n<meta property=\"article:publisher\" content=\"https:\/\/www.facebook.com\/btvmoldova\/\" \/>\n<meta property=\"article:published_time\" content=\"2021-09-24T14:03:55+00:00\" \/>\n<meta property=\"og:image\" content=\"https:\/\/www.btv.md\/wp-content\/uploads\/2021\/09\/alerta-de-calatorie.jpg\" \/>\n\t<meta property=\"og:image:width\" content=\"1201\" \/>\n\t<meta property=\"og:image:height\" content=\"800\" \/>\n\t<meta property=\"og:image:type\" content=\"image\/jpeg\" \/>\n<meta name=\"author\" content=\"Victoria Ursu\" \/>\n<meta name=\"twitter:label1\" content=\"Scris de\" \/>\n\t<meta name=\"twitter:data1\" content=\"Victoria Ursu\" \/>\n\t<meta name=\"twitter:label2\" content=\"Timp estimat pentru citire\" \/>\n\t<meta name=\"twitter:data2\" content=\"2 minute\" \/>\n<script type=\"application\/ld+json\" class=\"yoast-schema-graph\">{\"@context\":\"https:\\\/\\\/schema.org\",\"@graph\":[{\"@type\":\"Article\",\"@id\":\"https:\\\/\\\/www.btv.md\\\/ro\\\/amp\\\/video-moldova-exclusa-de-ue-din-zona-verde-vor-putea-realiza-calatorii-doar-cetatenii-vaccinati\\\/#article\",\"isPartOf\":{\"@id\":\"https:\\\/\\\/www.btv.md\\\/ro\\\/amp\\\/video-moldova-exclusa-de-ue-din-zona-verde-vor-putea-realiza-calatorii-doar-cetatenii-vaccinati\\\/\"},\"author\":{\"name\":\"Victoria Ursu\",\"@id\":\"https:\\\/\\\/www.btv.md\\\/#\\\/schema\\\/person\\\/e4b592cd4d0aac4a25b0ac526c4c341f\"},\"headline\":\"Video\\\/\\\/ Moldova, exclus\u0103 de UE din zona verde. Vor putea realiza c\u0103l\u0103torii doar cet\u0103\u021benii vaccina\u021bi\",\"datePublished\":\"2021-09-24T14:03:55+00:00\",\"mainEntityOfPage\":{\"@id\":\"https:\\\/\\\/www.btv.md\\\/ro\\\/amp\\\/video-moldova-exclusa-de-ue-din-zona-verde-vor-putea-realiza-calatorii-doar-cetatenii-vaccinati\\\/\"},\"wordCount\":320,\"image\":{\"@id\":\"https:\\\/\\\/www.btv.md\\\/ro\\\/amp\\\/video-moldova-exclusa-de-ue-din-zona-verde-vor-putea-realiza-calatorii-doar-cetatenii-vaccinati\\\/#primaryimage\"},\"thumbnailUrl\":\"https:\\\/\\\/www.btv.md\\\/wp-content\\\/uploads\\\/2021\\\/09\\\/alerta-de-calatorie.jpg\",\"keywords\":[\"din zona verde. Cet\u0103\u021benii nevaccina\u021bi nu vor putea c\u0103l\u0103tori \u00een \u021b\u0103rile UE\",\"Vor putea realiza c\u0103l\u0103torii doar cet\u0103\u021benii vaccina\u021bi\",\"\u041c\u043e\u043b\u0434\u043e\u0432\u0430\"],\"articleSection\":[\"Social\"],\"inLanguage\":\"ro-RO\"},{\"@type\":\"WebPage\",\"@id\":\"https:\\\/\\\/www.btv.md\\\/ro\\\/amp\\\/video-moldova-exclusa-de-ue-din-zona-verde-vor-putea-realiza-calatorii-doar-cetatenii-vaccinati\\\/\",\"url\":\"https:\\\/\\\/www.btv.md\\\/ro\\\/amp\\\/video-moldova-exclusa-de-ue-din-zona-verde-vor-putea-realiza-calatorii-doar-cetatenii-vaccinati\\\/\",\"name\":\"Video\\\/\\\/ Moldova, exclus\u0103 de UE din zona verde. Vor putea realiza c\u0103l\u0103torii doar cet\u0103\u021benii vaccina\u021bi - BTV\",\"isPartOf\":{\"@id\":\"https:\\\/\\\/www.btv.md\\\/#website\"},\"primaryImageOfPage\":{\"@id\":\"https:\\\/\\\/www.btv.md\\\/ro\\\/amp\\\/video-moldova-exclusa-de-ue-din-zona-verde-vor-putea-realiza-calatorii-doar-cetatenii-vaccinati\\\/#primaryimage\"},\"image\":{\"@id\":\"https:\\\/\\\/www.btv.md\\\/ro\\\/amp\\\/video-moldova-exclusa-de-ue-din-zona-verde-vor-putea-realiza-calatorii-doar-cetatenii-vaccinati\\\/#primaryimage\"},\"thumbnailUrl\":\"https:\\\/\\\/www.btv.md\\\/wp-content\\\/uploads\\\/2021\\\/09\\\/alerta-de-calatorie.jpg\",\"datePublished\":\"2021-09-24T14:03:55+00:00\",\"author\":{\"@id\":\"https:\\\/\\\/www.btv.md\\\/#\\\/schema\\\/person\\\/e4b592cd4d0aac4a25b0ac526c4c341f\"},\"inLanguage\":\"ro-RO\",\"potentialAction\":[{\"@type\":\"ReadAction\",\"target\":[\"https:\\\/\\\/www.btv.md\\\/ro\\\/amp\\\/video-moldova-exclusa-de-ue-din-zona-verde-vor-putea-realiza-calatorii-doar-cetatenii-vaccinati\\\/\"]}]},{\"@type\":\"ImageObject\",\"inLanguage\":\"ro-RO\",\"@id\":\"https:\\\/\\\/www.btv.md\\\/ro\\\/amp\\\/video-moldova-exclusa-de-ue-din-zona-verde-vor-putea-realiza-calatorii-doar-cetatenii-vaccinati\\\/#primaryimage\",\"url\":\"https:\\\/\\\/www.btv.md\\\/wp-content\\\/uploads\\\/2021\\\/09\\\/alerta-de-calatorie.jpg\",\"contentUrl\":\"https:\\\/\\\/www.btv.md\\\/wp-content\\\/uploads\\\/2021\\\/09\\\/alerta-de-calatorie.jpg\",\"width\":1201,\"height\":800,\"caption\":\"Foto: deschide.md\"},{\"@type\":\"WebSite\",\"@id\":\"https:\\\/\\\/www.btv.md\\\/#website\",\"url\":\"https:\\\/\\\/www.btv.md\\\/\",\"name\":\"BTV\",\"description\":\"\u0411\u0435\u043b\u044c\u0446\u043a\u043e\u0435 \u0442\u0435\u043b\u0435\u0432\u0438\u0434\u0435\u043d\u0438\u0435\",\"potentialAction\":[{\"@type\":\"SearchAction\",\"target\":{\"@type\":\"EntryPoint\",\"urlTemplate\":\"https:\\\/\\\/www.btv.md\\\/?s={search_term_string}\"},\"query-input\":{\"@type\":\"PropertyValueSpecification\",\"valueRequired\":true,\"valueName\":\"search_term_string\"}}],\"inLanguage\":\"ro-RO\"},{\"@type\":\"Person\",\"@id\":\"https:\\\/\\\/www.btv.md\\\/#\\\/schema\\\/person\\\/e4b592cd4d0aac4a25b0ac526c4c341f\",\"name\":\"Victoria Ursu\"}]}<\/script>\n<!-- \/ Yoast SEO plugin. -->","yoast_head_json":{"title":"Video\/\/ Moldova, exclus\u0103 de UE din zona verde. Vor putea realiza c\u0103l\u0103torii doar cet\u0103\u021benii vaccina\u021bi - BTV","robots":{"index":"index","follow":"follow","max-snippet":"max-snippet:-1","max-image-preview":"max-image-preview:large","max-video-preview":"max-video-preview:-1"},"canonical":"https:\/\/www.btv.md\/ro\/amp\/video-moldova-exclusa-de-ue-din-zona-verde-vor-putea-realiza-calatorii-doar-cetatenii-vaccinati\/","og_locale":"ro_RO","og_type":"article","og_title":"Video\/\/ Moldova, exclus\u0103 de UE din zona verde. Vor putea realiza c\u0103l\u0103torii doar cet\u0103\u021benii vaccina\u021bi - BTV","og_description":"Ve\u0219ti bune pentru moldovenii vaccina\u021bi. Datorit\u0103 certificatului Covid-19 ar putea c\u0103l\u0103tori \u00een \u021b\u0103rile Uniunii Europene. La data de 23 septembrie \u00een urma deciziei luate de c\u0103tre Consiliul Europei R. Moldova \u0219i Bosnia \u0219i Her\u021begovina au fost eliminate din lista \u021b\u0103rilor cet\u0103\u021benii c\u0103rora pot c\u0103l\u0103tori \u00een UE f\u0103r\u0103 restric\u021bii. Totu\u0219i c\u0103l\u0103toriile vor putea fi realizate\u00a0 de [&hellip;]","og_url":"https:\/\/www.btv.md\/ro\/amp\/video-moldova-exclusa-de-ue-din-zona-verde-vor-putea-realiza-calatorii-doar-cetatenii-vaccinati\/","og_site_name":"BTV","article_publisher":"https:\/\/www.facebook.com\/btvmoldova\/","article_published_time":"2021-09-24T14:03:55+00:00","og_image":[{"width":1201,"height":800,"url":"https:\/\/www.btv.md\/wp-content\/uploads\/2021\/09\/alerta-de-calatorie.jpg","type":"image\/jpeg"}],"author":"Victoria Ursu","twitter_misc":{"Scris de":"Victoria Ursu","Timp estimat pentru citire":"2 minute"},"schema":{"@context":"https:\/\/schema.org","@graph":[{"@type":"Article","@id":"https:\/\/www.btv.md\/ro\/amp\/video-moldova-exclusa-de-ue-din-zona-verde-vor-putea-realiza-calatorii-doar-cetatenii-vaccinati\/#article","isPartOf":{"@id":"https:\/\/www.btv.md\/ro\/amp\/video-moldova-exclusa-de-ue-din-zona-verde-vor-putea-realiza-calatorii-doar-cetatenii-vaccinati\/"},"author":{"name":"Victoria Ursu","@id":"https:\/\/www.btv.md\/#\/schema\/person\/e4b592cd4d0aac4a25b0ac526c4c341f"},"headline":"Video\/\/ Moldova, exclus\u0103 de UE din zona verde. Vor putea realiza c\u0103l\u0103torii doar cet\u0103\u021benii vaccina\u021bi","datePublished":"2021-09-24T14:03:55+00:00","mainEntityOfPage":{"@id":"https:\/\/www.btv.md\/ro\/amp\/video-moldova-exclusa-de-ue-din-zona-verde-vor-putea-realiza-calatorii-doar-cetatenii-vaccinati\/"},"wordCount":320,"image":{"@id":"https:\/\/www.btv.md\/ro\/amp\/video-moldova-exclusa-de-ue-din-zona-verde-vor-putea-realiza-calatorii-doar-cetatenii-vaccinati\/#primaryimage"},"thumbnailUrl":"https:\/\/www.btv.md\/wp-content\/uploads\/2021\/09\/alerta-de-calatorie.jpg","keywords":["din zona verde. Cet\u0103\u021benii nevaccina\u021bi nu vor putea c\u0103l\u0103tori \u00een \u021b\u0103rile UE","Vor putea realiza c\u0103l\u0103torii doar cet\u0103\u021benii vaccina\u021bi","\u041c\u043e\u043b\u0434\u043e\u0432\u0430"],"articleSection":["Social"],"inLanguage":"ro-RO"},{"@type":"WebPage","@id":"https:\/\/www.btv.md\/ro\/amp\/video-moldova-exclusa-de-ue-din-zona-verde-vor-putea-realiza-calatorii-doar-cetatenii-vaccinati\/","url":"https:\/\/www.btv.md\/ro\/amp\/video-moldova-exclusa-de-ue-din-zona-verde-vor-putea-realiza-calatorii-doar-cetatenii-vaccinati\/","name":"Video\/\/ Moldova, exclus\u0103 de UE din zona verde. Vor putea realiza c\u0103l\u0103torii doar cet\u0103\u021benii vaccina\u021bi - BTV","isPartOf":{"@id":"https:\/\/www.btv.md\/#website"},"primaryImageOfPage":{"@id":"https:\/\/www.btv.md\/ro\/amp\/video-moldova-exclusa-de-ue-din-zona-verde-vor-putea-realiza-calatorii-doar-cetatenii-vaccinati\/#primaryimage"},"image":{"@id":"https:\/\/www.btv.md\/ro\/amp\/video-moldova-exclusa-de-ue-din-zona-verde-vor-putea-realiza-calatorii-doar-cetatenii-vaccinati\/#primaryimage"},"thumbnailUrl":"https:\/\/www.btv.md\/wp-content\/uploads\/2021\/09\/alerta-de-calatorie.jpg","datePublished":"2021-09-24T14:03:55+00:00","author":{"@id":"https:\/\/www.btv.md\/#\/schema\/person\/e4b592cd4d0aac4a25b0ac526c4c341f"},"inLanguage":"ro-RO","potentialAction":[{"@type":"ReadAction","target":["https:\/\/www.btv.md\/ro\/amp\/video-moldova-exclusa-de-ue-din-zona-verde-vor-putea-realiza-calatorii-doar-cetatenii-vaccinati\/"]}]},{"@type":"ImageObject","inLanguage":"ro-RO","@id":"https:\/\/www.btv.md\/ro\/amp\/video-moldova-exclusa-de-ue-din-zona-verde-vor-putea-realiza-calatorii-doar-cetatenii-vaccinati\/#primaryimage","url":"https:\/\/www.btv.md\/wp-content\/uploads\/2021\/09\/alerta-de-calatorie.jpg","contentUrl":"https:\/\/www.btv.md\/wp-content\/uploads\/2021\/09\/alerta-de-calatorie.jpg","width":1201,"height":800,"caption":"Foto: deschide.md"},{"@type":"WebSite","@id":"https:\/\/www.btv.md\/#website","url":"https:\/\/www.btv.md\/","name":"BTV","description":"\u0411\u0435\u043b\u044c\u0446\u043a\u043e\u0435 \u0442\u0435\u043b\u0435\u0432\u0438\u0434\u0435\u043d\u0438\u0435","potentialAction":[{"@type":"SearchAction","target":{"@type":"EntryPoint","urlTemplate":"https:\/\/www.btv.md\/?s={search_term_string}"},"query-input":{"@type":"PropertyValueSpecification","valueRequired":true,"valueName":"search_term_string"}}],"inLanguage":"ro-RO"},{"@type":"Person","@id":"https:\/\/www.btv.md\/#\/schema\/person\/e4b592cd4d0aac4a25b0ac526c4c341f","name":"Victoria Ursu"}]}},"_links":{"self":[{"href":"https:\/\/www.btv.md\/ro\/wp-json\/wp\/v2\/posts\/146714","targetHints":{"allow":["GET"]}}],"collection":[{"href":"https:\/\/www.btv.md\/ro\/wp-json\/wp\/v2\/posts"}],"about":[{"href":"https:\/\/www.btv.md\/ro\/wp-json\/wp\/v2\/types\/post"}],"author":[{"embeddable":true,"href":"https:\/\/www.btv.md\/ro\/wp-json\/wp\/v2\/users\/26"}],"replies":[{"embeddable":true,"href":"https:\/\/www.btv.md\/ro\/wp-json\/wp\/v2\/comments?post=146714"}],"version-history":[{"count":0,"href":"https:\/\/www.btv.md\/ro\/wp-json\/wp\/v2\/posts\/146714\/revisions"}],"wp:featuredmedia":[{"embeddable":true,"href":"https:\/\/www.btv.md\/ro\/wp-json\/wp\/v2\/media\/146715"}],"wp:attachment":[{"href":"https:\/\/www.btv.md\/ro\/wp-json\/wp\/v2\/media?parent=146714"}],"wp:term":[{"taxonomy":"category","embeddable":true,"href":"https:\/\/www.btv.md\/ro\/wp-json\/wp\/v2\/categories?post=146714"},{"taxonomy":"post_tag","embeddable":true,"href":"https:\/\/www.btv.md\/ro\/wp-json\/wp\/v2\/tags?post=146714"}],"curies":[{"name":"wp","href":"https:\/\/api.w.org\/{rel}","templated":true}]}}