{"id":146719,"date":"2021-09-24T17:47:10","date_gmt":"2021-09-24T14:47:10","guid":{"rendered":"https:\/\/www.btv.md\/?p=146719"},"modified":"2021-09-24T18:17:17","modified_gmt":"2021-09-24T15:17:17","slug":"elevii-dardaie-de-frig-in-scoli-din-cauza-temperaturilor-reci-3-institutii-din-balti-au-redus-durata-lectiilor","status":"publish","type":"post","link":"https:\/\/www.btv.md\/ro\/elevii-dardaie-de-frig-in-scoli-din-cauza-temperaturilor-reci-3-institutii-din-balti-au-redus-durata-lectiilor\/","title":{"rendered":"Video\/\/ Elevii d\u00e2rd\u00e2ie de frig \u00een \u0219coli. Din cauza temperaturilor reci, 3 institu\u021bii din B\u0103l\u021bi au redus durata lec\u021biilor"},"content":{"rendered":"<p>Decizia a fost luat\u0103 de administra\u021biile \u0219colilor \u00een comun cu direc\u021bia de \u00eenv\u0103\u021b\u0103m\u00e2nt a prim\u0103riei. P\u0103rin\u021bii au fost informa\u021bi despre noul regim \u00een care studiaz\u0103 elevii. Totodat\u0103 p\u0103rin\u021bii ar trebui s\u0103 anun\u021be profesorii, dac\u0103 copilul nu va merge la \u0219coal\u0103, pentru c\u0103 greu suport\u0103 frigul din \u00eenc\u0103peri sau prezint\u0103 simptome de r\u0103ceal\u0103.<\/p>\n<div style=\"width: 640px;\" class=\"wp-video\"><video class=\"wp-video-shortcode\" id=\"video-146719-1\" width=\"640\" height=\"360\" preload=\"metadata\" controls=\"controls\"><source type=\"video\/mp4\" src=\"https:\/\/media.btv.md\/2021\/09\/24\/24.09%20holod%20skoli_md.mp4?_=1\" \/><a href=\"https:\/\/media.btv.md\/2021\/09\/24\/24.09%20holod%20skoli_md.mp4\">https:\/\/media.btv.md\/2021\/09\/24\/24.09%20holod%20skoli_md.mp4<\/a><\/video><\/div>\n<p>&nbsp;<\/p>\n<p>Actualmente trei institu\u021bii din B\u0103l\u021bi activeaz\u0103 cu un program prescurtat. Temperatura medie \u00een s\u0103lile de curs ar trebui s\u0103 fie cuprins\u0103 \u00eentre 18 \u0219i 20 de grade Celsius, iar \u00een s\u0103lile de sport trebuie s\u0103 se men\u021bin\u0103 15 \u2013 17 grade Celsius. \u00cen cele trei institu\u021bii, temperatura medie este de cel mult 17 grade. Prin urmare s-a decis reducerea duratei unei lec\u021bii p\u00e2n\u0103 la 35 de minute.<\/p>\n<p>\u201eNimeni nu interzice folosirea dispozitivelor de \u00eenc\u0103lzire, dar, din motive de siguran\u021b\u0103, acest lucru nu este recomandat. Astfel de m\u0103suri sunt luate \u00eenainte de \u00eenceperea sezonului de \u00eenc\u0103lzire &#8222;, a informat Direc\u021bia de \u00cenv\u0103\u021b\u0103m\u00e2nt.<\/p>\n","protected":false},"excerpt":{"rendered":"<p>Decizia a fost luat\u0103 de administra\u021biile \u0219colilor \u00een comun cu direc\u021bia de \u00eenv\u0103\u021b\u0103m\u00e2nt a prim\u0103riei. P\u0103rin\u021bii au fost informa\u021bi despre noul regim \u00een care studiaz\u0103 elevii. Totodat\u0103 p\u0103rin\u021bii ar trebui s\u0103 anun\u021be profesorii, dac\u0103 copilul nu va merge la \u0219coal\u0103, pentru c\u0103 greu suport\u0103 frigul din \u00eenc\u0103peri sau prezint\u0103 simptome de r\u0103ceal\u0103. https:\/\/media.btv.md\/2021\/09\/24\/24.09%20holod%20skoli_md.mp4 &nbsp; Actualmente [&hellip;]<\/p>\n","protected":false},"author":26,"featured_media":146720,"comment_status":"closed","ping_status":"closed","sticky":false,"template":"","format":"standard","meta":{"footnotes":""},"categories":[6353,6349],"tags":[30433,30434,30432,30431],"class_list":["post-146719","post","type-post","status-publish","format-standard","has-post-thumbnail","hentry","category-oras","category-social","tag-3-institutii-din-balti","tag-au-redus-durata-lectiilor","tag-din-cauza-temperaturilor-reci","tag-elevii-dardaie-de-frig-in-scoli"],"yoast_head":"<!-- This site is optimized with the Yoast SEO plugin v27.4 - https:\/\/yoast.com\/product\/yoast-seo-wordpress\/ -->\n<title>Video\/\/ Elevii d\u00e2rd\u00e2ie de frig \u00een \u0219coli. Din cauza temperaturilor reci, 3 institu\u021bii din B\u0103l\u021bi au redus durata lec\u021biilor - BTV<\/title>\n<meta name=\"robots\" content=\"index, follow, max-snippet:-1, max-image-preview:large, max-video-preview:-1\" \/>\n<link rel=\"canonical\" href=\"https:\/\/www.btv.md\/ro\/elevii-dardaie-de-frig-in-scoli-din-cauza-temperaturilor-reci-3-institutii-din-balti-au-redus-durata-lectiilor\/\" \/>\n<meta property=\"og:locale\" content=\"ro_RO\" \/>\n<meta property=\"og:type\" content=\"article\" \/>\n<meta property=\"og:title\" content=\"Video\/\/ Elevii d\u00e2rd\u00e2ie de frig \u00een \u0219coli. Din cauza temperaturilor reci, 3 institu\u021bii din B\u0103l\u021bi au redus durata lec\u021biilor - BTV\" \/>\n<meta property=\"og:description\" content=\"Decizia a fost luat\u0103 de administra\u021biile \u0219colilor \u00een comun cu direc\u021bia de \u00eenv\u0103\u021b\u0103m\u00e2nt a prim\u0103riei. P\u0103rin\u021bii au fost informa\u021bi despre noul regim \u00een care studiaz\u0103 elevii. Totodat\u0103 p\u0103rin\u021bii ar trebui s\u0103 anun\u021be profesorii, dac\u0103 copilul nu va merge la \u0219coal\u0103, pentru c\u0103 greu suport\u0103 frigul din \u00eenc\u0103peri sau prezint\u0103 simptome de r\u0103ceal\u0103. https:\/\/media.btv.md\/2021\/09\/24\/24.09%20holod%20skoli_md.mp4 &nbsp; Actualmente [&hellip;]\" \/>\n<meta property=\"og:url\" content=\"https:\/\/www.btv.md\/ro\/elevii-dardaie-de-frig-in-scoli-din-cauza-temperaturilor-reci-3-institutii-din-balti-au-redus-durata-lectiilor\/\" \/>\n<meta property=\"og:site_name\" content=\"BTV\" \/>\n<meta property=\"article:publisher\" content=\"https:\/\/www.facebook.com\/btvmoldova\/\" \/>\n<meta property=\"article:published_time\" content=\"2021-09-24T14:47:10+00:00\" \/>\n<meta property=\"article:modified_time\" content=\"2021-09-24T15:17:17+00:00\" \/>\n<meta property=\"og:image\" content=\"https:\/\/www.btv.md\/wp-content\/uploads\/2021\/09\/ingheata-de-frig.jpg\" \/>\n\t<meta property=\"og:image:width\" content=\"1024\" \/>\n\t<meta property=\"og:image:height\" content=\"681\" \/>\n\t<meta property=\"og:image:type\" content=\"image\/jpeg\" \/>\n<meta name=\"author\" content=\"Victoria Ursu\" \/>\n<meta name=\"twitter:label1\" content=\"Scris de\" \/>\n\t<meta name=\"twitter:data1\" content=\"Victoria Ursu\" \/>\n\t<meta name=\"twitter:label2\" content=\"Timp estimat pentru citire\" \/>\n\t<meta name=\"twitter:data2\" content=\"1 minut\" \/>\n<script type=\"application\/ld+json\" class=\"yoast-schema-graph\">{\"@context\":\"https:\\\/\\\/schema.org\",\"@graph\":[{\"@type\":\"Article\",\"@id\":\"https:\\\/\\\/www.btv.md\\\/ro\\\/elevii-dardaie-de-frig-in-scoli-din-cauza-temperaturilor-reci-3-institutii-din-balti-au-redus-durata-lectiilor\\\/#article\",\"isPartOf\":{\"@id\":\"https:\\\/\\\/www.btv.md\\\/ro\\\/elevii-dardaie-de-frig-in-scoli-din-cauza-temperaturilor-reci-3-institutii-din-balti-au-redus-durata-lectiilor\\\/\"},\"author\":{\"name\":\"Victoria Ursu\",\"@id\":\"https:\\\/\\\/www.btv.md\\\/#\\\/schema\\\/person\\\/e4b592cd4d0aac4a25b0ac526c4c341f\"},\"headline\":\"Video\\\/\\\/ Elevii d\u00e2rd\u00e2ie de frig \u00een \u0219coli. Din cauza temperaturilor reci, 3 institu\u021bii din B\u0103l\u021bi au redus durata lec\u021biilor\",\"datePublished\":\"2021-09-24T14:47:10+00:00\",\"dateModified\":\"2021-09-24T15:17:17+00:00\",\"mainEntityOfPage\":{\"@id\":\"https:\\\/\\\/www.btv.md\\\/ro\\\/elevii-dardaie-de-frig-in-scoli-din-cauza-temperaturilor-reci-3-institutii-din-balti-au-redus-durata-lectiilor\\\/\"},\"wordCount\":206,\"image\":{\"@id\":\"https:\\\/\\\/www.btv.md\\\/ro\\\/elevii-dardaie-de-frig-in-scoli-din-cauza-temperaturilor-reci-3-institutii-din-balti-au-redus-durata-lectiilor\\\/#primaryimage\"},\"thumbnailUrl\":\"https:\\\/\\\/www.btv.md\\\/wp-content\\\/uploads\\\/2021\\\/09\\\/ingheata-de-frig.jpg\",\"keywords\":[\"3 institu\u021bii din B\u0103l\u021bi\",\"au redus durata lec\u021biilor\",\"Din cauza temperaturilor reci\",\"Elevii d\u00e2rd\u00e2ie de frig \u00een \u0219coli.\"],\"articleSection\":[\"Ora\u0219\",\"Social\"],\"inLanguage\":\"ro-RO\"},{\"@type\":\"WebPage\",\"@id\":\"https:\\\/\\\/www.btv.md\\\/ro\\\/elevii-dardaie-de-frig-in-scoli-din-cauza-temperaturilor-reci-3-institutii-din-balti-au-redus-durata-lectiilor\\\/\",\"url\":\"https:\\\/\\\/www.btv.md\\\/ro\\\/elevii-dardaie-de-frig-in-scoli-din-cauza-temperaturilor-reci-3-institutii-din-balti-au-redus-durata-lectiilor\\\/\",\"name\":\"Video\\\/\\\/ Elevii d\u00e2rd\u00e2ie de frig \u00een \u0219coli. Din cauza temperaturilor reci, 3 institu\u021bii din B\u0103l\u021bi au redus durata lec\u021biilor - BTV\",\"isPartOf\":{\"@id\":\"https:\\\/\\\/www.btv.md\\\/#website\"},\"primaryImageOfPage\":{\"@id\":\"https:\\\/\\\/www.btv.md\\\/ro\\\/elevii-dardaie-de-frig-in-scoli-din-cauza-temperaturilor-reci-3-institutii-din-balti-au-redus-durata-lectiilor\\\/#primaryimage\"},\"image\":{\"@id\":\"https:\\\/\\\/www.btv.md\\\/ro\\\/elevii-dardaie-de-frig-in-scoli-din-cauza-temperaturilor-reci-3-institutii-din-balti-au-redus-durata-lectiilor\\\/#primaryimage\"},\"thumbnailUrl\":\"https:\\\/\\\/www.btv.md\\\/wp-content\\\/uploads\\\/2021\\\/09\\\/ingheata-de-frig.jpg\",\"datePublished\":\"2021-09-24T14:47:10+00:00\",\"dateModified\":\"2021-09-24T15:17:17+00:00\",\"author\":{\"@id\":\"https:\\\/\\\/www.btv.md\\\/#\\\/schema\\\/person\\\/e4b592cd4d0aac4a25b0ac526c4c341f\"},\"inLanguage\":\"ro-RO\",\"potentialAction\":[{\"@type\":\"ReadAction\",\"target\":[\"https:\\\/\\\/www.btv.md\\\/ro\\\/elevii-dardaie-de-frig-in-scoli-din-cauza-temperaturilor-reci-3-institutii-din-balti-au-redus-durata-lectiilor\\\/\"]}]},{\"@type\":\"ImageObject\",\"inLanguage\":\"ro-RO\",\"@id\":\"https:\\\/\\\/www.btv.md\\\/ro\\\/elevii-dardaie-de-frig-in-scoli-din-cauza-temperaturilor-reci-3-institutii-din-balti-au-redus-durata-lectiilor\\\/#primaryimage\",\"url\":\"https:\\\/\\\/www.btv.md\\\/wp-content\\\/uploads\\\/2021\\\/09\\\/ingheata-de-frig.jpg\",\"contentUrl\":\"https:\\\/\\\/www.btv.md\\\/wp-content\\\/uploads\\\/2021\\\/09\\\/ingheata-de-frig.jpg\",\"width\":1024,\"height\":681,\"caption\":\"Foto: Gazeta de Sud\"},{\"@type\":\"WebSite\",\"@id\":\"https:\\\/\\\/www.btv.md\\\/#website\",\"url\":\"https:\\\/\\\/www.btv.md\\\/\",\"name\":\"BTV\",\"description\":\"\u0411\u0435\u043b\u044c\u0446\u043a\u043e\u0435 \u0442\u0435\u043b\u0435\u0432\u0438\u0434\u0435\u043d\u0438\u0435\",\"potentialAction\":[{\"@type\":\"SearchAction\",\"target\":{\"@type\":\"EntryPoint\",\"urlTemplate\":\"https:\\\/\\\/www.btv.md\\\/?s={search_term_string}\"},\"query-input\":{\"@type\":\"PropertyValueSpecification\",\"valueRequired\":true,\"valueName\":\"search_term_string\"}}],\"inLanguage\":\"ro-RO\"},{\"@type\":\"Person\",\"@id\":\"https:\\\/\\\/www.btv.md\\\/#\\\/schema\\\/person\\\/e4b592cd4d0aac4a25b0ac526c4c341f\",\"name\":\"Victoria Ursu\"}]}<\/script>\n<!-- \/ Yoast SEO plugin. -->","yoast_head_json":{"title":"Video\/\/ Elevii d\u00e2rd\u00e2ie de frig \u00een \u0219coli. Din cauza temperaturilor reci, 3 institu\u021bii din B\u0103l\u021bi au redus durata lec\u021biilor - BTV","robots":{"index":"index","follow":"follow","max-snippet":"max-snippet:-1","max-image-preview":"max-image-preview:large","max-video-preview":"max-video-preview:-1"},"canonical":"https:\/\/www.btv.md\/ro\/elevii-dardaie-de-frig-in-scoli-din-cauza-temperaturilor-reci-3-institutii-din-balti-au-redus-durata-lectiilor\/","og_locale":"ro_RO","og_type":"article","og_title":"Video\/\/ Elevii d\u00e2rd\u00e2ie de frig \u00een \u0219coli. Din cauza temperaturilor reci, 3 institu\u021bii din B\u0103l\u021bi au redus durata lec\u021biilor - BTV","og_description":"Decizia a fost luat\u0103 de administra\u021biile \u0219colilor \u00een comun cu direc\u021bia de \u00eenv\u0103\u021b\u0103m\u00e2nt a prim\u0103riei. P\u0103rin\u021bii au fost informa\u021bi despre noul regim \u00een care studiaz\u0103 elevii. Totodat\u0103 p\u0103rin\u021bii ar trebui s\u0103 anun\u021be profesorii, dac\u0103 copilul nu va merge la \u0219coal\u0103, pentru c\u0103 greu suport\u0103 frigul din \u00eenc\u0103peri sau prezint\u0103 simptome de r\u0103ceal\u0103. https:\/\/media.btv.md\/2021\/09\/24\/24.09%20holod%20skoli_md.mp4 &nbsp; Actualmente [&hellip;]","og_url":"https:\/\/www.btv.md\/ro\/elevii-dardaie-de-frig-in-scoli-din-cauza-temperaturilor-reci-3-institutii-din-balti-au-redus-durata-lectiilor\/","og_site_name":"BTV","article_publisher":"https:\/\/www.facebook.com\/btvmoldova\/","article_published_time":"2021-09-24T14:47:10+00:00","article_modified_time":"2021-09-24T15:17:17+00:00","og_image":[{"width":1024,"height":681,"url":"https:\/\/www.btv.md\/wp-content\/uploads\/2021\/09\/ingheata-de-frig.jpg","type":"image\/jpeg"}],"author":"Victoria Ursu","twitter_misc":{"Scris de":"Victoria Ursu","Timp estimat pentru citire":"1 minut"},"schema":{"@context":"https:\/\/schema.org","@graph":[{"@type":"Article","@id":"https:\/\/www.btv.md\/ro\/elevii-dardaie-de-frig-in-scoli-din-cauza-temperaturilor-reci-3-institutii-din-balti-au-redus-durata-lectiilor\/#article","isPartOf":{"@id":"https:\/\/www.btv.md\/ro\/elevii-dardaie-de-frig-in-scoli-din-cauza-temperaturilor-reci-3-institutii-din-balti-au-redus-durata-lectiilor\/"},"author":{"name":"Victoria Ursu","@id":"https:\/\/www.btv.md\/#\/schema\/person\/e4b592cd4d0aac4a25b0ac526c4c341f"},"headline":"Video\/\/ Elevii d\u00e2rd\u00e2ie de frig \u00een \u0219coli. Din cauza temperaturilor reci, 3 institu\u021bii din B\u0103l\u021bi au redus durata lec\u021biilor","datePublished":"2021-09-24T14:47:10+00:00","dateModified":"2021-09-24T15:17:17+00:00","mainEntityOfPage":{"@id":"https:\/\/www.btv.md\/ro\/elevii-dardaie-de-frig-in-scoli-din-cauza-temperaturilor-reci-3-institutii-din-balti-au-redus-durata-lectiilor\/"},"wordCount":206,"image":{"@id":"https:\/\/www.btv.md\/ro\/elevii-dardaie-de-frig-in-scoli-din-cauza-temperaturilor-reci-3-institutii-din-balti-au-redus-durata-lectiilor\/#primaryimage"},"thumbnailUrl":"https:\/\/www.btv.md\/wp-content\/uploads\/2021\/09\/ingheata-de-frig.jpg","keywords":["3 institu\u021bii din B\u0103l\u021bi","au redus durata lec\u021biilor","Din cauza temperaturilor reci","Elevii d\u00e2rd\u00e2ie de frig \u00een \u0219coli."],"articleSection":["Ora\u0219","Social"],"inLanguage":"ro-RO"},{"@type":"WebPage","@id":"https:\/\/www.btv.md\/ro\/elevii-dardaie-de-frig-in-scoli-din-cauza-temperaturilor-reci-3-institutii-din-balti-au-redus-durata-lectiilor\/","url":"https:\/\/www.btv.md\/ro\/elevii-dardaie-de-frig-in-scoli-din-cauza-temperaturilor-reci-3-institutii-din-balti-au-redus-durata-lectiilor\/","name":"Video\/\/ Elevii d\u00e2rd\u00e2ie de frig \u00een \u0219coli. Din cauza temperaturilor reci, 3 institu\u021bii din B\u0103l\u021bi au redus durata lec\u021biilor - BTV","isPartOf":{"@id":"https:\/\/www.btv.md\/#website"},"primaryImageOfPage":{"@id":"https:\/\/www.btv.md\/ro\/elevii-dardaie-de-frig-in-scoli-din-cauza-temperaturilor-reci-3-institutii-din-balti-au-redus-durata-lectiilor\/#primaryimage"},"image":{"@id":"https:\/\/www.btv.md\/ro\/elevii-dardaie-de-frig-in-scoli-din-cauza-temperaturilor-reci-3-institutii-din-balti-au-redus-durata-lectiilor\/#primaryimage"},"thumbnailUrl":"https:\/\/www.btv.md\/wp-content\/uploads\/2021\/09\/ingheata-de-frig.jpg","datePublished":"2021-09-24T14:47:10+00:00","dateModified":"2021-09-24T15:17:17+00:00","author":{"@id":"https:\/\/www.btv.md\/#\/schema\/person\/e4b592cd4d0aac4a25b0ac526c4c341f"},"inLanguage":"ro-RO","potentialAction":[{"@type":"ReadAction","target":["https:\/\/www.btv.md\/ro\/elevii-dardaie-de-frig-in-scoli-din-cauza-temperaturilor-reci-3-institutii-din-balti-au-redus-durata-lectiilor\/"]}]},{"@type":"ImageObject","inLanguage":"ro-RO","@id":"https:\/\/www.btv.md\/ro\/elevii-dardaie-de-frig-in-scoli-din-cauza-temperaturilor-reci-3-institutii-din-balti-au-redus-durata-lectiilor\/#primaryimage","url":"https:\/\/www.btv.md\/wp-content\/uploads\/2021\/09\/ingheata-de-frig.jpg","contentUrl":"https:\/\/www.btv.md\/wp-content\/uploads\/2021\/09\/ingheata-de-frig.jpg","width":1024,"height":681,"caption":"Foto: Gazeta de Sud"},{"@type":"WebSite","@id":"https:\/\/www.btv.md\/#website","url":"https:\/\/www.btv.md\/","name":"BTV","description":"\u0411\u0435\u043b\u044c\u0446\u043a\u043e\u0435 \u0442\u0435\u043b\u0435\u0432\u0438\u0434\u0435\u043d\u0438\u0435","potentialAction":[{"@type":"SearchAction","target":{"@type":"EntryPoint","urlTemplate":"https:\/\/www.btv.md\/?s={search_term_string}"},"query-input":{"@type":"PropertyValueSpecification","valueRequired":true,"valueName":"search_term_string"}}],"inLanguage":"ro-RO"},{"@type":"Person","@id":"https:\/\/www.btv.md\/#\/schema\/person\/e4b592cd4d0aac4a25b0ac526c4c341f","name":"Victoria Ursu"}]}},"_links":{"self":[{"href":"https:\/\/www.btv.md\/ro\/wp-json\/wp\/v2\/posts\/146719","targetHints":{"allow":["GET"]}}],"collection":[{"href":"https:\/\/www.btv.md\/ro\/wp-json\/wp\/v2\/posts"}],"about":[{"href":"https:\/\/www.btv.md\/ro\/wp-json\/wp\/v2\/types\/post"}],"author":[{"embeddable":true,"href":"https:\/\/www.btv.md\/ro\/wp-json\/wp\/v2\/users\/26"}],"replies":[{"embeddable":true,"href":"https:\/\/www.btv.md\/ro\/wp-json\/wp\/v2\/comments?post=146719"}],"version-history":[{"count":0,"href":"https:\/\/www.btv.md\/ro\/wp-json\/wp\/v2\/posts\/146719\/revisions"}],"wp:featuredmedia":[{"embeddable":true,"href":"https:\/\/www.btv.md\/ro\/wp-json\/wp\/v2\/media\/146720"}],"wp:attachment":[{"href":"https:\/\/www.btv.md\/ro\/wp-json\/wp\/v2\/media?parent=146719"}],"wp:term":[{"taxonomy":"category","embeddable":true,"href":"https:\/\/www.btv.md\/ro\/wp-json\/wp\/v2\/categories?post=146719"},{"taxonomy":"post_tag","embeddable":true,"href":"https:\/\/www.btv.md\/ro\/wp-json\/wp\/v2\/tags?post=146719"}],"curies":[{"name":"wp","href":"https:\/\/api.w.org\/{rel}","templated":true}]}}