{"id":146738,"date":"2021-09-24T18:06:46","date_gmt":"2021-09-24T15:06:46","guid":{"rendered":"https:\/\/www.btv.md\/?p=146738"},"modified":"2021-09-24T18:06:46","modified_gmt":"2021-09-24T15:06:46","slug":"video-studentii-sunt-dezamagiti-de-decizia-cnesp-de-a-trece-universitatile-la-regimul-online","status":"publish","type":"post","link":"https:\/\/www.btv.md\/ro\/video-studentii-sunt-dezamagiti-de-decizia-cnesp-de-a-trece-universitatile-la-regimul-online\/","title":{"rendered":"Video\/\/ Studen\u021bii sunt dezam\u0103gi\u021bi de decizia CNESP de a trece universit\u0103\u021bile la regimul online"},"content":{"rendered":"<p>Cei care-\u0219i fac studiile \u00een cadrul universit\u0103\u021bii din B\u0103l\u021bi, ne-au spus c\u0103 le va fi greu s\u0103 \u021bin\u0103 piept noului format.<\/p>\n<p>Recent Comisia Na\u021bional\u0103 de S\u0103n\u0103tate Public\u0103 introdus un \u0219ir de m\u0103suri noi \u00eempotriva COVID-19. Printre acestea, trecerea din 1 octombrie la \u00eenv\u0103\u021b\u0103m\u00e2ntul online.<\/p>\n<p>Ala Nemerenco, ministra s\u0103n\u0103t\u0103\u021bii a argumentat decizia prin faptul c\u0103 transportul pubic este aglomerat.<\/p>\n<div style=\"width: 640px;\" class=\"wp-video\"><video class=\"wp-video-shortcode\" id=\"video-146738-1\" width=\"640\" height=\"360\" preload=\"metadata\" controls=\"controls\"><source type=\"video\/mp4\" src=\"https:\/\/media.btv.md\/2021\/09\/24\/24.09%20studenti_md.mp4?_=1\" \/><a href=\"https:\/\/media.btv.md\/2021\/09\/24\/24.09%20studenti_md.mp4\">https:\/\/media.btv.md\/2021\/09\/24\/24.09%20studenti_md.mp4<\/a><\/video><\/div>\n<p>&nbsp;<\/p>\n<p>Pentru unii, care sunt angaja\u021bi \u00een c\u00e2mpul muncii formatul online este accesbil. Totodat\u0103, studen\u021bii recunosc c\u0103 cine vrea s\u0103 fac\u0103 carte o face \u00een orice condi\u021bii.<\/p>\n<p>&nbsp;<\/p>\n","protected":false},"excerpt":{"rendered":"<p>Cei care-\u0219i fac studiile \u00een cadrul universit\u0103\u021bii din B\u0103l\u021bi, ne-au spus c\u0103 le va fi greu s\u0103 \u021bin\u0103 piept noului format. Recent Comisia Na\u021bional\u0103 de S\u0103n\u0103tate Public\u0103 introdus un \u0219ir de m\u0103suri noi \u00eempotriva COVID-19. Printre acestea, trecerea din 1 octombrie la \u00eenv\u0103\u021b\u0103m\u00e2ntul online. Ala Nemerenco, ministra s\u0103n\u0103t\u0103\u021bii a argumentat decizia prin faptul c\u0103 transportul [&hellip;]<\/p>\n","protected":false},"author":26,"featured_media":146746,"comment_status":"closed","ping_status":"closed","sticky":false,"template":"","format":"standard","meta":{"footnotes":""},"categories":[6353,6349],"tags":[30438,30437,30436],"class_list":["post-146738","post","type-post","status-publish","format-standard","has-post-thumbnail","hentry","category-oras","category-social","tag-de-a-trece-universitatile-la-regimul-online","tag-de-decizia-autoritatilor","tag-studentii-nu-par-incantati"],"yoast_head":"<!-- This site is optimized with the Yoast SEO plugin v27.4 - https:\/\/yoast.com\/product\/yoast-seo-wordpress\/ -->\n<title>Video\/\/ Studen\u021bii sunt dezam\u0103gi\u021bi de decizia CNESP de a trece universit\u0103\u021bile la regimul online - BTV<\/title>\n<meta name=\"description\" content=\"Studen\u021bii nu par \u00eenc\u00e2nta\u021bi de decizia autorit\u0103\u021bilor de a trece universit\u0103\u021bile la regimul online\" \/>\n<meta name=\"robots\" content=\"index, follow, max-snippet:-1, max-image-preview:large, max-video-preview:-1\" \/>\n<link rel=\"canonical\" href=\"https:\/\/www.btv.md\/ro\/amp\/video-studentii-sunt-dezamagiti-de-decizia-cnesp-de-a-trece-universitatile-la-regimul-online\/\" \/>\n<meta property=\"og:locale\" content=\"ro_RO\" \/>\n<meta property=\"og:type\" content=\"article\" \/>\n<meta property=\"og:title\" content=\"Video\/\/ Studen\u021bii sunt dezam\u0103gi\u021bi de decizia CNESP de a trece universit\u0103\u021bile la regimul online - BTV\" \/>\n<meta property=\"og:description\" content=\"Studen\u021bii nu par \u00eenc\u00e2nta\u021bi de decizia autorit\u0103\u021bilor de a trece universit\u0103\u021bile la regimul online\" \/>\n<meta property=\"og:url\" content=\"https:\/\/www.btv.md\/ro\/amp\/video-studentii-sunt-dezamagiti-de-decizia-cnesp-de-a-trece-universitatile-la-regimul-online\/\" \/>\n<meta property=\"og:site_name\" content=\"BTV\" \/>\n<meta property=\"article:publisher\" content=\"https:\/\/www.facebook.com\/btvmoldova\/\" \/>\n<meta property=\"article:published_time\" content=\"2021-09-24T15:06:46+00:00\" \/>\n<meta property=\"og:image\" content=\"https:\/\/www.btv.md\/wp-content\/uploads\/2021\/09\/elevii-online.jpg\" \/>\n\t<meta property=\"og:image:width\" content=\"809\" \/>\n\t<meta property=\"og:image:height\" content=\"456\" \/>\n\t<meta property=\"og:image:type\" content=\"image\/jpeg\" \/>\n<meta name=\"author\" content=\"Victoria Ursu\" \/>\n<meta name=\"twitter:label1\" content=\"Scris de\" \/>\n\t<meta name=\"twitter:data1\" content=\"Victoria Ursu\" \/>\n\t<meta name=\"twitter:label2\" content=\"Timp estimat pentru citire\" \/>\n\t<meta name=\"twitter:data2\" content=\"1 minut\" \/>\n<script type=\"application\/ld+json\" class=\"yoast-schema-graph\">{\"@context\":\"https:\\\/\\\/schema.org\",\"@graph\":[{\"@type\":\"Article\",\"@id\":\"https:\\\/\\\/www.btv.md\\\/ro\\\/amp\\\/video-studentii-sunt-dezamagiti-de-decizia-cnesp-de-a-trece-universitatile-la-regimul-online\\\/#article\",\"isPartOf\":{\"@id\":\"https:\\\/\\\/www.btv.md\\\/ro\\\/amp\\\/video-studentii-sunt-dezamagiti-de-decizia-cnesp-de-a-trece-universitatile-la-regimul-online\\\/\"},\"author\":{\"name\":\"Victoria Ursu\",\"@id\":\"https:\\\/\\\/www.btv.md\\\/#\\\/schema\\\/person\\\/e4b592cd4d0aac4a25b0ac526c4c341f\"},\"headline\":\"Video\\\/\\\/ Studen\u021bii sunt dezam\u0103gi\u021bi de decizia CNESP de a trece universit\u0103\u021bile la regimul online\",\"datePublished\":\"2021-09-24T15:06:46+00:00\",\"mainEntityOfPage\":{\"@id\":\"https:\\\/\\\/www.btv.md\\\/ro\\\/amp\\\/video-studentii-sunt-dezamagiti-de-decizia-cnesp-de-a-trece-universitatile-la-regimul-online\\\/\"},\"wordCount\":127,\"image\":{\"@id\":\"https:\\\/\\\/www.btv.md\\\/ro\\\/amp\\\/video-studentii-sunt-dezamagiti-de-decizia-cnesp-de-a-trece-universitatile-la-regimul-online\\\/#primaryimage\"},\"thumbnailUrl\":\"https:\\\/\\\/www.btv.md\\\/wp-content\\\/uploads\\\/2021\\\/09\\\/elevii-online.jpg\",\"keywords\":[\"de a trece universit\u0103\u021bile la regimul online\",\"de decizia autorit\u0103\u021bilor\",\"Studen\u021bii nu par \u00eenc\u00e2nta\u021bi\"],\"articleSection\":[\"Ora\u0219\",\"Social\"],\"inLanguage\":\"ro-RO\"},{\"@type\":\"WebPage\",\"@id\":\"https:\\\/\\\/www.btv.md\\\/ro\\\/amp\\\/video-studentii-sunt-dezamagiti-de-decizia-cnesp-de-a-trece-universitatile-la-regimul-online\\\/\",\"url\":\"https:\\\/\\\/www.btv.md\\\/ro\\\/amp\\\/video-studentii-sunt-dezamagiti-de-decizia-cnesp-de-a-trece-universitatile-la-regimul-online\\\/\",\"name\":\"Video\\\/\\\/ Studen\u021bii sunt dezam\u0103gi\u021bi de decizia CNESP de a trece universit\u0103\u021bile la regimul online - BTV\",\"isPartOf\":{\"@id\":\"https:\\\/\\\/www.btv.md\\\/#website\"},\"primaryImageOfPage\":{\"@id\":\"https:\\\/\\\/www.btv.md\\\/ro\\\/amp\\\/video-studentii-sunt-dezamagiti-de-decizia-cnesp-de-a-trece-universitatile-la-regimul-online\\\/#primaryimage\"},\"image\":{\"@id\":\"https:\\\/\\\/www.btv.md\\\/ro\\\/amp\\\/video-studentii-sunt-dezamagiti-de-decizia-cnesp-de-a-trece-universitatile-la-regimul-online\\\/#primaryimage\"},\"thumbnailUrl\":\"https:\\\/\\\/www.btv.md\\\/wp-content\\\/uploads\\\/2021\\\/09\\\/elevii-online.jpg\",\"datePublished\":\"2021-09-24T15:06:46+00:00\",\"author\":{\"@id\":\"https:\\\/\\\/www.btv.md\\\/#\\\/schema\\\/person\\\/e4b592cd4d0aac4a25b0ac526c4c341f\"},\"description\":\"Studen\u021bii nu par \u00eenc\u00e2nta\u021bi de decizia autorit\u0103\u021bilor de a trece universit\u0103\u021bile la regimul online\",\"inLanguage\":\"ro-RO\",\"potentialAction\":[{\"@type\":\"ReadAction\",\"target\":[\"https:\\\/\\\/www.btv.md\\\/ro\\\/amp\\\/video-studentii-sunt-dezamagiti-de-decizia-cnesp-de-a-trece-universitatile-la-regimul-online\\\/\"]}]},{\"@type\":\"ImageObject\",\"inLanguage\":\"ro-RO\",\"@id\":\"https:\\\/\\\/www.btv.md\\\/ro\\\/amp\\\/video-studentii-sunt-dezamagiti-de-decizia-cnesp-de-a-trece-universitatile-la-regimul-online\\\/#primaryimage\",\"url\":\"https:\\\/\\\/www.btv.md\\\/wp-content\\\/uploads\\\/2021\\\/09\\\/elevii-online.jpg\",\"contentUrl\":\"https:\\\/\\\/www.btv.md\\\/wp-content\\\/uploads\\\/2021\\\/09\\\/elevii-online.jpg\",\"width\":809,\"height\":456,\"caption\":\"Foto: \u0219tiri.md\"},{\"@type\":\"WebSite\",\"@id\":\"https:\\\/\\\/www.btv.md\\\/#website\",\"url\":\"https:\\\/\\\/www.btv.md\\\/\",\"name\":\"BTV\",\"description\":\"\u0411\u0435\u043b\u044c\u0446\u043a\u043e\u0435 \u0442\u0435\u043b\u0435\u0432\u0438\u0434\u0435\u043d\u0438\u0435\",\"potentialAction\":[{\"@type\":\"SearchAction\",\"target\":{\"@type\":\"EntryPoint\",\"urlTemplate\":\"https:\\\/\\\/www.btv.md\\\/?s={search_term_string}\"},\"query-input\":{\"@type\":\"PropertyValueSpecification\",\"valueRequired\":true,\"valueName\":\"search_term_string\"}}],\"inLanguage\":\"ro-RO\"},{\"@type\":\"Person\",\"@id\":\"https:\\\/\\\/www.btv.md\\\/#\\\/schema\\\/person\\\/e4b592cd4d0aac4a25b0ac526c4c341f\",\"name\":\"Victoria Ursu\"}]}<\/script>\n<!-- \/ Yoast SEO plugin. -->","yoast_head_json":{"title":"Video\/\/ Studen\u021bii sunt dezam\u0103gi\u021bi de decizia CNESP de a trece universit\u0103\u021bile la regimul online - BTV","description":"Studen\u021bii nu par \u00eenc\u00e2nta\u021bi de decizia autorit\u0103\u021bilor de a trece universit\u0103\u021bile la regimul online","robots":{"index":"index","follow":"follow","max-snippet":"max-snippet:-1","max-image-preview":"max-image-preview:large","max-video-preview":"max-video-preview:-1"},"canonical":"https:\/\/www.btv.md\/ro\/amp\/video-studentii-sunt-dezamagiti-de-decizia-cnesp-de-a-trece-universitatile-la-regimul-online\/","og_locale":"ro_RO","og_type":"article","og_title":"Video\/\/ Studen\u021bii sunt dezam\u0103gi\u021bi de decizia CNESP de a trece universit\u0103\u021bile la regimul online - BTV","og_description":"Studen\u021bii nu par \u00eenc\u00e2nta\u021bi de decizia autorit\u0103\u021bilor de a trece universit\u0103\u021bile la regimul online","og_url":"https:\/\/www.btv.md\/ro\/amp\/video-studentii-sunt-dezamagiti-de-decizia-cnesp-de-a-trece-universitatile-la-regimul-online\/","og_site_name":"BTV","article_publisher":"https:\/\/www.facebook.com\/btvmoldova\/","article_published_time":"2021-09-24T15:06:46+00:00","og_image":[{"width":809,"height":456,"url":"https:\/\/www.btv.md\/wp-content\/uploads\/2021\/09\/elevii-online.jpg","type":"image\/jpeg"}],"author":"Victoria Ursu","twitter_misc":{"Scris de":"Victoria Ursu","Timp estimat pentru citire":"1 minut"},"schema":{"@context":"https:\/\/schema.org","@graph":[{"@type":"Article","@id":"https:\/\/www.btv.md\/ro\/amp\/video-studentii-sunt-dezamagiti-de-decizia-cnesp-de-a-trece-universitatile-la-regimul-online\/#article","isPartOf":{"@id":"https:\/\/www.btv.md\/ro\/amp\/video-studentii-sunt-dezamagiti-de-decizia-cnesp-de-a-trece-universitatile-la-regimul-online\/"},"author":{"name":"Victoria Ursu","@id":"https:\/\/www.btv.md\/#\/schema\/person\/e4b592cd4d0aac4a25b0ac526c4c341f"},"headline":"Video\/\/ Studen\u021bii sunt dezam\u0103gi\u021bi de decizia CNESP de a trece universit\u0103\u021bile la regimul online","datePublished":"2021-09-24T15:06:46+00:00","mainEntityOfPage":{"@id":"https:\/\/www.btv.md\/ro\/amp\/video-studentii-sunt-dezamagiti-de-decizia-cnesp-de-a-trece-universitatile-la-regimul-online\/"},"wordCount":127,"image":{"@id":"https:\/\/www.btv.md\/ro\/amp\/video-studentii-sunt-dezamagiti-de-decizia-cnesp-de-a-trece-universitatile-la-regimul-online\/#primaryimage"},"thumbnailUrl":"https:\/\/www.btv.md\/wp-content\/uploads\/2021\/09\/elevii-online.jpg","keywords":["de a trece universit\u0103\u021bile la regimul online","de decizia autorit\u0103\u021bilor","Studen\u021bii nu par \u00eenc\u00e2nta\u021bi"],"articleSection":["Ora\u0219","Social"],"inLanguage":"ro-RO"},{"@type":"WebPage","@id":"https:\/\/www.btv.md\/ro\/amp\/video-studentii-sunt-dezamagiti-de-decizia-cnesp-de-a-trece-universitatile-la-regimul-online\/","url":"https:\/\/www.btv.md\/ro\/amp\/video-studentii-sunt-dezamagiti-de-decizia-cnesp-de-a-trece-universitatile-la-regimul-online\/","name":"Video\/\/ Studen\u021bii sunt dezam\u0103gi\u021bi de decizia CNESP de a trece universit\u0103\u021bile la regimul online - BTV","isPartOf":{"@id":"https:\/\/www.btv.md\/#website"},"primaryImageOfPage":{"@id":"https:\/\/www.btv.md\/ro\/amp\/video-studentii-sunt-dezamagiti-de-decizia-cnesp-de-a-trece-universitatile-la-regimul-online\/#primaryimage"},"image":{"@id":"https:\/\/www.btv.md\/ro\/amp\/video-studentii-sunt-dezamagiti-de-decizia-cnesp-de-a-trece-universitatile-la-regimul-online\/#primaryimage"},"thumbnailUrl":"https:\/\/www.btv.md\/wp-content\/uploads\/2021\/09\/elevii-online.jpg","datePublished":"2021-09-24T15:06:46+00:00","author":{"@id":"https:\/\/www.btv.md\/#\/schema\/person\/e4b592cd4d0aac4a25b0ac526c4c341f"},"description":"Studen\u021bii nu par \u00eenc\u00e2nta\u021bi de decizia autorit\u0103\u021bilor de a trece universit\u0103\u021bile la regimul online","inLanguage":"ro-RO","potentialAction":[{"@type":"ReadAction","target":["https:\/\/www.btv.md\/ro\/amp\/video-studentii-sunt-dezamagiti-de-decizia-cnesp-de-a-trece-universitatile-la-regimul-online\/"]}]},{"@type":"ImageObject","inLanguage":"ro-RO","@id":"https:\/\/www.btv.md\/ro\/amp\/video-studentii-sunt-dezamagiti-de-decizia-cnesp-de-a-trece-universitatile-la-regimul-online\/#primaryimage","url":"https:\/\/www.btv.md\/wp-content\/uploads\/2021\/09\/elevii-online.jpg","contentUrl":"https:\/\/www.btv.md\/wp-content\/uploads\/2021\/09\/elevii-online.jpg","width":809,"height":456,"caption":"Foto: \u0219tiri.md"},{"@type":"WebSite","@id":"https:\/\/www.btv.md\/#website","url":"https:\/\/www.btv.md\/","name":"BTV","description":"\u0411\u0435\u043b\u044c\u0446\u043a\u043e\u0435 \u0442\u0435\u043b\u0435\u0432\u0438\u0434\u0435\u043d\u0438\u0435","potentialAction":[{"@type":"SearchAction","target":{"@type":"EntryPoint","urlTemplate":"https:\/\/www.btv.md\/?s={search_term_string}"},"query-input":{"@type":"PropertyValueSpecification","valueRequired":true,"valueName":"search_term_string"}}],"inLanguage":"ro-RO"},{"@type":"Person","@id":"https:\/\/www.btv.md\/#\/schema\/person\/e4b592cd4d0aac4a25b0ac526c4c341f","name":"Victoria Ursu"}]}},"_links":{"self":[{"href":"https:\/\/www.btv.md\/ro\/wp-json\/wp\/v2\/posts\/146738","targetHints":{"allow":["GET"]}}],"collection":[{"href":"https:\/\/www.btv.md\/ro\/wp-json\/wp\/v2\/posts"}],"about":[{"href":"https:\/\/www.btv.md\/ro\/wp-json\/wp\/v2\/types\/post"}],"author":[{"embeddable":true,"href":"https:\/\/www.btv.md\/ro\/wp-json\/wp\/v2\/users\/26"}],"replies":[{"embeddable":true,"href":"https:\/\/www.btv.md\/ro\/wp-json\/wp\/v2\/comments?post=146738"}],"version-history":[{"count":0,"href":"https:\/\/www.btv.md\/ro\/wp-json\/wp\/v2\/posts\/146738\/revisions"}],"wp:featuredmedia":[{"embeddable":true,"href":"https:\/\/www.btv.md\/ro\/wp-json\/wp\/v2\/media\/146746"}],"wp:attachment":[{"href":"https:\/\/www.btv.md\/ro\/wp-json\/wp\/v2\/media?parent=146738"}],"wp:term":[{"taxonomy":"category","embeddable":true,"href":"https:\/\/www.btv.md\/ro\/wp-json\/wp\/v2\/categories?post=146738"},{"taxonomy":"post_tag","embeddable":true,"href":"https:\/\/www.btv.md\/ro\/wp-json\/wp\/v2\/tags?post=146738"}],"curies":[{"name":"wp","href":"https:\/\/api.w.org\/{rel}","templated":true}]}}