{"id":146769,"date":"2021-09-24T18:14:17","date_gmt":"2021-09-24T15:14:17","guid":{"rendered":"https:\/\/www.btv.md\/?p=146769"},"modified":"2021-09-24T18:14:17","modified_gmt":"2021-09-24T15:14:17","slug":"video-inmormantare-cu-scandal-la-hincesti-au-fost-incurcati-mortii-la-morga-sa-deschide-ti-sacul-sa-vedem-e-mama-sau-nu-e-mama","status":"publish","type":"post","link":"https:\/\/www.btv.md\/ro\/video-inmormantare-cu-scandal-la-hincesti-au-fost-incurcati-mortii-la-morga-sa-deschide-ti-sacul-sa-vedem-e-mama-sau-nu-e-mama\/","title":{"rendered":"Video\/\/  \u00cenmorm\u00e2ntare cu scandal la H\u00eence\u0219ti. Au fost \u00eencurca\u021bi mor\u021bii la morg\u0103. ,,S\u0103 deschide-\u021bi sacul, s\u0103 vedem e mama sau nu e mama\u201d"},"content":{"rendered":"<p>Caz \u0219ocant \u00eentr-o familie din raionul H\u00eence\u0219ti. Rudele unei r\u0103posate s-au pomenit \u00een situa\u021bia c\u0103 aveau s\u0103 \u00eenmorm\u00e2nteze un alt mort, dup\u0103 ce angaja\u021bii de la morg\u0103 ar fi \u00eencurcat cadavrele. Despre gre\u0219eala celor de la Servicii Funerare, rudele ar fi aflat abia acas\u0103, \u00eentruc\u00e2t la morg\u0103 li s-ar fi interzis s\u0103 deschid\u0103 sacul \u00een care se afla r\u0103posata, transmite <a href=\"https:\/\/realitatea.md\/video-hainele-sunt-ale-noastre-omul-nu-inmormantare-cu-scandal-la-hincesti-au-fost-incurcati-mortii-la-morga\/\">realitatea.md.<\/a><\/p>\n<p>Rudele au filmat momentul \u00een care angaja\u021bii de la morg\u0103 au venit acas\u0103 pentru a schimba cadavrele, fiind indignate de situa\u021bia \u00een care s-au pomenit.<\/p>\n<div class=\"margin-auto\">\n<div id=\"admixer-hb-216-637568592982450705\"><em>\u201eHainele sunt ale noastre, omul nu. Aici e b\u0103rbat, cum a\u021bi \u00eembr\u0103cat b\u0103rbatul cu haine de femeie?.. S\u0103 vad\u0103 toat\u0103 \u021bar\u0103, de ce nu ne-au permis s\u0103 vedem mortul la morg\u0103? Oamenii nu-s vinova\u021bi, pe care l-a\u021bi ar\u0103tat pe acela l-au luat\u201d<\/em>, aspus o rud\u0103.<\/div>\n<\/div>\n<div style=\"width: 640px;\" class=\"wp-video\"><video class=\"wp-video-shortcode\" id=\"video-146769-1\" width=\"640\" height=\"360\" preload=\"metadata\" controls=\"controls\"><source type=\"video\/mp4\" src=\"https:\/\/assets.protv.md\/articles\/files\/video\/2021\/09\/24\/xwwf6lw_1632487834-MORT%20SCHIMBAT%20VFIN2.mp4?_=1\" \/><a href=\"https:\/\/assets.protv.md\/articles\/files\/video\/2021\/09\/24\/xwwf6lw_1632487834-MORT%20SCHIMBAT%20VFIN2.mp4\">https:\/\/assets.protv.md\/articles\/files\/video\/2021\/09\/24\/xwwf6lw_1632487834-MORT%20SCHIMBAT%20VFIN2.mp4<\/a><\/video><\/div>\n<p>Dup\u0103 c\u00e2teva minute bune de ceart\u0103, mortul a fost scos cu tot cu sac din sicriu, pus la p\u0103m\u00e2nt, iar din ma\u0219ina celor de la morg\u0103 a fost scos un alt cadavru, la fel \u00eenvelit \u00een sac semn c\u0103 ar fi decedat ambii de COVID-19.<\/p>\n<p><em>\u201eUita\u021bi-v\u0103, b\u0103taie de joc. S\u0103 deschide-\u021bi sacul, s\u0103 vedem e mama sau nu e mama. Doamne fere\u0219te, mam\u0103 iart\u0103-ne\u201d<\/em>, a mai ad\u0103ugat autorul filmule\u021bului.<\/p>\n<p>La fa\u021ba locului se afla \u0219i un preot, cel pu\u021bin asta observ\u0103m din imagini, semn c\u0103 slujitorul Domnului a venit s\u0103 fac\u0103 toate procedurile pentru \u00eenmorm\u00e2ntare.<\/p>\n","protected":false},"excerpt":{"rendered":"<p>Caz \u0219ocant \u00eentr-o familie din raionul H\u00eence\u0219ti. Rudele unei r\u0103posate s-au pomenit \u00een situa\u021bia c\u0103 aveau s\u0103 \u00eenmorm\u00e2nteze un alt mort, dup\u0103 ce angaja\u021bii de la morg\u0103 ar fi \u00eencurcat cadavrele. Despre gre\u0219eala celor de la Servicii Funerare, rudele ar fi aflat abia acas\u0103, \u00eentruc\u00e2t la morg\u0103 li s-ar fi interzis s\u0103 deschid\u0103 sacul \u00een [&hellip;]<\/p>\n","protected":false},"author":26,"featured_media":146771,"comment_status":"closed","ping_status":"closed","sticky":false,"template":"","format":"standard","meta":{"footnotes":""},"categories":[6349],"tags":[30444,30445,30446],"class_list":["post-146769","post","type-post","status-publish","format-standard","has-post-thumbnail","hentry","category-social","tag-inmormantare-cu-scandal-la-hincesti-au-fost-incurcati-mortii-la-morga","tag-sa-deschide-ti-sacul","tag-sa-vedem-e-mama-sau-nu-e-mama"],"yoast_head":"<!-- This site is optimized with the Yoast SEO plugin v27.4 - https:\/\/yoast.com\/product\/yoast-seo-wordpress\/ -->\n<title>Video\/\/ \u00cenmorm\u00e2ntare cu scandal la H\u00eence\u0219ti. Au fost \u00eencurca\u021bi mor\u021bii la morg\u0103. ,,S\u0103 deschide-\u021bi sacul, s\u0103 vedem e mama sau nu e mama\u201d - BTV<\/title>\n<meta name=\"robots\" content=\"index, follow, max-snippet:-1, max-image-preview:large, max-video-preview:-1\" \/>\n<link rel=\"canonical\" href=\"https:\/\/www.btv.md\/ro\/video-inmormantare-cu-scandal-la-hincesti-au-fost-incurcati-mortii-la-morga-sa-deschide-ti-sacul-sa-vedem-e-mama-sau-nu-e-mama\/\" \/>\n<meta property=\"og:locale\" content=\"ro_RO\" \/>\n<meta property=\"og:type\" content=\"article\" \/>\n<meta property=\"og:title\" content=\"Video\/\/ \u00cenmorm\u00e2ntare cu scandal la H\u00eence\u0219ti. Au fost \u00eencurca\u021bi mor\u021bii la morg\u0103. ,,S\u0103 deschide-\u021bi sacul, s\u0103 vedem e mama sau nu e mama\u201d - BTV\" \/>\n<meta property=\"og:description\" content=\"Caz \u0219ocant \u00eentr-o familie din raionul H\u00eence\u0219ti. Rudele unei r\u0103posate s-au pomenit \u00een situa\u021bia c\u0103 aveau s\u0103 \u00eenmorm\u00e2nteze un alt mort, dup\u0103 ce angaja\u021bii de la morg\u0103 ar fi \u00eencurcat cadavrele. Despre gre\u0219eala celor de la Servicii Funerare, rudele ar fi aflat abia acas\u0103, \u00eentruc\u00e2t la morg\u0103 li s-ar fi interzis s\u0103 deschid\u0103 sacul \u00een [&hellip;]\" \/>\n<meta property=\"og:url\" content=\"https:\/\/www.btv.md\/ro\/video-inmormantare-cu-scandal-la-hincesti-au-fost-incurcati-mortii-la-morga-sa-deschide-ti-sacul-sa-vedem-e-mama-sau-nu-e-mama\/\" \/>\n<meta property=\"og:site_name\" content=\"BTV\" \/>\n<meta property=\"article:publisher\" content=\"https:\/\/www.facebook.com\/btvmoldova\/\" \/>\n<meta property=\"article:published_time\" content=\"2021-09-24T15:14:17+00:00\" \/>\n<meta property=\"og:image\" content=\"https:\/\/www.btv.md\/wp-content\/uploads\/2021\/09\/au-incurcat-mortul.png\" \/>\n\t<meta property=\"og:image:width\" content=\"900\" \/>\n\t<meta property=\"og:image:height\" content=\"505\" \/>\n\t<meta property=\"og:image:type\" content=\"image\/png\" \/>\n<meta name=\"author\" content=\"Victoria Ursu\" \/>\n<meta name=\"twitter:label1\" content=\"Scris de\" \/>\n\t<meta name=\"twitter:data1\" content=\"Victoria Ursu\" \/>\n\t<meta name=\"twitter:label2\" content=\"Timp estimat pentru citire\" \/>\n\t<meta name=\"twitter:data2\" content=\"1 minut\" \/>\n<script type=\"application\/ld+json\" class=\"yoast-schema-graph\">{\"@context\":\"https:\\\/\\\/schema.org\",\"@graph\":[{\"@type\":\"Article\",\"@id\":\"https:\\\/\\\/www.btv.md\\\/ro\\\/video-inmormantare-cu-scandal-la-hincesti-au-fost-incurcati-mortii-la-morga-sa-deschide-ti-sacul-sa-vedem-e-mama-sau-nu-e-mama\\\/#article\",\"isPartOf\":{\"@id\":\"https:\\\/\\\/www.btv.md\\\/ro\\\/video-inmormantare-cu-scandal-la-hincesti-au-fost-incurcati-mortii-la-morga-sa-deschide-ti-sacul-sa-vedem-e-mama-sau-nu-e-mama\\\/\"},\"author\":{\"name\":\"Victoria Ursu\",\"@id\":\"https:\\\/\\\/www.btv.md\\\/#\\\/schema\\\/person\\\/e4b592cd4d0aac4a25b0ac526c4c341f\"},\"headline\":\"Video\\\/\\\/ \u00cenmorm\u00e2ntare cu scandal la H\u00eence\u0219ti. Au fost \u00eencurca\u021bi mor\u021bii la morg\u0103. ,,S\u0103 deschide-\u021bi sacul, s\u0103 vedem e mama sau nu e mama\u201d\",\"datePublished\":\"2021-09-24T15:14:17+00:00\",\"mainEntityOfPage\":{\"@id\":\"https:\\\/\\\/www.btv.md\\\/ro\\\/video-inmormantare-cu-scandal-la-hincesti-au-fost-incurcati-mortii-la-morga-sa-deschide-ti-sacul-sa-vedem-e-mama-sau-nu-e-mama\\\/\"},\"wordCount\":302,\"image\":{\"@id\":\"https:\\\/\\\/www.btv.md\\\/ro\\\/video-inmormantare-cu-scandal-la-hincesti-au-fost-incurcati-mortii-la-morga-sa-deschide-ti-sacul-sa-vedem-e-mama-sau-nu-e-mama\\\/#primaryimage\"},\"thumbnailUrl\":\"https:\\\/\\\/www.btv.md\\\/wp-content\\\/uploads\\\/2021\\\/09\\\/au-incurcat-mortul.png\",\"keywords\":[\"\u00cenmorm\u00e2ntare cu scandal la H\u00eence\u0219ti. Au fost \u00eencurca\u021bi mor\u021bii la morg\u0103.\",\"S\u0103 deschide-\u021bi sacul\",\"s\u0103 vedem e mama sau nu e mama\u201d\"],\"articleSection\":[\"Social\"],\"inLanguage\":\"ro-RO\"},{\"@type\":\"WebPage\",\"@id\":\"https:\\\/\\\/www.btv.md\\\/ro\\\/video-inmormantare-cu-scandal-la-hincesti-au-fost-incurcati-mortii-la-morga-sa-deschide-ti-sacul-sa-vedem-e-mama-sau-nu-e-mama\\\/\",\"url\":\"https:\\\/\\\/www.btv.md\\\/ro\\\/video-inmormantare-cu-scandal-la-hincesti-au-fost-incurcati-mortii-la-morga-sa-deschide-ti-sacul-sa-vedem-e-mama-sau-nu-e-mama\\\/\",\"name\":\"Video\\\/\\\/ \u00cenmorm\u00e2ntare cu scandal la H\u00eence\u0219ti. Au fost \u00eencurca\u021bi mor\u021bii la morg\u0103. ,,S\u0103 deschide-\u021bi sacul, s\u0103 vedem e mama sau nu e mama\u201d - BTV\",\"isPartOf\":{\"@id\":\"https:\\\/\\\/www.btv.md\\\/#website\"},\"primaryImageOfPage\":{\"@id\":\"https:\\\/\\\/www.btv.md\\\/ro\\\/video-inmormantare-cu-scandal-la-hincesti-au-fost-incurcati-mortii-la-morga-sa-deschide-ti-sacul-sa-vedem-e-mama-sau-nu-e-mama\\\/#primaryimage\"},\"image\":{\"@id\":\"https:\\\/\\\/www.btv.md\\\/ro\\\/video-inmormantare-cu-scandal-la-hincesti-au-fost-incurcati-mortii-la-morga-sa-deschide-ti-sacul-sa-vedem-e-mama-sau-nu-e-mama\\\/#primaryimage\"},\"thumbnailUrl\":\"https:\\\/\\\/www.btv.md\\\/wp-content\\\/uploads\\\/2021\\\/09\\\/au-incurcat-mortul.png\",\"datePublished\":\"2021-09-24T15:14:17+00:00\",\"author\":{\"@id\":\"https:\\\/\\\/www.btv.md\\\/#\\\/schema\\\/person\\\/e4b592cd4d0aac4a25b0ac526c4c341f\"},\"inLanguage\":\"ro-RO\",\"potentialAction\":[{\"@type\":\"ReadAction\",\"target\":[\"https:\\\/\\\/www.btv.md\\\/ro\\\/video-inmormantare-cu-scandal-la-hincesti-au-fost-incurcati-mortii-la-morga-sa-deschide-ti-sacul-sa-vedem-e-mama-sau-nu-e-mama\\\/\"]}]},{\"@type\":\"ImageObject\",\"inLanguage\":\"ro-RO\",\"@id\":\"https:\\\/\\\/www.btv.md\\\/ro\\\/video-inmormantare-cu-scandal-la-hincesti-au-fost-incurcati-mortii-la-morga-sa-deschide-ti-sacul-sa-vedem-e-mama-sau-nu-e-mama\\\/#primaryimage\",\"url\":\"https:\\\/\\\/www.btv.md\\\/wp-content\\\/uploads\\\/2021\\\/09\\\/au-incurcat-mortul.png\",\"contentUrl\":\"https:\\\/\\\/www.btv.md\\\/wp-content\\\/uploads\\\/2021\\\/09\\\/au-incurcat-mortul.png\",\"width\":900,\"height\":505,\"caption\":\"Foto: Realitatea.md\"},{\"@type\":\"WebSite\",\"@id\":\"https:\\\/\\\/www.btv.md\\\/#website\",\"url\":\"https:\\\/\\\/www.btv.md\\\/\",\"name\":\"BTV\",\"description\":\"\u0411\u0435\u043b\u044c\u0446\u043a\u043e\u0435 \u0442\u0435\u043b\u0435\u0432\u0438\u0434\u0435\u043d\u0438\u0435\",\"potentialAction\":[{\"@type\":\"SearchAction\",\"target\":{\"@type\":\"EntryPoint\",\"urlTemplate\":\"https:\\\/\\\/www.btv.md\\\/?s={search_term_string}\"},\"query-input\":{\"@type\":\"PropertyValueSpecification\",\"valueRequired\":true,\"valueName\":\"search_term_string\"}}],\"inLanguage\":\"ro-RO\"},{\"@type\":\"Person\",\"@id\":\"https:\\\/\\\/www.btv.md\\\/#\\\/schema\\\/person\\\/e4b592cd4d0aac4a25b0ac526c4c341f\",\"name\":\"Victoria Ursu\"}]}<\/script>\n<!-- \/ Yoast SEO plugin. -->","yoast_head_json":{"title":"Video\/\/ \u00cenmorm\u00e2ntare cu scandal la H\u00eence\u0219ti. Au fost \u00eencurca\u021bi mor\u021bii la morg\u0103. ,,S\u0103 deschide-\u021bi sacul, s\u0103 vedem e mama sau nu e mama\u201d - BTV","robots":{"index":"index","follow":"follow","max-snippet":"max-snippet:-1","max-image-preview":"max-image-preview:large","max-video-preview":"max-video-preview:-1"},"canonical":"https:\/\/www.btv.md\/ro\/video-inmormantare-cu-scandal-la-hincesti-au-fost-incurcati-mortii-la-morga-sa-deschide-ti-sacul-sa-vedem-e-mama-sau-nu-e-mama\/","og_locale":"ro_RO","og_type":"article","og_title":"Video\/\/ \u00cenmorm\u00e2ntare cu scandal la H\u00eence\u0219ti. Au fost \u00eencurca\u021bi mor\u021bii la morg\u0103. ,,S\u0103 deschide-\u021bi sacul, s\u0103 vedem e mama sau nu e mama\u201d - BTV","og_description":"Caz \u0219ocant \u00eentr-o familie din raionul H\u00eence\u0219ti. Rudele unei r\u0103posate s-au pomenit \u00een situa\u021bia c\u0103 aveau s\u0103 \u00eenmorm\u00e2nteze un alt mort, dup\u0103 ce angaja\u021bii de la morg\u0103 ar fi \u00eencurcat cadavrele. Despre gre\u0219eala celor de la Servicii Funerare, rudele ar fi aflat abia acas\u0103, \u00eentruc\u00e2t la morg\u0103 li s-ar fi interzis s\u0103 deschid\u0103 sacul \u00een [&hellip;]","og_url":"https:\/\/www.btv.md\/ro\/video-inmormantare-cu-scandal-la-hincesti-au-fost-incurcati-mortii-la-morga-sa-deschide-ti-sacul-sa-vedem-e-mama-sau-nu-e-mama\/","og_site_name":"BTV","article_publisher":"https:\/\/www.facebook.com\/btvmoldova\/","article_published_time":"2021-09-24T15:14:17+00:00","og_image":[{"width":900,"height":505,"url":"https:\/\/www.btv.md\/wp-content\/uploads\/2021\/09\/au-incurcat-mortul.png","type":"image\/png"}],"author":"Victoria Ursu","twitter_misc":{"Scris de":"Victoria Ursu","Timp estimat pentru citire":"1 minut"},"schema":{"@context":"https:\/\/schema.org","@graph":[{"@type":"Article","@id":"https:\/\/www.btv.md\/ro\/video-inmormantare-cu-scandal-la-hincesti-au-fost-incurcati-mortii-la-morga-sa-deschide-ti-sacul-sa-vedem-e-mama-sau-nu-e-mama\/#article","isPartOf":{"@id":"https:\/\/www.btv.md\/ro\/video-inmormantare-cu-scandal-la-hincesti-au-fost-incurcati-mortii-la-morga-sa-deschide-ti-sacul-sa-vedem-e-mama-sau-nu-e-mama\/"},"author":{"name":"Victoria Ursu","@id":"https:\/\/www.btv.md\/#\/schema\/person\/e4b592cd4d0aac4a25b0ac526c4c341f"},"headline":"Video\/\/ \u00cenmorm\u00e2ntare cu scandal la H\u00eence\u0219ti. Au fost \u00eencurca\u021bi mor\u021bii la morg\u0103. ,,S\u0103 deschide-\u021bi sacul, s\u0103 vedem e mama sau nu e mama\u201d","datePublished":"2021-09-24T15:14:17+00:00","mainEntityOfPage":{"@id":"https:\/\/www.btv.md\/ro\/video-inmormantare-cu-scandal-la-hincesti-au-fost-incurcati-mortii-la-morga-sa-deschide-ti-sacul-sa-vedem-e-mama-sau-nu-e-mama\/"},"wordCount":302,"image":{"@id":"https:\/\/www.btv.md\/ro\/video-inmormantare-cu-scandal-la-hincesti-au-fost-incurcati-mortii-la-morga-sa-deschide-ti-sacul-sa-vedem-e-mama-sau-nu-e-mama\/#primaryimage"},"thumbnailUrl":"https:\/\/www.btv.md\/wp-content\/uploads\/2021\/09\/au-incurcat-mortul.png","keywords":["\u00cenmorm\u00e2ntare cu scandal la H\u00eence\u0219ti. Au fost \u00eencurca\u021bi mor\u021bii la morg\u0103.","S\u0103 deschide-\u021bi sacul","s\u0103 vedem e mama sau nu e mama\u201d"],"articleSection":["Social"],"inLanguage":"ro-RO"},{"@type":"WebPage","@id":"https:\/\/www.btv.md\/ro\/video-inmormantare-cu-scandal-la-hincesti-au-fost-incurcati-mortii-la-morga-sa-deschide-ti-sacul-sa-vedem-e-mama-sau-nu-e-mama\/","url":"https:\/\/www.btv.md\/ro\/video-inmormantare-cu-scandal-la-hincesti-au-fost-incurcati-mortii-la-morga-sa-deschide-ti-sacul-sa-vedem-e-mama-sau-nu-e-mama\/","name":"Video\/\/ \u00cenmorm\u00e2ntare cu scandal la H\u00eence\u0219ti. Au fost \u00eencurca\u021bi mor\u021bii la morg\u0103. ,,S\u0103 deschide-\u021bi sacul, s\u0103 vedem e mama sau nu e mama\u201d - BTV","isPartOf":{"@id":"https:\/\/www.btv.md\/#website"},"primaryImageOfPage":{"@id":"https:\/\/www.btv.md\/ro\/video-inmormantare-cu-scandal-la-hincesti-au-fost-incurcati-mortii-la-morga-sa-deschide-ti-sacul-sa-vedem-e-mama-sau-nu-e-mama\/#primaryimage"},"image":{"@id":"https:\/\/www.btv.md\/ro\/video-inmormantare-cu-scandal-la-hincesti-au-fost-incurcati-mortii-la-morga-sa-deschide-ti-sacul-sa-vedem-e-mama-sau-nu-e-mama\/#primaryimage"},"thumbnailUrl":"https:\/\/www.btv.md\/wp-content\/uploads\/2021\/09\/au-incurcat-mortul.png","datePublished":"2021-09-24T15:14:17+00:00","author":{"@id":"https:\/\/www.btv.md\/#\/schema\/person\/e4b592cd4d0aac4a25b0ac526c4c341f"},"inLanguage":"ro-RO","potentialAction":[{"@type":"ReadAction","target":["https:\/\/www.btv.md\/ro\/video-inmormantare-cu-scandal-la-hincesti-au-fost-incurcati-mortii-la-morga-sa-deschide-ti-sacul-sa-vedem-e-mama-sau-nu-e-mama\/"]}]},{"@type":"ImageObject","inLanguage":"ro-RO","@id":"https:\/\/www.btv.md\/ro\/video-inmormantare-cu-scandal-la-hincesti-au-fost-incurcati-mortii-la-morga-sa-deschide-ti-sacul-sa-vedem-e-mama-sau-nu-e-mama\/#primaryimage","url":"https:\/\/www.btv.md\/wp-content\/uploads\/2021\/09\/au-incurcat-mortul.png","contentUrl":"https:\/\/www.btv.md\/wp-content\/uploads\/2021\/09\/au-incurcat-mortul.png","width":900,"height":505,"caption":"Foto: Realitatea.md"},{"@type":"WebSite","@id":"https:\/\/www.btv.md\/#website","url":"https:\/\/www.btv.md\/","name":"BTV","description":"\u0411\u0435\u043b\u044c\u0446\u043a\u043e\u0435 \u0442\u0435\u043b\u0435\u0432\u0438\u0434\u0435\u043d\u0438\u0435","potentialAction":[{"@type":"SearchAction","target":{"@type":"EntryPoint","urlTemplate":"https:\/\/www.btv.md\/?s={search_term_string}"},"query-input":{"@type":"PropertyValueSpecification","valueRequired":true,"valueName":"search_term_string"}}],"inLanguage":"ro-RO"},{"@type":"Person","@id":"https:\/\/www.btv.md\/#\/schema\/person\/e4b592cd4d0aac4a25b0ac526c4c341f","name":"Victoria Ursu"}]}},"_links":{"self":[{"href":"https:\/\/www.btv.md\/ro\/wp-json\/wp\/v2\/posts\/146769","targetHints":{"allow":["GET"]}}],"collection":[{"href":"https:\/\/www.btv.md\/ro\/wp-json\/wp\/v2\/posts"}],"about":[{"href":"https:\/\/www.btv.md\/ro\/wp-json\/wp\/v2\/types\/post"}],"author":[{"embeddable":true,"href":"https:\/\/www.btv.md\/ro\/wp-json\/wp\/v2\/users\/26"}],"replies":[{"embeddable":true,"href":"https:\/\/www.btv.md\/ro\/wp-json\/wp\/v2\/comments?post=146769"}],"version-history":[{"count":0,"href":"https:\/\/www.btv.md\/ro\/wp-json\/wp\/v2\/posts\/146769\/revisions"}],"wp:featuredmedia":[{"embeddable":true,"href":"https:\/\/www.btv.md\/ro\/wp-json\/wp\/v2\/media\/146771"}],"wp:attachment":[{"href":"https:\/\/www.btv.md\/ro\/wp-json\/wp\/v2\/media?parent=146769"}],"wp:term":[{"taxonomy":"category","embeddable":true,"href":"https:\/\/www.btv.md\/ro\/wp-json\/wp\/v2\/categories?post=146769"},{"taxonomy":"post_tag","embeddable":true,"href":"https:\/\/www.btv.md\/ro\/wp-json\/wp\/v2\/tags?post=146769"}],"curies":[{"name":"wp","href":"https:\/\/api.w.org\/{rel}","templated":true}]}}