{"id":146968,"date":"2021-09-27T12:06:56","date_gmt":"2021-09-27T09:06:56","guid":{"rendered":"https:\/\/www.btv.md\/?p=146968"},"modified":"2021-09-27T12:06:56","modified_gmt":"2021-09-27T09:06:56","slug":"prim-ministrul-natalia-gavrilita-efectueaza-o-vizita-de-lucru-la-bruxelles","status":"publish","type":"post","link":"https:\/\/www.btv.md\/ro\/prim-ministrul-natalia-gavrilita-efectueaza-o-vizita-de-lucru-la-bruxelles\/","title":{"rendered":"Prim-ministrul Natalia Gavrili\u021ba efectueaz\u0103 o vizit\u0103 de lucru la Bruxelles"},"content":{"rendered":"<p>\u00cen perioada 27-28 septembrie curent, prim-ministrul Natalia Gavrili\u021ba efectueaz\u0103 o vizit\u0103 de lucru la Bruxelles, fiind \u00eenso\u021bit\u0103 de vicepremierul \u015fi ministrul Afacerilor Externe, Nicu Popescu.<\/p>\n<p>Aceasta este prima vizit\u0103 \u00een str\u0103in\u0103tate a Nataliei Gavrili\u021ba \u00een calitate de prim-ministrul, \u0219i are loc la invita\u021bia \u00cenaltului Reprezentant al Uniunii Europene pentru Afaceri Externe \u015fi Politica de Securitate, Josep Borrell Fontelles, se arat\u0103 \u00een comunicatul Guvernului.<\/p>\n<p>Ast\u0103zi, Natalia Gavrili\u021ba va avea \u00eentrevederi cu Pre\u0219edintele Consiliului European, Charles Michel \u0219i cu \u00cenaltul Reprezentant al Uniunii Europene pentru Afaceri Externe \u015fi Politica de Securitate, Josep Borrell Fontelles. Totodat\u0103, prim-ministrul va avea discu\u021bii comisarul european pentru economie \u0219i Didier Reynders, comisar european pentru justi\u021bie, Paolo Gentiloni.<\/p>\n<p>Pe data de 28 septembrie prim-ministrul va avea \u00eentrevederi cu Oliver Varhelyi, comisar european pentru vecin\u0103tate \u0219i extindere, cu Adina V\u0103lean, comisar european pentru transport \u0219i cu Kadri Simson, comisar european pentru energie. De asemenea, premierul va participa la un eveniment public, al\u0103turi de Katar\u00edna Mathernov\u00e1, director general adjunct al Directoratului Vecin\u0103tate \u0219i Negocieri privind extinderea din cadrul Comisiei Europene \u0219i Nicu Popescu.<\/p>\n<p>Tot \u00een ultima zi a vizitei de lucru la Bruxelles, Gavrili\u021ba se va \u00eent\u00e2lni cu diaspora moldoveneasc\u0103 \u00een Belgia. Vizita Nataliei Gavrili\u021ba la Bruxelles are loc la invita\u021bia \u00cenaltului Reprezentant al Uniunii Europene pentru Afaceri Externe \u015fi Politica de Securitate, Josep Borrell Fontelles.<\/p>\n","protected":false},"excerpt":{"rendered":"<p>\u00cen perioada 27-28 septembrie curent, prim-ministrul Natalia Gavrili\u021ba efectueaz\u0103 o vizit\u0103 de lucru la Bruxelles, fiind \u00eenso\u021bit\u0103 de vicepremierul \u015fi ministrul Afacerilor Externe, Nicu Popescu. Aceasta este prima vizit\u0103 \u00een str\u0103in\u0103tate a Nataliei Gavrili\u021ba \u00een calitate de prim-ministrul, \u0219i are loc la invita\u021bia \u00cenaltului Reprezentant al Uniunii Europene pentru Afaceri Externe \u015fi Politica de Securitate, [&hellip;]<\/p>\n","protected":false},"author":4,"featured_media":146972,"comment_status":"closed","ping_status":"closed","sticky":false,"template":"","format":"standard","meta":{"footnotes":""},"categories":[6368,6349],"tags":[30497],"class_list":["post-146968","post","type-post","status-publish","format-standard","has-post-thumbnail","hentry","category-politica-ro","category-social","tag-prim-ministrul-natalia-gavrilita-efectueaza-o-vizita-de-lucru-la-bruxelles-ro"],"yoast_head":"<!-- This site is optimized with the Yoast SEO plugin v27.4 - https:\/\/yoast.com\/product\/yoast-seo-wordpress\/ -->\n<title>Prim-ministrul Natalia Gavrili\u021ba efectueaz\u0103 o vizit\u0103 de lucru la Bruxelles - BTV<\/title>\n<meta name=\"robots\" content=\"index, follow, max-snippet:-1, max-image-preview:large, max-video-preview:-1\" \/>\n<link rel=\"canonical\" href=\"https:\/\/www.btv.md\/ro\/prim-ministrul-natalia-gavrilita-efectueaza-o-vizita-de-lucru-la-bruxelles\/\" \/>\n<meta property=\"og:locale\" content=\"ro_RO\" \/>\n<meta property=\"og:type\" content=\"article\" \/>\n<meta property=\"og:title\" content=\"Prim-ministrul Natalia Gavrili\u021ba efectueaz\u0103 o vizit\u0103 de lucru la Bruxelles - BTV\" \/>\n<meta property=\"og:description\" content=\"\u00cen perioada 27-28 septembrie curent, prim-ministrul Natalia Gavrili\u021ba efectueaz\u0103 o vizit\u0103 de lucru la Bruxelles, fiind \u00eenso\u021bit\u0103 de vicepremierul \u015fi ministrul Afacerilor Externe, Nicu Popescu. Aceasta este prima vizit\u0103 \u00een str\u0103in\u0103tate a Nataliei Gavrili\u021ba \u00een calitate de prim-ministrul, \u0219i are loc la invita\u021bia \u00cenaltului Reprezentant al Uniunii Europene pentru Afaceri Externe \u015fi Politica de Securitate, [&hellip;]\" \/>\n<meta property=\"og:url\" content=\"https:\/\/www.btv.md\/ro\/prim-ministrul-natalia-gavrilita-efectueaza-o-vizita-de-lucru-la-bruxelles\/\" \/>\n<meta property=\"og:site_name\" content=\"BTV\" \/>\n<meta property=\"article:publisher\" content=\"https:\/\/www.facebook.com\/btvmoldova\/\" \/>\n<meta property=\"article:published_time\" content=\"2021-09-27T09:06:56+00:00\" \/>\n<meta property=\"og:image\" content=\"https:\/\/www.btv.md\/wp-content\/uploads\/2021\/09\/gavrilita-4.jpg\" \/>\n\t<meta property=\"og:image:width\" content=\"1599\" \/>\n\t<meta property=\"og:image:height\" content=\"1113\" \/>\n\t<meta property=\"og:image:type\" content=\"image\/jpeg\" \/>\n<meta name=\"author\" content=\"admin\" \/>\n<meta name=\"twitter:label1\" content=\"Scris de\" \/>\n\t<meta name=\"twitter:data1\" content=\"admin\" \/>\n\t<meta name=\"twitter:label2\" content=\"Timp estimat pentru citire\" \/>\n\t<meta name=\"twitter:data2\" content=\"1 minut\" \/>\n<script type=\"application\/ld+json\" class=\"yoast-schema-graph\">{\"@context\":\"https:\\\/\\\/schema.org\",\"@graph\":[{\"@type\":\"Article\",\"@id\":\"https:\\\/\\\/www.btv.md\\\/ro\\\/prim-ministrul-natalia-gavrilita-efectueaza-o-vizita-de-lucru-la-bruxelles\\\/#article\",\"isPartOf\":{\"@id\":\"https:\\\/\\\/www.btv.md\\\/ro\\\/prim-ministrul-natalia-gavrilita-efectueaza-o-vizita-de-lucru-la-bruxelles\\\/\"},\"author\":{\"name\":\"admin\",\"@id\":\"https:\\\/\\\/www.btv.md\\\/#\\\/schema\\\/person\\\/8fadce81561b3ce2c34c46dadc4ccbf2\"},\"headline\":\"Prim-ministrul Natalia Gavrili\u021ba efectueaz\u0103 o vizit\u0103 de lucru la Bruxelles\",\"datePublished\":\"2021-09-27T09:06:56+00:00\",\"mainEntityOfPage\":{\"@id\":\"https:\\\/\\\/www.btv.md\\\/ro\\\/prim-ministrul-natalia-gavrilita-efectueaza-o-vizita-de-lucru-la-bruxelles\\\/\"},\"wordCount\":246,\"image\":{\"@id\":\"https:\\\/\\\/www.btv.md\\\/ro\\\/prim-ministrul-natalia-gavrilita-efectueaza-o-vizita-de-lucru-la-bruxelles\\\/#primaryimage\"},\"thumbnailUrl\":\"https:\\\/\\\/www.btv.md\\\/wp-content\\\/uploads\\\/2021\\\/09\\\/gavrilita-4.jpg\",\"keywords\":[\"Prim-ministrul Natalia Gavrili\u021ba efectueaz\u0103 o vizit\u0103 de lucru la Bruxelles\"],\"articleSection\":[\"Politic\u0103\",\"Social\"],\"inLanguage\":\"ro-RO\"},{\"@type\":\"WebPage\",\"@id\":\"https:\\\/\\\/www.btv.md\\\/ro\\\/prim-ministrul-natalia-gavrilita-efectueaza-o-vizita-de-lucru-la-bruxelles\\\/\",\"url\":\"https:\\\/\\\/www.btv.md\\\/ro\\\/prim-ministrul-natalia-gavrilita-efectueaza-o-vizita-de-lucru-la-bruxelles\\\/\",\"name\":\"Prim-ministrul Natalia Gavrili\u021ba efectueaz\u0103 o vizit\u0103 de lucru la Bruxelles - BTV\",\"isPartOf\":{\"@id\":\"https:\\\/\\\/www.btv.md\\\/#website\"},\"primaryImageOfPage\":{\"@id\":\"https:\\\/\\\/www.btv.md\\\/ro\\\/prim-ministrul-natalia-gavrilita-efectueaza-o-vizita-de-lucru-la-bruxelles\\\/#primaryimage\"},\"image\":{\"@id\":\"https:\\\/\\\/www.btv.md\\\/ro\\\/prim-ministrul-natalia-gavrilita-efectueaza-o-vizita-de-lucru-la-bruxelles\\\/#primaryimage\"},\"thumbnailUrl\":\"https:\\\/\\\/www.btv.md\\\/wp-content\\\/uploads\\\/2021\\\/09\\\/gavrilita-4.jpg\",\"datePublished\":\"2021-09-27T09:06:56+00:00\",\"author\":{\"@id\":\"https:\\\/\\\/www.btv.md\\\/#\\\/schema\\\/person\\\/8fadce81561b3ce2c34c46dadc4ccbf2\"},\"inLanguage\":\"ro-RO\",\"potentialAction\":[{\"@type\":\"ReadAction\",\"target\":[\"https:\\\/\\\/www.btv.md\\\/ro\\\/prim-ministrul-natalia-gavrilita-efectueaza-o-vizita-de-lucru-la-bruxelles\\\/\"]}]},{\"@type\":\"ImageObject\",\"inLanguage\":\"ro-RO\",\"@id\":\"https:\\\/\\\/www.btv.md\\\/ro\\\/prim-ministrul-natalia-gavrilita-efectueaza-o-vizita-de-lucru-la-bruxelles\\\/#primaryimage\",\"url\":\"https:\\\/\\\/www.btv.md\\\/wp-content\\\/uploads\\\/2021\\\/09\\\/gavrilita-4.jpg\",\"contentUrl\":\"https:\\\/\\\/www.btv.md\\\/wp-content\\\/uploads\\\/2021\\\/09\\\/gavrilita-4.jpg\",\"width\":1599,\"height\":1113,\"caption\":\"Foto: Moldova.org\"},{\"@type\":\"WebSite\",\"@id\":\"https:\\\/\\\/www.btv.md\\\/#website\",\"url\":\"https:\\\/\\\/www.btv.md\\\/\",\"name\":\"BTV\",\"description\":\"\u0411\u0435\u043b\u044c\u0446\u043a\u043e\u0435 \u0442\u0435\u043b\u0435\u0432\u0438\u0434\u0435\u043d\u0438\u0435\",\"potentialAction\":[{\"@type\":\"SearchAction\",\"target\":{\"@type\":\"EntryPoint\",\"urlTemplate\":\"https:\\\/\\\/www.btv.md\\\/?s={search_term_string}\"},\"query-input\":{\"@type\":\"PropertyValueSpecification\",\"valueRequired\":true,\"valueName\":\"search_term_string\"}}],\"inLanguage\":\"ro-RO\"},{\"@type\":\"Person\",\"@id\":\"https:\\\/\\\/www.btv.md\\\/#\\\/schema\\\/person\\\/8fadce81561b3ce2c34c46dadc4ccbf2\",\"name\":\"admin\"}]}<\/script>\n<!-- \/ Yoast SEO plugin. -->","yoast_head_json":{"title":"Prim-ministrul Natalia Gavrili\u021ba efectueaz\u0103 o vizit\u0103 de lucru la Bruxelles - BTV","robots":{"index":"index","follow":"follow","max-snippet":"max-snippet:-1","max-image-preview":"max-image-preview:large","max-video-preview":"max-video-preview:-1"},"canonical":"https:\/\/www.btv.md\/ro\/prim-ministrul-natalia-gavrilita-efectueaza-o-vizita-de-lucru-la-bruxelles\/","og_locale":"ro_RO","og_type":"article","og_title":"Prim-ministrul Natalia Gavrili\u021ba efectueaz\u0103 o vizit\u0103 de lucru la Bruxelles - BTV","og_description":"\u00cen perioada 27-28 septembrie curent, prim-ministrul Natalia Gavrili\u021ba efectueaz\u0103 o vizit\u0103 de lucru la Bruxelles, fiind \u00eenso\u021bit\u0103 de vicepremierul \u015fi ministrul Afacerilor Externe, Nicu Popescu. Aceasta este prima vizit\u0103 \u00een str\u0103in\u0103tate a Nataliei Gavrili\u021ba \u00een calitate de prim-ministrul, \u0219i are loc la invita\u021bia \u00cenaltului Reprezentant al Uniunii Europene pentru Afaceri Externe \u015fi Politica de Securitate, [&hellip;]","og_url":"https:\/\/www.btv.md\/ro\/prim-ministrul-natalia-gavrilita-efectueaza-o-vizita-de-lucru-la-bruxelles\/","og_site_name":"BTV","article_publisher":"https:\/\/www.facebook.com\/btvmoldova\/","article_published_time":"2021-09-27T09:06:56+00:00","og_image":[{"width":1599,"height":1113,"url":"https:\/\/www.btv.md\/wp-content\/uploads\/2021\/09\/gavrilita-4.jpg","type":"image\/jpeg"}],"author":"admin","twitter_misc":{"Scris de":"admin","Timp estimat pentru citire":"1 minut"},"schema":{"@context":"https:\/\/schema.org","@graph":[{"@type":"Article","@id":"https:\/\/www.btv.md\/ro\/prim-ministrul-natalia-gavrilita-efectueaza-o-vizita-de-lucru-la-bruxelles\/#article","isPartOf":{"@id":"https:\/\/www.btv.md\/ro\/prim-ministrul-natalia-gavrilita-efectueaza-o-vizita-de-lucru-la-bruxelles\/"},"author":{"name":"admin","@id":"https:\/\/www.btv.md\/#\/schema\/person\/8fadce81561b3ce2c34c46dadc4ccbf2"},"headline":"Prim-ministrul Natalia Gavrili\u021ba efectueaz\u0103 o vizit\u0103 de lucru la Bruxelles","datePublished":"2021-09-27T09:06:56+00:00","mainEntityOfPage":{"@id":"https:\/\/www.btv.md\/ro\/prim-ministrul-natalia-gavrilita-efectueaza-o-vizita-de-lucru-la-bruxelles\/"},"wordCount":246,"image":{"@id":"https:\/\/www.btv.md\/ro\/prim-ministrul-natalia-gavrilita-efectueaza-o-vizita-de-lucru-la-bruxelles\/#primaryimage"},"thumbnailUrl":"https:\/\/www.btv.md\/wp-content\/uploads\/2021\/09\/gavrilita-4.jpg","keywords":["Prim-ministrul Natalia Gavrili\u021ba efectueaz\u0103 o vizit\u0103 de lucru la Bruxelles"],"articleSection":["Politic\u0103","Social"],"inLanguage":"ro-RO"},{"@type":"WebPage","@id":"https:\/\/www.btv.md\/ro\/prim-ministrul-natalia-gavrilita-efectueaza-o-vizita-de-lucru-la-bruxelles\/","url":"https:\/\/www.btv.md\/ro\/prim-ministrul-natalia-gavrilita-efectueaza-o-vizita-de-lucru-la-bruxelles\/","name":"Prim-ministrul Natalia Gavrili\u021ba efectueaz\u0103 o vizit\u0103 de lucru la Bruxelles - BTV","isPartOf":{"@id":"https:\/\/www.btv.md\/#website"},"primaryImageOfPage":{"@id":"https:\/\/www.btv.md\/ro\/prim-ministrul-natalia-gavrilita-efectueaza-o-vizita-de-lucru-la-bruxelles\/#primaryimage"},"image":{"@id":"https:\/\/www.btv.md\/ro\/prim-ministrul-natalia-gavrilita-efectueaza-o-vizita-de-lucru-la-bruxelles\/#primaryimage"},"thumbnailUrl":"https:\/\/www.btv.md\/wp-content\/uploads\/2021\/09\/gavrilita-4.jpg","datePublished":"2021-09-27T09:06:56+00:00","author":{"@id":"https:\/\/www.btv.md\/#\/schema\/person\/8fadce81561b3ce2c34c46dadc4ccbf2"},"inLanguage":"ro-RO","potentialAction":[{"@type":"ReadAction","target":["https:\/\/www.btv.md\/ro\/prim-ministrul-natalia-gavrilita-efectueaza-o-vizita-de-lucru-la-bruxelles\/"]}]},{"@type":"ImageObject","inLanguage":"ro-RO","@id":"https:\/\/www.btv.md\/ro\/prim-ministrul-natalia-gavrilita-efectueaza-o-vizita-de-lucru-la-bruxelles\/#primaryimage","url":"https:\/\/www.btv.md\/wp-content\/uploads\/2021\/09\/gavrilita-4.jpg","contentUrl":"https:\/\/www.btv.md\/wp-content\/uploads\/2021\/09\/gavrilita-4.jpg","width":1599,"height":1113,"caption":"Foto: Moldova.org"},{"@type":"WebSite","@id":"https:\/\/www.btv.md\/#website","url":"https:\/\/www.btv.md\/","name":"BTV","description":"\u0411\u0435\u043b\u044c\u0446\u043a\u043e\u0435 \u0442\u0435\u043b\u0435\u0432\u0438\u0434\u0435\u043d\u0438\u0435","potentialAction":[{"@type":"SearchAction","target":{"@type":"EntryPoint","urlTemplate":"https:\/\/www.btv.md\/?s={search_term_string}"},"query-input":{"@type":"PropertyValueSpecification","valueRequired":true,"valueName":"search_term_string"}}],"inLanguage":"ro-RO"},{"@type":"Person","@id":"https:\/\/www.btv.md\/#\/schema\/person\/8fadce81561b3ce2c34c46dadc4ccbf2","name":"admin"}]}},"_links":{"self":[{"href":"https:\/\/www.btv.md\/ro\/wp-json\/wp\/v2\/posts\/146968","targetHints":{"allow":["GET"]}}],"collection":[{"href":"https:\/\/www.btv.md\/ro\/wp-json\/wp\/v2\/posts"}],"about":[{"href":"https:\/\/www.btv.md\/ro\/wp-json\/wp\/v2\/types\/post"}],"author":[{"embeddable":true,"href":"https:\/\/www.btv.md\/ro\/wp-json\/wp\/v2\/users\/4"}],"replies":[{"embeddable":true,"href":"https:\/\/www.btv.md\/ro\/wp-json\/wp\/v2\/comments?post=146968"}],"version-history":[{"count":0,"href":"https:\/\/www.btv.md\/ro\/wp-json\/wp\/v2\/posts\/146968\/revisions"}],"wp:featuredmedia":[{"embeddable":true,"href":"https:\/\/www.btv.md\/ro\/wp-json\/wp\/v2\/media\/146972"}],"wp:attachment":[{"href":"https:\/\/www.btv.md\/ro\/wp-json\/wp\/v2\/media?parent=146968"}],"wp:term":[{"taxonomy":"category","embeddable":true,"href":"https:\/\/www.btv.md\/ro\/wp-json\/wp\/v2\/categories?post=146968"},{"taxonomy":"post_tag","embeddable":true,"href":"https:\/\/www.btv.md\/ro\/wp-json\/wp\/v2\/tags?post=146968"}],"curies":[{"name":"wp","href":"https:\/\/api.w.org\/{rel}","templated":true}]}}