{"id":146976,"date":"2021-09-27T12:17:46","date_gmt":"2021-09-27T09:17:46","guid":{"rendered":"https:\/\/www.btv.md\/?p=146976"},"modified":"2021-09-27T12:17:46","modified_gmt":"2021-09-27T09:17:46","slug":"cum-se-calculeaza-si-cine-are-dreptul-la-indemnizatii-pentru-incapacitate-temporara-de-munca","status":"publish","type":"post","link":"https:\/\/www.btv.md\/ro\/cum-se-calculeaza-si-cine-are-dreptul-la-indemnizatii-pentru-incapacitate-temporara-de-munca\/","title":{"rendered":"Cum se calculeaz\u0103 \u0219i cine are dreptul la indemniza\u0163ii pentru\u00a0incapacitate temporar\u0103\u00a0de\u00a0munc\u0103?"},"content":{"rendered":"<p><strong>Potrivit Legii privind indemniza\u0163iile pentru incapacitate temporar\u0103 de munc\u0103 \u015fi alte presta\u0163ii de asigur\u0103ri sociale, dreptul persoanei asigurate la indemniza\u021bia pentru incapacitatea temporar\u0103 de munc\u0103 se stabile\u0219te dac\u0103 aceasta pierde, la toate unit\u0103\u021bile \u00een care desf\u0103\u0219oar\u0103 activit\u0103\u021bi, venitul asigurat pentru \u00eentreaga perioad\u0103 a concediului medical \u015fi dac\u0103 confirm\u0103 un stagiu total de cotizare de cel pu\u0163in 3 ani sau un stagiu de cotizare de cel pu\u0163in 9 luni \u00een ultimele 24 de luni premerg\u0103toare datei producerii riscului asigurat (\u00eemboln\u0103virii). Indemniza\u021biile pentru incapacitate temporar\u0103 de munc\u0103 cauzat\u0103 de tuberculoz\u0103, de SIDA sau de o maladie oncologic\u0103 se stabilesc indiferent de durata stagiului de cotizare, transmite realitatea.md.\u00a0<\/strong><\/p>\n<p>Indemniza\u0163iile pentru incapacitatea temporar\u0103 de munc\u0103 cauzate de boli obi\u015fnuite sau de accidente nelegate de munc\u0103 se achit\u0103 de c\u0103tre Casa Na\u0163ional\u0103 de Asigur\u0103ri Sociale \u00eencep\u00e2nd cu a \u015fasea zi calendaristic\u0103 de incapacitate temporar\u0103 de munc\u0103, iar \u00een cazul mai multor perioade de incapacitate temporar\u0103 de munc\u0103 \u2013 \u00eencep\u00e2nd cu prima zi dup\u0103 expirarea celor 15 zile cumulative pl\u0103tite din mijloacele angajatorului.<\/p>\n<p>Cuantumul lunar al indemniza\u0163iei pentru incapacitate temporar\u0103 de munc\u0103 se stabile\u015fte diferen\u0163iat, \u00een func\u0163ie de durata stagiului de cotizare, dup\u0103 cum urmeaz\u0103:<\/p>\n<ul>\n<li><em>60% din baza de calcul \u2013 \u00een cazul unui stagiu de cotizare de p\u00e2n\u0103 la 5 ani;<\/em><\/li>\n<li><em>70% din baza de calcul \u2013 \u00een cazul unui stagiu de cotizare cuprins \u00eentre 5 \u015fi 8 ani;<\/em><\/li>\n<li><em>90% din baza de calcul \u2013 \u00een cazul unui stagiu de cotizare de peste 8 ani.<\/em><\/li>\n<\/ul>\n<p>Cuantumul indemniza\u0163iei pentru incapacitate temporar\u0103 de munc\u0103 cauzat\u0103 de tuberculoz\u0103, SIDA sau de o maladie oncologic\u0103 este de 100% din baza de calcul.<\/p>\n<p>Baza de calcul a indemniza\u0163iei pentru incapacitate temporar\u0103 de munc\u0103 stabilite din contul bugetului asigur\u0103rilor sociale de stat o constituie venitul mediu lunar asigurat realizat \u00een ultimele 12 luni calendaristice premerg\u0103toare lunii producerii riscului asigurat, venit din care, la data stabilirii indemniza\u021biei, au fost calculate \u0219i pl\u0103tite contribu\u021bii.<\/p>\n<p>Venitul asigurat pentru lunile incluse \u00een calcul la determinarea bazei de calcul al indemniza\u021biei pentru incapacitatea temporar\u0103 de munc\u0103 nu poate dep\u0103\u0219i suma a 5 salarii medii lunare prognozate pe economie pentru anul respectiv \u00eenmul\u021bit\u0103 la 12 sau la num\u0103rul de luni \u00een care persoana a realizat venit asigurat. \u00cen cazul \u00een care \u00een calcul se include anul calendaristic incomplet, venitul asigurat se plafoneaz\u0103 reie\u0219ind din num\u0103rul de luni \u00een care a fost realizat venitul asigurat pentru anul respectiv. Salariul mediu lunar prognozat pe economie se aprob\u0103 de Guvern.<\/p>\n<p>Venitul mediu lunar asigurat se determin\u0103 prin \u00eemp\u0103r\u021birea la 12 a venitului asigurat realizat la toate unit\u0103\u021bile \u00een ultimele 12 luni calendaristice premerg\u0103toare lunii producerii riscului asigurat.<\/p>\n<p>\u00cen cazul lipsei integrale a venitului asigurat la toate unit\u0103\u021bile \u00een unele \u0219i acelea\u0219i luni calendaristice sau \u00een toate lunile din perioada celor 12 luni calendaristice incluse \u00een calcul, aceste luni se substituie cu acela\u0219i num\u0103r de luni calendaristice consecutive imediat premerg\u0103toare perioadei incluse \u00een calcul \u00een care s-a realizat venit asigurat. Perioada de substituire este de cel mult 36 de luni calendaristice consecutive.<\/p>\n<p>\u00cen cazul persoanelor asigurate pentru care lipse\u015fte baza de calcul la stabilirea indemniza\u0163iei, baza de calcul o constituie 35% din salariul mediu lunar prognozat, stabilit de Guvern, pentru anul \u00een care s-a produs riscul asigurat.<\/p>\n<p>Baza de calcul al indemniza\u021biei pentru incapacitate temporar\u0103 de munc\u0103 cauzat\u0103 de tuberculoz\u0103, de SIDA sau de o maladie oncologic\u0103, pentru persoanele asigurate, care nu au stagiul necesar de cotizare de 3 ani \u00een total sau 9 luni \u00een ultimele 24 luni premerg\u0103toare datei \u00eemboln\u0103virii, o constituie 35% din salariul mediu lunar prognozat, stabilit de Guvern, pentru anul \u00een care s-a produs riscul asigurat.<\/p>\n<p>Cuantumul salariului mediu lunar pe economie, prognozat pentru anul 2021 constituie 8716 lei, aprobat prin Hot\u0103r\u00e2rea Guvernului nr. 923\/2020.<\/p>\n<p>Indemniza\u021biile se calculeaz\u0103 \u0219i se pl\u0103tesc pentru zile calendaristice. Venitul asigurat pentru o zi calendaristic\u0103 se determin\u0103 prin \u00eemp\u0103r\u021birea venitului mediu lunar asigurat la num\u0103rul de zile calendaristice din luna pentru care se pl\u0103te\u0219te indemniza\u021bia.<\/p>\n<p>Venitul asigurat \u015fi stagiul de cotizare pentru stabilirea indemniza\u0163iilor pentru incapacitatea temporar\u0103 de munc\u0103 din mijloacele bugetului asigur\u0103rilor sociale de stat se confirm\u0103 \u00een baza informa\u021biei din Registrul de stat al eviden\u021bei individuale \u00een sistemul public de asigur\u0103ri sociale.<\/p>\n<p>&nbsp;<\/p>\n","protected":false},"excerpt":{"rendered":"<p>Potrivit Legii privind indemniza\u0163iile pentru incapacitate temporar\u0103 de munc\u0103 \u015fi alte presta\u0163ii de asigur\u0103ri sociale, dreptul persoanei asigurate la indemniza\u021bia pentru incapacitatea temporar\u0103 de munc\u0103 se stabile\u0219te dac\u0103 aceasta pierde, la toate unit\u0103\u021bile \u00een care desf\u0103\u0219oar\u0103 activit\u0103\u021bi, venitul asigurat pentru \u00eentreaga perioad\u0103 a concediului medical \u015fi dac\u0103 confirm\u0103 un stagiu total de cotizare de cel [&hellip;]<\/p>\n","protected":false},"author":4,"featured_media":146979,"comment_status":"closed","ping_status":"closed","sticky":false,"template":"","format":"standard","meta":{"footnotes":""},"categories":[6349,6369],"tags":[30499],"class_list":["post-146976","post","type-post","status-publish","format-standard","has-post-thumbnail","hentry","category-social","category-economie-ro","tag-cum-se-calculeaza-si-cine-are-dreptul-la-indemnizatii-pentru-incapacitate-temporara-de-munca-ro"],"yoast_head":"<!-- This site is optimized with the Yoast SEO plugin v27.4 - https:\/\/yoast.com\/product\/yoast-seo-wordpress\/ -->\n<title>Cum se calculeaz\u0103 \u0219i cine are dreptul la indemniza\u0163ii pentru\u00a0incapacitate temporar\u0103\u00a0de\u00a0munc\u0103? - BTV<\/title>\n<meta name=\"robots\" content=\"index, follow, max-snippet:-1, max-image-preview:large, max-video-preview:-1\" \/>\n<link rel=\"canonical\" href=\"https:\/\/www.btv.md\/ro\/cum-se-calculeaza-si-cine-are-dreptul-la-indemnizatii-pentru-incapacitate-temporara-de-munca\/\" \/>\n<meta property=\"og:locale\" content=\"ro_RO\" \/>\n<meta property=\"og:type\" content=\"article\" \/>\n<meta property=\"og:title\" content=\"Cum se calculeaz\u0103 \u0219i cine are dreptul la indemniza\u0163ii pentru\u00a0incapacitate temporar\u0103\u00a0de\u00a0munc\u0103? - BTV\" \/>\n<meta property=\"og:description\" content=\"Potrivit Legii privind indemniza\u0163iile pentru incapacitate temporar\u0103 de munc\u0103 \u015fi alte presta\u0163ii de asigur\u0103ri sociale, dreptul persoanei asigurate la indemniza\u021bia pentru incapacitatea temporar\u0103 de munc\u0103 se stabile\u0219te dac\u0103 aceasta pierde, la toate unit\u0103\u021bile \u00een care desf\u0103\u0219oar\u0103 activit\u0103\u021bi, venitul asigurat pentru \u00eentreaga perioad\u0103 a concediului medical \u015fi dac\u0103 confirm\u0103 un stagiu total de cotizare de cel [&hellip;]\" \/>\n<meta property=\"og:url\" content=\"https:\/\/www.btv.md\/ro\/cum-se-calculeaza-si-cine-are-dreptul-la-indemnizatii-pentru-incapacitate-temporara-de-munca\/\" \/>\n<meta property=\"og:site_name\" content=\"BTV\" \/>\n<meta property=\"article:publisher\" content=\"https:\/\/www.facebook.com\/btvmoldova\/\" \/>\n<meta property=\"article:published_time\" content=\"2021-09-27T09:17:46+00:00\" \/>\n<meta property=\"og:image\" content=\"https:\/\/www.btv.md\/wp-content\/uploads\/2021\/09\/cati-bani-a-incasat-statul-si-a-cat-a-cheltuit-in-primele-trei-luni-ale-anului-1399376734-1920x1020-c-default.jpeg\" \/>\n\t<meta property=\"og:image:width\" content=\"1920\" \/>\n\t<meta property=\"og:image:height\" content=\"1020\" \/>\n\t<meta property=\"og:image:type\" content=\"image\/jpeg\" \/>\n<meta name=\"author\" content=\"admin\" \/>\n<meta name=\"twitter:label1\" content=\"Scris de\" \/>\n\t<meta name=\"twitter:data1\" content=\"admin\" \/>\n\t<meta name=\"twitter:label2\" content=\"Timp estimat pentru citire\" \/>\n\t<meta name=\"twitter:data2\" content=\"3 minute\" \/>\n<script type=\"application\/ld+json\" class=\"yoast-schema-graph\">{\"@context\":\"https:\\\/\\\/schema.org\",\"@graph\":[{\"@type\":\"Article\",\"@id\":\"https:\\\/\\\/www.btv.md\\\/ro\\\/cum-se-calculeaza-si-cine-are-dreptul-la-indemnizatii-pentru-incapacitate-temporara-de-munca\\\/#article\",\"isPartOf\":{\"@id\":\"https:\\\/\\\/www.btv.md\\\/ro\\\/cum-se-calculeaza-si-cine-are-dreptul-la-indemnizatii-pentru-incapacitate-temporara-de-munca\\\/\"},\"author\":{\"name\":\"admin\",\"@id\":\"https:\\\/\\\/www.btv.md\\\/#\\\/schema\\\/person\\\/8fadce81561b3ce2c34c46dadc4ccbf2\"},\"headline\":\"Cum se calculeaz\u0103 \u0219i cine are dreptul la indemniza\u0163ii pentru\u00a0incapacitate temporar\u0103\u00a0de\u00a0munc\u0103?\",\"datePublished\":\"2021-09-27T09:17:46+00:00\",\"mainEntityOfPage\":{\"@id\":\"https:\\\/\\\/www.btv.md\\\/ro\\\/cum-se-calculeaza-si-cine-are-dreptul-la-indemnizatii-pentru-incapacitate-temporara-de-munca\\\/\"},\"wordCount\":737,\"image\":{\"@id\":\"https:\\\/\\\/www.btv.md\\\/ro\\\/cum-se-calculeaza-si-cine-are-dreptul-la-indemnizatii-pentru-incapacitate-temporara-de-munca\\\/#primaryimage\"},\"thumbnailUrl\":\"https:\\\/\\\/www.btv.md\\\/wp-content\\\/uploads\\\/2021\\\/09\\\/cati-bani-a-incasat-statul-si-a-cat-a-cheltuit-in-primele-trei-luni-ale-anului-1399376734-1920x1020-c-default.jpeg\",\"keywords\":[\"Cum se calculeaz\u0103 \u0219i cine are dreptul la indemniza\u0163ii pentru\u00a0incapacitate temporar\u0103\u00a0de\u00a0munc\u0103?\"],\"articleSection\":[\"Social\",\"Economie\"],\"inLanguage\":\"ro-RO\"},{\"@type\":\"WebPage\",\"@id\":\"https:\\\/\\\/www.btv.md\\\/ro\\\/cum-se-calculeaza-si-cine-are-dreptul-la-indemnizatii-pentru-incapacitate-temporara-de-munca\\\/\",\"url\":\"https:\\\/\\\/www.btv.md\\\/ro\\\/cum-se-calculeaza-si-cine-are-dreptul-la-indemnizatii-pentru-incapacitate-temporara-de-munca\\\/\",\"name\":\"Cum se calculeaz\u0103 \u0219i cine are dreptul la indemniza\u0163ii pentru\u00a0incapacitate temporar\u0103\u00a0de\u00a0munc\u0103? - BTV\",\"isPartOf\":{\"@id\":\"https:\\\/\\\/www.btv.md\\\/#website\"},\"primaryImageOfPage\":{\"@id\":\"https:\\\/\\\/www.btv.md\\\/ro\\\/cum-se-calculeaza-si-cine-are-dreptul-la-indemnizatii-pentru-incapacitate-temporara-de-munca\\\/#primaryimage\"},\"image\":{\"@id\":\"https:\\\/\\\/www.btv.md\\\/ro\\\/cum-se-calculeaza-si-cine-are-dreptul-la-indemnizatii-pentru-incapacitate-temporara-de-munca\\\/#primaryimage\"},\"thumbnailUrl\":\"https:\\\/\\\/www.btv.md\\\/wp-content\\\/uploads\\\/2021\\\/09\\\/cati-bani-a-incasat-statul-si-a-cat-a-cheltuit-in-primele-trei-luni-ale-anului-1399376734-1920x1020-c-default.jpeg\",\"datePublished\":\"2021-09-27T09:17:46+00:00\",\"author\":{\"@id\":\"https:\\\/\\\/www.btv.md\\\/#\\\/schema\\\/person\\\/8fadce81561b3ce2c34c46dadc4ccbf2\"},\"inLanguage\":\"ro-RO\",\"potentialAction\":[{\"@type\":\"ReadAction\",\"target\":[\"https:\\\/\\\/www.btv.md\\\/ro\\\/cum-se-calculeaza-si-cine-are-dreptul-la-indemnizatii-pentru-incapacitate-temporara-de-munca\\\/\"]}]},{\"@type\":\"ImageObject\",\"inLanguage\":\"ro-RO\",\"@id\":\"https:\\\/\\\/www.btv.md\\\/ro\\\/cum-se-calculeaza-si-cine-are-dreptul-la-indemnizatii-pentru-incapacitate-temporara-de-munca\\\/#primaryimage\",\"url\":\"https:\\\/\\\/www.btv.md\\\/wp-content\\\/uploads\\\/2021\\\/09\\\/cati-bani-a-incasat-statul-si-a-cat-a-cheltuit-in-primele-trei-luni-ale-anului-1399376734-1920x1020-c-default.jpeg\",\"contentUrl\":\"https:\\\/\\\/www.btv.md\\\/wp-content\\\/uploads\\\/2021\\\/09\\\/cati-bani-a-incasat-statul-si-a-cat-a-cheltuit-in-primele-trei-luni-ale-anului-1399376734-1920x1020-c-default.jpeg\",\"width\":1920,\"height\":1020,\"caption\":\"\u00cen cazul \u00een care apar \u00eentreb\u0103ri, v\u0103 \u00eendemn\u0103m s\u0103 telefona\u021bi la num\u0103rul 022 257 777. Foto: ZdG.md\"},{\"@type\":\"WebSite\",\"@id\":\"https:\\\/\\\/www.btv.md\\\/#website\",\"url\":\"https:\\\/\\\/www.btv.md\\\/\",\"name\":\"BTV\",\"description\":\"\u0411\u0435\u043b\u044c\u0446\u043a\u043e\u0435 \u0442\u0435\u043b\u0435\u0432\u0438\u0434\u0435\u043d\u0438\u0435\",\"potentialAction\":[{\"@type\":\"SearchAction\",\"target\":{\"@type\":\"EntryPoint\",\"urlTemplate\":\"https:\\\/\\\/www.btv.md\\\/?s={search_term_string}\"},\"query-input\":{\"@type\":\"PropertyValueSpecification\",\"valueRequired\":true,\"valueName\":\"search_term_string\"}}],\"inLanguage\":\"ro-RO\"},{\"@type\":\"Person\",\"@id\":\"https:\\\/\\\/www.btv.md\\\/#\\\/schema\\\/person\\\/8fadce81561b3ce2c34c46dadc4ccbf2\",\"name\":\"admin\"}]}<\/script>\n<!-- \/ Yoast SEO plugin. -->","yoast_head_json":{"title":"Cum se calculeaz\u0103 \u0219i cine are dreptul la indemniza\u0163ii pentru\u00a0incapacitate temporar\u0103\u00a0de\u00a0munc\u0103? - BTV","robots":{"index":"index","follow":"follow","max-snippet":"max-snippet:-1","max-image-preview":"max-image-preview:large","max-video-preview":"max-video-preview:-1"},"canonical":"https:\/\/www.btv.md\/ro\/cum-se-calculeaza-si-cine-are-dreptul-la-indemnizatii-pentru-incapacitate-temporara-de-munca\/","og_locale":"ro_RO","og_type":"article","og_title":"Cum se calculeaz\u0103 \u0219i cine are dreptul la indemniza\u0163ii pentru\u00a0incapacitate temporar\u0103\u00a0de\u00a0munc\u0103? - BTV","og_description":"Potrivit Legii privind indemniza\u0163iile pentru incapacitate temporar\u0103 de munc\u0103 \u015fi alte presta\u0163ii de asigur\u0103ri sociale, dreptul persoanei asigurate la indemniza\u021bia pentru incapacitatea temporar\u0103 de munc\u0103 se stabile\u0219te dac\u0103 aceasta pierde, la toate unit\u0103\u021bile \u00een care desf\u0103\u0219oar\u0103 activit\u0103\u021bi, venitul asigurat pentru \u00eentreaga perioad\u0103 a concediului medical \u015fi dac\u0103 confirm\u0103 un stagiu total de cotizare de cel [&hellip;]","og_url":"https:\/\/www.btv.md\/ro\/cum-se-calculeaza-si-cine-are-dreptul-la-indemnizatii-pentru-incapacitate-temporara-de-munca\/","og_site_name":"BTV","article_publisher":"https:\/\/www.facebook.com\/btvmoldova\/","article_published_time":"2021-09-27T09:17:46+00:00","og_image":[{"width":1920,"height":1020,"url":"https:\/\/www.btv.md\/wp-content\/uploads\/2021\/09\/cati-bani-a-incasat-statul-si-a-cat-a-cheltuit-in-primele-trei-luni-ale-anului-1399376734-1920x1020-c-default.jpeg","type":"image\/jpeg"}],"author":"admin","twitter_misc":{"Scris de":"admin","Timp estimat pentru citire":"3 minute"},"schema":{"@context":"https:\/\/schema.org","@graph":[{"@type":"Article","@id":"https:\/\/www.btv.md\/ro\/cum-se-calculeaza-si-cine-are-dreptul-la-indemnizatii-pentru-incapacitate-temporara-de-munca\/#article","isPartOf":{"@id":"https:\/\/www.btv.md\/ro\/cum-se-calculeaza-si-cine-are-dreptul-la-indemnizatii-pentru-incapacitate-temporara-de-munca\/"},"author":{"name":"admin","@id":"https:\/\/www.btv.md\/#\/schema\/person\/8fadce81561b3ce2c34c46dadc4ccbf2"},"headline":"Cum se calculeaz\u0103 \u0219i cine are dreptul la indemniza\u0163ii pentru\u00a0incapacitate temporar\u0103\u00a0de\u00a0munc\u0103?","datePublished":"2021-09-27T09:17:46+00:00","mainEntityOfPage":{"@id":"https:\/\/www.btv.md\/ro\/cum-se-calculeaza-si-cine-are-dreptul-la-indemnizatii-pentru-incapacitate-temporara-de-munca\/"},"wordCount":737,"image":{"@id":"https:\/\/www.btv.md\/ro\/cum-se-calculeaza-si-cine-are-dreptul-la-indemnizatii-pentru-incapacitate-temporara-de-munca\/#primaryimage"},"thumbnailUrl":"https:\/\/www.btv.md\/wp-content\/uploads\/2021\/09\/cati-bani-a-incasat-statul-si-a-cat-a-cheltuit-in-primele-trei-luni-ale-anului-1399376734-1920x1020-c-default.jpeg","keywords":["Cum se calculeaz\u0103 \u0219i cine are dreptul la indemniza\u0163ii pentru\u00a0incapacitate temporar\u0103\u00a0de\u00a0munc\u0103?"],"articleSection":["Social","Economie"],"inLanguage":"ro-RO"},{"@type":"WebPage","@id":"https:\/\/www.btv.md\/ro\/cum-se-calculeaza-si-cine-are-dreptul-la-indemnizatii-pentru-incapacitate-temporara-de-munca\/","url":"https:\/\/www.btv.md\/ro\/cum-se-calculeaza-si-cine-are-dreptul-la-indemnizatii-pentru-incapacitate-temporara-de-munca\/","name":"Cum se calculeaz\u0103 \u0219i cine are dreptul la indemniza\u0163ii pentru\u00a0incapacitate temporar\u0103\u00a0de\u00a0munc\u0103? - BTV","isPartOf":{"@id":"https:\/\/www.btv.md\/#website"},"primaryImageOfPage":{"@id":"https:\/\/www.btv.md\/ro\/cum-se-calculeaza-si-cine-are-dreptul-la-indemnizatii-pentru-incapacitate-temporara-de-munca\/#primaryimage"},"image":{"@id":"https:\/\/www.btv.md\/ro\/cum-se-calculeaza-si-cine-are-dreptul-la-indemnizatii-pentru-incapacitate-temporara-de-munca\/#primaryimage"},"thumbnailUrl":"https:\/\/www.btv.md\/wp-content\/uploads\/2021\/09\/cati-bani-a-incasat-statul-si-a-cat-a-cheltuit-in-primele-trei-luni-ale-anului-1399376734-1920x1020-c-default.jpeg","datePublished":"2021-09-27T09:17:46+00:00","author":{"@id":"https:\/\/www.btv.md\/#\/schema\/person\/8fadce81561b3ce2c34c46dadc4ccbf2"},"inLanguage":"ro-RO","potentialAction":[{"@type":"ReadAction","target":["https:\/\/www.btv.md\/ro\/cum-se-calculeaza-si-cine-are-dreptul-la-indemnizatii-pentru-incapacitate-temporara-de-munca\/"]}]},{"@type":"ImageObject","inLanguage":"ro-RO","@id":"https:\/\/www.btv.md\/ro\/cum-se-calculeaza-si-cine-are-dreptul-la-indemnizatii-pentru-incapacitate-temporara-de-munca\/#primaryimage","url":"https:\/\/www.btv.md\/wp-content\/uploads\/2021\/09\/cati-bani-a-incasat-statul-si-a-cat-a-cheltuit-in-primele-trei-luni-ale-anului-1399376734-1920x1020-c-default.jpeg","contentUrl":"https:\/\/www.btv.md\/wp-content\/uploads\/2021\/09\/cati-bani-a-incasat-statul-si-a-cat-a-cheltuit-in-primele-trei-luni-ale-anului-1399376734-1920x1020-c-default.jpeg","width":1920,"height":1020,"caption":"\u00cen cazul \u00een care apar \u00eentreb\u0103ri, v\u0103 \u00eendemn\u0103m s\u0103 telefona\u021bi la num\u0103rul 022 257 777. Foto: ZdG.md"},{"@type":"WebSite","@id":"https:\/\/www.btv.md\/#website","url":"https:\/\/www.btv.md\/","name":"BTV","description":"\u0411\u0435\u043b\u044c\u0446\u043a\u043e\u0435 \u0442\u0435\u043b\u0435\u0432\u0438\u0434\u0435\u043d\u0438\u0435","potentialAction":[{"@type":"SearchAction","target":{"@type":"EntryPoint","urlTemplate":"https:\/\/www.btv.md\/?s={search_term_string}"},"query-input":{"@type":"PropertyValueSpecification","valueRequired":true,"valueName":"search_term_string"}}],"inLanguage":"ro-RO"},{"@type":"Person","@id":"https:\/\/www.btv.md\/#\/schema\/person\/8fadce81561b3ce2c34c46dadc4ccbf2","name":"admin"}]}},"_links":{"self":[{"href":"https:\/\/www.btv.md\/ro\/wp-json\/wp\/v2\/posts\/146976","targetHints":{"allow":["GET"]}}],"collection":[{"href":"https:\/\/www.btv.md\/ro\/wp-json\/wp\/v2\/posts"}],"about":[{"href":"https:\/\/www.btv.md\/ro\/wp-json\/wp\/v2\/types\/post"}],"author":[{"embeddable":true,"href":"https:\/\/www.btv.md\/ro\/wp-json\/wp\/v2\/users\/4"}],"replies":[{"embeddable":true,"href":"https:\/\/www.btv.md\/ro\/wp-json\/wp\/v2\/comments?post=146976"}],"version-history":[{"count":0,"href":"https:\/\/www.btv.md\/ro\/wp-json\/wp\/v2\/posts\/146976\/revisions"}],"wp:featuredmedia":[{"embeddable":true,"href":"https:\/\/www.btv.md\/ro\/wp-json\/wp\/v2\/media\/146979"}],"wp:attachment":[{"href":"https:\/\/www.btv.md\/ro\/wp-json\/wp\/v2\/media?parent=146976"}],"wp:term":[{"taxonomy":"category","embeddable":true,"href":"https:\/\/www.btv.md\/ro\/wp-json\/wp\/v2\/categories?post=146976"},{"taxonomy":"post_tag","embeddable":true,"href":"https:\/\/www.btv.md\/ro\/wp-json\/wp\/v2\/tags?post=146976"}],"curies":[{"name":"wp","href":"https:\/\/api.w.org\/{rel}","templated":true}]}}