{"id":147031,"date":"2021-09-27T13:52:50","date_gmt":"2021-09-27T10:52:50","guid":{"rendered":"https:\/\/www.btv.md\/?p=147031"},"modified":"2021-09-27T13:52:50","modified_gmt":"2021-09-27T10:52:50","slug":"un-moldovean-de-33-de-ani-a-prezentat-un-certificat-de-vaccinare-fals-este-al-doilea-caz-inregistrat-in-r-moldova","status":"publish","type":"post","link":"https:\/\/www.btv.md\/ro\/un-moldovean-de-33-de-ani-a-prezentat-un-certificat-de-vaccinare-fals-este-al-doilea-caz-inregistrat-in-r-moldova\/","title":{"rendered":"Un moldovean de 33 de ani a prezentat un certificat de vaccinare fals. Este al doilea caz \u00eenregistrat \u00een R.Moldova"},"content":{"rendered":"<p>Pentru a fi scutit de autoizolare, un\u00a0 b\u0103rbat de 33 de ani a prezentat la controlul de frontier\u0103 confirmarea faptului c\u0103 i-a fost administrat vaccinul Johnson-Johnson. \u00cen timpul examin\u0103rii, asupra certificatului au fost identificate mai multe semne neveridice. T\u00e2n\u0103rul pe l\u00e2ng\u0103 faptul c\u0103 a fost plasat \u00een autoizolare va fi cercetat penal pentru perfectarea ilegal\u0103 a actului.<\/p>\n<p>Cazul a avut loc pe 26 septembrie, \u00een punctul de trecere Criva. Acesta, \u00eempreun\u0103 cu documentele necesare pentru autorizarea intr\u0103rii \u00een \u021bar\u0103 a prezentat \u0219i certificatul de vaccinare pentru a fi scutit de carantin\u0103.<\/p>\n<p>Actul ce ar fi trebuit s\u0103-i permit\u0103 c\u0103l\u0103torului s\u0103 circule f\u0103r\u0103 restric\u021bii este motivul pentru care risc\u0103 amend\u0103 penal\u0103, deoarece asupra certificatului au fost depistate semne de falsificare legate de blanc, seria lotului, informa\u021bia din bazele de date, codul QR \u0219i altele.<\/p>\n<p>Audiat, t\u00e2n\u0103rul a declarat c\u0103 nu cunoa\u0219te despre cele depistate, \u00eens\u0103 nu s-a ar\u0103tat mirat pentru c\u0103 men\u021bioneaz\u0103 el: \u201erespectivul act i-a fost \u00eenm\u00e2nat de o persoan\u0103, fiind angajat \u00een Polonia\u201d.<\/p>\n<p>\u00cen repercursiune certificatul de vaccinare a fost ridicat, iar c\u0103l\u0103torul risc\u0103 o cercetare penal\u0103 conform art.361 Cod Penal al Republicii Moldova.<\/p>\n<p>Men\u021bion\u0103m c\u0103 este al doilea caz de acest gen. Primul caz a fost cercetat de c\u0103tre Poli\u021bia de Frontier\u0103 \u0219i ulterior diferit instan\u021bei de judecat\u0103 pentru luarea m\u0103surilor ce se impun.<\/p>\n","protected":false},"excerpt":{"rendered":"<p>Pentru a fi scutit de autoizolare, un\u00a0 b\u0103rbat de 33 de ani a prezentat la controlul de frontier\u0103 confirmarea faptului c\u0103 i-a fost administrat vaccinul Johnson-Johnson. \u00cen timpul examin\u0103rii, asupra certificatului au fost identificate mai multe semne neveridice. T\u00e2n\u0103rul pe l\u00e2ng\u0103 faptul c\u0103 a fost plasat \u00een autoizolare va fi cercetat penal pentru perfectarea ilegal\u0103 [&hellip;]<\/p>\n","protected":false},"author":26,"featured_media":147034,"comment_status":"closed","ping_status":"closed","sticky":false,"template":"","format":"standard","meta":{"footnotes":""},"categories":[6349],"tags":[30507,30508,30506],"class_list":["post-147031","post","type-post","status-publish","format-standard","has-post-thumbnail","hentry","category-social","tag-a-prezentat-un-certificat-de-vaccinare-fals","tag-este-al-doilea-caz-inregistrat-in-r-moldova","tag-un-moldovean-de-33-de-ani"],"yoast_head":"<!-- This site is optimized with the Yoast SEO plugin v27.4 - https:\/\/yoast.com\/product\/yoast-seo-wordpress\/ -->\n<title>Un moldovean de 33 de ani a prezentat un certificat de vaccinare fals. Este al doilea caz \u00eenregistrat \u00een R.Moldova - BTV<\/title>\n<meta name=\"robots\" content=\"index, follow, max-snippet:-1, max-image-preview:large, max-video-preview:-1\" \/>\n<link rel=\"canonical\" href=\"https:\/\/www.btv.md\/ro\/un-moldovean-de-33-de-ani-a-prezentat-un-certificat-de-vaccinare-fals-este-al-doilea-caz-inregistrat-in-r-moldova\/\" \/>\n<meta property=\"og:locale\" content=\"ro_RO\" \/>\n<meta property=\"og:type\" content=\"article\" \/>\n<meta property=\"og:title\" content=\"Un moldovean de 33 de ani a prezentat un certificat de vaccinare fals. Este al doilea caz \u00eenregistrat \u00een R.Moldova - BTV\" \/>\n<meta property=\"og:description\" content=\"Pentru a fi scutit de autoizolare, un\u00a0 b\u0103rbat de 33 de ani a prezentat la controlul de frontier\u0103 confirmarea faptului c\u0103 i-a fost administrat vaccinul Johnson-Johnson. \u00cen timpul examin\u0103rii, asupra certificatului au fost identificate mai multe semne neveridice. T\u00e2n\u0103rul pe l\u00e2ng\u0103 faptul c\u0103 a fost plasat \u00een autoizolare va fi cercetat penal pentru perfectarea ilegal\u0103 [&hellip;]\" \/>\n<meta property=\"og:url\" content=\"https:\/\/www.btv.md\/ro\/un-moldovean-de-33-de-ani-a-prezentat-un-certificat-de-vaccinare-fals-este-al-doilea-caz-inregistrat-in-r-moldova\/\" \/>\n<meta property=\"og:site_name\" content=\"BTV\" \/>\n<meta property=\"article:publisher\" content=\"https:\/\/www.facebook.com\/btvmoldova\/\" \/>\n<meta property=\"article:published_time\" content=\"2021-09-27T10:52:50+00:00\" \/>\n<meta property=\"og:image\" content=\"https:\/\/www.btv.md\/wp-content\/uploads\/2021\/09\/act-fals.jpeg\" \/>\n\t<meta property=\"og:image:width\" content=\"970\" \/>\n\t<meta property=\"og:image:height\" content=\"647\" \/>\n\t<meta property=\"og:image:type\" content=\"image\/jpeg\" \/>\n<meta name=\"author\" content=\"Victoria Ursu\" \/>\n<meta name=\"twitter:label1\" content=\"Scris de\" \/>\n\t<meta name=\"twitter:data1\" content=\"Victoria Ursu\" \/>\n\t<meta name=\"twitter:label2\" content=\"Timp estimat pentru citire\" \/>\n\t<meta name=\"twitter:data2\" content=\"1 minut\" \/>\n<script type=\"application\/ld+json\" class=\"yoast-schema-graph\">{\"@context\":\"https:\\\/\\\/schema.org\",\"@graph\":[{\"@type\":\"Article\",\"@id\":\"https:\\\/\\\/www.btv.md\\\/ro\\\/un-moldovean-de-33-de-ani-a-prezentat-un-certificat-de-vaccinare-fals-este-al-doilea-caz-inregistrat-in-r-moldova\\\/#article\",\"isPartOf\":{\"@id\":\"https:\\\/\\\/www.btv.md\\\/ro\\\/un-moldovean-de-33-de-ani-a-prezentat-un-certificat-de-vaccinare-fals-este-al-doilea-caz-inregistrat-in-r-moldova\\\/\"},\"author\":{\"name\":\"Victoria Ursu\",\"@id\":\"https:\\\/\\\/www.btv.md\\\/#\\\/schema\\\/person\\\/e4b592cd4d0aac4a25b0ac526c4c341f\"},\"headline\":\"Un moldovean de 33 de ani a prezentat un certificat de vaccinare fals. Este al doilea caz \u00eenregistrat \u00een R.Moldova\",\"datePublished\":\"2021-09-27T10:52:50+00:00\",\"mainEntityOfPage\":{\"@id\":\"https:\\\/\\\/www.btv.md\\\/ro\\\/un-moldovean-de-33-de-ani-a-prezentat-un-certificat-de-vaccinare-fals-este-al-doilea-caz-inregistrat-in-r-moldova\\\/\"},\"wordCount\":260,\"image\":{\"@id\":\"https:\\\/\\\/www.btv.md\\\/ro\\\/un-moldovean-de-33-de-ani-a-prezentat-un-certificat-de-vaccinare-fals-este-al-doilea-caz-inregistrat-in-r-moldova\\\/#primaryimage\"},\"thumbnailUrl\":\"https:\\\/\\\/www.btv.md\\\/wp-content\\\/uploads\\\/2021\\\/09\\\/act-fals.jpeg\",\"keywords\":[\"a prezentat un certificat de vaccinare fals.\",\"Este al doilea caz \u00eenregistrat \u00een R.Moldova\",\"Un moldovean de 33 de ani\"],\"articleSection\":[\"Social\"],\"inLanguage\":\"ro-RO\"},{\"@type\":\"WebPage\",\"@id\":\"https:\\\/\\\/www.btv.md\\\/ro\\\/un-moldovean-de-33-de-ani-a-prezentat-un-certificat-de-vaccinare-fals-este-al-doilea-caz-inregistrat-in-r-moldova\\\/\",\"url\":\"https:\\\/\\\/www.btv.md\\\/ro\\\/un-moldovean-de-33-de-ani-a-prezentat-un-certificat-de-vaccinare-fals-este-al-doilea-caz-inregistrat-in-r-moldova\\\/\",\"name\":\"Un moldovean de 33 de ani a prezentat un certificat de vaccinare fals. Este al doilea caz \u00eenregistrat \u00een R.Moldova - BTV\",\"isPartOf\":{\"@id\":\"https:\\\/\\\/www.btv.md\\\/#website\"},\"primaryImageOfPage\":{\"@id\":\"https:\\\/\\\/www.btv.md\\\/ro\\\/un-moldovean-de-33-de-ani-a-prezentat-un-certificat-de-vaccinare-fals-este-al-doilea-caz-inregistrat-in-r-moldova\\\/#primaryimage\"},\"image\":{\"@id\":\"https:\\\/\\\/www.btv.md\\\/ro\\\/un-moldovean-de-33-de-ani-a-prezentat-un-certificat-de-vaccinare-fals-este-al-doilea-caz-inregistrat-in-r-moldova\\\/#primaryimage\"},\"thumbnailUrl\":\"https:\\\/\\\/www.btv.md\\\/wp-content\\\/uploads\\\/2021\\\/09\\\/act-fals.jpeg\",\"datePublished\":\"2021-09-27T10:52:50+00:00\",\"author\":{\"@id\":\"https:\\\/\\\/www.btv.md\\\/#\\\/schema\\\/person\\\/e4b592cd4d0aac4a25b0ac526c4c341f\"},\"inLanguage\":\"ro-RO\",\"potentialAction\":[{\"@type\":\"ReadAction\",\"target\":[\"https:\\\/\\\/www.btv.md\\\/ro\\\/un-moldovean-de-33-de-ani-a-prezentat-un-certificat-de-vaccinare-fals-este-al-doilea-caz-inregistrat-in-r-moldova\\\/\"]}]},{\"@type\":\"ImageObject\",\"inLanguage\":\"ro-RO\",\"@id\":\"https:\\\/\\\/www.btv.md\\\/ro\\\/un-moldovean-de-33-de-ani-a-prezentat-un-certificat-de-vaccinare-fals-este-al-doilea-caz-inregistrat-in-r-moldova\\\/#primaryimage\",\"url\":\"https:\\\/\\\/www.btv.md\\\/wp-content\\\/uploads\\\/2021\\\/09\\\/act-fals.jpeg\",\"contentUrl\":\"https:\\\/\\\/www.btv.md\\\/wp-content\\\/uploads\\\/2021\\\/09\\\/act-fals.jpeg\",\"width\":970,\"height\":647,\"caption\":\"Foto: Poli\u021bia de Frontier\u0103 Conform actului, b\u0103rbatului i-a fost administrat vaccinul Johnson-Johnson\"},{\"@type\":\"WebSite\",\"@id\":\"https:\\\/\\\/www.btv.md\\\/#website\",\"url\":\"https:\\\/\\\/www.btv.md\\\/\",\"name\":\"BTV\",\"description\":\"\u0411\u0435\u043b\u044c\u0446\u043a\u043e\u0435 \u0442\u0435\u043b\u0435\u0432\u0438\u0434\u0435\u043d\u0438\u0435\",\"potentialAction\":[{\"@type\":\"SearchAction\",\"target\":{\"@type\":\"EntryPoint\",\"urlTemplate\":\"https:\\\/\\\/www.btv.md\\\/?s={search_term_string}\"},\"query-input\":{\"@type\":\"PropertyValueSpecification\",\"valueRequired\":true,\"valueName\":\"search_term_string\"}}],\"inLanguage\":\"ro-RO\"},{\"@type\":\"Person\",\"@id\":\"https:\\\/\\\/www.btv.md\\\/#\\\/schema\\\/person\\\/e4b592cd4d0aac4a25b0ac526c4c341f\",\"name\":\"Victoria Ursu\"}]}<\/script>\n<!-- \/ Yoast SEO plugin. -->","yoast_head_json":{"title":"Un moldovean de 33 de ani a prezentat un certificat de vaccinare fals. Este al doilea caz \u00eenregistrat \u00een R.Moldova - BTV","robots":{"index":"index","follow":"follow","max-snippet":"max-snippet:-1","max-image-preview":"max-image-preview:large","max-video-preview":"max-video-preview:-1"},"canonical":"https:\/\/www.btv.md\/ro\/un-moldovean-de-33-de-ani-a-prezentat-un-certificat-de-vaccinare-fals-este-al-doilea-caz-inregistrat-in-r-moldova\/","og_locale":"ro_RO","og_type":"article","og_title":"Un moldovean de 33 de ani a prezentat un certificat de vaccinare fals. Este al doilea caz \u00eenregistrat \u00een R.Moldova - BTV","og_description":"Pentru a fi scutit de autoizolare, un\u00a0 b\u0103rbat de 33 de ani a prezentat la controlul de frontier\u0103 confirmarea faptului c\u0103 i-a fost administrat vaccinul Johnson-Johnson. \u00cen timpul examin\u0103rii, asupra certificatului au fost identificate mai multe semne neveridice. T\u00e2n\u0103rul pe l\u00e2ng\u0103 faptul c\u0103 a fost plasat \u00een autoizolare va fi cercetat penal pentru perfectarea ilegal\u0103 [&hellip;]","og_url":"https:\/\/www.btv.md\/ro\/un-moldovean-de-33-de-ani-a-prezentat-un-certificat-de-vaccinare-fals-este-al-doilea-caz-inregistrat-in-r-moldova\/","og_site_name":"BTV","article_publisher":"https:\/\/www.facebook.com\/btvmoldova\/","article_published_time":"2021-09-27T10:52:50+00:00","og_image":[{"width":970,"height":647,"url":"https:\/\/www.btv.md\/wp-content\/uploads\/2021\/09\/act-fals.jpeg","type":"image\/jpeg"}],"author":"Victoria Ursu","twitter_misc":{"Scris de":"Victoria Ursu","Timp estimat pentru citire":"1 minut"},"schema":{"@context":"https:\/\/schema.org","@graph":[{"@type":"Article","@id":"https:\/\/www.btv.md\/ro\/un-moldovean-de-33-de-ani-a-prezentat-un-certificat-de-vaccinare-fals-este-al-doilea-caz-inregistrat-in-r-moldova\/#article","isPartOf":{"@id":"https:\/\/www.btv.md\/ro\/un-moldovean-de-33-de-ani-a-prezentat-un-certificat-de-vaccinare-fals-este-al-doilea-caz-inregistrat-in-r-moldova\/"},"author":{"name":"Victoria Ursu","@id":"https:\/\/www.btv.md\/#\/schema\/person\/e4b592cd4d0aac4a25b0ac526c4c341f"},"headline":"Un moldovean de 33 de ani a prezentat un certificat de vaccinare fals. Este al doilea caz \u00eenregistrat \u00een R.Moldova","datePublished":"2021-09-27T10:52:50+00:00","mainEntityOfPage":{"@id":"https:\/\/www.btv.md\/ro\/un-moldovean-de-33-de-ani-a-prezentat-un-certificat-de-vaccinare-fals-este-al-doilea-caz-inregistrat-in-r-moldova\/"},"wordCount":260,"image":{"@id":"https:\/\/www.btv.md\/ro\/un-moldovean-de-33-de-ani-a-prezentat-un-certificat-de-vaccinare-fals-este-al-doilea-caz-inregistrat-in-r-moldova\/#primaryimage"},"thumbnailUrl":"https:\/\/www.btv.md\/wp-content\/uploads\/2021\/09\/act-fals.jpeg","keywords":["a prezentat un certificat de vaccinare fals.","Este al doilea caz \u00eenregistrat \u00een R.Moldova","Un moldovean de 33 de ani"],"articleSection":["Social"],"inLanguage":"ro-RO"},{"@type":"WebPage","@id":"https:\/\/www.btv.md\/ro\/un-moldovean-de-33-de-ani-a-prezentat-un-certificat-de-vaccinare-fals-este-al-doilea-caz-inregistrat-in-r-moldova\/","url":"https:\/\/www.btv.md\/ro\/un-moldovean-de-33-de-ani-a-prezentat-un-certificat-de-vaccinare-fals-este-al-doilea-caz-inregistrat-in-r-moldova\/","name":"Un moldovean de 33 de ani a prezentat un certificat de vaccinare fals. Este al doilea caz \u00eenregistrat \u00een R.Moldova - BTV","isPartOf":{"@id":"https:\/\/www.btv.md\/#website"},"primaryImageOfPage":{"@id":"https:\/\/www.btv.md\/ro\/un-moldovean-de-33-de-ani-a-prezentat-un-certificat-de-vaccinare-fals-este-al-doilea-caz-inregistrat-in-r-moldova\/#primaryimage"},"image":{"@id":"https:\/\/www.btv.md\/ro\/un-moldovean-de-33-de-ani-a-prezentat-un-certificat-de-vaccinare-fals-este-al-doilea-caz-inregistrat-in-r-moldova\/#primaryimage"},"thumbnailUrl":"https:\/\/www.btv.md\/wp-content\/uploads\/2021\/09\/act-fals.jpeg","datePublished":"2021-09-27T10:52:50+00:00","author":{"@id":"https:\/\/www.btv.md\/#\/schema\/person\/e4b592cd4d0aac4a25b0ac526c4c341f"},"inLanguage":"ro-RO","potentialAction":[{"@type":"ReadAction","target":["https:\/\/www.btv.md\/ro\/un-moldovean-de-33-de-ani-a-prezentat-un-certificat-de-vaccinare-fals-este-al-doilea-caz-inregistrat-in-r-moldova\/"]}]},{"@type":"ImageObject","inLanguage":"ro-RO","@id":"https:\/\/www.btv.md\/ro\/un-moldovean-de-33-de-ani-a-prezentat-un-certificat-de-vaccinare-fals-este-al-doilea-caz-inregistrat-in-r-moldova\/#primaryimage","url":"https:\/\/www.btv.md\/wp-content\/uploads\/2021\/09\/act-fals.jpeg","contentUrl":"https:\/\/www.btv.md\/wp-content\/uploads\/2021\/09\/act-fals.jpeg","width":970,"height":647,"caption":"Foto: Poli\u021bia de Frontier\u0103 Conform actului, b\u0103rbatului i-a fost administrat vaccinul Johnson-Johnson"},{"@type":"WebSite","@id":"https:\/\/www.btv.md\/#website","url":"https:\/\/www.btv.md\/","name":"BTV","description":"\u0411\u0435\u043b\u044c\u0446\u043a\u043e\u0435 \u0442\u0435\u043b\u0435\u0432\u0438\u0434\u0435\u043d\u0438\u0435","potentialAction":[{"@type":"SearchAction","target":{"@type":"EntryPoint","urlTemplate":"https:\/\/www.btv.md\/?s={search_term_string}"},"query-input":{"@type":"PropertyValueSpecification","valueRequired":true,"valueName":"search_term_string"}}],"inLanguage":"ro-RO"},{"@type":"Person","@id":"https:\/\/www.btv.md\/#\/schema\/person\/e4b592cd4d0aac4a25b0ac526c4c341f","name":"Victoria Ursu"}]}},"_links":{"self":[{"href":"https:\/\/www.btv.md\/ro\/wp-json\/wp\/v2\/posts\/147031","targetHints":{"allow":["GET"]}}],"collection":[{"href":"https:\/\/www.btv.md\/ro\/wp-json\/wp\/v2\/posts"}],"about":[{"href":"https:\/\/www.btv.md\/ro\/wp-json\/wp\/v2\/types\/post"}],"author":[{"embeddable":true,"href":"https:\/\/www.btv.md\/ro\/wp-json\/wp\/v2\/users\/26"}],"replies":[{"embeddable":true,"href":"https:\/\/www.btv.md\/ro\/wp-json\/wp\/v2\/comments?post=147031"}],"version-history":[{"count":0,"href":"https:\/\/www.btv.md\/ro\/wp-json\/wp\/v2\/posts\/147031\/revisions"}],"wp:featuredmedia":[{"embeddable":true,"href":"https:\/\/www.btv.md\/ro\/wp-json\/wp\/v2\/media\/147034"}],"wp:attachment":[{"href":"https:\/\/www.btv.md\/ro\/wp-json\/wp\/v2\/media?parent=147031"}],"wp:term":[{"taxonomy":"category","embeddable":true,"href":"https:\/\/www.btv.md\/ro\/wp-json\/wp\/v2\/categories?post=147031"},{"taxonomy":"post_tag","embeddable":true,"href":"https:\/\/www.btv.md\/ro\/wp-json\/wp\/v2\/tags?post=147031"}],"curies":[{"name":"wp","href":"https:\/\/api.w.org\/{rel}","templated":true}]}}