{"id":14708,"date":"2016-06-15T17:18:57","date_gmt":"2016-06-15T14:18:57","guid":{"rendered":"http:\/\/btv.md\/?p=14708"},"modified":"2016-06-15T17:18:57","modified_gmt":"2016-06-15T14:18:57","slug":"baltenii-l-au-comemorat-pe-eminescu","status":"publish","type":"post","link":"https:\/\/www.btv.md\/ro\/baltenii-l-au-comemorat-pe-eminescu\/","title":{"rendered":"B\u0102L\u021aENII  L-AU  COMEMORAT  PE EMINESCU"},"content":{"rendered":"<p><strong>Luceaf<\/strong><strong>\u0103rului poeziei rom\u00e2ne\u0219ti, Mihai Eminescu a fost comemorat la B\u0103l\u021bi. Func\u021bionarii locali, de r\u00e2nd cu iubitorii crea\u021biei eminesciene au depus flori la bustul poetului de pe Alea Clasicilor.<\/strong><\/p>\n<p><iframe width=\"1170\" height=\"878\" data-src=\"https:\/\/www.youtube.com\/embed\/0QFWh0SHVCY?wmode=transparent&amp;rel=0&amp;feature=oembed\" frameborder=\"0\" allow=\"accelerometer; autoplay; encrypted-media; gyroscope; picture-in-picture\" allowfullscreen src=\"data:image\/svg+xml;base64,PHN2ZyB3aWR0aD0iMSIgaGVpZ2h0PSIxIiB4bWxucz0iaHR0cDovL3d3dy53My5vcmcvMjAwMC9zdmciPjwvc3ZnPg==\" class=\"lazyload\" data-load-mode=\"1\"><\/iframe><\/p>\n<p><strong>Viceprimarul de B\u0103l\u021bi, Lilia Sava spune c\u0103 fiecare etap\u0103 a vie\u021bii se reg\u0103se\u0219te \u00a0\u00een crea\u021bia lui Mihai Eminescu. Totodat\u0103 aceasta a ad\u0103ugat c\u0103 <\/strong>operele Marelui poet nu-\u0219i vor pierde niciodat\u0103 din valoare.<\/p>\n<p>B\u0103l\u021benii spun c\u0103 marele geniu al poeziei a \u0219tiut cum prin intermediul cuvintelor s\u0103 dezgoleasc\u0103 sufletul omului. Totodat\u0103 ace\u0219tia au recitat \u0219i c\u00e2te o poezie din crea\u021bia eminescian\u0103.<\/p>\n<p>Anul acesta <strong>se \u00eemplinesc 127 de ani de la trecerea \u00een nefiin\u021b\u0103 a lui Mihai Eminescu. <\/strong><\/p>\n","protected":false},"excerpt":{"rendered":"<p>Luceaf\u0103rului poeziei rom\u00e2ne\u0219ti, Mihai Eminescu a fost comemorat la B\u0103l\u021bi. Func\u021bionarii locali, de r\u00e2nd cu iubitorii crea\u021biei eminesciene au depus flori la bustul poetului de pe Alea Clasicilor. Viceprimarul de B\u0103l\u021bi, Lilia Sava spune c\u0103 fiecare etap\u0103 a vie\u021bii se reg\u0103se\u0219te \u00a0\u00een crea\u021bia lui Mihai Eminescu. Totodat\u0103 aceasta a ad\u0103ugat c\u0103 operele Marelui poet nu-\u0219i [&hellip;]<\/p>\n","protected":false},"author":4,"featured_media":14709,"comment_status":"closed","ping_status":"closed","sticky":false,"template":"","format":"standard","meta":{"footnotes":""},"categories":[6353],"tags":[],"class_list":["post-14708","post","type-post","status-publish","format-standard","has-post-thumbnail","hentry","category-oras"],"yoast_head":"<!-- This site is optimized with the Yoast SEO plugin v27.4 - https:\/\/yoast.com\/product\/yoast-seo-wordpress\/ -->\n<title>B\u0102L\u021aENII L-AU COMEMORAT PE EMINESCU - BTV<\/title>\n<meta name=\"robots\" content=\"index, follow, max-snippet:-1, max-image-preview:large, max-video-preview:-1\" \/>\n<link rel=\"canonical\" href=\"https:\/\/www.btv.md\/ro\/baltenii-l-au-comemorat-pe-eminescu\/\" \/>\n<meta property=\"og:locale\" content=\"ro_RO\" \/>\n<meta property=\"og:type\" content=\"article\" \/>\n<meta property=\"og:title\" content=\"B\u0102L\u021aENII L-AU COMEMORAT PE EMINESCU - BTV\" \/>\n<meta property=\"og:description\" content=\"Luceaf\u0103rului poeziei rom\u00e2ne\u0219ti, Mihai Eminescu a fost comemorat la B\u0103l\u021bi. Func\u021bionarii locali, de r\u00e2nd cu iubitorii crea\u021biei eminesciene au depus flori la bustul poetului de pe Alea Clasicilor. Viceprimarul de B\u0103l\u021bi, Lilia Sava spune c\u0103 fiecare etap\u0103 a vie\u021bii se reg\u0103se\u0219te \u00a0\u00een crea\u021bia lui Mihai Eminescu. Totodat\u0103 aceasta a ad\u0103ugat c\u0103 operele Marelui poet nu-\u0219i [&hellip;]\" \/>\n<meta property=\"og:url\" content=\"https:\/\/www.btv.md\/ro\/baltenii-l-au-comemorat-pe-eminescu\/\" \/>\n<meta property=\"og:site_name\" content=\"BTV\" \/>\n<meta property=\"article:publisher\" content=\"https:\/\/www.facebook.com\/btvmoldova\/\" \/>\n<meta property=\"article:published_time\" content=\"2016-06-15T14:18:57+00:00\" \/>\n<meta property=\"og:image\" content=\"https:\/\/www.btv.md\/wp-content\/uploads\/2016\/06\/d.jpg\" \/>\n\t<meta property=\"og:image:width\" content=\"600\" \/>\n\t<meta property=\"og:image:height\" content=\"400\" \/>\n\t<meta property=\"og:image:type\" content=\"image\/jpeg\" \/>\n<meta name=\"author\" content=\"admin\" \/>\n<meta name=\"twitter:label1\" content=\"Scris de\" \/>\n\t<meta name=\"twitter:data1\" content=\"admin\" \/>\n\t<meta name=\"twitter:label2\" content=\"Timp estimat pentru citire\" \/>\n\t<meta name=\"twitter:data2\" content=\"1 minut\" \/>\n<script type=\"application\/ld+json\" class=\"yoast-schema-graph\">{\"@context\":\"https:\\\/\\\/schema.org\",\"@graph\":[{\"@type\":\"Article\",\"@id\":\"https:\\\/\\\/www.btv.md\\\/ro\\\/baltenii-l-au-comemorat-pe-eminescu\\\/#article\",\"isPartOf\":{\"@id\":\"https:\\\/\\\/www.btv.md\\\/ro\\\/baltenii-l-au-comemorat-pe-eminescu\\\/\"},\"author\":{\"name\":\"admin\",\"@id\":\"https:\\\/\\\/www.btv.md\\\/#\\\/schema\\\/person\\\/8fadce81561b3ce2c34c46dadc4ccbf2\"},\"headline\":\"B\u0102L\u021aENII L-AU COMEMORAT PE EMINESCU\",\"datePublished\":\"2016-06-15T14:18:57+00:00\",\"mainEntityOfPage\":{\"@id\":\"https:\\\/\\\/www.btv.md\\\/ro\\\/baltenii-l-au-comemorat-pe-eminescu\\\/\"},\"wordCount\":142,\"image\":{\"@id\":\"https:\\\/\\\/www.btv.md\\\/ro\\\/baltenii-l-au-comemorat-pe-eminescu\\\/#primaryimage\"},\"thumbnailUrl\":\"https:\\\/\\\/www.btv.md\\\/wp-content\\\/uploads\\\/2016\\\/06\\\/d.jpg\",\"articleSection\":[\"Ora\u0219\"],\"inLanguage\":\"ro-RO\"},{\"@type\":\"WebPage\",\"@id\":\"https:\\\/\\\/www.btv.md\\\/ro\\\/baltenii-l-au-comemorat-pe-eminescu\\\/\",\"url\":\"https:\\\/\\\/www.btv.md\\\/ro\\\/baltenii-l-au-comemorat-pe-eminescu\\\/\",\"name\":\"B\u0102L\u021aENII L-AU COMEMORAT PE EMINESCU - BTV\",\"isPartOf\":{\"@id\":\"https:\\\/\\\/www.btv.md\\\/#website\"},\"primaryImageOfPage\":{\"@id\":\"https:\\\/\\\/www.btv.md\\\/ro\\\/baltenii-l-au-comemorat-pe-eminescu\\\/#primaryimage\"},\"image\":{\"@id\":\"https:\\\/\\\/www.btv.md\\\/ro\\\/baltenii-l-au-comemorat-pe-eminescu\\\/#primaryimage\"},\"thumbnailUrl\":\"https:\\\/\\\/www.btv.md\\\/wp-content\\\/uploads\\\/2016\\\/06\\\/d.jpg\",\"datePublished\":\"2016-06-15T14:18:57+00:00\",\"author\":{\"@id\":\"https:\\\/\\\/www.btv.md\\\/#\\\/schema\\\/person\\\/8fadce81561b3ce2c34c46dadc4ccbf2\"},\"inLanguage\":\"ro-RO\",\"potentialAction\":[{\"@type\":\"ReadAction\",\"target\":[\"https:\\\/\\\/www.btv.md\\\/ro\\\/baltenii-l-au-comemorat-pe-eminescu\\\/\"]}]},{\"@type\":\"ImageObject\",\"inLanguage\":\"ro-RO\",\"@id\":\"https:\\\/\\\/www.btv.md\\\/ro\\\/baltenii-l-au-comemorat-pe-eminescu\\\/#primaryimage\",\"url\":\"https:\\\/\\\/www.btv.md\\\/wp-content\\\/uploads\\\/2016\\\/06\\\/d.jpg\",\"contentUrl\":\"https:\\\/\\\/www.btv.md\\\/wp-content\\\/uploads\\\/2016\\\/06\\\/d.jpg\",\"width\":600,\"height\":400},{\"@type\":\"WebSite\",\"@id\":\"https:\\\/\\\/www.btv.md\\\/#website\",\"url\":\"https:\\\/\\\/www.btv.md\\\/\",\"name\":\"BTV\",\"description\":\"\u0411\u0435\u043b\u044c\u0446\u043a\u043e\u0435 \u0442\u0435\u043b\u0435\u0432\u0438\u0434\u0435\u043d\u0438\u0435\",\"potentialAction\":[{\"@type\":\"SearchAction\",\"target\":{\"@type\":\"EntryPoint\",\"urlTemplate\":\"https:\\\/\\\/www.btv.md\\\/?s={search_term_string}\"},\"query-input\":{\"@type\":\"PropertyValueSpecification\",\"valueRequired\":true,\"valueName\":\"search_term_string\"}}],\"inLanguage\":\"ro-RO\"},{\"@type\":\"Person\",\"@id\":\"https:\\\/\\\/www.btv.md\\\/#\\\/schema\\\/person\\\/8fadce81561b3ce2c34c46dadc4ccbf2\",\"name\":\"admin\"}]}<\/script>\n<!-- \/ Yoast SEO plugin. -->","yoast_head_json":{"title":"B\u0102L\u021aENII L-AU COMEMORAT PE EMINESCU - BTV","robots":{"index":"index","follow":"follow","max-snippet":"max-snippet:-1","max-image-preview":"max-image-preview:large","max-video-preview":"max-video-preview:-1"},"canonical":"https:\/\/www.btv.md\/ro\/baltenii-l-au-comemorat-pe-eminescu\/","og_locale":"ro_RO","og_type":"article","og_title":"B\u0102L\u021aENII L-AU COMEMORAT PE EMINESCU - BTV","og_description":"Luceaf\u0103rului poeziei rom\u00e2ne\u0219ti, Mihai Eminescu a fost comemorat la B\u0103l\u021bi. Func\u021bionarii locali, de r\u00e2nd cu iubitorii crea\u021biei eminesciene au depus flori la bustul poetului de pe Alea Clasicilor. Viceprimarul de B\u0103l\u021bi, Lilia Sava spune c\u0103 fiecare etap\u0103 a vie\u021bii se reg\u0103se\u0219te \u00a0\u00een crea\u021bia lui Mihai Eminescu. Totodat\u0103 aceasta a ad\u0103ugat c\u0103 operele Marelui poet nu-\u0219i [&hellip;]","og_url":"https:\/\/www.btv.md\/ro\/baltenii-l-au-comemorat-pe-eminescu\/","og_site_name":"BTV","article_publisher":"https:\/\/www.facebook.com\/btvmoldova\/","article_published_time":"2016-06-15T14:18:57+00:00","og_image":[{"width":600,"height":400,"url":"https:\/\/www.btv.md\/wp-content\/uploads\/2016\/06\/d.jpg","type":"image\/jpeg"}],"author":"admin","twitter_misc":{"Scris de":"admin","Timp estimat pentru citire":"1 minut"},"schema":{"@context":"https:\/\/schema.org","@graph":[{"@type":"Article","@id":"https:\/\/www.btv.md\/ro\/baltenii-l-au-comemorat-pe-eminescu\/#article","isPartOf":{"@id":"https:\/\/www.btv.md\/ro\/baltenii-l-au-comemorat-pe-eminescu\/"},"author":{"name":"admin","@id":"https:\/\/www.btv.md\/#\/schema\/person\/8fadce81561b3ce2c34c46dadc4ccbf2"},"headline":"B\u0102L\u021aENII L-AU COMEMORAT PE EMINESCU","datePublished":"2016-06-15T14:18:57+00:00","mainEntityOfPage":{"@id":"https:\/\/www.btv.md\/ro\/baltenii-l-au-comemorat-pe-eminescu\/"},"wordCount":142,"image":{"@id":"https:\/\/www.btv.md\/ro\/baltenii-l-au-comemorat-pe-eminescu\/#primaryimage"},"thumbnailUrl":"https:\/\/www.btv.md\/wp-content\/uploads\/2016\/06\/d.jpg","articleSection":["Ora\u0219"],"inLanguage":"ro-RO"},{"@type":"WebPage","@id":"https:\/\/www.btv.md\/ro\/baltenii-l-au-comemorat-pe-eminescu\/","url":"https:\/\/www.btv.md\/ro\/baltenii-l-au-comemorat-pe-eminescu\/","name":"B\u0102L\u021aENII L-AU COMEMORAT PE EMINESCU - BTV","isPartOf":{"@id":"https:\/\/www.btv.md\/#website"},"primaryImageOfPage":{"@id":"https:\/\/www.btv.md\/ro\/baltenii-l-au-comemorat-pe-eminescu\/#primaryimage"},"image":{"@id":"https:\/\/www.btv.md\/ro\/baltenii-l-au-comemorat-pe-eminescu\/#primaryimage"},"thumbnailUrl":"https:\/\/www.btv.md\/wp-content\/uploads\/2016\/06\/d.jpg","datePublished":"2016-06-15T14:18:57+00:00","author":{"@id":"https:\/\/www.btv.md\/#\/schema\/person\/8fadce81561b3ce2c34c46dadc4ccbf2"},"inLanguage":"ro-RO","potentialAction":[{"@type":"ReadAction","target":["https:\/\/www.btv.md\/ro\/baltenii-l-au-comemorat-pe-eminescu\/"]}]},{"@type":"ImageObject","inLanguage":"ro-RO","@id":"https:\/\/www.btv.md\/ro\/baltenii-l-au-comemorat-pe-eminescu\/#primaryimage","url":"https:\/\/www.btv.md\/wp-content\/uploads\/2016\/06\/d.jpg","contentUrl":"https:\/\/www.btv.md\/wp-content\/uploads\/2016\/06\/d.jpg","width":600,"height":400},{"@type":"WebSite","@id":"https:\/\/www.btv.md\/#website","url":"https:\/\/www.btv.md\/","name":"BTV","description":"\u0411\u0435\u043b\u044c\u0446\u043a\u043e\u0435 \u0442\u0435\u043b\u0435\u0432\u0438\u0434\u0435\u043d\u0438\u0435","potentialAction":[{"@type":"SearchAction","target":{"@type":"EntryPoint","urlTemplate":"https:\/\/www.btv.md\/?s={search_term_string}"},"query-input":{"@type":"PropertyValueSpecification","valueRequired":true,"valueName":"search_term_string"}}],"inLanguage":"ro-RO"},{"@type":"Person","@id":"https:\/\/www.btv.md\/#\/schema\/person\/8fadce81561b3ce2c34c46dadc4ccbf2","name":"admin"}]}},"_links":{"self":[{"href":"https:\/\/www.btv.md\/ro\/wp-json\/wp\/v2\/posts\/14708","targetHints":{"allow":["GET"]}}],"collection":[{"href":"https:\/\/www.btv.md\/ro\/wp-json\/wp\/v2\/posts"}],"about":[{"href":"https:\/\/www.btv.md\/ro\/wp-json\/wp\/v2\/types\/post"}],"author":[{"embeddable":true,"href":"https:\/\/www.btv.md\/ro\/wp-json\/wp\/v2\/users\/4"}],"replies":[{"embeddable":true,"href":"https:\/\/www.btv.md\/ro\/wp-json\/wp\/v2\/comments?post=14708"}],"version-history":[{"count":0,"href":"https:\/\/www.btv.md\/ro\/wp-json\/wp\/v2\/posts\/14708\/revisions"}],"wp:featuredmedia":[{"embeddable":true,"href":"https:\/\/www.btv.md\/ro\/wp-json\/wp\/v2\/media\/14709"}],"wp:attachment":[{"href":"https:\/\/www.btv.md\/ro\/wp-json\/wp\/v2\/media?parent=14708"}],"wp:term":[{"taxonomy":"category","embeddable":true,"href":"https:\/\/www.btv.md\/ro\/wp-json\/wp\/v2\/categories?post=14708"},{"taxonomy":"post_tag","embeddable":true,"href":"https:\/\/www.btv.md\/ro\/wp-json\/wp\/v2\/tags?post=14708"}],"curies":[{"name":"wp","href":"https:\/\/api.w.org\/{rel}","templated":true}]}}