{"id":147234,"date":"2021-09-28T12:47:17","date_gmt":"2021-09-28T09:47:17","guid":{"rendered":"https:\/\/www.btv.md\/?p=147234"},"modified":"2021-09-28T13:06:08","modified_gmt":"2021-09-28T10:06:08","slug":"a-pierdut-controlul-volanului-si-s-a-rasturnat-in-sant-in-ce-stare-este-soferita","status":"publish","type":"post","link":"https:\/\/www.btv.md\/ro\/a-pierdut-controlul-volanului-si-s-a-rasturnat-in-sant-in-ce-stare-este-soferita\/","title":{"rendered":"A pierdut controlul volanului \u0219i s-a r\u0103sturnat \u00een \u0219an\u021b. \u00cen ce stare este \u0219oferi\u021ba?"},"content":{"rendered":"<p>Acciden \u00een apropiere de localitatea Condri\u021ba. Un automobil de model Toyota a ajuns \u00eentr-un \u0219an\u021b dup\u0103 ce \u0219oferi\u021ba a derapat de pe traseu, transmite.<\/p>\n<p>Potrivit imaginilor video se vede cum automobilul \u00eencearc\u0103 s\u0103 fr\u00e2neze, dar la un moment dat acesta a derapat \u00een \u0219an\u021b.<\/p>\n<p>\u00cen urma producerii accidentului \u0219oferi\u021ba a fost transportat\u0103 la spital pentru a-i fi oferite \u00eengrijiri medicale. La momentul producerii accidentului , femeia nu se afla \u00een stare de ebrietate.Cauza producerii accidentului urmeaz\u0103 a fi stabilit\u0103 de oamenii legii.<\/p>\n<p class=\"p1\">\n","protected":false},"excerpt":{"rendered":"<p>Acciden \u00een apropiere de localitatea Condri\u021ba. Un automobil de model Toyota a ajuns \u00eentr-un \u0219an\u021b dup\u0103 ce \u0219oferi\u021ba a derapat de pe traseu, transmite. Potrivit imaginilor video se vede cum automobilul \u00eencearc\u0103 s\u0103 fr\u00e2neze, dar la un moment dat acesta a derapat \u00een \u0219an\u021b. \u00cen urma producerii accidentului \u0219oferi\u021ba a fost transportat\u0103 la spital pentru [&hellip;]<\/p>\n","protected":false},"author":4,"featured_media":147243,"comment_status":"closed","ping_status":"closed","sticky":false,"template":"","format":"standard","meta":{"footnotes":""},"categories":[6349],"tags":[30569,30568,8824,30567,30570],"class_list":["post-147234","post","type-post","status-publish","format-standard","has-post-thumbnail","hentry","category-social","tag-a-ajuns-in-sant","tag-a-derapat-de-pe-traseu","tag-accident-ro","tag-localitatea-condrita","tag-toyota-ro"],"yoast_head":"<!-- This site is optimized with the Yoast SEO plugin v27.4 - https:\/\/yoast.com\/product\/yoast-seo-wordpress\/ -->\n<title>A pierdut controlul volanului \u0219i s-a r\u0103sturnat \u00een \u0219an\u021b. \u00cen ce stare este \u0219oferi\u021ba? - BTV<\/title>\n<meta name=\"robots\" content=\"index, follow, max-snippet:-1, max-image-preview:large, max-video-preview:-1\" \/>\n<link rel=\"canonical\" href=\"https:\/\/www.btv.md\/ro\/a-pierdut-controlul-volanului-si-s-a-rasturnat-in-sant-in-ce-stare-este-soferita\/\" \/>\n<meta property=\"og:locale\" content=\"ro_RO\" \/>\n<meta property=\"og:type\" content=\"article\" \/>\n<meta property=\"og:title\" content=\"A pierdut controlul volanului \u0219i s-a r\u0103sturnat \u00een \u0219an\u021b. \u00cen ce stare este \u0219oferi\u021ba? - BTV\" \/>\n<meta property=\"og:description\" content=\"Acciden \u00een apropiere de localitatea Condri\u021ba. Un automobil de model Toyota a ajuns \u00eentr-un \u0219an\u021b dup\u0103 ce \u0219oferi\u021ba a derapat de pe traseu, transmite. Potrivit imaginilor video se vede cum automobilul \u00eencearc\u0103 s\u0103 fr\u00e2neze, dar la un moment dat acesta a derapat \u00een \u0219an\u021b. \u00cen urma producerii accidentului \u0219oferi\u021ba a fost transportat\u0103 la spital pentru [&hellip;]\" \/>\n<meta property=\"og:url\" content=\"https:\/\/www.btv.md\/ro\/a-pierdut-controlul-volanului-si-s-a-rasturnat-in-sant-in-ce-stare-este-soferita\/\" \/>\n<meta property=\"og:site_name\" content=\"BTV\" \/>\n<meta property=\"article:publisher\" content=\"https:\/\/www.facebook.com\/btvmoldova\/\" \/>\n<meta property=\"article:published_time\" content=\"2021-09-28T09:47:17+00:00\" \/>\n<meta property=\"article:modified_time\" content=\"2021-09-28T10:06:08+00:00\" \/>\n<meta property=\"og:image\" content=\"https:\/\/www.btv.md\/wp-content\/uploads\/2021\/09\/criza-243103994-297682461724414-1862515333111137949-n.jpg\" \/>\n\t<meta property=\"og:image:width\" content=\"800\" \/>\n\t<meta property=\"og:image:height\" content=\"450\" \/>\n\t<meta property=\"og:image:type\" content=\"image\/jpeg\" \/>\n<meta name=\"author\" content=\"admin\" \/>\n<meta name=\"twitter:label1\" content=\"Scris de\" \/>\n\t<meta name=\"twitter:data1\" content=\"admin\" \/>\n\t<meta name=\"twitter:label2\" content=\"Timp estimat pentru citire\" \/>\n\t<meta name=\"twitter:data2\" content=\"1 minut\" \/>\n<script type=\"application\/ld+json\" class=\"yoast-schema-graph\">{\"@context\":\"https:\\\/\\\/schema.org\",\"@graph\":[{\"@type\":\"Article\",\"@id\":\"https:\\\/\\\/www.btv.md\\\/ro\\\/a-pierdut-controlul-volanului-si-s-a-rasturnat-in-sant-in-ce-stare-este-soferita\\\/#article\",\"isPartOf\":{\"@id\":\"https:\\\/\\\/www.btv.md\\\/ro\\\/a-pierdut-controlul-volanului-si-s-a-rasturnat-in-sant-in-ce-stare-este-soferita\\\/\"},\"author\":{\"name\":\"admin\",\"@id\":\"https:\\\/\\\/www.btv.md\\\/#\\\/schema\\\/person\\\/8fadce81561b3ce2c34c46dadc4ccbf2\"},\"headline\":\"A pierdut controlul volanului \u0219i s-a r\u0103sturnat \u00een \u0219an\u021b. \u00cen ce stare este \u0219oferi\u021ba?\",\"datePublished\":\"2021-09-28T09:47:17+00:00\",\"dateModified\":\"2021-09-28T10:06:08+00:00\",\"mainEntityOfPage\":{\"@id\":\"https:\\\/\\\/www.btv.md\\\/ro\\\/a-pierdut-controlul-volanului-si-s-a-rasturnat-in-sant-in-ce-stare-este-soferita\\\/\"},\"wordCount\":102,\"image\":{\"@id\":\"https:\\\/\\\/www.btv.md\\\/ro\\\/a-pierdut-controlul-volanului-si-s-a-rasturnat-in-sant-in-ce-stare-este-soferita\\\/#primaryimage\"},\"thumbnailUrl\":\"https:\\\/\\\/www.btv.md\\\/wp-content\\\/uploads\\\/2021\\\/09\\\/criza-243103994-297682461724414-1862515333111137949-n.jpg\",\"keywords\":[\"a ajuns \u00een \u0219an\u021b\",\"a derapat de pe traseu\",\"accident\",\"localitatea Condri\u021ba\",\"Toyota\"],\"articleSection\":[\"Social\"],\"inLanguage\":\"ro-RO\"},{\"@type\":\"WebPage\",\"@id\":\"https:\\\/\\\/www.btv.md\\\/ro\\\/a-pierdut-controlul-volanului-si-s-a-rasturnat-in-sant-in-ce-stare-este-soferita\\\/\",\"url\":\"https:\\\/\\\/www.btv.md\\\/ro\\\/a-pierdut-controlul-volanului-si-s-a-rasturnat-in-sant-in-ce-stare-este-soferita\\\/\",\"name\":\"A pierdut controlul volanului \u0219i s-a r\u0103sturnat \u00een \u0219an\u021b. \u00cen ce stare este \u0219oferi\u021ba? - BTV\",\"isPartOf\":{\"@id\":\"https:\\\/\\\/www.btv.md\\\/#website\"},\"primaryImageOfPage\":{\"@id\":\"https:\\\/\\\/www.btv.md\\\/ro\\\/a-pierdut-controlul-volanului-si-s-a-rasturnat-in-sant-in-ce-stare-este-soferita\\\/#primaryimage\"},\"image\":{\"@id\":\"https:\\\/\\\/www.btv.md\\\/ro\\\/a-pierdut-controlul-volanului-si-s-a-rasturnat-in-sant-in-ce-stare-este-soferita\\\/#primaryimage\"},\"thumbnailUrl\":\"https:\\\/\\\/www.btv.md\\\/wp-content\\\/uploads\\\/2021\\\/09\\\/criza-243103994-297682461724414-1862515333111137949-n.jpg\",\"datePublished\":\"2021-09-28T09:47:17+00:00\",\"dateModified\":\"2021-09-28T10:06:08+00:00\",\"author\":{\"@id\":\"https:\\\/\\\/www.btv.md\\\/#\\\/schema\\\/person\\\/8fadce81561b3ce2c34c46dadc4ccbf2\"},\"inLanguage\":\"ro-RO\",\"potentialAction\":[{\"@type\":\"ReadAction\",\"target\":[\"https:\\\/\\\/www.btv.md\\\/ro\\\/a-pierdut-controlul-volanului-si-s-a-rasturnat-in-sant-in-ce-stare-este-soferita\\\/\"]}]},{\"@type\":\"ImageObject\",\"inLanguage\":\"ro-RO\",\"@id\":\"https:\\\/\\\/www.btv.md\\\/ro\\\/a-pierdut-controlul-volanului-si-s-a-rasturnat-in-sant-in-ce-stare-este-soferita\\\/#primaryimage\",\"url\":\"https:\\\/\\\/www.btv.md\\\/wp-content\\\/uploads\\\/2021\\\/09\\\/criza-243103994-297682461724414-1862515333111137949-n.jpg\",\"contentUrl\":\"https:\\\/\\\/www.btv.md\\\/wp-content\\\/uploads\\\/2021\\\/09\\\/criza-243103994-297682461724414-1862515333111137949-n.jpg\",\"width\":800,\"height\":450,\"caption\":\"Foto: IP Str\u0103\u0219eni\"},{\"@type\":\"WebSite\",\"@id\":\"https:\\\/\\\/www.btv.md\\\/#website\",\"url\":\"https:\\\/\\\/www.btv.md\\\/\",\"name\":\"BTV\",\"description\":\"\u0411\u0435\u043b\u044c\u0446\u043a\u043e\u0435 \u0442\u0435\u043b\u0435\u0432\u0438\u0434\u0435\u043d\u0438\u0435\",\"potentialAction\":[{\"@type\":\"SearchAction\",\"target\":{\"@type\":\"EntryPoint\",\"urlTemplate\":\"https:\\\/\\\/www.btv.md\\\/?s={search_term_string}\"},\"query-input\":{\"@type\":\"PropertyValueSpecification\",\"valueRequired\":true,\"valueName\":\"search_term_string\"}}],\"inLanguage\":\"ro-RO\"},{\"@type\":\"Person\",\"@id\":\"https:\\\/\\\/www.btv.md\\\/#\\\/schema\\\/person\\\/8fadce81561b3ce2c34c46dadc4ccbf2\",\"name\":\"admin\"}]}<\/script>\n<!-- \/ Yoast SEO plugin. -->","yoast_head_json":{"title":"A pierdut controlul volanului \u0219i s-a r\u0103sturnat \u00een \u0219an\u021b. \u00cen ce stare este \u0219oferi\u021ba? - BTV","robots":{"index":"index","follow":"follow","max-snippet":"max-snippet:-1","max-image-preview":"max-image-preview:large","max-video-preview":"max-video-preview:-1"},"canonical":"https:\/\/www.btv.md\/ro\/a-pierdut-controlul-volanului-si-s-a-rasturnat-in-sant-in-ce-stare-este-soferita\/","og_locale":"ro_RO","og_type":"article","og_title":"A pierdut controlul volanului \u0219i s-a r\u0103sturnat \u00een \u0219an\u021b. \u00cen ce stare este \u0219oferi\u021ba? - BTV","og_description":"Acciden \u00een apropiere de localitatea Condri\u021ba. Un automobil de model Toyota a ajuns \u00eentr-un \u0219an\u021b dup\u0103 ce \u0219oferi\u021ba a derapat de pe traseu, transmite. Potrivit imaginilor video se vede cum automobilul \u00eencearc\u0103 s\u0103 fr\u00e2neze, dar la un moment dat acesta a derapat \u00een \u0219an\u021b. \u00cen urma producerii accidentului \u0219oferi\u021ba a fost transportat\u0103 la spital pentru [&hellip;]","og_url":"https:\/\/www.btv.md\/ro\/a-pierdut-controlul-volanului-si-s-a-rasturnat-in-sant-in-ce-stare-este-soferita\/","og_site_name":"BTV","article_publisher":"https:\/\/www.facebook.com\/btvmoldova\/","article_published_time":"2021-09-28T09:47:17+00:00","article_modified_time":"2021-09-28T10:06:08+00:00","og_image":[{"width":800,"height":450,"url":"https:\/\/www.btv.md\/wp-content\/uploads\/2021\/09\/criza-243103994-297682461724414-1862515333111137949-n.jpg","type":"image\/jpeg"}],"author":"admin","twitter_misc":{"Scris de":"admin","Timp estimat pentru citire":"1 minut"},"schema":{"@context":"https:\/\/schema.org","@graph":[{"@type":"Article","@id":"https:\/\/www.btv.md\/ro\/a-pierdut-controlul-volanului-si-s-a-rasturnat-in-sant-in-ce-stare-este-soferita\/#article","isPartOf":{"@id":"https:\/\/www.btv.md\/ro\/a-pierdut-controlul-volanului-si-s-a-rasturnat-in-sant-in-ce-stare-este-soferita\/"},"author":{"name":"admin","@id":"https:\/\/www.btv.md\/#\/schema\/person\/8fadce81561b3ce2c34c46dadc4ccbf2"},"headline":"A pierdut controlul volanului \u0219i s-a r\u0103sturnat \u00een \u0219an\u021b. \u00cen ce stare este \u0219oferi\u021ba?","datePublished":"2021-09-28T09:47:17+00:00","dateModified":"2021-09-28T10:06:08+00:00","mainEntityOfPage":{"@id":"https:\/\/www.btv.md\/ro\/a-pierdut-controlul-volanului-si-s-a-rasturnat-in-sant-in-ce-stare-este-soferita\/"},"wordCount":102,"image":{"@id":"https:\/\/www.btv.md\/ro\/a-pierdut-controlul-volanului-si-s-a-rasturnat-in-sant-in-ce-stare-este-soferita\/#primaryimage"},"thumbnailUrl":"https:\/\/www.btv.md\/wp-content\/uploads\/2021\/09\/criza-243103994-297682461724414-1862515333111137949-n.jpg","keywords":["a ajuns \u00een \u0219an\u021b","a derapat de pe traseu","accident","localitatea Condri\u021ba","Toyota"],"articleSection":["Social"],"inLanguage":"ro-RO"},{"@type":"WebPage","@id":"https:\/\/www.btv.md\/ro\/a-pierdut-controlul-volanului-si-s-a-rasturnat-in-sant-in-ce-stare-este-soferita\/","url":"https:\/\/www.btv.md\/ro\/a-pierdut-controlul-volanului-si-s-a-rasturnat-in-sant-in-ce-stare-este-soferita\/","name":"A pierdut controlul volanului \u0219i s-a r\u0103sturnat \u00een \u0219an\u021b. \u00cen ce stare este \u0219oferi\u021ba? - BTV","isPartOf":{"@id":"https:\/\/www.btv.md\/#website"},"primaryImageOfPage":{"@id":"https:\/\/www.btv.md\/ro\/a-pierdut-controlul-volanului-si-s-a-rasturnat-in-sant-in-ce-stare-este-soferita\/#primaryimage"},"image":{"@id":"https:\/\/www.btv.md\/ro\/a-pierdut-controlul-volanului-si-s-a-rasturnat-in-sant-in-ce-stare-este-soferita\/#primaryimage"},"thumbnailUrl":"https:\/\/www.btv.md\/wp-content\/uploads\/2021\/09\/criza-243103994-297682461724414-1862515333111137949-n.jpg","datePublished":"2021-09-28T09:47:17+00:00","dateModified":"2021-09-28T10:06:08+00:00","author":{"@id":"https:\/\/www.btv.md\/#\/schema\/person\/8fadce81561b3ce2c34c46dadc4ccbf2"},"inLanguage":"ro-RO","potentialAction":[{"@type":"ReadAction","target":["https:\/\/www.btv.md\/ro\/a-pierdut-controlul-volanului-si-s-a-rasturnat-in-sant-in-ce-stare-este-soferita\/"]}]},{"@type":"ImageObject","inLanguage":"ro-RO","@id":"https:\/\/www.btv.md\/ro\/a-pierdut-controlul-volanului-si-s-a-rasturnat-in-sant-in-ce-stare-este-soferita\/#primaryimage","url":"https:\/\/www.btv.md\/wp-content\/uploads\/2021\/09\/criza-243103994-297682461724414-1862515333111137949-n.jpg","contentUrl":"https:\/\/www.btv.md\/wp-content\/uploads\/2021\/09\/criza-243103994-297682461724414-1862515333111137949-n.jpg","width":800,"height":450,"caption":"Foto: IP Str\u0103\u0219eni"},{"@type":"WebSite","@id":"https:\/\/www.btv.md\/#website","url":"https:\/\/www.btv.md\/","name":"BTV","description":"\u0411\u0435\u043b\u044c\u0446\u043a\u043e\u0435 \u0442\u0435\u043b\u0435\u0432\u0438\u0434\u0435\u043d\u0438\u0435","potentialAction":[{"@type":"SearchAction","target":{"@type":"EntryPoint","urlTemplate":"https:\/\/www.btv.md\/?s={search_term_string}"},"query-input":{"@type":"PropertyValueSpecification","valueRequired":true,"valueName":"search_term_string"}}],"inLanguage":"ro-RO"},{"@type":"Person","@id":"https:\/\/www.btv.md\/#\/schema\/person\/8fadce81561b3ce2c34c46dadc4ccbf2","name":"admin"}]}},"_links":{"self":[{"href":"https:\/\/www.btv.md\/ro\/wp-json\/wp\/v2\/posts\/147234","targetHints":{"allow":["GET"]}}],"collection":[{"href":"https:\/\/www.btv.md\/ro\/wp-json\/wp\/v2\/posts"}],"about":[{"href":"https:\/\/www.btv.md\/ro\/wp-json\/wp\/v2\/types\/post"}],"author":[{"embeddable":true,"href":"https:\/\/www.btv.md\/ro\/wp-json\/wp\/v2\/users\/4"}],"replies":[{"embeddable":true,"href":"https:\/\/www.btv.md\/ro\/wp-json\/wp\/v2\/comments?post=147234"}],"version-history":[{"count":0,"href":"https:\/\/www.btv.md\/ro\/wp-json\/wp\/v2\/posts\/147234\/revisions"}],"wp:featuredmedia":[{"embeddable":true,"href":"https:\/\/www.btv.md\/ro\/wp-json\/wp\/v2\/media\/147243"}],"wp:attachment":[{"href":"https:\/\/www.btv.md\/ro\/wp-json\/wp\/v2\/media?parent=147234"}],"wp:term":[{"taxonomy":"category","embeddable":true,"href":"https:\/\/www.btv.md\/ro\/wp-json\/wp\/v2\/categories?post=147234"},{"taxonomy":"post_tag","embeddable":true,"href":"https:\/\/www.btv.md\/ro\/wp-json\/wp\/v2\/tags?post=147234"}],"curies":[{"name":"wp","href":"https:\/\/api.w.org\/{rel}","templated":true}]}}