{"id":14731,"date":"2016-06-16T16:09:49","date_gmt":"2016-06-16T13:09:49","guid":{"rendered":"http:\/\/btv.md\/?p=14731"},"modified":"2016-06-16T16:09:58","modified_gmt":"2016-06-16T13:09:58","slug":"biserica-din-satul-popovca-a-implinit-o-suta-de-ani-de-la-renovare","status":"publish","type":"post","link":"https:\/\/www.btv.md\/ro\/biserica-din-satul-popovca-a-implinit-o-suta-de-ani-de-la-renovare\/","title":{"rendered":"BISERICA DIN SATUL POPOVCA A \u00ceMPLINIT O SUT\u0102 DE ANI DE LA RENOVARE"},"content":{"rendered":"<p>Biserica din lemn din satul Popovca, raionul F\u0103le\u0219ti a \u00eemplinit \u00a0joi, 16 iunie o sut\u0103 de ani de la renovare. Al\u0103turi de\u00a0 mai multe fe\u0163e biserice\u015fti, care au oficiat\u00a0 tradi\u0163ionala slujb\u0103 de s\u0103rb\u0103toare, au fost \u015fi enori\u015fi din diverse col\u0163uri ale Moldovei.<\/p>\n<p><iframe width=\"1170\" height=\"878\" data-src=\"https:\/\/www.youtube.com\/embed\/67phEBOwjbU?wmode=transparent&amp;rel=0&amp;feature=oembed\" frameborder=\"0\" allow=\"accelerometer; autoplay; encrypted-media; gyroscope; picture-in-picture\" allowfullscreen src=\"data:image\/svg+xml;base64,PHN2ZyB3aWR0aD0iMSIgaGVpZ2h0PSIxIiB4bWxucz0iaHR0cDovL3d3dy53My5vcmcvMjAwMC9zdmciPjwvc3ZnPg==\" class=\"lazyload\" data-load-mode=\"1\"><\/iframe><\/p>\n<p>Cre\u015ftinii spun c\u0103 l\u0103ca\u015ful Sf\u00e2nt a fost \u00eenchis\u0103 de nenum\u0103rate ori \u00een perioada sovietic\u0103, apoi \u00a0transformat \u00een depozit, dup\u0103 care \u00eentr-o sal\u0103 de sport. Totu\u015fi\u00a0 gra\u0163ie rug\u0103ciunilor \u015fi credin\u0163ei aceasta \u015fi-a reluat activitatea abia la \u00eenceputul anilor 90 a secolului trecut.<\/p>\n<p>Pentru a marca aceast\u0103 s\u0103rb\u0103toare, unele gospodine au copt colaci.<\/p>\n<p>\u00a0Potrivit primelor atest\u0103ri, biserica a fost construit\u0103 \u00een anul 1881.<\/p>\n","protected":false},"excerpt":{"rendered":"<p>Biserica din lemn din satul Popovca, raionul F\u0103le\u0219ti a \u00eemplinit \u00a0joi, 16 iunie o sut\u0103 de ani de la renovare. Al\u0103turi de\u00a0 mai multe fe\u0163e biserice\u015fti, care au oficiat\u00a0 tradi\u0163ionala slujb\u0103 de s\u0103rb\u0103toare, au fost \u015fi enori\u015fi din diverse col\u0163uri ale Moldovei. Cre\u015ftinii spun c\u0103 l\u0103ca\u015ful Sf\u00e2nt a fost \u00eenchis\u0103 de nenum\u0103rate ori \u00een perioada [&hellip;]<\/p>\n","protected":false},"author":4,"featured_media":14732,"comment_status":"closed","ping_status":"closed","sticky":false,"template":"","format":"standard","meta":{"footnotes":""},"categories":[6349],"tags":[],"class_list":["post-14731","post","type-post","status-publish","format-standard","has-post-thumbnail","hentry","category-social"],"yoast_head":"<!-- This site is optimized with the Yoast SEO plugin v27.4 - https:\/\/yoast.com\/product\/yoast-seo-wordpress\/ -->\n<title>BISERICA DIN SATUL POPOVCA A \u00ceMPLINIT O SUT\u0102 DE ANI DE LA RENOVARE - BTV<\/title>\n<meta name=\"robots\" content=\"index, follow, max-snippet:-1, max-image-preview:large, max-video-preview:-1\" \/>\n<link rel=\"canonical\" href=\"https:\/\/www.btv.md\/ro\/biserica-din-satul-popovca-a-implinit-o-suta-de-ani-de-la-renovare\/\" \/>\n<meta property=\"og:locale\" content=\"ro_RO\" \/>\n<meta property=\"og:type\" content=\"article\" \/>\n<meta property=\"og:title\" content=\"BISERICA DIN SATUL POPOVCA A \u00ceMPLINIT O SUT\u0102 DE ANI DE LA RENOVARE - BTV\" \/>\n<meta property=\"og:description\" content=\"Biserica din lemn din satul Popovca, raionul F\u0103le\u0219ti a \u00eemplinit \u00a0joi, 16 iunie o sut\u0103 de ani de la renovare. Al\u0103turi de\u00a0 mai multe fe\u0163e biserice\u015fti, care au oficiat\u00a0 tradi\u0163ionala slujb\u0103 de s\u0103rb\u0103toare, au fost \u015fi enori\u015fi din diverse col\u0163uri ale Moldovei. Cre\u015ftinii spun c\u0103 l\u0103ca\u015ful Sf\u00e2nt a fost \u00eenchis\u0103 de nenum\u0103rate ori \u00een perioada [&hellip;]\" \/>\n<meta property=\"og:url\" content=\"https:\/\/www.btv.md\/ro\/biserica-din-satul-popovca-a-implinit-o-suta-de-ani-de-la-renovare\/\" \/>\n<meta property=\"og:site_name\" content=\"BTV\" \/>\n<meta property=\"article:publisher\" content=\"https:\/\/www.facebook.com\/btvmoldova\/\" \/>\n<meta property=\"article:published_time\" content=\"2016-06-16T13:09:49+00:00\" \/>\n<meta property=\"article:modified_time\" content=\"2016-06-16T13:09:58+00:00\" \/>\n<meta property=\"og:image\" content=\"https:\/\/www.btv.md\/wp-content\/uploads\/2016\/06\/dsa.jpg\" \/>\n\t<meta property=\"og:image:width\" content=\"600\" \/>\n\t<meta property=\"og:image:height\" content=\"400\" \/>\n\t<meta property=\"og:image:type\" content=\"image\/jpeg\" \/>\n<meta name=\"author\" content=\"admin\" \/>\n<meta name=\"twitter:label1\" content=\"Scris de\" \/>\n\t<meta name=\"twitter:data1\" content=\"admin\" \/>\n\t<meta name=\"twitter:label2\" content=\"Timp estimat pentru citire\" \/>\n\t<meta name=\"twitter:data2\" content=\"1 minut\" \/>\n<script type=\"application\/ld+json\" class=\"yoast-schema-graph\">{\"@context\":\"https:\\\/\\\/schema.org\",\"@graph\":[{\"@type\":\"Article\",\"@id\":\"https:\\\/\\\/www.btv.md\\\/ro\\\/biserica-din-satul-popovca-a-implinit-o-suta-de-ani-de-la-renovare\\\/#article\",\"isPartOf\":{\"@id\":\"https:\\\/\\\/www.btv.md\\\/ro\\\/biserica-din-satul-popovca-a-implinit-o-suta-de-ani-de-la-renovare\\\/\"},\"author\":{\"name\":\"admin\",\"@id\":\"https:\\\/\\\/www.btv.md\\\/#\\\/schema\\\/person\\\/8fadce81561b3ce2c34c46dadc4ccbf2\"},\"headline\":\"BISERICA DIN SATUL POPOVCA A \u00ceMPLINIT O SUT\u0102 DE ANI DE LA RENOVARE\",\"datePublished\":\"2016-06-16T13:09:49+00:00\",\"dateModified\":\"2016-06-16T13:09:58+00:00\",\"mainEntityOfPage\":{\"@id\":\"https:\\\/\\\/www.btv.md\\\/ro\\\/biserica-din-satul-popovca-a-implinit-o-suta-de-ani-de-la-renovare\\\/\"},\"wordCount\":145,\"image\":{\"@id\":\"https:\\\/\\\/www.btv.md\\\/ro\\\/biserica-din-satul-popovca-a-implinit-o-suta-de-ani-de-la-renovare\\\/#primaryimage\"},\"thumbnailUrl\":\"https:\\\/\\\/www.btv.md\\\/wp-content\\\/uploads\\\/2016\\\/06\\\/dsa.jpg\",\"articleSection\":[\"Social\"],\"inLanguage\":\"ro-RO\"},{\"@type\":\"WebPage\",\"@id\":\"https:\\\/\\\/www.btv.md\\\/ro\\\/biserica-din-satul-popovca-a-implinit-o-suta-de-ani-de-la-renovare\\\/\",\"url\":\"https:\\\/\\\/www.btv.md\\\/ro\\\/biserica-din-satul-popovca-a-implinit-o-suta-de-ani-de-la-renovare\\\/\",\"name\":\"BISERICA DIN SATUL POPOVCA A \u00ceMPLINIT O SUT\u0102 DE ANI DE LA RENOVARE - BTV\",\"isPartOf\":{\"@id\":\"https:\\\/\\\/www.btv.md\\\/#website\"},\"primaryImageOfPage\":{\"@id\":\"https:\\\/\\\/www.btv.md\\\/ro\\\/biserica-din-satul-popovca-a-implinit-o-suta-de-ani-de-la-renovare\\\/#primaryimage\"},\"image\":{\"@id\":\"https:\\\/\\\/www.btv.md\\\/ro\\\/biserica-din-satul-popovca-a-implinit-o-suta-de-ani-de-la-renovare\\\/#primaryimage\"},\"thumbnailUrl\":\"https:\\\/\\\/www.btv.md\\\/wp-content\\\/uploads\\\/2016\\\/06\\\/dsa.jpg\",\"datePublished\":\"2016-06-16T13:09:49+00:00\",\"dateModified\":\"2016-06-16T13:09:58+00:00\",\"author\":{\"@id\":\"https:\\\/\\\/www.btv.md\\\/#\\\/schema\\\/person\\\/8fadce81561b3ce2c34c46dadc4ccbf2\"},\"inLanguage\":\"ro-RO\",\"potentialAction\":[{\"@type\":\"ReadAction\",\"target\":[\"https:\\\/\\\/www.btv.md\\\/ro\\\/biserica-din-satul-popovca-a-implinit-o-suta-de-ani-de-la-renovare\\\/\"]}]},{\"@type\":\"ImageObject\",\"inLanguage\":\"ro-RO\",\"@id\":\"https:\\\/\\\/www.btv.md\\\/ro\\\/biserica-din-satul-popovca-a-implinit-o-suta-de-ani-de-la-renovare\\\/#primaryimage\",\"url\":\"https:\\\/\\\/www.btv.md\\\/wp-content\\\/uploads\\\/2016\\\/06\\\/dsa.jpg\",\"contentUrl\":\"https:\\\/\\\/www.btv.md\\\/wp-content\\\/uploads\\\/2016\\\/06\\\/dsa.jpg\",\"width\":600,\"height\":400},{\"@type\":\"WebSite\",\"@id\":\"https:\\\/\\\/www.btv.md\\\/#website\",\"url\":\"https:\\\/\\\/www.btv.md\\\/\",\"name\":\"BTV\",\"description\":\"\u0411\u0435\u043b\u044c\u0446\u043a\u043e\u0435 \u0442\u0435\u043b\u0435\u0432\u0438\u0434\u0435\u043d\u0438\u0435\",\"potentialAction\":[{\"@type\":\"SearchAction\",\"target\":{\"@type\":\"EntryPoint\",\"urlTemplate\":\"https:\\\/\\\/www.btv.md\\\/?s={search_term_string}\"},\"query-input\":{\"@type\":\"PropertyValueSpecification\",\"valueRequired\":true,\"valueName\":\"search_term_string\"}}],\"inLanguage\":\"ro-RO\"},{\"@type\":\"Person\",\"@id\":\"https:\\\/\\\/www.btv.md\\\/#\\\/schema\\\/person\\\/8fadce81561b3ce2c34c46dadc4ccbf2\",\"name\":\"admin\"}]}<\/script>\n<!-- \/ Yoast SEO plugin. -->","yoast_head_json":{"title":"BISERICA DIN SATUL POPOVCA A \u00ceMPLINIT O SUT\u0102 DE ANI DE LA RENOVARE - BTV","robots":{"index":"index","follow":"follow","max-snippet":"max-snippet:-1","max-image-preview":"max-image-preview:large","max-video-preview":"max-video-preview:-1"},"canonical":"https:\/\/www.btv.md\/ro\/biserica-din-satul-popovca-a-implinit-o-suta-de-ani-de-la-renovare\/","og_locale":"ro_RO","og_type":"article","og_title":"BISERICA DIN SATUL POPOVCA A \u00ceMPLINIT O SUT\u0102 DE ANI DE LA RENOVARE - BTV","og_description":"Biserica din lemn din satul Popovca, raionul F\u0103le\u0219ti a \u00eemplinit \u00a0joi, 16 iunie o sut\u0103 de ani de la renovare. Al\u0103turi de\u00a0 mai multe fe\u0163e biserice\u015fti, care au oficiat\u00a0 tradi\u0163ionala slujb\u0103 de s\u0103rb\u0103toare, au fost \u015fi enori\u015fi din diverse col\u0163uri ale Moldovei. Cre\u015ftinii spun c\u0103 l\u0103ca\u015ful Sf\u00e2nt a fost \u00eenchis\u0103 de nenum\u0103rate ori \u00een perioada [&hellip;]","og_url":"https:\/\/www.btv.md\/ro\/biserica-din-satul-popovca-a-implinit-o-suta-de-ani-de-la-renovare\/","og_site_name":"BTV","article_publisher":"https:\/\/www.facebook.com\/btvmoldova\/","article_published_time":"2016-06-16T13:09:49+00:00","article_modified_time":"2016-06-16T13:09:58+00:00","og_image":[{"width":600,"height":400,"url":"https:\/\/www.btv.md\/wp-content\/uploads\/2016\/06\/dsa.jpg","type":"image\/jpeg"}],"author":"admin","twitter_misc":{"Scris de":"admin","Timp estimat pentru citire":"1 minut"},"schema":{"@context":"https:\/\/schema.org","@graph":[{"@type":"Article","@id":"https:\/\/www.btv.md\/ro\/biserica-din-satul-popovca-a-implinit-o-suta-de-ani-de-la-renovare\/#article","isPartOf":{"@id":"https:\/\/www.btv.md\/ro\/biserica-din-satul-popovca-a-implinit-o-suta-de-ani-de-la-renovare\/"},"author":{"name":"admin","@id":"https:\/\/www.btv.md\/#\/schema\/person\/8fadce81561b3ce2c34c46dadc4ccbf2"},"headline":"BISERICA DIN SATUL POPOVCA A \u00ceMPLINIT O SUT\u0102 DE ANI DE LA RENOVARE","datePublished":"2016-06-16T13:09:49+00:00","dateModified":"2016-06-16T13:09:58+00:00","mainEntityOfPage":{"@id":"https:\/\/www.btv.md\/ro\/biserica-din-satul-popovca-a-implinit-o-suta-de-ani-de-la-renovare\/"},"wordCount":145,"image":{"@id":"https:\/\/www.btv.md\/ro\/biserica-din-satul-popovca-a-implinit-o-suta-de-ani-de-la-renovare\/#primaryimage"},"thumbnailUrl":"https:\/\/www.btv.md\/wp-content\/uploads\/2016\/06\/dsa.jpg","articleSection":["Social"],"inLanguage":"ro-RO"},{"@type":"WebPage","@id":"https:\/\/www.btv.md\/ro\/biserica-din-satul-popovca-a-implinit-o-suta-de-ani-de-la-renovare\/","url":"https:\/\/www.btv.md\/ro\/biserica-din-satul-popovca-a-implinit-o-suta-de-ani-de-la-renovare\/","name":"BISERICA DIN SATUL POPOVCA A \u00ceMPLINIT O SUT\u0102 DE ANI DE LA RENOVARE - BTV","isPartOf":{"@id":"https:\/\/www.btv.md\/#website"},"primaryImageOfPage":{"@id":"https:\/\/www.btv.md\/ro\/biserica-din-satul-popovca-a-implinit-o-suta-de-ani-de-la-renovare\/#primaryimage"},"image":{"@id":"https:\/\/www.btv.md\/ro\/biserica-din-satul-popovca-a-implinit-o-suta-de-ani-de-la-renovare\/#primaryimage"},"thumbnailUrl":"https:\/\/www.btv.md\/wp-content\/uploads\/2016\/06\/dsa.jpg","datePublished":"2016-06-16T13:09:49+00:00","dateModified":"2016-06-16T13:09:58+00:00","author":{"@id":"https:\/\/www.btv.md\/#\/schema\/person\/8fadce81561b3ce2c34c46dadc4ccbf2"},"inLanguage":"ro-RO","potentialAction":[{"@type":"ReadAction","target":["https:\/\/www.btv.md\/ro\/biserica-din-satul-popovca-a-implinit-o-suta-de-ani-de-la-renovare\/"]}]},{"@type":"ImageObject","inLanguage":"ro-RO","@id":"https:\/\/www.btv.md\/ro\/biserica-din-satul-popovca-a-implinit-o-suta-de-ani-de-la-renovare\/#primaryimage","url":"https:\/\/www.btv.md\/wp-content\/uploads\/2016\/06\/dsa.jpg","contentUrl":"https:\/\/www.btv.md\/wp-content\/uploads\/2016\/06\/dsa.jpg","width":600,"height":400},{"@type":"WebSite","@id":"https:\/\/www.btv.md\/#website","url":"https:\/\/www.btv.md\/","name":"BTV","description":"\u0411\u0435\u043b\u044c\u0446\u043a\u043e\u0435 \u0442\u0435\u043b\u0435\u0432\u0438\u0434\u0435\u043d\u0438\u0435","potentialAction":[{"@type":"SearchAction","target":{"@type":"EntryPoint","urlTemplate":"https:\/\/www.btv.md\/?s={search_term_string}"},"query-input":{"@type":"PropertyValueSpecification","valueRequired":true,"valueName":"search_term_string"}}],"inLanguage":"ro-RO"},{"@type":"Person","@id":"https:\/\/www.btv.md\/#\/schema\/person\/8fadce81561b3ce2c34c46dadc4ccbf2","name":"admin"}]}},"_links":{"self":[{"href":"https:\/\/www.btv.md\/ro\/wp-json\/wp\/v2\/posts\/14731","targetHints":{"allow":["GET"]}}],"collection":[{"href":"https:\/\/www.btv.md\/ro\/wp-json\/wp\/v2\/posts"}],"about":[{"href":"https:\/\/www.btv.md\/ro\/wp-json\/wp\/v2\/types\/post"}],"author":[{"embeddable":true,"href":"https:\/\/www.btv.md\/ro\/wp-json\/wp\/v2\/users\/4"}],"replies":[{"embeddable":true,"href":"https:\/\/www.btv.md\/ro\/wp-json\/wp\/v2\/comments?post=14731"}],"version-history":[{"count":0,"href":"https:\/\/www.btv.md\/ro\/wp-json\/wp\/v2\/posts\/14731\/revisions"}],"wp:featuredmedia":[{"embeddable":true,"href":"https:\/\/www.btv.md\/ro\/wp-json\/wp\/v2\/media\/14732"}],"wp:attachment":[{"href":"https:\/\/www.btv.md\/ro\/wp-json\/wp\/v2\/media?parent=14731"}],"wp:term":[{"taxonomy":"category","embeddable":true,"href":"https:\/\/www.btv.md\/ro\/wp-json\/wp\/v2\/categories?post=14731"},{"taxonomy":"post_tag","embeddable":true,"href":"https:\/\/www.btv.md\/ro\/wp-json\/wp\/v2\/tags?post=14731"}],"curies":[{"name":"wp","href":"https:\/\/api.w.org\/{rel}","templated":true}]}}