{"id":14746,"date":"2016-06-16T17:41:09","date_gmt":"2016-06-16T14:41:09","guid":{"rendered":"http:\/\/btv.md\/?p=14746"},"modified":"2016-06-16T17:41:18","modified_gmt":"2016-06-16T14:41:18","slug":"mierea-de-albine-se-va-scumpi-cu-30-de-lei","status":"publish","type":"post","link":"https:\/\/www.btv.md\/ro\/mierea-de-albine-se-va-scumpi-cu-30-de-lei\/","title":{"rendered":"MIEREA DE ALBINE SE VA SCUMPI CU 30 DE LEI"},"content":{"rendered":"<p><strong>Mierea de mai se va scumpi cu \u00a040 la sut\u0103.<\/strong> Cel pu\u021bin asta sus\u021bin membrii Asocia\u0163iei Apicultorilor din municipiul B\u0103l\u021bi. Ei spun c\u0103 din cauza\u00a0 diferen\u021bei de temperatur\u0103 \u00a0din ultimele patru s\u0103pt\u0103m\u00e2ni \u015fi a ploilor multe famii de albini s-au \u00eemboln\u0103vit \u0219i recolta de miere de mai este compromis\u0103.<\/p>\n<p><iframe width=\"1170\" height=\"878\" data-src=\"https:\/\/www.youtube.com\/embed\/0gt2c9LVcAk?wmode=transparent&amp;rel=0&amp;feature=oembed\" frameborder=\"0\" allow=\"accelerometer; autoplay; encrypted-media; gyroscope; picture-in-picture\" allowfullscreen src=\"data:image\/svg+xml;base64,PHN2ZyB3aWR0aD0iMSIgaGVpZ2h0PSIxIiB4bWxucz0iaHR0cDovL3d3dy53My5vcmcvMjAwMC9zdmciPjwvc3ZnPg==\" class=\"lazyload\" data-load-mode=\"1\"><\/iframe><\/p>\n<p>Gheorghe Carpovici se ocup\u0103 cu apicultura \u00a0mai bine de 45 de ani, \u00een prezent el are 40 de stupi. Potrivit lui capriciile vremii din ultima perioad\u0103 i-au dat mari b\u0103t\u0103i de cap.<\/p>\n<p>\u00cen pofida major\u0103rii pre\u0163ului la miere, pris\u0103carul afirm\u0103 c\u0103 nu va duce lips\u0103 de clien\u021bi.<\/p>\n<p>Apicultorul sper\u0103 s\u0103 i\u0219i va lua revan\u015fa c\u00e2nd va \u00eenflori floarea soarelui.<\/p>\n<p>\u00cen prezent, un kilogram de miere de mai cost\u0103 peste 100 de lei.<\/p>\n","protected":false},"excerpt":{"rendered":"<p>Mierea de mai se va scumpi cu \u00a040 la sut\u0103. Cel pu\u021bin asta sus\u021bin membrii Asocia\u0163iei Apicultorilor din municipiul B\u0103l\u021bi. Ei spun c\u0103 din cauza\u00a0 diferen\u021bei de temperatur\u0103 \u00a0din ultimele patru s\u0103pt\u0103m\u00e2ni \u015fi a ploilor multe famii de albini s-au \u00eemboln\u0103vit \u0219i recolta de miere de mai este compromis\u0103. Gheorghe Carpovici se ocup\u0103 cu apicultura [&hellip;]<\/p>\n","protected":false},"author":4,"featured_media":14747,"comment_status":"closed","ping_status":"closed","sticky":false,"template":"","format":"standard","meta":{"footnotes":""},"categories":[6349],"tags":[],"class_list":["post-14746","post","type-post","status-publish","format-standard","has-post-thumbnail","hentry","category-social"],"yoast_head":"<!-- This site is optimized with the Yoast SEO plugin v27.4 - https:\/\/yoast.com\/product\/yoast-seo-wordpress\/ -->\n<title>MIEREA DE ALBINE SE VA SCUMPI CU 30 DE LEI - BTV<\/title>\n<meta name=\"robots\" content=\"index, follow, max-snippet:-1, max-image-preview:large, max-video-preview:-1\" \/>\n<link rel=\"canonical\" href=\"https:\/\/www.btv.md\/ro\/mierea-de-albine-se-va-scumpi-cu-30-de-lei\/\" \/>\n<meta property=\"og:locale\" content=\"ro_RO\" \/>\n<meta property=\"og:type\" content=\"article\" \/>\n<meta property=\"og:title\" content=\"MIEREA DE ALBINE SE VA SCUMPI CU 30 DE LEI - BTV\" \/>\n<meta property=\"og:description\" content=\"Mierea de mai se va scumpi cu \u00a040 la sut\u0103. Cel pu\u021bin asta sus\u021bin membrii Asocia\u0163iei Apicultorilor din municipiul B\u0103l\u021bi. Ei spun c\u0103 din cauza\u00a0 diferen\u021bei de temperatur\u0103 \u00a0din ultimele patru s\u0103pt\u0103m\u00e2ni \u015fi a ploilor multe famii de albini s-au \u00eemboln\u0103vit \u0219i recolta de miere de mai este compromis\u0103. Gheorghe Carpovici se ocup\u0103 cu apicultura [&hellip;]\" \/>\n<meta property=\"og:url\" content=\"https:\/\/www.btv.md\/ro\/mierea-de-albine-se-va-scumpi-cu-30-de-lei\/\" \/>\n<meta property=\"og:site_name\" content=\"BTV\" \/>\n<meta property=\"article:publisher\" content=\"https:\/\/www.facebook.com\/btvmoldova\/\" \/>\n<meta property=\"article:published_time\" content=\"2016-06-16T14:41:09+00:00\" \/>\n<meta property=\"article:modified_time\" content=\"2016-06-16T14:41:18+00:00\" \/>\n<meta property=\"og:image\" content=\"https:\/\/www.btv.md\/wp-content\/uploads\/2016\/06\/sf.jpg\" \/>\n\t<meta property=\"og:image:width\" content=\"600\" \/>\n\t<meta property=\"og:image:height\" content=\"400\" \/>\n\t<meta property=\"og:image:type\" content=\"image\/jpeg\" \/>\n<meta name=\"author\" content=\"admin\" \/>\n<meta name=\"twitter:label1\" content=\"Scris de\" \/>\n\t<meta name=\"twitter:data1\" content=\"admin\" \/>\n\t<meta name=\"twitter:label2\" content=\"Timp estimat pentru citire\" \/>\n\t<meta name=\"twitter:data2\" content=\"1 minut\" \/>\n<script type=\"application\/ld+json\" class=\"yoast-schema-graph\">{\"@context\":\"https:\\\/\\\/schema.org\",\"@graph\":[{\"@type\":\"Article\",\"@id\":\"https:\\\/\\\/www.btv.md\\\/ro\\\/mierea-de-albine-se-va-scumpi-cu-30-de-lei\\\/#article\",\"isPartOf\":{\"@id\":\"https:\\\/\\\/www.btv.md\\\/ro\\\/mierea-de-albine-se-va-scumpi-cu-30-de-lei\\\/\"},\"author\":{\"name\":\"admin\",\"@id\":\"https:\\\/\\\/www.btv.md\\\/#\\\/schema\\\/person\\\/8fadce81561b3ce2c34c46dadc4ccbf2\"},\"headline\":\"MIEREA DE ALBINE SE VA SCUMPI CU 30 DE LEI\",\"datePublished\":\"2016-06-16T14:41:09+00:00\",\"dateModified\":\"2016-06-16T14:41:18+00:00\",\"mainEntityOfPage\":{\"@id\":\"https:\\\/\\\/www.btv.md\\\/ro\\\/mierea-de-albine-se-va-scumpi-cu-30-de-lei\\\/\"},\"wordCount\":157,\"image\":{\"@id\":\"https:\\\/\\\/www.btv.md\\\/ro\\\/mierea-de-albine-se-va-scumpi-cu-30-de-lei\\\/#primaryimage\"},\"thumbnailUrl\":\"https:\\\/\\\/www.btv.md\\\/wp-content\\\/uploads\\\/2016\\\/06\\\/sf.jpg\",\"articleSection\":[\"Social\"],\"inLanguage\":\"ro-RO\"},{\"@type\":\"WebPage\",\"@id\":\"https:\\\/\\\/www.btv.md\\\/ro\\\/mierea-de-albine-se-va-scumpi-cu-30-de-lei\\\/\",\"url\":\"https:\\\/\\\/www.btv.md\\\/ro\\\/mierea-de-albine-se-va-scumpi-cu-30-de-lei\\\/\",\"name\":\"MIEREA DE ALBINE SE VA SCUMPI CU 30 DE LEI - BTV\",\"isPartOf\":{\"@id\":\"https:\\\/\\\/www.btv.md\\\/#website\"},\"primaryImageOfPage\":{\"@id\":\"https:\\\/\\\/www.btv.md\\\/ro\\\/mierea-de-albine-se-va-scumpi-cu-30-de-lei\\\/#primaryimage\"},\"image\":{\"@id\":\"https:\\\/\\\/www.btv.md\\\/ro\\\/mierea-de-albine-se-va-scumpi-cu-30-de-lei\\\/#primaryimage\"},\"thumbnailUrl\":\"https:\\\/\\\/www.btv.md\\\/wp-content\\\/uploads\\\/2016\\\/06\\\/sf.jpg\",\"datePublished\":\"2016-06-16T14:41:09+00:00\",\"dateModified\":\"2016-06-16T14:41:18+00:00\",\"author\":{\"@id\":\"https:\\\/\\\/www.btv.md\\\/#\\\/schema\\\/person\\\/8fadce81561b3ce2c34c46dadc4ccbf2\"},\"inLanguage\":\"ro-RO\",\"potentialAction\":[{\"@type\":\"ReadAction\",\"target\":[\"https:\\\/\\\/www.btv.md\\\/ro\\\/mierea-de-albine-se-va-scumpi-cu-30-de-lei\\\/\"]}]},{\"@type\":\"ImageObject\",\"inLanguage\":\"ro-RO\",\"@id\":\"https:\\\/\\\/www.btv.md\\\/ro\\\/mierea-de-albine-se-va-scumpi-cu-30-de-lei\\\/#primaryimage\",\"url\":\"https:\\\/\\\/www.btv.md\\\/wp-content\\\/uploads\\\/2016\\\/06\\\/sf.jpg\",\"contentUrl\":\"https:\\\/\\\/www.btv.md\\\/wp-content\\\/uploads\\\/2016\\\/06\\\/sf.jpg\",\"width\":600,\"height\":400},{\"@type\":\"WebSite\",\"@id\":\"https:\\\/\\\/www.btv.md\\\/#website\",\"url\":\"https:\\\/\\\/www.btv.md\\\/\",\"name\":\"BTV\",\"description\":\"\u0411\u0435\u043b\u044c\u0446\u043a\u043e\u0435 \u0442\u0435\u043b\u0435\u0432\u0438\u0434\u0435\u043d\u0438\u0435\",\"potentialAction\":[{\"@type\":\"SearchAction\",\"target\":{\"@type\":\"EntryPoint\",\"urlTemplate\":\"https:\\\/\\\/www.btv.md\\\/?s={search_term_string}\"},\"query-input\":{\"@type\":\"PropertyValueSpecification\",\"valueRequired\":true,\"valueName\":\"search_term_string\"}}],\"inLanguage\":\"ro-RO\"},{\"@type\":\"Person\",\"@id\":\"https:\\\/\\\/www.btv.md\\\/#\\\/schema\\\/person\\\/8fadce81561b3ce2c34c46dadc4ccbf2\",\"name\":\"admin\"}]}<\/script>\n<!-- \/ Yoast SEO plugin. -->","yoast_head_json":{"title":"MIEREA DE ALBINE SE VA SCUMPI CU 30 DE LEI - BTV","robots":{"index":"index","follow":"follow","max-snippet":"max-snippet:-1","max-image-preview":"max-image-preview:large","max-video-preview":"max-video-preview:-1"},"canonical":"https:\/\/www.btv.md\/ro\/mierea-de-albine-se-va-scumpi-cu-30-de-lei\/","og_locale":"ro_RO","og_type":"article","og_title":"MIEREA DE ALBINE SE VA SCUMPI CU 30 DE LEI - BTV","og_description":"Mierea de mai se va scumpi cu \u00a040 la sut\u0103. Cel pu\u021bin asta sus\u021bin membrii Asocia\u0163iei Apicultorilor din municipiul B\u0103l\u021bi. Ei spun c\u0103 din cauza\u00a0 diferen\u021bei de temperatur\u0103 \u00a0din ultimele patru s\u0103pt\u0103m\u00e2ni \u015fi a ploilor multe famii de albini s-au \u00eemboln\u0103vit \u0219i recolta de miere de mai este compromis\u0103. Gheorghe Carpovici se ocup\u0103 cu apicultura [&hellip;]","og_url":"https:\/\/www.btv.md\/ro\/mierea-de-albine-se-va-scumpi-cu-30-de-lei\/","og_site_name":"BTV","article_publisher":"https:\/\/www.facebook.com\/btvmoldova\/","article_published_time":"2016-06-16T14:41:09+00:00","article_modified_time":"2016-06-16T14:41:18+00:00","og_image":[{"width":600,"height":400,"url":"https:\/\/www.btv.md\/wp-content\/uploads\/2016\/06\/sf.jpg","type":"image\/jpeg"}],"author":"admin","twitter_misc":{"Scris de":"admin","Timp estimat pentru citire":"1 minut"},"schema":{"@context":"https:\/\/schema.org","@graph":[{"@type":"Article","@id":"https:\/\/www.btv.md\/ro\/mierea-de-albine-se-va-scumpi-cu-30-de-lei\/#article","isPartOf":{"@id":"https:\/\/www.btv.md\/ro\/mierea-de-albine-se-va-scumpi-cu-30-de-lei\/"},"author":{"name":"admin","@id":"https:\/\/www.btv.md\/#\/schema\/person\/8fadce81561b3ce2c34c46dadc4ccbf2"},"headline":"MIEREA DE ALBINE SE VA SCUMPI CU 30 DE LEI","datePublished":"2016-06-16T14:41:09+00:00","dateModified":"2016-06-16T14:41:18+00:00","mainEntityOfPage":{"@id":"https:\/\/www.btv.md\/ro\/mierea-de-albine-se-va-scumpi-cu-30-de-lei\/"},"wordCount":157,"image":{"@id":"https:\/\/www.btv.md\/ro\/mierea-de-albine-se-va-scumpi-cu-30-de-lei\/#primaryimage"},"thumbnailUrl":"https:\/\/www.btv.md\/wp-content\/uploads\/2016\/06\/sf.jpg","articleSection":["Social"],"inLanguage":"ro-RO"},{"@type":"WebPage","@id":"https:\/\/www.btv.md\/ro\/mierea-de-albine-se-va-scumpi-cu-30-de-lei\/","url":"https:\/\/www.btv.md\/ro\/mierea-de-albine-se-va-scumpi-cu-30-de-lei\/","name":"MIEREA DE ALBINE SE VA SCUMPI CU 30 DE LEI - BTV","isPartOf":{"@id":"https:\/\/www.btv.md\/#website"},"primaryImageOfPage":{"@id":"https:\/\/www.btv.md\/ro\/mierea-de-albine-se-va-scumpi-cu-30-de-lei\/#primaryimage"},"image":{"@id":"https:\/\/www.btv.md\/ro\/mierea-de-albine-se-va-scumpi-cu-30-de-lei\/#primaryimage"},"thumbnailUrl":"https:\/\/www.btv.md\/wp-content\/uploads\/2016\/06\/sf.jpg","datePublished":"2016-06-16T14:41:09+00:00","dateModified":"2016-06-16T14:41:18+00:00","author":{"@id":"https:\/\/www.btv.md\/#\/schema\/person\/8fadce81561b3ce2c34c46dadc4ccbf2"},"inLanguage":"ro-RO","potentialAction":[{"@type":"ReadAction","target":["https:\/\/www.btv.md\/ro\/mierea-de-albine-se-va-scumpi-cu-30-de-lei\/"]}]},{"@type":"ImageObject","inLanguage":"ro-RO","@id":"https:\/\/www.btv.md\/ro\/mierea-de-albine-se-va-scumpi-cu-30-de-lei\/#primaryimage","url":"https:\/\/www.btv.md\/wp-content\/uploads\/2016\/06\/sf.jpg","contentUrl":"https:\/\/www.btv.md\/wp-content\/uploads\/2016\/06\/sf.jpg","width":600,"height":400},{"@type":"WebSite","@id":"https:\/\/www.btv.md\/#website","url":"https:\/\/www.btv.md\/","name":"BTV","description":"\u0411\u0435\u043b\u044c\u0446\u043a\u043e\u0435 \u0442\u0435\u043b\u0435\u0432\u0438\u0434\u0435\u043d\u0438\u0435","potentialAction":[{"@type":"SearchAction","target":{"@type":"EntryPoint","urlTemplate":"https:\/\/www.btv.md\/?s={search_term_string}"},"query-input":{"@type":"PropertyValueSpecification","valueRequired":true,"valueName":"search_term_string"}}],"inLanguage":"ro-RO"},{"@type":"Person","@id":"https:\/\/www.btv.md\/#\/schema\/person\/8fadce81561b3ce2c34c46dadc4ccbf2","name":"admin"}]}},"_links":{"self":[{"href":"https:\/\/www.btv.md\/ro\/wp-json\/wp\/v2\/posts\/14746","targetHints":{"allow":["GET"]}}],"collection":[{"href":"https:\/\/www.btv.md\/ro\/wp-json\/wp\/v2\/posts"}],"about":[{"href":"https:\/\/www.btv.md\/ro\/wp-json\/wp\/v2\/types\/post"}],"author":[{"embeddable":true,"href":"https:\/\/www.btv.md\/ro\/wp-json\/wp\/v2\/users\/4"}],"replies":[{"embeddable":true,"href":"https:\/\/www.btv.md\/ro\/wp-json\/wp\/v2\/comments?post=14746"}],"version-history":[{"count":0,"href":"https:\/\/www.btv.md\/ro\/wp-json\/wp\/v2\/posts\/14746\/revisions"}],"wp:featuredmedia":[{"embeddable":true,"href":"https:\/\/www.btv.md\/ro\/wp-json\/wp\/v2\/media\/14747"}],"wp:attachment":[{"href":"https:\/\/www.btv.md\/ro\/wp-json\/wp\/v2\/media?parent=14746"}],"wp:term":[{"taxonomy":"category","embeddable":true,"href":"https:\/\/www.btv.md\/ro\/wp-json\/wp\/v2\/categories?post=14746"},{"taxonomy":"post_tag","embeddable":true,"href":"https:\/\/www.btv.md\/ro\/wp-json\/wp\/v2\/tags?post=14746"}],"curies":[{"name":"wp","href":"https:\/\/api.w.org\/{rel}","templated":true}]}}