{"id":14842,"date":"2016-06-20T12:51:22","date_gmt":"2016-06-20T09:51:22","guid":{"rendered":"http:\/\/btv.md\/?p=14842"},"modified":"2016-06-20T12:51:32","modified_gmt":"2016-06-20T09:51:32","slug":"angajatii-centrului-medicilor-de-familie-nr-1-din-capitala-obligati-sa-colecteze-bani-pentru-reparatia-institutiei","status":"publish","type":"post","link":"https:\/\/www.btv.md\/ro\/angajatii-centrului-medicilor-de-familie-nr-1-din-capitala-obligati-sa-colecteze-bani-pentru-reparatia-institutiei\/","title":{"rendered":"Angaja\u021bii Centrului Medicilor de Familie nr.1 din capital\u0103, obliga\u021bi s\u0103 colecteze bani pentru repara\u021bia institu\u021biei"},"content":{"rendered":"<p><strong>Angaja\u021bii Centrului Medicilor de Familie nr.1 din capital\u0103 sunt obliga\u021bi s\u0103 repare institu\u021bia din banii proprii. Mai exact, ace\u0219tia sunt obliga\u021bi de c\u0103tre \u0219efii institu\u021biei s\u0103 \u201edoneze\u201d c\u00e2te 1000 de lei pentru ca edificiul s\u0103 fie reparat. \u00a0<\/strong><\/p>\n<p>O pl\u00e2ngere \u00een acest sens a ajuns pe adresa redac\u021biei <a href=\"http:\/\/unimedia.info\/stiri\/doc-angajatii-centrului-medicilor-de-familie-nr-1-din-capitala--obligati-sa-colecteze-bani-pentru-reparatia-institutiei-116907.html\">UNIMEDIA<\/a>. Mai mult, \u00een scrisoarea primit\u0103 se men\u021bioneaz\u0103 c\u0103 unele lucr\u0103ri de repara\u021bie din cadrul Centrului sunt efectuate de c\u0103tre elevii unei \u0219coli profesionale.\u00a0<\/p>\n<p>Reprezentan\u021bii Centrului Na\u021bional Anticorup\u021bie spun c\u0103, deocamdat\u0103, nu au primit o astfel de pl\u00e2ngere.\u00a0<\/p>\n<p>Contacta\u021bi de UNIMEDIA reprezentan\u021bii Ministerului S\u0103n\u0103t\u0103\u021bii au declarat c\u0103, condamn\u0103 astfel de ac\u021biuni. Mai mult, Ministerul S\u0103n\u0103t\u0103\u021bii va solicita Direc\u021biei S\u0103n\u0103tate a Municipiului Chi\u0219in\u0103u s\u0103 intervin\u0103 \u00een solu\u021bionarea acestui caz.\u00a0<\/p>\n","protected":false},"excerpt":{"rendered":"<p>Angaja\u021bii Centrului Medicilor de Familie nr.1 din capital\u0103 sunt obliga\u021bi s\u0103 repare institu\u021bia din banii proprii. Mai exact, ace\u0219tia sunt obliga\u021bi de c\u0103tre \u0219efii institu\u021biei s\u0103 \u201edoneze\u201d c\u00e2te 1000 de lei pentru ca edificiul s\u0103 fie reparat. \u00a0 O pl\u00e2ngere \u00een acest sens a ajuns pe adresa redac\u021biei UNIMEDIA. Mai mult, \u00een scrisoarea primit\u0103 se [&hellip;]<\/p>\n","protected":false},"author":4,"featured_media":14843,"comment_status":"closed","ping_status":"closed","sticky":false,"template":"","format":"standard","meta":{"footnotes":""},"categories":[6349],"tags":[],"class_list":["post-14842","post","type-post","status-publish","format-standard","has-post-thumbnail","hentry","category-social"],"yoast_head":"<!-- This site is optimized with the Yoast SEO plugin v27.4 - https:\/\/yoast.com\/product\/yoast-seo-wordpress\/ -->\n<title>Angaja\u021bii Centrului Medicilor de Familie nr.1 din capital\u0103, obliga\u021bi s\u0103 colecteze bani pentru repara\u021bia institu\u021biei - BTV<\/title>\n<meta name=\"robots\" content=\"index, follow, max-snippet:-1, max-image-preview:large, max-video-preview:-1\" \/>\n<link rel=\"canonical\" href=\"https:\/\/www.btv.md\/ro\/angajatii-centrului-medicilor-de-familie-nr-1-din-capitala-obligati-sa-colecteze-bani-pentru-reparatia-institutiei\/\" \/>\n<meta property=\"og:locale\" content=\"ro_RO\" \/>\n<meta property=\"og:type\" content=\"article\" \/>\n<meta property=\"og:title\" content=\"Angaja\u021bii Centrului Medicilor de Familie nr.1 din capital\u0103, obliga\u021bi s\u0103 colecteze bani pentru repara\u021bia institu\u021biei - BTV\" \/>\n<meta property=\"og:description\" content=\"Angaja\u021bii Centrului Medicilor de Familie nr.1 din capital\u0103 sunt obliga\u021bi s\u0103 repare institu\u021bia din banii proprii. Mai exact, ace\u0219tia sunt obliga\u021bi de c\u0103tre \u0219efii institu\u021biei s\u0103 \u201edoneze\u201d c\u00e2te 1000 de lei pentru ca edificiul s\u0103 fie reparat. \u00a0 O pl\u00e2ngere \u00een acest sens a ajuns pe adresa redac\u021biei UNIMEDIA. Mai mult, \u00een scrisoarea primit\u0103 se [&hellip;]\" \/>\n<meta property=\"og:url\" content=\"https:\/\/www.btv.md\/ro\/angajatii-centrului-medicilor-de-familie-nr-1-din-capitala-obligati-sa-colecteze-bani-pentru-reparatia-institutiei\/\" \/>\n<meta property=\"og:site_name\" content=\"BTV\" \/>\n<meta property=\"article:publisher\" content=\"https:\/\/www.facebook.com\/btvmoldova\/\" \/>\n<meta property=\"article:published_time\" content=\"2016-06-20T09:51:22+00:00\" \/>\n<meta property=\"article:modified_time\" content=\"2016-06-20T09:51:32+00:00\" \/>\n<meta property=\"og:image\" content=\"https:\/\/www.btv.md\/wp-content\/uploads\/2016\/06\/13479255_1410749198950977_1153780681_n.jpg\" \/>\n\t<meta property=\"og:image:width\" content=\"720\" \/>\n\t<meta property=\"og:image:height\" content=\"960\" \/>\n\t<meta property=\"og:image:type\" content=\"image\/jpeg\" \/>\n<meta name=\"author\" content=\"admin\" \/>\n<meta name=\"twitter:label1\" content=\"Scris de\" \/>\n\t<meta name=\"twitter:data1\" content=\"admin\" \/>\n\t<meta name=\"twitter:label2\" content=\"Timp estimat pentru citire\" \/>\n\t<meta name=\"twitter:data2\" content=\"1 minut\" \/>\n<script type=\"application\/ld+json\" class=\"yoast-schema-graph\">{\"@context\":\"https:\\\/\\\/schema.org\",\"@graph\":[{\"@type\":\"Article\",\"@id\":\"https:\\\/\\\/www.btv.md\\\/ro\\\/angajatii-centrului-medicilor-de-familie-nr-1-din-capitala-obligati-sa-colecteze-bani-pentru-reparatia-institutiei\\\/#article\",\"isPartOf\":{\"@id\":\"https:\\\/\\\/www.btv.md\\\/ro\\\/angajatii-centrului-medicilor-de-familie-nr-1-din-capitala-obligati-sa-colecteze-bani-pentru-reparatia-institutiei\\\/\"},\"author\":{\"name\":\"admin\",\"@id\":\"https:\\\/\\\/www.btv.md\\\/#\\\/schema\\\/person\\\/8fadce81561b3ce2c34c46dadc4ccbf2\"},\"headline\":\"Angaja\u021bii Centrului Medicilor de Familie nr.1 din capital\u0103, obliga\u021bi s\u0103 colecteze bani pentru repara\u021bia institu\u021biei\",\"datePublished\":\"2016-06-20T09:51:22+00:00\",\"dateModified\":\"2016-06-20T09:51:32+00:00\",\"mainEntityOfPage\":{\"@id\":\"https:\\\/\\\/www.btv.md\\\/ro\\\/angajatii-centrului-medicilor-de-familie-nr-1-din-capitala-obligati-sa-colecteze-bani-pentru-reparatia-institutiei\\\/\"},\"wordCount\":166,\"image\":{\"@id\":\"https:\\\/\\\/www.btv.md\\\/ro\\\/angajatii-centrului-medicilor-de-familie-nr-1-din-capitala-obligati-sa-colecteze-bani-pentru-reparatia-institutiei\\\/#primaryimage\"},\"thumbnailUrl\":\"https:\\\/\\\/www.btv.md\\\/wp-content\\\/uploads\\\/2016\\\/06\\\/13479255_1410749198950977_1153780681_n.jpg\",\"articleSection\":[\"Social\"],\"inLanguage\":\"ro-RO\"},{\"@type\":\"WebPage\",\"@id\":\"https:\\\/\\\/www.btv.md\\\/ro\\\/angajatii-centrului-medicilor-de-familie-nr-1-din-capitala-obligati-sa-colecteze-bani-pentru-reparatia-institutiei\\\/\",\"url\":\"https:\\\/\\\/www.btv.md\\\/ro\\\/angajatii-centrului-medicilor-de-familie-nr-1-din-capitala-obligati-sa-colecteze-bani-pentru-reparatia-institutiei\\\/\",\"name\":\"Angaja\u021bii Centrului Medicilor de Familie nr.1 din capital\u0103, obliga\u021bi s\u0103 colecteze bani pentru repara\u021bia institu\u021biei - BTV\",\"isPartOf\":{\"@id\":\"https:\\\/\\\/www.btv.md\\\/#website\"},\"primaryImageOfPage\":{\"@id\":\"https:\\\/\\\/www.btv.md\\\/ro\\\/angajatii-centrului-medicilor-de-familie-nr-1-din-capitala-obligati-sa-colecteze-bani-pentru-reparatia-institutiei\\\/#primaryimage\"},\"image\":{\"@id\":\"https:\\\/\\\/www.btv.md\\\/ro\\\/angajatii-centrului-medicilor-de-familie-nr-1-din-capitala-obligati-sa-colecteze-bani-pentru-reparatia-institutiei\\\/#primaryimage\"},\"thumbnailUrl\":\"https:\\\/\\\/www.btv.md\\\/wp-content\\\/uploads\\\/2016\\\/06\\\/13479255_1410749198950977_1153780681_n.jpg\",\"datePublished\":\"2016-06-20T09:51:22+00:00\",\"dateModified\":\"2016-06-20T09:51:32+00:00\",\"author\":{\"@id\":\"https:\\\/\\\/www.btv.md\\\/#\\\/schema\\\/person\\\/8fadce81561b3ce2c34c46dadc4ccbf2\"},\"inLanguage\":\"ro-RO\",\"potentialAction\":[{\"@type\":\"ReadAction\",\"target\":[\"https:\\\/\\\/www.btv.md\\\/ro\\\/angajatii-centrului-medicilor-de-familie-nr-1-din-capitala-obligati-sa-colecteze-bani-pentru-reparatia-institutiei\\\/\"]}]},{\"@type\":\"ImageObject\",\"inLanguage\":\"ro-RO\",\"@id\":\"https:\\\/\\\/www.btv.md\\\/ro\\\/angajatii-centrului-medicilor-de-familie-nr-1-din-capitala-obligati-sa-colecteze-bani-pentru-reparatia-institutiei\\\/#primaryimage\",\"url\":\"https:\\\/\\\/www.btv.md\\\/wp-content\\\/uploads\\\/2016\\\/06\\\/13479255_1410749198950977_1153780681_n.jpg\",\"contentUrl\":\"https:\\\/\\\/www.btv.md\\\/wp-content\\\/uploads\\\/2016\\\/06\\\/13479255_1410749198950977_1153780681_n.jpg\",\"width\":720,\"height\":960},{\"@type\":\"WebSite\",\"@id\":\"https:\\\/\\\/www.btv.md\\\/#website\",\"url\":\"https:\\\/\\\/www.btv.md\\\/\",\"name\":\"BTV\",\"description\":\"\u0411\u0435\u043b\u044c\u0446\u043a\u043e\u0435 \u0442\u0435\u043b\u0435\u0432\u0438\u0434\u0435\u043d\u0438\u0435\",\"potentialAction\":[{\"@type\":\"SearchAction\",\"target\":{\"@type\":\"EntryPoint\",\"urlTemplate\":\"https:\\\/\\\/www.btv.md\\\/?s={search_term_string}\"},\"query-input\":{\"@type\":\"PropertyValueSpecification\",\"valueRequired\":true,\"valueName\":\"search_term_string\"}}],\"inLanguage\":\"ro-RO\"},{\"@type\":\"Person\",\"@id\":\"https:\\\/\\\/www.btv.md\\\/#\\\/schema\\\/person\\\/8fadce81561b3ce2c34c46dadc4ccbf2\",\"name\":\"admin\"}]}<\/script>\n<!-- \/ Yoast SEO plugin. -->","yoast_head_json":{"title":"Angaja\u021bii Centrului Medicilor de Familie nr.1 din capital\u0103, obliga\u021bi s\u0103 colecteze bani pentru repara\u021bia institu\u021biei - BTV","robots":{"index":"index","follow":"follow","max-snippet":"max-snippet:-1","max-image-preview":"max-image-preview:large","max-video-preview":"max-video-preview:-1"},"canonical":"https:\/\/www.btv.md\/ro\/angajatii-centrului-medicilor-de-familie-nr-1-din-capitala-obligati-sa-colecteze-bani-pentru-reparatia-institutiei\/","og_locale":"ro_RO","og_type":"article","og_title":"Angaja\u021bii Centrului Medicilor de Familie nr.1 din capital\u0103, obliga\u021bi s\u0103 colecteze bani pentru repara\u021bia institu\u021biei - BTV","og_description":"Angaja\u021bii Centrului Medicilor de Familie nr.1 din capital\u0103 sunt obliga\u021bi s\u0103 repare institu\u021bia din banii proprii. Mai exact, ace\u0219tia sunt obliga\u021bi de c\u0103tre \u0219efii institu\u021biei s\u0103 \u201edoneze\u201d c\u00e2te 1000 de lei pentru ca edificiul s\u0103 fie reparat. \u00a0 O pl\u00e2ngere \u00een acest sens a ajuns pe adresa redac\u021biei UNIMEDIA. Mai mult, \u00een scrisoarea primit\u0103 se [&hellip;]","og_url":"https:\/\/www.btv.md\/ro\/angajatii-centrului-medicilor-de-familie-nr-1-din-capitala-obligati-sa-colecteze-bani-pentru-reparatia-institutiei\/","og_site_name":"BTV","article_publisher":"https:\/\/www.facebook.com\/btvmoldova\/","article_published_time":"2016-06-20T09:51:22+00:00","article_modified_time":"2016-06-20T09:51:32+00:00","og_image":[{"width":720,"height":960,"url":"https:\/\/www.btv.md\/wp-content\/uploads\/2016\/06\/13479255_1410749198950977_1153780681_n.jpg","type":"image\/jpeg"}],"author":"admin","twitter_misc":{"Scris de":"admin","Timp estimat pentru citire":"1 minut"},"schema":{"@context":"https:\/\/schema.org","@graph":[{"@type":"Article","@id":"https:\/\/www.btv.md\/ro\/angajatii-centrului-medicilor-de-familie-nr-1-din-capitala-obligati-sa-colecteze-bani-pentru-reparatia-institutiei\/#article","isPartOf":{"@id":"https:\/\/www.btv.md\/ro\/angajatii-centrului-medicilor-de-familie-nr-1-din-capitala-obligati-sa-colecteze-bani-pentru-reparatia-institutiei\/"},"author":{"name":"admin","@id":"https:\/\/www.btv.md\/#\/schema\/person\/8fadce81561b3ce2c34c46dadc4ccbf2"},"headline":"Angaja\u021bii Centrului Medicilor de Familie nr.1 din capital\u0103, obliga\u021bi s\u0103 colecteze bani pentru repara\u021bia institu\u021biei","datePublished":"2016-06-20T09:51:22+00:00","dateModified":"2016-06-20T09:51:32+00:00","mainEntityOfPage":{"@id":"https:\/\/www.btv.md\/ro\/angajatii-centrului-medicilor-de-familie-nr-1-din-capitala-obligati-sa-colecteze-bani-pentru-reparatia-institutiei\/"},"wordCount":166,"image":{"@id":"https:\/\/www.btv.md\/ro\/angajatii-centrului-medicilor-de-familie-nr-1-din-capitala-obligati-sa-colecteze-bani-pentru-reparatia-institutiei\/#primaryimage"},"thumbnailUrl":"https:\/\/www.btv.md\/wp-content\/uploads\/2016\/06\/13479255_1410749198950977_1153780681_n.jpg","articleSection":["Social"],"inLanguage":"ro-RO"},{"@type":"WebPage","@id":"https:\/\/www.btv.md\/ro\/angajatii-centrului-medicilor-de-familie-nr-1-din-capitala-obligati-sa-colecteze-bani-pentru-reparatia-institutiei\/","url":"https:\/\/www.btv.md\/ro\/angajatii-centrului-medicilor-de-familie-nr-1-din-capitala-obligati-sa-colecteze-bani-pentru-reparatia-institutiei\/","name":"Angaja\u021bii Centrului Medicilor de Familie nr.1 din capital\u0103, obliga\u021bi s\u0103 colecteze bani pentru repara\u021bia institu\u021biei - BTV","isPartOf":{"@id":"https:\/\/www.btv.md\/#website"},"primaryImageOfPage":{"@id":"https:\/\/www.btv.md\/ro\/angajatii-centrului-medicilor-de-familie-nr-1-din-capitala-obligati-sa-colecteze-bani-pentru-reparatia-institutiei\/#primaryimage"},"image":{"@id":"https:\/\/www.btv.md\/ro\/angajatii-centrului-medicilor-de-familie-nr-1-din-capitala-obligati-sa-colecteze-bani-pentru-reparatia-institutiei\/#primaryimage"},"thumbnailUrl":"https:\/\/www.btv.md\/wp-content\/uploads\/2016\/06\/13479255_1410749198950977_1153780681_n.jpg","datePublished":"2016-06-20T09:51:22+00:00","dateModified":"2016-06-20T09:51:32+00:00","author":{"@id":"https:\/\/www.btv.md\/#\/schema\/person\/8fadce81561b3ce2c34c46dadc4ccbf2"},"inLanguage":"ro-RO","potentialAction":[{"@type":"ReadAction","target":["https:\/\/www.btv.md\/ro\/angajatii-centrului-medicilor-de-familie-nr-1-din-capitala-obligati-sa-colecteze-bani-pentru-reparatia-institutiei\/"]}]},{"@type":"ImageObject","inLanguage":"ro-RO","@id":"https:\/\/www.btv.md\/ro\/angajatii-centrului-medicilor-de-familie-nr-1-din-capitala-obligati-sa-colecteze-bani-pentru-reparatia-institutiei\/#primaryimage","url":"https:\/\/www.btv.md\/wp-content\/uploads\/2016\/06\/13479255_1410749198950977_1153780681_n.jpg","contentUrl":"https:\/\/www.btv.md\/wp-content\/uploads\/2016\/06\/13479255_1410749198950977_1153780681_n.jpg","width":720,"height":960},{"@type":"WebSite","@id":"https:\/\/www.btv.md\/#website","url":"https:\/\/www.btv.md\/","name":"BTV","description":"\u0411\u0435\u043b\u044c\u0446\u043a\u043e\u0435 \u0442\u0435\u043b\u0435\u0432\u0438\u0434\u0435\u043d\u0438\u0435","potentialAction":[{"@type":"SearchAction","target":{"@type":"EntryPoint","urlTemplate":"https:\/\/www.btv.md\/?s={search_term_string}"},"query-input":{"@type":"PropertyValueSpecification","valueRequired":true,"valueName":"search_term_string"}}],"inLanguage":"ro-RO"},{"@type":"Person","@id":"https:\/\/www.btv.md\/#\/schema\/person\/8fadce81561b3ce2c34c46dadc4ccbf2","name":"admin"}]}},"_links":{"self":[{"href":"https:\/\/www.btv.md\/ro\/wp-json\/wp\/v2\/posts\/14842","targetHints":{"allow":["GET"]}}],"collection":[{"href":"https:\/\/www.btv.md\/ro\/wp-json\/wp\/v2\/posts"}],"about":[{"href":"https:\/\/www.btv.md\/ro\/wp-json\/wp\/v2\/types\/post"}],"author":[{"embeddable":true,"href":"https:\/\/www.btv.md\/ro\/wp-json\/wp\/v2\/users\/4"}],"replies":[{"embeddable":true,"href":"https:\/\/www.btv.md\/ro\/wp-json\/wp\/v2\/comments?post=14842"}],"version-history":[{"count":0,"href":"https:\/\/www.btv.md\/ro\/wp-json\/wp\/v2\/posts\/14842\/revisions"}],"wp:featuredmedia":[{"embeddable":true,"href":"https:\/\/www.btv.md\/ro\/wp-json\/wp\/v2\/media\/14843"}],"wp:attachment":[{"href":"https:\/\/www.btv.md\/ro\/wp-json\/wp\/v2\/media?parent=14842"}],"wp:term":[{"taxonomy":"category","embeddable":true,"href":"https:\/\/www.btv.md\/ro\/wp-json\/wp\/v2\/categories?post=14842"},{"taxonomy":"post_tag","embeddable":true,"href":"https:\/\/www.btv.md\/ro\/wp-json\/wp\/v2\/tags?post=14842"}],"curies":[{"name":"wp","href":"https:\/\/api.w.org\/{rel}","templated":true}]}}