{"id":14868,"date":"2016-06-20T18:55:37","date_gmt":"2016-06-20T15:55:37","guid":{"rendered":"http:\/\/btv.md\/?p=14868"},"modified":"2016-06-20T18:55:47","modified_gmt":"2016-06-20T15:55:47","slug":"copacii-uscati-pun-in-pericol-viata-baltenilor","status":"publish","type":"post","link":"https:\/\/www.btv.md\/ro\/copacii-uscati-pun-in-pericol-viata-baltenilor\/","title":{"rendered":"COPACII USCA\u021aI PUN \u00ceN PERICOL VIA\u021aA  B\u0102L\u021aENILOR"},"content":{"rendered":"<p>Peste dou\u0103 sute de locatari de pe strada \u0218tefan cel Mare 1 din municipiul B\u0103l\u021bi \u00ee\u0219i pun \u00a0via\u021ba \u00een \u00a0pericol \u00een fiecare zi. At\u00e2t \u00een apropierea blocului, c\u00e2t \u0219i \u00een curtea acestuia sunt peste doisprezece copaci usca\u0163i risc\u0103 s\u0103 se pr\u0103bu\u015feasc\u0103 \u00een orice clip\u0103. \u00a0De fric\u0103 s\u0103 nu fie accidenta\u021bi locatarii ocolesc din ce \u00een ce mai des aceast\u0103 zon\u0103.<\/p>\n<p><iframe width=\"1170\" height=\"878\" data-src=\"https:\/\/www.youtube.com\/embed\/Y7IgC8YV28s?wmode=transparent&amp;rel=0&amp;feature=oembed\" frameborder=\"0\" allow=\"accelerometer; autoplay; encrypted-media; gyroscope; picture-in-picture\" allowfullscreen src=\"data:image\/svg+xml;base64,PHN2ZyB3aWR0aD0iMSIgaGVpZ2h0PSIxIiB4bWxucz0iaHR0cDovL3d3dy53My5vcmcvMjAwMC9zdmciPjwvc3ZnPg==\" class=\"lazyload\" data-load-mode=\"1\"><\/iframe><\/p>\n<p>\u0218efa asocia\u021biei locatarilor spune c\u0103 a sesizat timp de doi ani institu\u0163iile competente pentru a lichida usc\u0103turile, \u00a0\u00eens\u0103 \u00a0f\u0103r\u0103 rezultat.<\/p>\n<p>\u0218efa de la \u201e Spa\u021bii Verzi \u201d Svetlana Novicova spune c\u0103 din cauza multiplelor solicit\u0103ri ei nu reu\u0219esc s\u0103 fac\u0103 fa\u021b\u0103 situa\u021biei. De asemenea aceasta sper\u0103 c\u0103 p\u00e2n\u0103 la sf\u00e2r\u0219itul acestui an copacii vor fi t\u0103ia\u021bi.<\/p>\n<p>&nbsp;<\/p>\n","protected":false},"excerpt":{"rendered":"<p>Peste dou\u0103 sute de locatari de pe strada \u0218tefan cel Mare 1 din municipiul B\u0103l\u021bi \u00ee\u0219i pun \u00a0via\u021ba \u00een \u00a0pericol \u00een fiecare zi. At\u00e2t \u00een apropierea blocului, c\u00e2t \u0219i \u00een curtea acestuia sunt peste doisprezece copaci usca\u0163i risc\u0103 s\u0103 se pr\u0103bu\u015feasc\u0103 \u00een orice clip\u0103. \u00a0De fric\u0103 s\u0103 nu fie accidenta\u021bi locatarii ocolesc din ce \u00een [&hellip;]<\/p>\n","protected":false},"author":4,"featured_media":14869,"comment_status":"closed","ping_status":"closed","sticky":false,"template":"","format":"standard","meta":{"footnotes":""},"categories":[12],"tags":[],"class_list":["post-14868","post","type-post","status-publish","format-standard","has-post-thumbnail","hentry","category-balti"],"yoast_head":"<!-- This site is optimized with the Yoast SEO plugin v27.4 - https:\/\/yoast.com\/product\/yoast-seo-wordpress\/ -->\n<title>COPACII USCA\u021aI PUN \u00ceN PERICOL VIA\u021aA B\u0102L\u021aENILOR  - BTV<\/title>\n<meta name=\"robots\" content=\"index, follow, max-snippet:-1, max-image-preview:large, max-video-preview:-1\" \/>\n<link rel=\"canonical\" href=\"https:\/\/www.btv.md\/ro\/copacii-uscati-pun-in-pericol-viata-baltenilor\/\" \/>\n<meta property=\"og:locale\" content=\"ro_RO\" \/>\n<meta property=\"og:type\" content=\"article\" \/>\n<meta property=\"og:title\" content=\"COPACII USCA\u021aI PUN \u00ceN PERICOL VIA\u021aA B\u0102L\u021aENILOR  - BTV\" \/>\n<meta property=\"og:description\" content=\"Peste dou\u0103 sute de locatari de pe strada \u0218tefan cel Mare 1 din municipiul B\u0103l\u021bi \u00ee\u0219i pun \u00a0via\u021ba \u00een \u00a0pericol \u00een fiecare zi. At\u00e2t \u00een apropierea blocului, c\u00e2t \u0219i \u00een curtea acestuia sunt peste doisprezece copaci usca\u0163i risc\u0103 s\u0103 se pr\u0103bu\u015feasc\u0103 \u00een orice clip\u0103. \u00a0De fric\u0103 s\u0103 nu fie accidenta\u021bi locatarii ocolesc din ce \u00een [&hellip;]\" \/>\n<meta property=\"og:url\" content=\"https:\/\/www.btv.md\/ro\/copacii-uscati-pun-in-pericol-viata-baltenilor\/\" \/>\n<meta property=\"og:site_name\" content=\"BTV\" \/>\n<meta property=\"article:publisher\" content=\"https:\/\/www.facebook.com\/btvmoldova\/\" \/>\n<meta property=\"article:published_time\" content=\"2016-06-20T15:55:37+00:00\" \/>\n<meta property=\"article:modified_time\" content=\"2016-06-20T15:55:47+00:00\" \/>\n<meta property=\"og:image\" content=\"https:\/\/www.btv.md\/wp-content\/uploads\/2016\/06\/edf-1.jpg\" \/>\n\t<meta property=\"og:image:width\" content=\"600\" \/>\n\t<meta property=\"og:image:height\" content=\"400\" \/>\n\t<meta property=\"og:image:type\" content=\"image\/jpeg\" \/>\n<meta name=\"author\" content=\"admin\" \/>\n<meta name=\"twitter:label1\" content=\"Scris de\" \/>\n\t<meta name=\"twitter:data1\" content=\"admin\" \/>\n\t<meta name=\"twitter:label2\" content=\"Timp estimat pentru citire\" \/>\n\t<meta name=\"twitter:data2\" content=\"1 minut\" \/>\n<script type=\"application\/ld+json\" class=\"yoast-schema-graph\">{\"@context\":\"https:\\\/\\\/schema.org\",\"@graph\":[{\"@type\":\"Article\",\"@id\":\"https:\\\/\\\/www.btv.md\\\/ro\\\/copacii-uscati-pun-in-pericol-viata-baltenilor\\\/#article\",\"isPartOf\":{\"@id\":\"https:\\\/\\\/www.btv.md\\\/ro\\\/copacii-uscati-pun-in-pericol-viata-baltenilor\\\/\"},\"author\":{\"name\":\"admin\",\"@id\":\"https:\\\/\\\/www.btv.md\\\/#\\\/schema\\\/person\\\/8fadce81561b3ce2c34c46dadc4ccbf2\"},\"headline\":\"COPACII USCA\u021aI PUN \u00ceN PERICOL VIA\u021aA B\u0102L\u021aENILOR\",\"datePublished\":\"2016-06-20T15:55:37+00:00\",\"dateModified\":\"2016-06-20T15:55:47+00:00\",\"mainEntityOfPage\":{\"@id\":\"https:\\\/\\\/www.btv.md\\\/ro\\\/copacii-uscati-pun-in-pericol-viata-baltenilor\\\/\"},\"wordCount\":157,\"image\":{\"@id\":\"https:\\\/\\\/www.btv.md\\\/ro\\\/copacii-uscati-pun-in-pericol-viata-baltenilor\\\/#primaryimage\"},\"thumbnailUrl\":\"https:\\\/\\\/www.btv.md\\\/wp-content\\\/uploads\\\/2016\\\/06\\\/edf-1.jpg\",\"articleSection\":[\"\u0413\u043e\u0440\u043e\u0434\"],\"inLanguage\":\"ro-RO\"},{\"@type\":\"WebPage\",\"@id\":\"https:\\\/\\\/www.btv.md\\\/ro\\\/copacii-uscati-pun-in-pericol-viata-baltenilor\\\/\",\"url\":\"https:\\\/\\\/www.btv.md\\\/ro\\\/copacii-uscati-pun-in-pericol-viata-baltenilor\\\/\",\"name\":\"COPACII USCA\u021aI PUN \u00ceN PERICOL VIA\u021aA B\u0102L\u021aENILOR - BTV\",\"isPartOf\":{\"@id\":\"https:\\\/\\\/www.btv.md\\\/#website\"},\"primaryImageOfPage\":{\"@id\":\"https:\\\/\\\/www.btv.md\\\/ro\\\/copacii-uscati-pun-in-pericol-viata-baltenilor\\\/#primaryimage\"},\"image\":{\"@id\":\"https:\\\/\\\/www.btv.md\\\/ro\\\/copacii-uscati-pun-in-pericol-viata-baltenilor\\\/#primaryimage\"},\"thumbnailUrl\":\"https:\\\/\\\/www.btv.md\\\/wp-content\\\/uploads\\\/2016\\\/06\\\/edf-1.jpg\",\"datePublished\":\"2016-06-20T15:55:37+00:00\",\"dateModified\":\"2016-06-20T15:55:47+00:00\",\"author\":{\"@id\":\"https:\\\/\\\/www.btv.md\\\/#\\\/schema\\\/person\\\/8fadce81561b3ce2c34c46dadc4ccbf2\"},\"inLanguage\":\"ro-RO\",\"potentialAction\":[{\"@type\":\"ReadAction\",\"target\":[\"https:\\\/\\\/www.btv.md\\\/ro\\\/copacii-uscati-pun-in-pericol-viata-baltenilor\\\/\"]}]},{\"@type\":\"ImageObject\",\"inLanguage\":\"ro-RO\",\"@id\":\"https:\\\/\\\/www.btv.md\\\/ro\\\/copacii-uscati-pun-in-pericol-viata-baltenilor\\\/#primaryimage\",\"url\":\"https:\\\/\\\/www.btv.md\\\/wp-content\\\/uploads\\\/2016\\\/06\\\/edf-1.jpg\",\"contentUrl\":\"https:\\\/\\\/www.btv.md\\\/wp-content\\\/uploads\\\/2016\\\/06\\\/edf-1.jpg\",\"width\":600,\"height\":400},{\"@type\":\"WebSite\",\"@id\":\"https:\\\/\\\/www.btv.md\\\/#website\",\"url\":\"https:\\\/\\\/www.btv.md\\\/\",\"name\":\"BTV\",\"description\":\"\u0411\u0435\u043b\u044c\u0446\u043a\u043e\u0435 \u0442\u0435\u043b\u0435\u0432\u0438\u0434\u0435\u043d\u0438\u0435\",\"potentialAction\":[{\"@type\":\"SearchAction\",\"target\":{\"@type\":\"EntryPoint\",\"urlTemplate\":\"https:\\\/\\\/www.btv.md\\\/?s={search_term_string}\"},\"query-input\":{\"@type\":\"PropertyValueSpecification\",\"valueRequired\":true,\"valueName\":\"search_term_string\"}}],\"inLanguage\":\"ro-RO\"},{\"@type\":\"Person\",\"@id\":\"https:\\\/\\\/www.btv.md\\\/#\\\/schema\\\/person\\\/8fadce81561b3ce2c34c46dadc4ccbf2\",\"name\":\"admin\"}]}<\/script>\n<!-- \/ Yoast SEO plugin. -->","yoast_head_json":{"title":"COPACII USCA\u021aI PUN \u00ceN PERICOL VIA\u021aA B\u0102L\u021aENILOR  - BTV","robots":{"index":"index","follow":"follow","max-snippet":"max-snippet:-1","max-image-preview":"max-image-preview:large","max-video-preview":"max-video-preview:-1"},"canonical":"https:\/\/www.btv.md\/ro\/copacii-uscati-pun-in-pericol-viata-baltenilor\/","og_locale":"ro_RO","og_type":"article","og_title":"COPACII USCA\u021aI PUN \u00ceN PERICOL VIA\u021aA B\u0102L\u021aENILOR  - BTV","og_description":"Peste dou\u0103 sute de locatari de pe strada \u0218tefan cel Mare 1 din municipiul B\u0103l\u021bi \u00ee\u0219i pun \u00a0via\u021ba \u00een \u00a0pericol \u00een fiecare zi. At\u00e2t \u00een apropierea blocului, c\u00e2t \u0219i \u00een curtea acestuia sunt peste doisprezece copaci usca\u0163i risc\u0103 s\u0103 se pr\u0103bu\u015feasc\u0103 \u00een orice clip\u0103. \u00a0De fric\u0103 s\u0103 nu fie accidenta\u021bi locatarii ocolesc din ce \u00een [&hellip;]","og_url":"https:\/\/www.btv.md\/ro\/copacii-uscati-pun-in-pericol-viata-baltenilor\/","og_site_name":"BTV","article_publisher":"https:\/\/www.facebook.com\/btvmoldova\/","article_published_time":"2016-06-20T15:55:37+00:00","article_modified_time":"2016-06-20T15:55:47+00:00","og_image":[{"width":600,"height":400,"url":"https:\/\/www.btv.md\/wp-content\/uploads\/2016\/06\/edf-1.jpg","type":"image\/jpeg"}],"author":"admin","twitter_misc":{"Scris de":"admin","Timp estimat pentru citire":"1 minut"},"schema":{"@context":"https:\/\/schema.org","@graph":[{"@type":"Article","@id":"https:\/\/www.btv.md\/ro\/copacii-uscati-pun-in-pericol-viata-baltenilor\/#article","isPartOf":{"@id":"https:\/\/www.btv.md\/ro\/copacii-uscati-pun-in-pericol-viata-baltenilor\/"},"author":{"name":"admin","@id":"https:\/\/www.btv.md\/#\/schema\/person\/8fadce81561b3ce2c34c46dadc4ccbf2"},"headline":"COPACII USCA\u021aI PUN \u00ceN PERICOL VIA\u021aA B\u0102L\u021aENILOR","datePublished":"2016-06-20T15:55:37+00:00","dateModified":"2016-06-20T15:55:47+00:00","mainEntityOfPage":{"@id":"https:\/\/www.btv.md\/ro\/copacii-uscati-pun-in-pericol-viata-baltenilor\/"},"wordCount":157,"image":{"@id":"https:\/\/www.btv.md\/ro\/copacii-uscati-pun-in-pericol-viata-baltenilor\/#primaryimage"},"thumbnailUrl":"https:\/\/www.btv.md\/wp-content\/uploads\/2016\/06\/edf-1.jpg","articleSection":["\u0413\u043e\u0440\u043e\u0434"],"inLanguage":"ro-RO"},{"@type":"WebPage","@id":"https:\/\/www.btv.md\/ro\/copacii-uscati-pun-in-pericol-viata-baltenilor\/","url":"https:\/\/www.btv.md\/ro\/copacii-uscati-pun-in-pericol-viata-baltenilor\/","name":"COPACII USCA\u021aI PUN \u00ceN PERICOL VIA\u021aA B\u0102L\u021aENILOR - BTV","isPartOf":{"@id":"https:\/\/www.btv.md\/#website"},"primaryImageOfPage":{"@id":"https:\/\/www.btv.md\/ro\/copacii-uscati-pun-in-pericol-viata-baltenilor\/#primaryimage"},"image":{"@id":"https:\/\/www.btv.md\/ro\/copacii-uscati-pun-in-pericol-viata-baltenilor\/#primaryimage"},"thumbnailUrl":"https:\/\/www.btv.md\/wp-content\/uploads\/2016\/06\/edf-1.jpg","datePublished":"2016-06-20T15:55:37+00:00","dateModified":"2016-06-20T15:55:47+00:00","author":{"@id":"https:\/\/www.btv.md\/#\/schema\/person\/8fadce81561b3ce2c34c46dadc4ccbf2"},"inLanguage":"ro-RO","potentialAction":[{"@type":"ReadAction","target":["https:\/\/www.btv.md\/ro\/copacii-uscati-pun-in-pericol-viata-baltenilor\/"]}]},{"@type":"ImageObject","inLanguage":"ro-RO","@id":"https:\/\/www.btv.md\/ro\/copacii-uscati-pun-in-pericol-viata-baltenilor\/#primaryimage","url":"https:\/\/www.btv.md\/wp-content\/uploads\/2016\/06\/edf-1.jpg","contentUrl":"https:\/\/www.btv.md\/wp-content\/uploads\/2016\/06\/edf-1.jpg","width":600,"height":400},{"@type":"WebSite","@id":"https:\/\/www.btv.md\/#website","url":"https:\/\/www.btv.md\/","name":"BTV","description":"\u0411\u0435\u043b\u044c\u0446\u043a\u043e\u0435 \u0442\u0435\u043b\u0435\u0432\u0438\u0434\u0435\u043d\u0438\u0435","potentialAction":[{"@type":"SearchAction","target":{"@type":"EntryPoint","urlTemplate":"https:\/\/www.btv.md\/?s={search_term_string}"},"query-input":{"@type":"PropertyValueSpecification","valueRequired":true,"valueName":"search_term_string"}}],"inLanguage":"ro-RO"},{"@type":"Person","@id":"https:\/\/www.btv.md\/#\/schema\/person\/8fadce81561b3ce2c34c46dadc4ccbf2","name":"admin"}]}},"_links":{"self":[{"href":"https:\/\/www.btv.md\/ro\/wp-json\/wp\/v2\/posts\/14868","targetHints":{"allow":["GET"]}}],"collection":[{"href":"https:\/\/www.btv.md\/ro\/wp-json\/wp\/v2\/posts"}],"about":[{"href":"https:\/\/www.btv.md\/ro\/wp-json\/wp\/v2\/types\/post"}],"author":[{"embeddable":true,"href":"https:\/\/www.btv.md\/ro\/wp-json\/wp\/v2\/users\/4"}],"replies":[{"embeddable":true,"href":"https:\/\/www.btv.md\/ro\/wp-json\/wp\/v2\/comments?post=14868"}],"version-history":[{"count":0,"href":"https:\/\/www.btv.md\/ro\/wp-json\/wp\/v2\/posts\/14868\/revisions"}],"wp:featuredmedia":[{"embeddable":true,"href":"https:\/\/www.btv.md\/ro\/wp-json\/wp\/v2\/media\/14869"}],"wp:attachment":[{"href":"https:\/\/www.btv.md\/ro\/wp-json\/wp\/v2\/media?parent=14868"}],"wp:term":[{"taxonomy":"category","embeddable":true,"href":"https:\/\/www.btv.md\/ro\/wp-json\/wp\/v2\/categories?post=14868"},{"taxonomy":"post_tag","embeddable":true,"href":"https:\/\/www.btv.md\/ro\/wp-json\/wp\/v2\/tags?post=14868"}],"curies":[{"name":"wp","href":"https:\/\/api.w.org\/{rel}","templated":true}]}}