{"id":14901,"date":"2016-06-21T15:14:59","date_gmt":"2016-06-21T12:14:59","guid":{"rendered":"http:\/\/btv.md\/?p=14901"},"modified":"2016-06-21T15:15:09","modified_gmt":"2016-06-21T12:15:09","slug":"noi-retele-de-cabluri-electrice-in-municipiul-balti","status":"publish","type":"post","link":"https:\/\/www.btv.md\/ro\/noi-retele-de-cabluri-electrice-in-municipiul-balti\/","title":{"rendered":"NOI RE\u021aELE  DE  CABLURI  ELECTRICE  \u00ceN MUNICIPIUL B\u0102L\u021aI"},"content":{"rendered":"<p>\u00cen municipiul B\u0103l\u021bi sunt instalate noi re\u0163ele de cabluri electrice. Acestea pornesc de la Centrala Electric\u0103 cu Termoficare Nord\u00a0 \u0219i se ramific\u0103 at\u00e2t \u00een centrul ora\u0219ului c\u00e2t \u0219i\u00a0 spre uzina \u201e R\u0103ut\u201d \u0219i \u00eentreprinderea \u201e Floarea- soarelui\u201d. Potrivit reprezentantului \u00eentreprinderii Red-Nord B\u0103l\u021bi, aceste m\u0103suri vor asigura o alimentare mai fiabil\u0103 cu energie electric\u0103 \u00a0a ora\u0219ului.<\/p>\n<p><iframe width=\"1170\" height=\"878\" data-src=\"https:\/\/www.youtube.com\/embed\/NsVdwYYx7KQ?wmode=transparent&amp;rel=0&amp;feature=oembed\" frameborder=\"0\" allow=\"accelerometer; autoplay; encrypted-media; gyroscope; picture-in-picture\" allowfullscreen src=\"data:image\/svg+xml;base64,PHN2ZyB3aWR0aD0iMSIgaGVpZ2h0PSIxIiB4bWxucz0iaHR0cDovL3d3dy53My5vcmcvMjAwMC9zdmciPjwvc3ZnPg==\" class=\"lazyload\" data-load-mode=\"1\"><\/iframe><\/p>\n<p>Inginerul a specificat c\u0103 traseul acestor cabluri coincide cu mai multe drumuri din B\u0103l\u021bi ceea ce creeaz\u0103 anumite impiedimente \u00een\u00a0 desf\u0103\u0219urarea lucr\u0103rilor.<\/p>\n<p>Potrivit directorul adjunct al Gospod\u0103riei Locativ Comunal\u0103 din B\u0103l\u021bi, Alexandr Cudrea\u0219ov, proiectul a fost coordonat \u0219i cu \u201eDirec\u021bia repara\u021bii \u0219i construc\u021bii drumuri <em>B\u0103l\u021bi\u201d, care ulterior vor repara\u00a0 por\u021biunele de drumuri demolate. <\/em><\/p>\n<p>Lungimea cablurilor este de 2 kilometri \u0219i 4 kilometri.<\/p>\n<p>Lucr\u0103rile vor fi finisate \u00een data de 15 iulie, 2020.<\/p>\n","protected":false},"excerpt":{"rendered":"<p>\u00cen municipiul B\u0103l\u021bi sunt instalate noi re\u0163ele de cabluri electrice. Acestea pornesc de la Centrala Electric\u0103 cu Termoficare Nord\u00a0 \u0219i se ramific\u0103 at\u00e2t \u00een centrul ora\u0219ului c\u00e2t \u0219i\u00a0 spre uzina \u201e R\u0103ut\u201d \u0219i \u00eentreprinderea \u201e Floarea- soarelui\u201d. Potrivit reprezentantului \u00eentreprinderii Red-Nord B\u0103l\u021bi, aceste m\u0103suri vor asigura o alimentare mai fiabil\u0103 cu energie electric\u0103 \u00a0a ora\u0219ului. [&hellip;]<\/p>\n","protected":false},"author":4,"featured_media":14902,"comment_status":"closed","ping_status":"closed","sticky":false,"template":"","format":"standard","meta":{"footnotes":""},"categories":[6353],"tags":[],"class_list":["post-14901","post","type-post","status-publish","format-standard","has-post-thumbnail","hentry","category-oras"],"yoast_head":"<!-- This site is optimized with the Yoast SEO plugin v27.4 - https:\/\/yoast.com\/product\/yoast-seo-wordpress\/ -->\n<title>NOI RE\u021aELE DE CABLURI ELECTRICE \u00ceN MUNICIPIUL B\u0102L\u021aI - BTV<\/title>\n<meta name=\"robots\" content=\"index, follow, max-snippet:-1, max-image-preview:large, max-video-preview:-1\" \/>\n<link rel=\"canonical\" href=\"https:\/\/www.btv.md\/ro\/noi-retele-de-cabluri-electrice-in-municipiul-balti\/\" \/>\n<meta property=\"og:locale\" content=\"ro_RO\" \/>\n<meta property=\"og:type\" content=\"article\" \/>\n<meta property=\"og:title\" content=\"NOI RE\u021aELE DE CABLURI ELECTRICE \u00ceN MUNICIPIUL B\u0102L\u021aI - BTV\" \/>\n<meta property=\"og:description\" content=\"\u00cen municipiul B\u0103l\u021bi sunt instalate noi re\u0163ele de cabluri electrice. Acestea pornesc de la Centrala Electric\u0103 cu Termoficare Nord\u00a0 \u0219i se ramific\u0103 at\u00e2t \u00een centrul ora\u0219ului c\u00e2t \u0219i\u00a0 spre uzina \u201e R\u0103ut\u201d \u0219i \u00eentreprinderea \u201e Floarea- soarelui\u201d. Potrivit reprezentantului \u00eentreprinderii Red-Nord B\u0103l\u021bi, aceste m\u0103suri vor asigura o alimentare mai fiabil\u0103 cu energie electric\u0103 \u00a0a ora\u0219ului. [&hellip;]\" \/>\n<meta property=\"og:url\" content=\"https:\/\/www.btv.md\/ro\/noi-retele-de-cabluri-electrice-in-municipiul-balti\/\" \/>\n<meta property=\"og:site_name\" content=\"BTV\" \/>\n<meta property=\"article:publisher\" content=\"https:\/\/www.facebook.com\/btvmoldova\/\" \/>\n<meta property=\"article:published_time\" content=\"2016-06-21T12:14:59+00:00\" \/>\n<meta property=\"article:modified_time\" content=\"2016-06-21T12:15:09+00:00\" \/>\n<meta property=\"og:image\" content=\"https:\/\/www.btv.md\/wp-content\/uploads\/2016\/06\/gfwe.jpg\" \/>\n\t<meta property=\"og:image:width\" content=\"600\" \/>\n\t<meta property=\"og:image:height\" content=\"400\" \/>\n\t<meta property=\"og:image:type\" content=\"image\/jpeg\" \/>\n<meta name=\"author\" content=\"admin\" \/>\n<meta name=\"twitter:label1\" content=\"Scris de\" \/>\n\t<meta name=\"twitter:data1\" content=\"admin\" \/>\n\t<meta name=\"twitter:label2\" content=\"Timp estimat pentru citire\" \/>\n\t<meta name=\"twitter:data2\" content=\"1 minut\" \/>\n<script type=\"application\/ld+json\" class=\"yoast-schema-graph\">{\"@context\":\"https:\\\/\\\/schema.org\",\"@graph\":[{\"@type\":\"Article\",\"@id\":\"https:\\\/\\\/www.btv.md\\\/ro\\\/noi-retele-de-cabluri-electrice-in-municipiul-balti\\\/#article\",\"isPartOf\":{\"@id\":\"https:\\\/\\\/www.btv.md\\\/ro\\\/noi-retele-de-cabluri-electrice-in-municipiul-balti\\\/\"},\"author\":{\"name\":\"admin\",\"@id\":\"https:\\\/\\\/www.btv.md\\\/#\\\/schema\\\/person\\\/8fadce81561b3ce2c34c46dadc4ccbf2\"},\"headline\":\"NOI RE\u021aELE DE CABLURI ELECTRICE \u00ceN MUNICIPIUL B\u0102L\u021aI\",\"datePublished\":\"2016-06-21T12:14:59+00:00\",\"dateModified\":\"2016-06-21T12:15:09+00:00\",\"mainEntityOfPage\":{\"@id\":\"https:\\\/\\\/www.btv.md\\\/ro\\\/noi-retele-de-cabluri-electrice-in-municipiul-balti\\\/\"},\"wordCount\":169,\"image\":{\"@id\":\"https:\\\/\\\/www.btv.md\\\/ro\\\/noi-retele-de-cabluri-electrice-in-municipiul-balti\\\/#primaryimage\"},\"thumbnailUrl\":\"https:\\\/\\\/www.btv.md\\\/wp-content\\\/uploads\\\/2016\\\/06\\\/gfwe.jpg\",\"articleSection\":[\"Ora\u0219\"],\"inLanguage\":\"ro-RO\"},{\"@type\":\"WebPage\",\"@id\":\"https:\\\/\\\/www.btv.md\\\/ro\\\/noi-retele-de-cabluri-electrice-in-municipiul-balti\\\/\",\"url\":\"https:\\\/\\\/www.btv.md\\\/ro\\\/noi-retele-de-cabluri-electrice-in-municipiul-balti\\\/\",\"name\":\"NOI RE\u021aELE DE CABLURI ELECTRICE \u00ceN MUNICIPIUL B\u0102L\u021aI - BTV\",\"isPartOf\":{\"@id\":\"https:\\\/\\\/www.btv.md\\\/#website\"},\"primaryImageOfPage\":{\"@id\":\"https:\\\/\\\/www.btv.md\\\/ro\\\/noi-retele-de-cabluri-electrice-in-municipiul-balti\\\/#primaryimage\"},\"image\":{\"@id\":\"https:\\\/\\\/www.btv.md\\\/ro\\\/noi-retele-de-cabluri-electrice-in-municipiul-balti\\\/#primaryimage\"},\"thumbnailUrl\":\"https:\\\/\\\/www.btv.md\\\/wp-content\\\/uploads\\\/2016\\\/06\\\/gfwe.jpg\",\"datePublished\":\"2016-06-21T12:14:59+00:00\",\"dateModified\":\"2016-06-21T12:15:09+00:00\",\"author\":{\"@id\":\"https:\\\/\\\/www.btv.md\\\/#\\\/schema\\\/person\\\/8fadce81561b3ce2c34c46dadc4ccbf2\"},\"inLanguage\":\"ro-RO\",\"potentialAction\":[{\"@type\":\"ReadAction\",\"target\":[\"https:\\\/\\\/www.btv.md\\\/ro\\\/noi-retele-de-cabluri-electrice-in-municipiul-balti\\\/\"]}]},{\"@type\":\"ImageObject\",\"inLanguage\":\"ro-RO\",\"@id\":\"https:\\\/\\\/www.btv.md\\\/ro\\\/noi-retele-de-cabluri-electrice-in-municipiul-balti\\\/#primaryimage\",\"url\":\"https:\\\/\\\/www.btv.md\\\/wp-content\\\/uploads\\\/2016\\\/06\\\/gfwe.jpg\",\"contentUrl\":\"https:\\\/\\\/www.btv.md\\\/wp-content\\\/uploads\\\/2016\\\/06\\\/gfwe.jpg\",\"width\":600,\"height\":400},{\"@type\":\"WebSite\",\"@id\":\"https:\\\/\\\/www.btv.md\\\/#website\",\"url\":\"https:\\\/\\\/www.btv.md\\\/\",\"name\":\"BTV\",\"description\":\"\u0411\u0435\u043b\u044c\u0446\u043a\u043e\u0435 \u0442\u0435\u043b\u0435\u0432\u0438\u0434\u0435\u043d\u0438\u0435\",\"potentialAction\":[{\"@type\":\"SearchAction\",\"target\":{\"@type\":\"EntryPoint\",\"urlTemplate\":\"https:\\\/\\\/www.btv.md\\\/?s={search_term_string}\"},\"query-input\":{\"@type\":\"PropertyValueSpecification\",\"valueRequired\":true,\"valueName\":\"search_term_string\"}}],\"inLanguage\":\"ro-RO\"},{\"@type\":\"Person\",\"@id\":\"https:\\\/\\\/www.btv.md\\\/#\\\/schema\\\/person\\\/8fadce81561b3ce2c34c46dadc4ccbf2\",\"name\":\"admin\"}]}<\/script>\n<!-- \/ Yoast SEO plugin. -->","yoast_head_json":{"title":"NOI RE\u021aELE DE CABLURI ELECTRICE \u00ceN MUNICIPIUL B\u0102L\u021aI - BTV","robots":{"index":"index","follow":"follow","max-snippet":"max-snippet:-1","max-image-preview":"max-image-preview:large","max-video-preview":"max-video-preview:-1"},"canonical":"https:\/\/www.btv.md\/ro\/noi-retele-de-cabluri-electrice-in-municipiul-balti\/","og_locale":"ro_RO","og_type":"article","og_title":"NOI RE\u021aELE DE CABLURI ELECTRICE \u00ceN MUNICIPIUL B\u0102L\u021aI - BTV","og_description":"\u00cen municipiul B\u0103l\u021bi sunt instalate noi re\u0163ele de cabluri electrice. Acestea pornesc de la Centrala Electric\u0103 cu Termoficare Nord\u00a0 \u0219i se ramific\u0103 at\u00e2t \u00een centrul ora\u0219ului c\u00e2t \u0219i\u00a0 spre uzina \u201e R\u0103ut\u201d \u0219i \u00eentreprinderea \u201e Floarea- soarelui\u201d. Potrivit reprezentantului \u00eentreprinderii Red-Nord B\u0103l\u021bi, aceste m\u0103suri vor asigura o alimentare mai fiabil\u0103 cu energie electric\u0103 \u00a0a ora\u0219ului. [&hellip;]","og_url":"https:\/\/www.btv.md\/ro\/noi-retele-de-cabluri-electrice-in-municipiul-balti\/","og_site_name":"BTV","article_publisher":"https:\/\/www.facebook.com\/btvmoldova\/","article_published_time":"2016-06-21T12:14:59+00:00","article_modified_time":"2016-06-21T12:15:09+00:00","og_image":[{"width":600,"height":400,"url":"https:\/\/www.btv.md\/wp-content\/uploads\/2016\/06\/gfwe.jpg","type":"image\/jpeg"}],"author":"admin","twitter_misc":{"Scris de":"admin","Timp estimat pentru citire":"1 minut"},"schema":{"@context":"https:\/\/schema.org","@graph":[{"@type":"Article","@id":"https:\/\/www.btv.md\/ro\/noi-retele-de-cabluri-electrice-in-municipiul-balti\/#article","isPartOf":{"@id":"https:\/\/www.btv.md\/ro\/noi-retele-de-cabluri-electrice-in-municipiul-balti\/"},"author":{"name":"admin","@id":"https:\/\/www.btv.md\/#\/schema\/person\/8fadce81561b3ce2c34c46dadc4ccbf2"},"headline":"NOI RE\u021aELE DE CABLURI ELECTRICE \u00ceN MUNICIPIUL B\u0102L\u021aI","datePublished":"2016-06-21T12:14:59+00:00","dateModified":"2016-06-21T12:15:09+00:00","mainEntityOfPage":{"@id":"https:\/\/www.btv.md\/ro\/noi-retele-de-cabluri-electrice-in-municipiul-balti\/"},"wordCount":169,"image":{"@id":"https:\/\/www.btv.md\/ro\/noi-retele-de-cabluri-electrice-in-municipiul-balti\/#primaryimage"},"thumbnailUrl":"https:\/\/www.btv.md\/wp-content\/uploads\/2016\/06\/gfwe.jpg","articleSection":["Ora\u0219"],"inLanguage":"ro-RO"},{"@type":"WebPage","@id":"https:\/\/www.btv.md\/ro\/noi-retele-de-cabluri-electrice-in-municipiul-balti\/","url":"https:\/\/www.btv.md\/ro\/noi-retele-de-cabluri-electrice-in-municipiul-balti\/","name":"NOI RE\u021aELE DE CABLURI ELECTRICE \u00ceN MUNICIPIUL B\u0102L\u021aI - BTV","isPartOf":{"@id":"https:\/\/www.btv.md\/#website"},"primaryImageOfPage":{"@id":"https:\/\/www.btv.md\/ro\/noi-retele-de-cabluri-electrice-in-municipiul-balti\/#primaryimage"},"image":{"@id":"https:\/\/www.btv.md\/ro\/noi-retele-de-cabluri-electrice-in-municipiul-balti\/#primaryimage"},"thumbnailUrl":"https:\/\/www.btv.md\/wp-content\/uploads\/2016\/06\/gfwe.jpg","datePublished":"2016-06-21T12:14:59+00:00","dateModified":"2016-06-21T12:15:09+00:00","author":{"@id":"https:\/\/www.btv.md\/#\/schema\/person\/8fadce81561b3ce2c34c46dadc4ccbf2"},"inLanguage":"ro-RO","potentialAction":[{"@type":"ReadAction","target":["https:\/\/www.btv.md\/ro\/noi-retele-de-cabluri-electrice-in-municipiul-balti\/"]}]},{"@type":"ImageObject","inLanguage":"ro-RO","@id":"https:\/\/www.btv.md\/ro\/noi-retele-de-cabluri-electrice-in-municipiul-balti\/#primaryimage","url":"https:\/\/www.btv.md\/wp-content\/uploads\/2016\/06\/gfwe.jpg","contentUrl":"https:\/\/www.btv.md\/wp-content\/uploads\/2016\/06\/gfwe.jpg","width":600,"height":400},{"@type":"WebSite","@id":"https:\/\/www.btv.md\/#website","url":"https:\/\/www.btv.md\/","name":"BTV","description":"\u0411\u0435\u043b\u044c\u0446\u043a\u043e\u0435 \u0442\u0435\u043b\u0435\u0432\u0438\u0434\u0435\u043d\u0438\u0435","potentialAction":[{"@type":"SearchAction","target":{"@type":"EntryPoint","urlTemplate":"https:\/\/www.btv.md\/?s={search_term_string}"},"query-input":{"@type":"PropertyValueSpecification","valueRequired":true,"valueName":"search_term_string"}}],"inLanguage":"ro-RO"},{"@type":"Person","@id":"https:\/\/www.btv.md\/#\/schema\/person\/8fadce81561b3ce2c34c46dadc4ccbf2","name":"admin"}]}},"_links":{"self":[{"href":"https:\/\/www.btv.md\/ro\/wp-json\/wp\/v2\/posts\/14901","targetHints":{"allow":["GET"]}}],"collection":[{"href":"https:\/\/www.btv.md\/ro\/wp-json\/wp\/v2\/posts"}],"about":[{"href":"https:\/\/www.btv.md\/ro\/wp-json\/wp\/v2\/types\/post"}],"author":[{"embeddable":true,"href":"https:\/\/www.btv.md\/ro\/wp-json\/wp\/v2\/users\/4"}],"replies":[{"embeddable":true,"href":"https:\/\/www.btv.md\/ro\/wp-json\/wp\/v2\/comments?post=14901"}],"version-history":[{"count":0,"href":"https:\/\/www.btv.md\/ro\/wp-json\/wp\/v2\/posts\/14901\/revisions"}],"wp:featuredmedia":[{"embeddable":true,"href":"https:\/\/www.btv.md\/ro\/wp-json\/wp\/v2\/media\/14902"}],"wp:attachment":[{"href":"https:\/\/www.btv.md\/ro\/wp-json\/wp\/v2\/media?parent=14901"}],"wp:term":[{"taxonomy":"category","embeddable":true,"href":"https:\/\/www.btv.md\/ro\/wp-json\/wp\/v2\/categories?post=14901"},{"taxonomy":"post_tag","embeddable":true,"href":"https:\/\/www.btv.md\/ro\/wp-json\/wp\/v2\/tags?post=14901"}],"curies":[{"name":"wp","href":"https:\/\/api.w.org\/{rel}","templated":true}]}}