{"id":14913,"date":"2016-06-21T16:23:44","date_gmt":"2016-06-21T13:23:44","guid":{"rendered":"http:\/\/btv.md\/?p=14913"},"modified":"2016-06-21T16:23:54","modified_gmt":"2016-06-21T13:23:54","slug":"restrictii-de-circulatie-pe-traseele-nationale","status":"publish","type":"post","link":"https:\/\/www.btv.md\/ro\/restrictii-de-circulatie-pe-traseele-nationale\/","title":{"rendered":"RESTRIC\u021aII  DE  CIRCULA\u021aIE   PE   TRASEELE  NA\u021aIONALE"},"content":{"rendered":"<h1>Circula\u021bia rutier\u0103 de pe traseul B\u0103l\u021bi-F\u0103le\u0219ti-Sculeni va fi restric\u021bionat\u0103 pe anumite segmente. Asta pentru c\u0103 din aceast\u0103 s\u0103pt\u0103m\u00e2n\u0103, drumul a intrat \u00een repara\u021bie. \u0218oferii vor fi nevoi\u021bi s\u0103 ocoleasc\u0103 unele segmente, unde vor fi instalate marcaje rutiere. \u00cen apropierea satului R\u0103u\u021bel, acolo unde au demarat lucr\u0103rile, au fost deja instalate dou\u0103 semafoare.<\/h1>\n<p><iframe width=\"1170\" height=\"878\" data-src=\"https:\/\/www.youtube.com\/embed\/ySIhnksowG4?wmode=transparent&amp;rel=0&amp;feature=oembed\" frameborder=\"0\" allow=\"accelerometer; autoplay; encrypted-media; gyroscope; picture-in-picture\" allowfullscreen src=\"data:image\/svg+xml;base64,PHN2ZyB3aWR0aD0iMSIgaGVpZ2h0PSIxIiB4bWxucz0iaHR0cDovL3d3dy53My5vcmcvMjAwMC9zdmciPjwvc3ZnPg==\" class=\"lazyload\" data-load-mode=\"1\"><\/iframe><\/p>\n<p>&nbsp;<\/p>\n<h1>Ministrul Trasporturilor, Iurie Chirinciuc, a \u00eendemnat participan\u021bii la trafic s\u0103 fie calmi \u0219i s\u0103 respecte regulile de circula\u021bie.<\/h1>\n<p>C\u00e2t despre circula\u021bia ma\u0219inilor de mare tonaj \u00een perioada canicular\u0103, ministrul a men\u021bionat c\u0103 va fi emis un ordin, care le va interzice par\u021bial accesul.<\/p>\n<p>Restric\u0163ionarea va fi valabil\u0103 pentru toate drumurile na\u021bionale, \u00een zilele\u00a0 cu\u00a0 temperaturi mai\u00a0 mari de 30 de grade Celsius.<\/p>\n","protected":false},"excerpt":{"rendered":"<p>Circula\u021bia rutier\u0103 de pe traseul B\u0103l\u021bi-F\u0103le\u0219ti-Sculeni va fi restric\u021bionat\u0103 pe anumite segmente. Asta pentru c\u0103 din aceast\u0103 s\u0103pt\u0103m\u00e2n\u0103, drumul a intrat \u00een repara\u021bie. \u0218oferii vor fi nevoi\u021bi s\u0103 ocoleasc\u0103 unele segmente, unde vor fi instalate marcaje rutiere. \u00cen apropierea satului R\u0103u\u021bel, acolo unde au demarat lucr\u0103rile, au fost deja instalate dou\u0103 semafoare. &nbsp; Ministrul Trasporturilor, [&hellip;]<\/p>\n","protected":false},"author":4,"featured_media":14914,"comment_status":"closed","ping_status":"closed","sticky":false,"template":"","format":"standard","meta":{"footnotes":""},"categories":[6349],"tags":[],"class_list":["post-14913","post","type-post","status-publish","format-standard","has-post-thumbnail","hentry","category-social"],"yoast_head":"<!-- This site is optimized with the Yoast SEO plugin v27.4 - https:\/\/yoast.com\/product\/yoast-seo-wordpress\/ -->\n<title>RESTRIC\u021aII DE CIRCULA\u021aIE  PE  TRASEELE NA\u021aIONALE - BTV<\/title>\n<meta name=\"robots\" content=\"index, follow, max-snippet:-1, max-image-preview:large, max-video-preview:-1\" \/>\n<link rel=\"canonical\" href=\"https:\/\/www.btv.md\/ro\/restrictii-de-circulatie-pe-traseele-nationale\/\" \/>\n<meta property=\"og:locale\" content=\"ro_RO\" \/>\n<meta property=\"og:type\" content=\"article\" \/>\n<meta property=\"og:title\" content=\"RESTRIC\u021aII DE CIRCULA\u021aIE  PE  TRASEELE NA\u021aIONALE - BTV\" \/>\n<meta property=\"og:description\" content=\"Circula\u021bia rutier\u0103 de pe traseul B\u0103l\u021bi-F\u0103le\u0219ti-Sculeni va fi restric\u021bionat\u0103 pe anumite segmente. Asta pentru c\u0103 din aceast\u0103 s\u0103pt\u0103m\u00e2n\u0103, drumul a intrat \u00een repara\u021bie. \u0218oferii vor fi nevoi\u021bi s\u0103 ocoleasc\u0103 unele segmente, unde vor fi instalate marcaje rutiere. \u00cen apropierea satului R\u0103u\u021bel, acolo unde au demarat lucr\u0103rile, au fost deja instalate dou\u0103 semafoare. &nbsp; Ministrul Trasporturilor, [&hellip;]\" \/>\n<meta property=\"og:url\" content=\"https:\/\/www.btv.md\/ro\/restrictii-de-circulatie-pe-traseele-nationale\/\" \/>\n<meta property=\"og:site_name\" content=\"BTV\" \/>\n<meta property=\"article:publisher\" content=\"https:\/\/www.facebook.com\/btvmoldova\/\" \/>\n<meta property=\"article:published_time\" content=\"2016-06-21T13:23:44+00:00\" \/>\n<meta property=\"article:modified_time\" content=\"2016-06-21T13:23:54+00:00\" \/>\n<meta property=\"og:image\" content=\"https:\/\/www.btv.md\/wp-content\/uploads\/2016\/06\/jy.jpg\" \/>\n\t<meta property=\"og:image:width\" content=\"600\" \/>\n\t<meta property=\"og:image:height\" content=\"400\" \/>\n\t<meta property=\"og:image:type\" content=\"image\/jpeg\" \/>\n<meta name=\"author\" content=\"admin\" \/>\n<meta name=\"twitter:label1\" content=\"Scris de\" \/>\n\t<meta name=\"twitter:data1\" content=\"admin\" \/>\n\t<meta name=\"twitter:label2\" content=\"Timp estimat pentru citire\" \/>\n\t<meta name=\"twitter:data2\" content=\"1 minut\" \/>\n<script type=\"application\/ld+json\" class=\"yoast-schema-graph\">{\"@context\":\"https:\\\/\\\/schema.org\",\"@graph\":[{\"@type\":\"Article\",\"@id\":\"https:\\\/\\\/www.btv.md\\\/ro\\\/restrictii-de-circulatie-pe-traseele-nationale\\\/#article\",\"isPartOf\":{\"@id\":\"https:\\\/\\\/www.btv.md\\\/ro\\\/restrictii-de-circulatie-pe-traseele-nationale\\\/\"},\"author\":{\"name\":\"admin\",\"@id\":\"https:\\\/\\\/www.btv.md\\\/#\\\/schema\\\/person\\\/8fadce81561b3ce2c34c46dadc4ccbf2\"},\"headline\":\"RESTRIC\u021aII DE CIRCULA\u021aIE PE TRASEELE NA\u021aIONALE\",\"datePublished\":\"2016-06-21T13:23:44+00:00\",\"dateModified\":\"2016-06-21T13:23:54+00:00\",\"mainEntityOfPage\":{\"@id\":\"https:\\\/\\\/www.btv.md\\\/ro\\\/restrictii-de-circulatie-pe-traseele-nationale\\\/\"},\"wordCount\":150,\"image\":{\"@id\":\"https:\\\/\\\/www.btv.md\\\/ro\\\/restrictii-de-circulatie-pe-traseele-nationale\\\/#primaryimage\"},\"thumbnailUrl\":\"https:\\\/\\\/www.btv.md\\\/wp-content\\\/uploads\\\/2016\\\/06\\\/jy.jpg\",\"articleSection\":[\"Social\"],\"inLanguage\":\"ro-RO\"},{\"@type\":\"WebPage\",\"@id\":\"https:\\\/\\\/www.btv.md\\\/ro\\\/restrictii-de-circulatie-pe-traseele-nationale\\\/\",\"url\":\"https:\\\/\\\/www.btv.md\\\/ro\\\/restrictii-de-circulatie-pe-traseele-nationale\\\/\",\"name\":\"RESTRIC\u021aII DE CIRCULA\u021aIE PE TRASEELE NA\u021aIONALE - BTV\",\"isPartOf\":{\"@id\":\"https:\\\/\\\/www.btv.md\\\/#website\"},\"primaryImageOfPage\":{\"@id\":\"https:\\\/\\\/www.btv.md\\\/ro\\\/restrictii-de-circulatie-pe-traseele-nationale\\\/#primaryimage\"},\"image\":{\"@id\":\"https:\\\/\\\/www.btv.md\\\/ro\\\/restrictii-de-circulatie-pe-traseele-nationale\\\/#primaryimage\"},\"thumbnailUrl\":\"https:\\\/\\\/www.btv.md\\\/wp-content\\\/uploads\\\/2016\\\/06\\\/jy.jpg\",\"datePublished\":\"2016-06-21T13:23:44+00:00\",\"dateModified\":\"2016-06-21T13:23:54+00:00\",\"author\":{\"@id\":\"https:\\\/\\\/www.btv.md\\\/#\\\/schema\\\/person\\\/8fadce81561b3ce2c34c46dadc4ccbf2\"},\"inLanguage\":\"ro-RO\",\"potentialAction\":[{\"@type\":\"ReadAction\",\"target\":[\"https:\\\/\\\/www.btv.md\\\/ro\\\/restrictii-de-circulatie-pe-traseele-nationale\\\/\"]}]},{\"@type\":\"ImageObject\",\"inLanguage\":\"ro-RO\",\"@id\":\"https:\\\/\\\/www.btv.md\\\/ro\\\/restrictii-de-circulatie-pe-traseele-nationale\\\/#primaryimage\",\"url\":\"https:\\\/\\\/www.btv.md\\\/wp-content\\\/uploads\\\/2016\\\/06\\\/jy.jpg\",\"contentUrl\":\"https:\\\/\\\/www.btv.md\\\/wp-content\\\/uploads\\\/2016\\\/06\\\/jy.jpg\",\"width\":600,\"height\":400},{\"@type\":\"WebSite\",\"@id\":\"https:\\\/\\\/www.btv.md\\\/#website\",\"url\":\"https:\\\/\\\/www.btv.md\\\/\",\"name\":\"BTV\",\"description\":\"\u0411\u0435\u043b\u044c\u0446\u043a\u043e\u0435 \u0442\u0435\u043b\u0435\u0432\u0438\u0434\u0435\u043d\u0438\u0435\",\"potentialAction\":[{\"@type\":\"SearchAction\",\"target\":{\"@type\":\"EntryPoint\",\"urlTemplate\":\"https:\\\/\\\/www.btv.md\\\/?s={search_term_string}\"},\"query-input\":{\"@type\":\"PropertyValueSpecification\",\"valueRequired\":true,\"valueName\":\"search_term_string\"}}],\"inLanguage\":\"ro-RO\"},{\"@type\":\"Person\",\"@id\":\"https:\\\/\\\/www.btv.md\\\/#\\\/schema\\\/person\\\/8fadce81561b3ce2c34c46dadc4ccbf2\",\"name\":\"admin\"}]}<\/script>\n<!-- \/ Yoast SEO plugin. -->","yoast_head_json":{"title":"RESTRIC\u021aII DE CIRCULA\u021aIE  PE  TRASEELE NA\u021aIONALE - BTV","robots":{"index":"index","follow":"follow","max-snippet":"max-snippet:-1","max-image-preview":"max-image-preview:large","max-video-preview":"max-video-preview:-1"},"canonical":"https:\/\/www.btv.md\/ro\/restrictii-de-circulatie-pe-traseele-nationale\/","og_locale":"ro_RO","og_type":"article","og_title":"RESTRIC\u021aII DE CIRCULA\u021aIE  PE  TRASEELE NA\u021aIONALE - BTV","og_description":"Circula\u021bia rutier\u0103 de pe traseul B\u0103l\u021bi-F\u0103le\u0219ti-Sculeni va fi restric\u021bionat\u0103 pe anumite segmente. Asta pentru c\u0103 din aceast\u0103 s\u0103pt\u0103m\u00e2n\u0103, drumul a intrat \u00een repara\u021bie. \u0218oferii vor fi nevoi\u021bi s\u0103 ocoleasc\u0103 unele segmente, unde vor fi instalate marcaje rutiere. \u00cen apropierea satului R\u0103u\u021bel, acolo unde au demarat lucr\u0103rile, au fost deja instalate dou\u0103 semafoare. &nbsp; Ministrul Trasporturilor, [&hellip;]","og_url":"https:\/\/www.btv.md\/ro\/restrictii-de-circulatie-pe-traseele-nationale\/","og_site_name":"BTV","article_publisher":"https:\/\/www.facebook.com\/btvmoldova\/","article_published_time":"2016-06-21T13:23:44+00:00","article_modified_time":"2016-06-21T13:23:54+00:00","og_image":[{"width":600,"height":400,"url":"https:\/\/www.btv.md\/wp-content\/uploads\/2016\/06\/jy.jpg","type":"image\/jpeg"}],"author":"admin","twitter_misc":{"Scris de":"admin","Timp estimat pentru citire":"1 minut"},"schema":{"@context":"https:\/\/schema.org","@graph":[{"@type":"Article","@id":"https:\/\/www.btv.md\/ro\/restrictii-de-circulatie-pe-traseele-nationale\/#article","isPartOf":{"@id":"https:\/\/www.btv.md\/ro\/restrictii-de-circulatie-pe-traseele-nationale\/"},"author":{"name":"admin","@id":"https:\/\/www.btv.md\/#\/schema\/person\/8fadce81561b3ce2c34c46dadc4ccbf2"},"headline":"RESTRIC\u021aII DE CIRCULA\u021aIE PE TRASEELE NA\u021aIONALE","datePublished":"2016-06-21T13:23:44+00:00","dateModified":"2016-06-21T13:23:54+00:00","mainEntityOfPage":{"@id":"https:\/\/www.btv.md\/ro\/restrictii-de-circulatie-pe-traseele-nationale\/"},"wordCount":150,"image":{"@id":"https:\/\/www.btv.md\/ro\/restrictii-de-circulatie-pe-traseele-nationale\/#primaryimage"},"thumbnailUrl":"https:\/\/www.btv.md\/wp-content\/uploads\/2016\/06\/jy.jpg","articleSection":["Social"],"inLanguage":"ro-RO"},{"@type":"WebPage","@id":"https:\/\/www.btv.md\/ro\/restrictii-de-circulatie-pe-traseele-nationale\/","url":"https:\/\/www.btv.md\/ro\/restrictii-de-circulatie-pe-traseele-nationale\/","name":"RESTRIC\u021aII DE CIRCULA\u021aIE PE TRASEELE NA\u021aIONALE - BTV","isPartOf":{"@id":"https:\/\/www.btv.md\/#website"},"primaryImageOfPage":{"@id":"https:\/\/www.btv.md\/ro\/restrictii-de-circulatie-pe-traseele-nationale\/#primaryimage"},"image":{"@id":"https:\/\/www.btv.md\/ro\/restrictii-de-circulatie-pe-traseele-nationale\/#primaryimage"},"thumbnailUrl":"https:\/\/www.btv.md\/wp-content\/uploads\/2016\/06\/jy.jpg","datePublished":"2016-06-21T13:23:44+00:00","dateModified":"2016-06-21T13:23:54+00:00","author":{"@id":"https:\/\/www.btv.md\/#\/schema\/person\/8fadce81561b3ce2c34c46dadc4ccbf2"},"inLanguage":"ro-RO","potentialAction":[{"@type":"ReadAction","target":["https:\/\/www.btv.md\/ro\/restrictii-de-circulatie-pe-traseele-nationale\/"]}]},{"@type":"ImageObject","inLanguage":"ro-RO","@id":"https:\/\/www.btv.md\/ro\/restrictii-de-circulatie-pe-traseele-nationale\/#primaryimage","url":"https:\/\/www.btv.md\/wp-content\/uploads\/2016\/06\/jy.jpg","contentUrl":"https:\/\/www.btv.md\/wp-content\/uploads\/2016\/06\/jy.jpg","width":600,"height":400},{"@type":"WebSite","@id":"https:\/\/www.btv.md\/#website","url":"https:\/\/www.btv.md\/","name":"BTV","description":"\u0411\u0435\u043b\u044c\u0446\u043a\u043e\u0435 \u0442\u0435\u043b\u0435\u0432\u0438\u0434\u0435\u043d\u0438\u0435","potentialAction":[{"@type":"SearchAction","target":{"@type":"EntryPoint","urlTemplate":"https:\/\/www.btv.md\/?s={search_term_string}"},"query-input":{"@type":"PropertyValueSpecification","valueRequired":true,"valueName":"search_term_string"}}],"inLanguage":"ro-RO"},{"@type":"Person","@id":"https:\/\/www.btv.md\/#\/schema\/person\/8fadce81561b3ce2c34c46dadc4ccbf2","name":"admin"}]}},"_links":{"self":[{"href":"https:\/\/www.btv.md\/ro\/wp-json\/wp\/v2\/posts\/14913","targetHints":{"allow":["GET"]}}],"collection":[{"href":"https:\/\/www.btv.md\/ro\/wp-json\/wp\/v2\/posts"}],"about":[{"href":"https:\/\/www.btv.md\/ro\/wp-json\/wp\/v2\/types\/post"}],"author":[{"embeddable":true,"href":"https:\/\/www.btv.md\/ro\/wp-json\/wp\/v2\/users\/4"}],"replies":[{"embeddable":true,"href":"https:\/\/www.btv.md\/ro\/wp-json\/wp\/v2\/comments?post=14913"}],"version-history":[{"count":0,"href":"https:\/\/www.btv.md\/ro\/wp-json\/wp\/v2\/posts\/14913\/revisions"}],"wp:featuredmedia":[{"embeddable":true,"href":"https:\/\/www.btv.md\/ro\/wp-json\/wp\/v2\/media\/14914"}],"wp:attachment":[{"href":"https:\/\/www.btv.md\/ro\/wp-json\/wp\/v2\/media?parent=14913"}],"wp:term":[{"taxonomy":"category","embeddable":true,"href":"https:\/\/www.btv.md\/ro\/wp-json\/wp\/v2\/categories?post=14913"},{"taxonomy":"post_tag","embeddable":true,"href":"https:\/\/www.btv.md\/ro\/wp-json\/wp\/v2\/tags?post=14913"}],"curies":[{"name":"wp","href":"https:\/\/api.w.org\/{rel}","templated":true}]}}