{"id":14937,"date":"2016-06-22T14:17:12","date_gmt":"2016-06-22T11:17:12","guid":{"rendered":"http:\/\/btv.md\/?p=14937"},"modified":"2016-06-22T14:17:21","modified_gmt":"2016-06-22T11:17:21","slug":"la-4-dimineata-baltenii-au-aprins-1418-lumanari","status":"publish","type":"post","link":"https:\/\/www.btv.md\/ro\/la-4-dimineata-baltenii-au-aprins-1418-lumanari\/","title":{"rendered":"LA  4  DIMINEA\u021aA  B\u0102L\u021aENII  AU  APRINS  1418   LUM\u00c2N\u0102RI"},"content":{"rendered":"<p>Acum 75 de ani, \u00een diminea\u021ba zilei de 22 iunie a \u00eenceput Marele R\u0103zboi pentru Ap\u0103rarea Patriei. Ziua \u00een care Armata Germaniei Naziste a atacat Uniunea Sovietic\u0103. \u00cen memeoria celor c\u0103zu\u021bi, la Memorialul Gloriei Militare din municipiul B\u0103l\u021bi au fost aprinse 1418 lum\u00e2n\u0103ri. Num\u0103rul este unul simbolic reprezent\u00e2nd \u00een zile durata marii b\u0103t\u0103lii.<\/p>\n<p><iframe width=\"1170\" height=\"878\" data-src=\"https:\/\/www.youtube.com\/embed\/0NT3DvRmraQ?wmode=transparent&amp;rel=0&amp;feature=oembed\" frameborder=\"0\" allow=\"accelerometer; autoplay; encrypted-media; gyroscope; picture-in-picture\" allowfullscreen src=\"data:image\/svg+xml;base64,PHN2ZyB3aWR0aD0iMSIgaGVpZ2h0PSIxIiB4bWxucz0iaHR0cDovL3d3dy53My5vcmcvMjAwMC9zdmciPjwvc3ZnPg==\" class=\"lazyload\" data-load-mode=\"1\"><\/iframe><\/p>\n<p>Ac\u021biunea a fost organizat\u0103 de c\u0103tre activi\u0219tii Partidului Nostru, \u00eempreun\u0103 cu Comunitatea Ru\u0219ilor, care au reu\u0219it s\u0103 adune circa 300 de b\u0103l\u021beni.<\/p>\n<p>La ora 4 diminea\u021ba, b\u0103l\u021benii au \u021binut un minut de reculegere.<\/p>\n<p>De aceast\u0103 dat\u0103, la eveniment au luat parte \u0219i veteranii. Ace\u0219tia au povestit cum a \u00eenceput pentru ei r\u0103zboiul.<\/p>\n<p>Pre\u0219edintele organiza\u021biei veteranilor din B\u0103l\u021bi, Alexandru Gorb, spune c\u0103 mul\u021bi veterani au dorit s\u0103 vin\u0103, de\u0219i cu fiecare an r\u0103m\u00e2n tot mai pu\u021bini.<\/p>\n<p>Unii au venit s\u0103 depun\u0103 flori cu \u00eentreaga familie. Ei cred c\u0103 astfel vor p\u0103stra vie amintirea celor c\u0103zu\u021bi.<\/p>\n<p>Evenimentul a avut loc concomitent la trei monumente din municipiu.<\/p>\n","protected":false},"excerpt":{"rendered":"<p>Acum 75 de ani, \u00een diminea\u021ba zilei de 22 iunie a \u00eenceput Marele R\u0103zboi pentru Ap\u0103rarea Patriei. Ziua \u00een care Armata Germaniei Naziste a atacat Uniunea Sovietic\u0103. \u00cen memeoria celor c\u0103zu\u021bi, la Memorialul Gloriei Militare din municipiul B\u0103l\u021bi au fost aprinse 1418 lum\u00e2n\u0103ri. Num\u0103rul este unul simbolic reprezent\u00e2nd \u00een zile durata marii b\u0103t\u0103lii. Ac\u021biunea a [&hellip;]<\/p>\n","protected":false},"author":4,"featured_media":14938,"comment_status":"closed","ping_status":"closed","sticky":false,"template":"","format":"standard","meta":{"footnotes":""},"categories":[6353],"tags":[],"class_list":["post-14937","post","type-post","status-publish","format-standard","has-post-thumbnail","hentry","category-oras"],"yoast_head":"<!-- This site is optimized with the Yoast SEO plugin v27.4 - https:\/\/yoast.com\/product\/yoast-seo-wordpress\/ -->\n<title>LA 4 DIMINEA\u021aA B\u0102L\u021aENII AU APRINS 1418  LUM\u00c2N\u0102RI - BTV<\/title>\n<meta name=\"robots\" content=\"index, follow, max-snippet:-1, max-image-preview:large, max-video-preview:-1\" \/>\n<link rel=\"canonical\" href=\"https:\/\/www.btv.md\/ro\/la-4-dimineata-baltenii-au-aprins-1418-lumanari\/\" \/>\n<meta property=\"og:locale\" content=\"ro_RO\" \/>\n<meta property=\"og:type\" content=\"article\" \/>\n<meta property=\"og:title\" content=\"LA 4 DIMINEA\u021aA B\u0102L\u021aENII AU APRINS 1418  LUM\u00c2N\u0102RI - BTV\" \/>\n<meta property=\"og:description\" content=\"Acum 75 de ani, \u00een diminea\u021ba zilei de 22 iunie a \u00eenceput Marele R\u0103zboi pentru Ap\u0103rarea Patriei. Ziua \u00een care Armata Germaniei Naziste a atacat Uniunea Sovietic\u0103. \u00cen memeoria celor c\u0103zu\u021bi, la Memorialul Gloriei Militare din municipiul B\u0103l\u021bi au fost aprinse 1418 lum\u00e2n\u0103ri. Num\u0103rul este unul simbolic reprezent\u00e2nd \u00een zile durata marii b\u0103t\u0103lii. Ac\u021biunea a [&hellip;]\" \/>\n<meta property=\"og:url\" content=\"https:\/\/www.btv.md\/ro\/la-4-dimineata-baltenii-au-aprins-1418-lumanari\/\" \/>\n<meta property=\"og:site_name\" content=\"BTV\" \/>\n<meta property=\"article:publisher\" content=\"https:\/\/www.facebook.com\/btvmoldova\/\" \/>\n<meta property=\"article:published_time\" content=\"2016-06-22T11:17:12+00:00\" \/>\n<meta property=\"article:modified_time\" content=\"2016-06-22T11:17:21+00:00\" \/>\n<meta property=\"og:image\" content=\"https:\/\/www.btv.md\/wp-content\/uploads\/2016\/06\/edf-2.jpg\" \/>\n\t<meta property=\"og:image:width\" content=\"600\" \/>\n\t<meta property=\"og:image:height\" content=\"400\" \/>\n\t<meta property=\"og:image:type\" content=\"image\/jpeg\" \/>\n<meta name=\"author\" content=\"admin\" \/>\n<meta name=\"twitter:label1\" content=\"Scris de\" \/>\n\t<meta name=\"twitter:data1\" content=\"admin\" \/>\n\t<meta name=\"twitter:label2\" content=\"Timp estimat pentru citire\" \/>\n\t<meta name=\"twitter:data2\" content=\"1 minut\" \/>\n<script type=\"application\/ld+json\" class=\"yoast-schema-graph\">{\"@context\":\"https:\\\/\\\/schema.org\",\"@graph\":[{\"@type\":\"Article\",\"@id\":\"https:\\\/\\\/www.btv.md\\\/ro\\\/la-4-dimineata-baltenii-au-aprins-1418-lumanari\\\/#article\",\"isPartOf\":{\"@id\":\"https:\\\/\\\/www.btv.md\\\/ro\\\/la-4-dimineata-baltenii-au-aprins-1418-lumanari\\\/\"},\"author\":{\"name\":\"admin\",\"@id\":\"https:\\\/\\\/www.btv.md\\\/#\\\/schema\\\/person\\\/8fadce81561b3ce2c34c46dadc4ccbf2\"},\"headline\":\"LA 4 DIMINEA\u021aA B\u0102L\u021aENII AU APRINS 1418 LUM\u00c2N\u0102RI\",\"datePublished\":\"2016-06-22T11:17:12+00:00\",\"dateModified\":\"2016-06-22T11:17:21+00:00\",\"mainEntityOfPage\":{\"@id\":\"https:\\\/\\\/www.btv.md\\\/ro\\\/la-4-dimineata-baltenii-au-aprins-1418-lumanari\\\/\"},\"wordCount\":205,\"image\":{\"@id\":\"https:\\\/\\\/www.btv.md\\\/ro\\\/la-4-dimineata-baltenii-au-aprins-1418-lumanari\\\/#primaryimage\"},\"thumbnailUrl\":\"https:\\\/\\\/www.btv.md\\\/wp-content\\\/uploads\\\/2016\\\/06\\\/edf-2.jpg\",\"articleSection\":[\"Ora\u0219\"],\"inLanguage\":\"ro-RO\"},{\"@type\":\"WebPage\",\"@id\":\"https:\\\/\\\/www.btv.md\\\/ro\\\/la-4-dimineata-baltenii-au-aprins-1418-lumanari\\\/\",\"url\":\"https:\\\/\\\/www.btv.md\\\/ro\\\/la-4-dimineata-baltenii-au-aprins-1418-lumanari\\\/\",\"name\":\"LA 4 DIMINEA\u021aA B\u0102L\u021aENII AU APRINS 1418 LUM\u00c2N\u0102RI - BTV\",\"isPartOf\":{\"@id\":\"https:\\\/\\\/www.btv.md\\\/#website\"},\"primaryImageOfPage\":{\"@id\":\"https:\\\/\\\/www.btv.md\\\/ro\\\/la-4-dimineata-baltenii-au-aprins-1418-lumanari\\\/#primaryimage\"},\"image\":{\"@id\":\"https:\\\/\\\/www.btv.md\\\/ro\\\/la-4-dimineata-baltenii-au-aprins-1418-lumanari\\\/#primaryimage\"},\"thumbnailUrl\":\"https:\\\/\\\/www.btv.md\\\/wp-content\\\/uploads\\\/2016\\\/06\\\/edf-2.jpg\",\"datePublished\":\"2016-06-22T11:17:12+00:00\",\"dateModified\":\"2016-06-22T11:17:21+00:00\",\"author\":{\"@id\":\"https:\\\/\\\/www.btv.md\\\/#\\\/schema\\\/person\\\/8fadce81561b3ce2c34c46dadc4ccbf2\"},\"inLanguage\":\"ro-RO\",\"potentialAction\":[{\"@type\":\"ReadAction\",\"target\":[\"https:\\\/\\\/www.btv.md\\\/ro\\\/la-4-dimineata-baltenii-au-aprins-1418-lumanari\\\/\"]}]},{\"@type\":\"ImageObject\",\"inLanguage\":\"ro-RO\",\"@id\":\"https:\\\/\\\/www.btv.md\\\/ro\\\/la-4-dimineata-baltenii-au-aprins-1418-lumanari\\\/#primaryimage\",\"url\":\"https:\\\/\\\/www.btv.md\\\/wp-content\\\/uploads\\\/2016\\\/06\\\/edf-2.jpg\",\"contentUrl\":\"https:\\\/\\\/www.btv.md\\\/wp-content\\\/uploads\\\/2016\\\/06\\\/edf-2.jpg\",\"width\":600,\"height\":400},{\"@type\":\"WebSite\",\"@id\":\"https:\\\/\\\/www.btv.md\\\/#website\",\"url\":\"https:\\\/\\\/www.btv.md\\\/\",\"name\":\"BTV\",\"description\":\"\u0411\u0435\u043b\u044c\u0446\u043a\u043e\u0435 \u0442\u0435\u043b\u0435\u0432\u0438\u0434\u0435\u043d\u0438\u0435\",\"potentialAction\":[{\"@type\":\"SearchAction\",\"target\":{\"@type\":\"EntryPoint\",\"urlTemplate\":\"https:\\\/\\\/www.btv.md\\\/?s={search_term_string}\"},\"query-input\":{\"@type\":\"PropertyValueSpecification\",\"valueRequired\":true,\"valueName\":\"search_term_string\"}}],\"inLanguage\":\"ro-RO\"},{\"@type\":\"Person\",\"@id\":\"https:\\\/\\\/www.btv.md\\\/#\\\/schema\\\/person\\\/8fadce81561b3ce2c34c46dadc4ccbf2\",\"name\":\"admin\"}]}<\/script>\n<!-- \/ Yoast SEO plugin. -->","yoast_head_json":{"title":"LA 4 DIMINEA\u021aA B\u0102L\u021aENII AU APRINS 1418  LUM\u00c2N\u0102RI - BTV","robots":{"index":"index","follow":"follow","max-snippet":"max-snippet:-1","max-image-preview":"max-image-preview:large","max-video-preview":"max-video-preview:-1"},"canonical":"https:\/\/www.btv.md\/ro\/la-4-dimineata-baltenii-au-aprins-1418-lumanari\/","og_locale":"ro_RO","og_type":"article","og_title":"LA 4 DIMINEA\u021aA B\u0102L\u021aENII AU APRINS 1418  LUM\u00c2N\u0102RI - BTV","og_description":"Acum 75 de ani, \u00een diminea\u021ba zilei de 22 iunie a \u00eenceput Marele R\u0103zboi pentru Ap\u0103rarea Patriei. Ziua \u00een care Armata Germaniei Naziste a atacat Uniunea Sovietic\u0103. \u00cen memeoria celor c\u0103zu\u021bi, la Memorialul Gloriei Militare din municipiul B\u0103l\u021bi au fost aprinse 1418 lum\u00e2n\u0103ri. Num\u0103rul este unul simbolic reprezent\u00e2nd \u00een zile durata marii b\u0103t\u0103lii. Ac\u021biunea a [&hellip;]","og_url":"https:\/\/www.btv.md\/ro\/la-4-dimineata-baltenii-au-aprins-1418-lumanari\/","og_site_name":"BTV","article_publisher":"https:\/\/www.facebook.com\/btvmoldova\/","article_published_time":"2016-06-22T11:17:12+00:00","article_modified_time":"2016-06-22T11:17:21+00:00","og_image":[{"width":600,"height":400,"url":"https:\/\/www.btv.md\/wp-content\/uploads\/2016\/06\/edf-2.jpg","type":"image\/jpeg"}],"author":"admin","twitter_misc":{"Scris de":"admin","Timp estimat pentru citire":"1 minut"},"schema":{"@context":"https:\/\/schema.org","@graph":[{"@type":"Article","@id":"https:\/\/www.btv.md\/ro\/la-4-dimineata-baltenii-au-aprins-1418-lumanari\/#article","isPartOf":{"@id":"https:\/\/www.btv.md\/ro\/la-4-dimineata-baltenii-au-aprins-1418-lumanari\/"},"author":{"name":"admin","@id":"https:\/\/www.btv.md\/#\/schema\/person\/8fadce81561b3ce2c34c46dadc4ccbf2"},"headline":"LA 4 DIMINEA\u021aA B\u0102L\u021aENII AU APRINS 1418 LUM\u00c2N\u0102RI","datePublished":"2016-06-22T11:17:12+00:00","dateModified":"2016-06-22T11:17:21+00:00","mainEntityOfPage":{"@id":"https:\/\/www.btv.md\/ro\/la-4-dimineata-baltenii-au-aprins-1418-lumanari\/"},"wordCount":205,"image":{"@id":"https:\/\/www.btv.md\/ro\/la-4-dimineata-baltenii-au-aprins-1418-lumanari\/#primaryimage"},"thumbnailUrl":"https:\/\/www.btv.md\/wp-content\/uploads\/2016\/06\/edf-2.jpg","articleSection":["Ora\u0219"],"inLanguage":"ro-RO"},{"@type":"WebPage","@id":"https:\/\/www.btv.md\/ro\/la-4-dimineata-baltenii-au-aprins-1418-lumanari\/","url":"https:\/\/www.btv.md\/ro\/la-4-dimineata-baltenii-au-aprins-1418-lumanari\/","name":"LA 4 DIMINEA\u021aA B\u0102L\u021aENII AU APRINS 1418 LUM\u00c2N\u0102RI - BTV","isPartOf":{"@id":"https:\/\/www.btv.md\/#website"},"primaryImageOfPage":{"@id":"https:\/\/www.btv.md\/ro\/la-4-dimineata-baltenii-au-aprins-1418-lumanari\/#primaryimage"},"image":{"@id":"https:\/\/www.btv.md\/ro\/la-4-dimineata-baltenii-au-aprins-1418-lumanari\/#primaryimage"},"thumbnailUrl":"https:\/\/www.btv.md\/wp-content\/uploads\/2016\/06\/edf-2.jpg","datePublished":"2016-06-22T11:17:12+00:00","dateModified":"2016-06-22T11:17:21+00:00","author":{"@id":"https:\/\/www.btv.md\/#\/schema\/person\/8fadce81561b3ce2c34c46dadc4ccbf2"},"inLanguage":"ro-RO","potentialAction":[{"@type":"ReadAction","target":["https:\/\/www.btv.md\/ro\/la-4-dimineata-baltenii-au-aprins-1418-lumanari\/"]}]},{"@type":"ImageObject","inLanguage":"ro-RO","@id":"https:\/\/www.btv.md\/ro\/la-4-dimineata-baltenii-au-aprins-1418-lumanari\/#primaryimage","url":"https:\/\/www.btv.md\/wp-content\/uploads\/2016\/06\/edf-2.jpg","contentUrl":"https:\/\/www.btv.md\/wp-content\/uploads\/2016\/06\/edf-2.jpg","width":600,"height":400},{"@type":"WebSite","@id":"https:\/\/www.btv.md\/#website","url":"https:\/\/www.btv.md\/","name":"BTV","description":"\u0411\u0435\u043b\u044c\u0446\u043a\u043e\u0435 \u0442\u0435\u043b\u0435\u0432\u0438\u0434\u0435\u043d\u0438\u0435","potentialAction":[{"@type":"SearchAction","target":{"@type":"EntryPoint","urlTemplate":"https:\/\/www.btv.md\/?s={search_term_string}"},"query-input":{"@type":"PropertyValueSpecification","valueRequired":true,"valueName":"search_term_string"}}],"inLanguage":"ro-RO"},{"@type":"Person","@id":"https:\/\/www.btv.md\/#\/schema\/person\/8fadce81561b3ce2c34c46dadc4ccbf2","name":"admin"}]}},"_links":{"self":[{"href":"https:\/\/www.btv.md\/ro\/wp-json\/wp\/v2\/posts\/14937","targetHints":{"allow":["GET"]}}],"collection":[{"href":"https:\/\/www.btv.md\/ro\/wp-json\/wp\/v2\/posts"}],"about":[{"href":"https:\/\/www.btv.md\/ro\/wp-json\/wp\/v2\/types\/post"}],"author":[{"embeddable":true,"href":"https:\/\/www.btv.md\/ro\/wp-json\/wp\/v2\/users\/4"}],"replies":[{"embeddable":true,"href":"https:\/\/www.btv.md\/ro\/wp-json\/wp\/v2\/comments?post=14937"}],"version-history":[{"count":0,"href":"https:\/\/www.btv.md\/ro\/wp-json\/wp\/v2\/posts\/14937\/revisions"}],"wp:featuredmedia":[{"embeddable":true,"href":"https:\/\/www.btv.md\/ro\/wp-json\/wp\/v2\/media\/14938"}],"wp:attachment":[{"href":"https:\/\/www.btv.md\/ro\/wp-json\/wp\/v2\/media?parent=14937"}],"wp:term":[{"taxonomy":"category","embeddable":true,"href":"https:\/\/www.btv.md\/ro\/wp-json\/wp\/v2\/categories?post=14937"},{"taxonomy":"post_tag","embeddable":true,"href":"https:\/\/www.btv.md\/ro\/wp-json\/wp\/v2\/tags?post=14937"}],"curies":[{"name":"wp","href":"https:\/\/api.w.org\/{rel}","templated":true}]}}