{"id":14974,"date":"2016-06-22T16:54:02","date_gmt":"2016-06-22T13:54:02","guid":{"rendered":"http:\/\/btv.md\/?p=14974"},"modified":"2016-06-22T16:54:02","modified_gmt":"2016-06-22T13:54:02","slug":"cresele-si-gradinitele-din-tara-vor-activa-in-baza-unor-reguli-noi","status":"publish","type":"post","link":"https:\/\/www.btv.md\/ro\/cresele-si-gradinitele-din-tara-vor-activa-in-baza-unor-reguli-noi\/","title":{"rendered":"CRE\u0218ELE  \u0218I GR\u0102DINI\u021aELE  DIN \u021aAR\u0102  VOR ACTIVA \u00ceN BAZA UNOR  REGULI NOI"},"content":{"rendered":"<p><strong>Ministerul S\u0103n\u0103t\u0103\u021bii a finalizat elaborarea Regulamentului sanitar pentru institu\u021biile de educa\u021bie timpurie \u0219i \u00eel va trimite spre aprobare Guvernului \u00een urm\u0103toarele zile, noteaz\u0103 Today.md. Actul normativ are ca scop crearea condi\u0163iilor optime pentru desf\u0103\u015furarea procesului instructiv-educativ \u0219i va contribui la fortificarea st\u0103rii de s\u0103n\u0103tate \u015fi formarea fiec\u0103rui copil, transmite Ministerul S\u0103n\u0103t\u0103\u021bii.Regulamentul stabile\u015fte norme sanitare unice privind amplasarea institu\u0163iilor de educa\u021bie timpurie, a cl\u0103dirii \u015fi \u00eenc\u0103perilor de baz\u0103, organizarea alimenta\u0163iei, amenajarea sanitaro \u2013 tehnic\u0103 a \u00eenc\u0103perilor, \u00eentre\u0163inerea teritoriului \u015fi a \u00eenc\u0103perilor, regimul de activitate a copiilor, organizarea asisten\u0163ei medicale.<\/strong><\/p>\n<p>Documentul mai prevede reguli sanitare specifice pentru educarea \u015fi \u00eentre\u0163inerea copiilor cu dizabilit\u0103\u0163i locomotorii, auditive, etc. Ace\u0219tia vor beneficia de educa\u021bie inclusiv\u0103. Crearea condi\u0163iilor speciale de instruire va spori calitatea educa\u0163iei \u0219i va da posibilitate copilului de a se integra \u00een societate.<\/p>\n<p>\u00cen perioada anilor 2009-2011, morbiditatea \u00een r\u00e2ndul copiilor din institu\u0163iile de educa\u021bie timpurie a crescut de la 780 p\u00e2n\u0103 la 870 \u00a0cazuri la 1000 copii.<\/p>\n<p>\u00cen structura morbidit\u0103\u0163ii generale a pre\u015fcolarilor pe primul loc se plaseaz\u0103 bolile sistemului respirator, dup\u0103 care urmeaz\u0103 bolile aparatului digestiv, pe locul trei se pozi\u021bioneaz\u0103 bolile s\u00e2ngelui \u015fi sistemului hematopoetic \u0219i pe locul patru &#8211; bolile infec\u0163ioase.<\/p>\n<p>Unul din factorii care influen\u021beaz\u0103 cre\u015fterea \u00eemboln\u0103virilor \u00eel constituie alimenta\u0163ia insuficient\u0103 a copiilor din ultimii ani. Astfel, speciali\u0219tii \u00een s\u0103n\u0103tatea public\u0103 au atestat un consum excesiv de crupe, paste f\u0103inoase \u0219i ulei de floarea soarelui. Ace\u015fti copii n-au primit conform normelor naturale 34% carne, 43% pe\u015fte, 24% ou\u0103, 38% lapte \u015fi produse lactate.<\/p>\n<p>Totodat\u0103, din dotarea cantinelor lipsesc utilajul tehnologic necesar, frigiderele, inventarul de tran\u015fare, vesela, etc. Actualmente 23,3% institu\u021bii de educa\u021bie timpurie nu dispun de apeduct, 26,8% \u2013 nu dispun de WC \u00een interiorul \u00eenc\u0103perilor. O treime din mobilier nu corespunde taliei copiilor, fapt ce duce la apari\u0163ia deregl\u0103rilor \u0163inutei. De asemenea, exper\u021bii au constatat un grad insuficient al nivelului de iluminare artificial\u0103 \u015fi un microclimat nesatisf\u0103c\u0103tor.<\/p>\n<p>Prezentul regulament va oferi norme sanitare pentru toate tipurile de institu\u0163ii de educa\u021bie timpurie pentru copii, indiferent de forma de proprietate \u015fi se extinde asupra institu\u0163iilor care activeaz\u0103, sunt \u00een construc\u0163ie, reconstruc\u0163ie \u015fi pentru cele \u00een proces de proiectare.<\/p>\n<p>La sf\u00e2r\u0219itul anului 2015, \u00een \u021bar\u0103 func\u0163ionau 1434 de institu\u021bii de educa\u021bie timpurie \u00een care erau institu\u0163ionaliza\u0163i 146867 de copii.<\/p>\n<p><strong><a href=\"http:\/\/today.md\/\">today.md<\/a><\/strong><\/p>\n","protected":false},"excerpt":{"rendered":"<p>Ministerul S\u0103n\u0103t\u0103\u021bii a finalizat elaborarea Regulamentului sanitar pentru institu\u021biile de educa\u021bie timpurie \u0219i \u00eel va trimite spre aprobare Guvernului \u00een urm\u0103toarele zile, noteaz\u0103 Today.md. Actul normativ are ca scop crearea condi\u0163iilor optime pentru desf\u0103\u015furarea procesului instructiv-educativ \u0219i va contribui la fortificarea st\u0103rii de s\u0103n\u0103tate \u015fi formarea fiec\u0103rui copil, transmite Ministerul S\u0103n\u0103t\u0103\u021bii.Regulamentul stabile\u015fte norme sanitare unice [&hellip;]<\/p>\n","protected":false},"author":4,"featured_media":14975,"comment_status":"closed","ping_status":"closed","sticky":false,"template":"","format":"standard","meta":{"footnotes":""},"categories":[6349],"tags":[],"class_list":["post-14974","post","type-post","status-publish","format-standard","has-post-thumbnail","hentry","category-social"],"yoast_head":"<!-- This site is optimized with the Yoast SEO plugin v27.4 - https:\/\/yoast.com\/product\/yoast-seo-wordpress\/ -->\n<title>CRE\u0218ELE \u0218I GR\u0102DINI\u021aELE DIN \u021aAR\u0102 VOR ACTIVA \u00ceN BAZA UNOR REGULI NOI - BTV<\/title>\n<meta name=\"robots\" content=\"index, follow, max-snippet:-1, max-image-preview:large, max-video-preview:-1\" \/>\n<link rel=\"canonical\" href=\"https:\/\/www.btv.md\/ro\/cresele-si-gradinitele-din-tara-vor-activa-in-baza-unor-reguli-noi\/\" \/>\n<meta property=\"og:locale\" content=\"ro_RO\" \/>\n<meta property=\"og:type\" content=\"article\" \/>\n<meta property=\"og:title\" content=\"CRE\u0218ELE \u0218I GR\u0102DINI\u021aELE DIN \u021aAR\u0102 VOR ACTIVA \u00ceN BAZA UNOR REGULI NOI - BTV\" \/>\n<meta property=\"og:description\" content=\"Ministerul S\u0103n\u0103t\u0103\u021bii a finalizat elaborarea Regulamentului sanitar pentru institu\u021biile de educa\u021bie timpurie \u0219i \u00eel va trimite spre aprobare Guvernului \u00een urm\u0103toarele zile, noteaz\u0103 Today.md. Actul normativ are ca scop crearea condi\u0163iilor optime pentru desf\u0103\u015furarea procesului instructiv-educativ \u0219i va contribui la fortificarea st\u0103rii de s\u0103n\u0103tate \u015fi formarea fiec\u0103rui copil, transmite Ministerul S\u0103n\u0103t\u0103\u021bii.Regulamentul stabile\u015fte norme sanitare unice [&hellip;]\" \/>\n<meta property=\"og:url\" content=\"https:\/\/www.btv.md\/ro\/cresele-si-gradinitele-din-tara-vor-activa-in-baza-unor-reguli-noi\/\" \/>\n<meta property=\"og:site_name\" content=\"BTV\" \/>\n<meta property=\"article:publisher\" content=\"https:\/\/www.facebook.com\/btvmoldova\/\" \/>\n<meta property=\"article:published_time\" content=\"2016-06-22T13:54:02+00:00\" \/>\n<meta property=\"og:image\" content=\"https:\/\/www.btv.md\/wp-content\/uploads\/2016\/06\/Pitanie_rebenka_pri_zabolevanii_1.jpg\" \/>\n\t<meta property=\"og:image:width\" content=\"994\" \/>\n\t<meta property=\"og:image:height\" content=\"709\" \/>\n\t<meta property=\"og:image:type\" content=\"image\/jpeg\" \/>\n<meta name=\"author\" content=\"admin\" \/>\n<meta name=\"twitter:label1\" content=\"Scris de\" \/>\n\t<meta name=\"twitter:data1\" content=\"admin\" \/>\n\t<meta name=\"twitter:label2\" content=\"Timp estimat pentru citire\" \/>\n\t<meta name=\"twitter:data2\" content=\"2 minute\" \/>\n<script type=\"application\/ld+json\" class=\"yoast-schema-graph\">{\"@context\":\"https:\\\/\\\/schema.org\",\"@graph\":[{\"@type\":\"Article\",\"@id\":\"https:\\\/\\\/www.btv.md\\\/ro\\\/cresele-si-gradinitele-din-tara-vor-activa-in-baza-unor-reguli-noi\\\/#article\",\"isPartOf\":{\"@id\":\"https:\\\/\\\/www.btv.md\\\/ro\\\/cresele-si-gradinitele-din-tara-vor-activa-in-baza-unor-reguli-noi\\\/\"},\"author\":{\"name\":\"admin\",\"@id\":\"https:\\\/\\\/www.btv.md\\\/#\\\/schema\\\/person\\\/8fadce81561b3ce2c34c46dadc4ccbf2\"},\"headline\":\"CRE\u0218ELE \u0218I GR\u0102DINI\u021aELE DIN \u021aAR\u0102 VOR ACTIVA \u00ceN BAZA UNOR REGULI NOI\",\"datePublished\":\"2016-06-22T13:54:02+00:00\",\"mainEntityOfPage\":{\"@id\":\"https:\\\/\\\/www.btv.md\\\/ro\\\/cresele-si-gradinitele-din-tara-vor-activa-in-baza-unor-reguli-noi\\\/\"},\"wordCount\":445,\"image\":{\"@id\":\"https:\\\/\\\/www.btv.md\\\/ro\\\/cresele-si-gradinitele-din-tara-vor-activa-in-baza-unor-reguli-noi\\\/#primaryimage\"},\"thumbnailUrl\":\"https:\\\/\\\/www.btv.md\\\/wp-content\\\/uploads\\\/2016\\\/06\\\/Pitanie_rebenka_pri_zabolevanii_1.jpg\",\"articleSection\":[\"Social\"],\"inLanguage\":\"ro-RO\"},{\"@type\":\"WebPage\",\"@id\":\"https:\\\/\\\/www.btv.md\\\/ro\\\/cresele-si-gradinitele-din-tara-vor-activa-in-baza-unor-reguli-noi\\\/\",\"url\":\"https:\\\/\\\/www.btv.md\\\/ro\\\/cresele-si-gradinitele-din-tara-vor-activa-in-baza-unor-reguli-noi\\\/\",\"name\":\"CRE\u0218ELE \u0218I GR\u0102DINI\u021aELE DIN \u021aAR\u0102 VOR ACTIVA \u00ceN BAZA UNOR REGULI NOI - BTV\",\"isPartOf\":{\"@id\":\"https:\\\/\\\/www.btv.md\\\/#website\"},\"primaryImageOfPage\":{\"@id\":\"https:\\\/\\\/www.btv.md\\\/ro\\\/cresele-si-gradinitele-din-tara-vor-activa-in-baza-unor-reguli-noi\\\/#primaryimage\"},\"image\":{\"@id\":\"https:\\\/\\\/www.btv.md\\\/ro\\\/cresele-si-gradinitele-din-tara-vor-activa-in-baza-unor-reguli-noi\\\/#primaryimage\"},\"thumbnailUrl\":\"https:\\\/\\\/www.btv.md\\\/wp-content\\\/uploads\\\/2016\\\/06\\\/Pitanie_rebenka_pri_zabolevanii_1.jpg\",\"datePublished\":\"2016-06-22T13:54:02+00:00\",\"author\":{\"@id\":\"https:\\\/\\\/www.btv.md\\\/#\\\/schema\\\/person\\\/8fadce81561b3ce2c34c46dadc4ccbf2\"},\"inLanguage\":\"ro-RO\",\"potentialAction\":[{\"@type\":\"ReadAction\",\"target\":[\"https:\\\/\\\/www.btv.md\\\/ro\\\/cresele-si-gradinitele-din-tara-vor-activa-in-baza-unor-reguli-noi\\\/\"]}]},{\"@type\":\"ImageObject\",\"inLanguage\":\"ro-RO\",\"@id\":\"https:\\\/\\\/www.btv.md\\\/ro\\\/cresele-si-gradinitele-din-tara-vor-activa-in-baza-unor-reguli-noi\\\/#primaryimage\",\"url\":\"https:\\\/\\\/www.btv.md\\\/wp-content\\\/uploads\\\/2016\\\/06\\\/Pitanie_rebenka_pri_zabolevanii_1.jpg\",\"contentUrl\":\"https:\\\/\\\/www.btv.md\\\/wp-content\\\/uploads\\\/2016\\\/06\\\/Pitanie_rebenka_pri_zabolevanii_1.jpg\",\"width\":994,\"height\":709},{\"@type\":\"WebSite\",\"@id\":\"https:\\\/\\\/www.btv.md\\\/#website\",\"url\":\"https:\\\/\\\/www.btv.md\\\/\",\"name\":\"BTV\",\"description\":\"\u0411\u0435\u043b\u044c\u0446\u043a\u043e\u0435 \u0442\u0435\u043b\u0435\u0432\u0438\u0434\u0435\u043d\u0438\u0435\",\"potentialAction\":[{\"@type\":\"SearchAction\",\"target\":{\"@type\":\"EntryPoint\",\"urlTemplate\":\"https:\\\/\\\/www.btv.md\\\/?s={search_term_string}\"},\"query-input\":{\"@type\":\"PropertyValueSpecification\",\"valueRequired\":true,\"valueName\":\"search_term_string\"}}],\"inLanguage\":\"ro-RO\"},{\"@type\":\"Person\",\"@id\":\"https:\\\/\\\/www.btv.md\\\/#\\\/schema\\\/person\\\/8fadce81561b3ce2c34c46dadc4ccbf2\",\"name\":\"admin\"}]}<\/script>\n<!-- \/ Yoast SEO plugin. -->","yoast_head_json":{"title":"CRE\u0218ELE \u0218I GR\u0102DINI\u021aELE DIN \u021aAR\u0102 VOR ACTIVA \u00ceN BAZA UNOR REGULI NOI - BTV","robots":{"index":"index","follow":"follow","max-snippet":"max-snippet:-1","max-image-preview":"max-image-preview:large","max-video-preview":"max-video-preview:-1"},"canonical":"https:\/\/www.btv.md\/ro\/cresele-si-gradinitele-din-tara-vor-activa-in-baza-unor-reguli-noi\/","og_locale":"ro_RO","og_type":"article","og_title":"CRE\u0218ELE \u0218I GR\u0102DINI\u021aELE DIN \u021aAR\u0102 VOR ACTIVA \u00ceN BAZA UNOR REGULI NOI - BTV","og_description":"Ministerul S\u0103n\u0103t\u0103\u021bii a finalizat elaborarea Regulamentului sanitar pentru institu\u021biile de educa\u021bie timpurie \u0219i \u00eel va trimite spre aprobare Guvernului \u00een urm\u0103toarele zile, noteaz\u0103 Today.md. Actul normativ are ca scop crearea condi\u0163iilor optime pentru desf\u0103\u015furarea procesului instructiv-educativ \u0219i va contribui la fortificarea st\u0103rii de s\u0103n\u0103tate \u015fi formarea fiec\u0103rui copil, transmite Ministerul S\u0103n\u0103t\u0103\u021bii.Regulamentul stabile\u015fte norme sanitare unice [&hellip;]","og_url":"https:\/\/www.btv.md\/ro\/cresele-si-gradinitele-din-tara-vor-activa-in-baza-unor-reguli-noi\/","og_site_name":"BTV","article_publisher":"https:\/\/www.facebook.com\/btvmoldova\/","article_published_time":"2016-06-22T13:54:02+00:00","og_image":[{"width":994,"height":709,"url":"https:\/\/www.btv.md\/wp-content\/uploads\/2016\/06\/Pitanie_rebenka_pri_zabolevanii_1.jpg","type":"image\/jpeg"}],"author":"admin","twitter_misc":{"Scris de":"admin","Timp estimat pentru citire":"2 minute"},"schema":{"@context":"https:\/\/schema.org","@graph":[{"@type":"Article","@id":"https:\/\/www.btv.md\/ro\/cresele-si-gradinitele-din-tara-vor-activa-in-baza-unor-reguli-noi\/#article","isPartOf":{"@id":"https:\/\/www.btv.md\/ro\/cresele-si-gradinitele-din-tara-vor-activa-in-baza-unor-reguli-noi\/"},"author":{"name":"admin","@id":"https:\/\/www.btv.md\/#\/schema\/person\/8fadce81561b3ce2c34c46dadc4ccbf2"},"headline":"CRE\u0218ELE \u0218I GR\u0102DINI\u021aELE DIN \u021aAR\u0102 VOR ACTIVA \u00ceN BAZA UNOR REGULI NOI","datePublished":"2016-06-22T13:54:02+00:00","mainEntityOfPage":{"@id":"https:\/\/www.btv.md\/ro\/cresele-si-gradinitele-din-tara-vor-activa-in-baza-unor-reguli-noi\/"},"wordCount":445,"image":{"@id":"https:\/\/www.btv.md\/ro\/cresele-si-gradinitele-din-tara-vor-activa-in-baza-unor-reguli-noi\/#primaryimage"},"thumbnailUrl":"https:\/\/www.btv.md\/wp-content\/uploads\/2016\/06\/Pitanie_rebenka_pri_zabolevanii_1.jpg","articleSection":["Social"],"inLanguage":"ro-RO"},{"@type":"WebPage","@id":"https:\/\/www.btv.md\/ro\/cresele-si-gradinitele-din-tara-vor-activa-in-baza-unor-reguli-noi\/","url":"https:\/\/www.btv.md\/ro\/cresele-si-gradinitele-din-tara-vor-activa-in-baza-unor-reguli-noi\/","name":"CRE\u0218ELE \u0218I GR\u0102DINI\u021aELE DIN \u021aAR\u0102 VOR ACTIVA \u00ceN BAZA UNOR REGULI NOI - BTV","isPartOf":{"@id":"https:\/\/www.btv.md\/#website"},"primaryImageOfPage":{"@id":"https:\/\/www.btv.md\/ro\/cresele-si-gradinitele-din-tara-vor-activa-in-baza-unor-reguli-noi\/#primaryimage"},"image":{"@id":"https:\/\/www.btv.md\/ro\/cresele-si-gradinitele-din-tara-vor-activa-in-baza-unor-reguli-noi\/#primaryimage"},"thumbnailUrl":"https:\/\/www.btv.md\/wp-content\/uploads\/2016\/06\/Pitanie_rebenka_pri_zabolevanii_1.jpg","datePublished":"2016-06-22T13:54:02+00:00","author":{"@id":"https:\/\/www.btv.md\/#\/schema\/person\/8fadce81561b3ce2c34c46dadc4ccbf2"},"inLanguage":"ro-RO","potentialAction":[{"@type":"ReadAction","target":["https:\/\/www.btv.md\/ro\/cresele-si-gradinitele-din-tara-vor-activa-in-baza-unor-reguli-noi\/"]}]},{"@type":"ImageObject","inLanguage":"ro-RO","@id":"https:\/\/www.btv.md\/ro\/cresele-si-gradinitele-din-tara-vor-activa-in-baza-unor-reguli-noi\/#primaryimage","url":"https:\/\/www.btv.md\/wp-content\/uploads\/2016\/06\/Pitanie_rebenka_pri_zabolevanii_1.jpg","contentUrl":"https:\/\/www.btv.md\/wp-content\/uploads\/2016\/06\/Pitanie_rebenka_pri_zabolevanii_1.jpg","width":994,"height":709},{"@type":"WebSite","@id":"https:\/\/www.btv.md\/#website","url":"https:\/\/www.btv.md\/","name":"BTV","description":"\u0411\u0435\u043b\u044c\u0446\u043a\u043e\u0435 \u0442\u0435\u043b\u0435\u0432\u0438\u0434\u0435\u043d\u0438\u0435","potentialAction":[{"@type":"SearchAction","target":{"@type":"EntryPoint","urlTemplate":"https:\/\/www.btv.md\/?s={search_term_string}"},"query-input":{"@type":"PropertyValueSpecification","valueRequired":true,"valueName":"search_term_string"}}],"inLanguage":"ro-RO"},{"@type":"Person","@id":"https:\/\/www.btv.md\/#\/schema\/person\/8fadce81561b3ce2c34c46dadc4ccbf2","name":"admin"}]}},"_links":{"self":[{"href":"https:\/\/www.btv.md\/ro\/wp-json\/wp\/v2\/posts\/14974","targetHints":{"allow":["GET"]}}],"collection":[{"href":"https:\/\/www.btv.md\/ro\/wp-json\/wp\/v2\/posts"}],"about":[{"href":"https:\/\/www.btv.md\/ro\/wp-json\/wp\/v2\/types\/post"}],"author":[{"embeddable":true,"href":"https:\/\/www.btv.md\/ro\/wp-json\/wp\/v2\/users\/4"}],"replies":[{"embeddable":true,"href":"https:\/\/www.btv.md\/ro\/wp-json\/wp\/v2\/comments?post=14974"}],"version-history":[{"count":0,"href":"https:\/\/www.btv.md\/ro\/wp-json\/wp\/v2\/posts\/14974\/revisions"}],"wp:featuredmedia":[{"embeddable":true,"href":"https:\/\/www.btv.md\/ro\/wp-json\/wp\/v2\/media\/14975"}],"wp:attachment":[{"href":"https:\/\/www.btv.md\/ro\/wp-json\/wp\/v2\/media?parent=14974"}],"wp:term":[{"taxonomy":"category","embeddable":true,"href":"https:\/\/www.btv.md\/ro\/wp-json\/wp\/v2\/categories?post=14974"},{"taxonomy":"post_tag","embeddable":true,"href":"https:\/\/www.btv.md\/ro\/wp-json\/wp\/v2\/tags?post=14974"}],"curies":[{"name":"wp","href":"https:\/\/api.w.org\/{rel}","templated":true}]}}