{"id":14977,"date":"2016-06-22T16:56:19","date_gmt":"2016-06-22T13:56:19","guid":{"rendered":"http:\/\/btv.md\/?p=14977"},"modified":"2016-06-22T16:56:27","modified_gmt":"2016-06-22T13:56:27","slug":"transnistria-se-confrunta-cu-o-adevarata-criza-valutara","status":"publish","type":"post","link":"https:\/\/www.btv.md\/ro\/transnistria-se-confrunta-cu-o-adevarata-criza-valutara\/","title":{"rendered":"TRANSNISTRIA SE  CONFRUNT\u0102  CU  O  ADEV\u0102RAT\u0102  CRIZ\u0102  VALUTAR\u0102"},"content":{"rendered":"<p><strong>Transnistria se confrunt\u0103 cu o adev\u0103rat\u0103 criz\u0103 valutar\u0103. Oamenii sunt nevoi\u0163i s\u0103 v\u00e2neze pe str\u0103zi turi\u015fti ca s\u0103 procure lei moldovene\u015fti sau dolari. B\u0103ncile din st\u00e2nga Nistrului nu deservesc carduri bancare, cu excep\u0163ia celor emise de b\u0103ncile locale sau din Federa\u0163ia Rus\u0103, scrie moldNova.eu.<\/strong><\/p>\n<p>\u00cen casele valutare cu greu po\u0163i g\u0103si dolari, euro, ruble ruse\u015fti sau chiar lei moldovene\u015fti \u015fi hrivne ucrainene. Rafturile magazinelor nu sunt at\u00e2t de goale precum au relatat anterior c\u00e2teva publica\u0163ii de la Chi\u015fin\u0103u.<\/p>\n<p>\u201eInforma\u0163ia c\u0103 magazinele Sheriff au rafturile goale este veridic\u0103 doar \u00een propor\u0163ie de 15%. Cam at\u00e2t din rafturile acestor magazine sunt goale. \u00cen magazin \u00eens\u0103 se g\u0103se\u015fte de toate, doar rafturile cu produse lactate sunt mai s\u0103r\u0103c\u0103cioase. Nu se vede deficitul despre care se tot tr\u00e2mbi\u0163eaz\u0103 prin pres\u0103\u201d, mai scrie sursa citat\u0103.<\/p>\n<p>Criza valutar\u0103 se simte foarte bine \u00een Transnistria. Rezervele valutare din republica nerecunoscut\u0103 au sc\u0103zut de la \u00eenceputul anului de la 32.000.000 de dolari la 12.000.000. B\u0103ncile comerciale nu mai v\u00e2nd valut\u0103 din luna martie.<\/p>\n<p>Administra\u0163ia de la Tiraspol a cerut ajutor financiar de la Moscova, acesta \u00eens\u0103 \u00eent\u00e2rzie. Pretinsul prim-ministru, Pavel Prokudin, a anun\u0163at inten\u0163ia de a \u00eencepe negocierile pentru \u00eemprumutul de 26.500.000 de dolari de la holdingul Sheriff.<\/p>\n<p><strong><a href=\"http:\/\/moldnova.eu\/\">moldnova.eu<\/a><\/strong><\/p>\n","protected":false},"excerpt":{"rendered":"<p>Transnistria se confrunt\u0103 cu o adev\u0103rat\u0103 criz\u0103 valutar\u0103. Oamenii sunt nevoi\u0163i s\u0103 v\u00e2neze pe str\u0103zi turi\u015fti ca s\u0103 procure lei moldovene\u015fti sau dolari. B\u0103ncile din st\u00e2nga Nistrului nu deservesc carduri bancare, cu excep\u0163ia celor emise de b\u0103ncile locale sau din Federa\u0163ia Rus\u0103, scrie moldNova.eu. \u00cen casele valutare cu greu po\u0163i g\u0103si dolari, euro, ruble ruse\u015fti [&hellip;]<\/p>\n","protected":false},"author":4,"featured_media":14978,"comment_status":"closed","ping_status":"closed","sticky":false,"template":"","format":"standard","meta":{"footnotes":""},"categories":[6368],"tags":[],"class_list":["post-14977","post","type-post","status-publish","format-standard","has-post-thumbnail","hentry","category-politica-ro"],"yoast_head":"<!-- This site is optimized with the Yoast SEO plugin v27.4 - https:\/\/yoast.com\/product\/yoast-seo-wordpress\/ -->\n<title>TRANSNISTRIA SE CONFRUNT\u0102 CU O ADEV\u0102RAT\u0102 CRIZ\u0102 VALUTAR\u0102  - BTV<\/title>\n<meta name=\"robots\" content=\"index, follow, max-snippet:-1, max-image-preview:large, max-video-preview:-1\" \/>\n<link rel=\"canonical\" href=\"https:\/\/www.btv.md\/ro\/transnistria-se-confrunta-cu-o-adevarata-criza-valutara\/\" \/>\n<meta property=\"og:locale\" content=\"ro_RO\" \/>\n<meta property=\"og:type\" content=\"article\" \/>\n<meta property=\"og:title\" content=\"TRANSNISTRIA SE CONFRUNT\u0102 CU O ADEV\u0102RAT\u0102 CRIZ\u0102 VALUTAR\u0102  - BTV\" \/>\n<meta property=\"og:description\" content=\"Transnistria se confrunt\u0103 cu o adev\u0103rat\u0103 criz\u0103 valutar\u0103. Oamenii sunt nevoi\u0163i s\u0103 v\u00e2neze pe str\u0103zi turi\u015fti ca s\u0103 procure lei moldovene\u015fti sau dolari. B\u0103ncile din st\u00e2nga Nistrului nu deservesc carduri bancare, cu excep\u0163ia celor emise de b\u0103ncile locale sau din Federa\u0163ia Rus\u0103, scrie moldNova.eu. \u00cen casele valutare cu greu po\u0163i g\u0103si dolari, euro, ruble ruse\u015fti [&hellip;]\" \/>\n<meta property=\"og:url\" content=\"https:\/\/www.btv.md\/ro\/transnistria-se-confrunta-cu-o-adevarata-criza-valutara\/\" \/>\n<meta property=\"og:site_name\" content=\"BTV\" \/>\n<meta property=\"article:publisher\" content=\"https:\/\/www.facebook.com\/btvmoldova\/\" \/>\n<meta property=\"article:published_time\" content=\"2016-06-22T13:56:19+00:00\" \/>\n<meta property=\"article:modified_time\" content=\"2016-06-22T13:56:27+00:00\" \/>\n<meta property=\"og:image\" content=\"https:\/\/www.btv.md\/wp-content\/uploads\/2016\/06\/prydnistrova.jpg\" \/>\n\t<meta property=\"og:image:width\" content=\"640\" \/>\n\t<meta property=\"og:image:height\" content=\"360\" \/>\n\t<meta property=\"og:image:type\" content=\"image\/jpeg\" \/>\n<meta name=\"author\" content=\"admin\" \/>\n<meta name=\"twitter:label1\" content=\"Scris de\" \/>\n\t<meta name=\"twitter:data1\" content=\"admin\" \/>\n\t<meta name=\"twitter:label2\" content=\"Timp estimat pentru citire\" \/>\n\t<meta name=\"twitter:data2\" content=\"1 minut\" \/>\n<script type=\"application\/ld+json\" class=\"yoast-schema-graph\">{\"@context\":\"https:\\\/\\\/schema.org\",\"@graph\":[{\"@type\":\"Article\",\"@id\":\"https:\\\/\\\/www.btv.md\\\/ro\\\/transnistria-se-confrunta-cu-o-adevarata-criza-valutara\\\/#article\",\"isPartOf\":{\"@id\":\"https:\\\/\\\/www.btv.md\\\/ro\\\/transnistria-se-confrunta-cu-o-adevarata-criza-valutara\\\/\"},\"author\":{\"name\":\"admin\",\"@id\":\"https:\\\/\\\/www.btv.md\\\/#\\\/schema\\\/person\\\/8fadce81561b3ce2c34c46dadc4ccbf2\"},\"headline\":\"TRANSNISTRIA SE CONFRUNT\u0102 CU O ADEV\u0102RAT\u0102 CRIZ\u0102 VALUTAR\u0102\",\"datePublished\":\"2016-06-22T13:56:19+00:00\",\"dateModified\":\"2016-06-22T13:56:27+00:00\",\"mainEntityOfPage\":{\"@id\":\"https:\\\/\\\/www.btv.md\\\/ro\\\/transnistria-se-confrunta-cu-o-adevarata-criza-valutara\\\/\"},\"wordCount\":245,\"image\":{\"@id\":\"https:\\\/\\\/www.btv.md\\\/ro\\\/transnistria-se-confrunta-cu-o-adevarata-criza-valutara\\\/#primaryimage\"},\"thumbnailUrl\":\"https:\\\/\\\/www.btv.md\\\/wp-content\\\/uploads\\\/2016\\\/06\\\/prydnistrova.jpg\",\"articleSection\":[\"Politic\u0103\"],\"inLanguage\":\"ro-RO\"},{\"@type\":\"WebPage\",\"@id\":\"https:\\\/\\\/www.btv.md\\\/ro\\\/transnistria-se-confrunta-cu-o-adevarata-criza-valutara\\\/\",\"url\":\"https:\\\/\\\/www.btv.md\\\/ro\\\/transnistria-se-confrunta-cu-o-adevarata-criza-valutara\\\/\",\"name\":\"TRANSNISTRIA SE CONFRUNT\u0102 CU O ADEV\u0102RAT\u0102 CRIZ\u0102 VALUTAR\u0102 - BTV\",\"isPartOf\":{\"@id\":\"https:\\\/\\\/www.btv.md\\\/#website\"},\"primaryImageOfPage\":{\"@id\":\"https:\\\/\\\/www.btv.md\\\/ro\\\/transnistria-se-confrunta-cu-o-adevarata-criza-valutara\\\/#primaryimage\"},\"image\":{\"@id\":\"https:\\\/\\\/www.btv.md\\\/ro\\\/transnistria-se-confrunta-cu-o-adevarata-criza-valutara\\\/#primaryimage\"},\"thumbnailUrl\":\"https:\\\/\\\/www.btv.md\\\/wp-content\\\/uploads\\\/2016\\\/06\\\/prydnistrova.jpg\",\"datePublished\":\"2016-06-22T13:56:19+00:00\",\"dateModified\":\"2016-06-22T13:56:27+00:00\",\"author\":{\"@id\":\"https:\\\/\\\/www.btv.md\\\/#\\\/schema\\\/person\\\/8fadce81561b3ce2c34c46dadc4ccbf2\"},\"inLanguage\":\"ro-RO\",\"potentialAction\":[{\"@type\":\"ReadAction\",\"target\":[\"https:\\\/\\\/www.btv.md\\\/ro\\\/transnistria-se-confrunta-cu-o-adevarata-criza-valutara\\\/\"]}]},{\"@type\":\"ImageObject\",\"inLanguage\":\"ro-RO\",\"@id\":\"https:\\\/\\\/www.btv.md\\\/ro\\\/transnistria-se-confrunta-cu-o-adevarata-criza-valutara\\\/#primaryimage\",\"url\":\"https:\\\/\\\/www.btv.md\\\/wp-content\\\/uploads\\\/2016\\\/06\\\/prydnistrova.jpg\",\"contentUrl\":\"https:\\\/\\\/www.btv.md\\\/wp-content\\\/uploads\\\/2016\\\/06\\\/prydnistrova.jpg\",\"width\":640,\"height\":360},{\"@type\":\"WebSite\",\"@id\":\"https:\\\/\\\/www.btv.md\\\/#website\",\"url\":\"https:\\\/\\\/www.btv.md\\\/\",\"name\":\"BTV\",\"description\":\"\u0411\u0435\u043b\u044c\u0446\u043a\u043e\u0435 \u0442\u0435\u043b\u0435\u0432\u0438\u0434\u0435\u043d\u0438\u0435\",\"potentialAction\":[{\"@type\":\"SearchAction\",\"target\":{\"@type\":\"EntryPoint\",\"urlTemplate\":\"https:\\\/\\\/www.btv.md\\\/?s={search_term_string}\"},\"query-input\":{\"@type\":\"PropertyValueSpecification\",\"valueRequired\":true,\"valueName\":\"search_term_string\"}}],\"inLanguage\":\"ro-RO\"},{\"@type\":\"Person\",\"@id\":\"https:\\\/\\\/www.btv.md\\\/#\\\/schema\\\/person\\\/8fadce81561b3ce2c34c46dadc4ccbf2\",\"name\":\"admin\"}]}<\/script>\n<!-- \/ Yoast SEO plugin. -->","yoast_head_json":{"title":"TRANSNISTRIA SE CONFRUNT\u0102 CU O ADEV\u0102RAT\u0102 CRIZ\u0102 VALUTAR\u0102  - BTV","robots":{"index":"index","follow":"follow","max-snippet":"max-snippet:-1","max-image-preview":"max-image-preview:large","max-video-preview":"max-video-preview:-1"},"canonical":"https:\/\/www.btv.md\/ro\/transnistria-se-confrunta-cu-o-adevarata-criza-valutara\/","og_locale":"ro_RO","og_type":"article","og_title":"TRANSNISTRIA SE CONFRUNT\u0102 CU O ADEV\u0102RAT\u0102 CRIZ\u0102 VALUTAR\u0102  - BTV","og_description":"Transnistria se confrunt\u0103 cu o adev\u0103rat\u0103 criz\u0103 valutar\u0103. Oamenii sunt nevoi\u0163i s\u0103 v\u00e2neze pe str\u0103zi turi\u015fti ca s\u0103 procure lei moldovene\u015fti sau dolari. B\u0103ncile din st\u00e2nga Nistrului nu deservesc carduri bancare, cu excep\u0163ia celor emise de b\u0103ncile locale sau din Federa\u0163ia Rus\u0103, scrie moldNova.eu. \u00cen casele valutare cu greu po\u0163i g\u0103si dolari, euro, ruble ruse\u015fti [&hellip;]","og_url":"https:\/\/www.btv.md\/ro\/transnistria-se-confrunta-cu-o-adevarata-criza-valutara\/","og_site_name":"BTV","article_publisher":"https:\/\/www.facebook.com\/btvmoldova\/","article_published_time":"2016-06-22T13:56:19+00:00","article_modified_time":"2016-06-22T13:56:27+00:00","og_image":[{"width":640,"height":360,"url":"https:\/\/www.btv.md\/wp-content\/uploads\/2016\/06\/prydnistrova.jpg","type":"image\/jpeg"}],"author":"admin","twitter_misc":{"Scris de":"admin","Timp estimat pentru citire":"1 minut"},"schema":{"@context":"https:\/\/schema.org","@graph":[{"@type":"Article","@id":"https:\/\/www.btv.md\/ro\/transnistria-se-confrunta-cu-o-adevarata-criza-valutara\/#article","isPartOf":{"@id":"https:\/\/www.btv.md\/ro\/transnistria-se-confrunta-cu-o-adevarata-criza-valutara\/"},"author":{"name":"admin","@id":"https:\/\/www.btv.md\/#\/schema\/person\/8fadce81561b3ce2c34c46dadc4ccbf2"},"headline":"TRANSNISTRIA SE CONFRUNT\u0102 CU O ADEV\u0102RAT\u0102 CRIZ\u0102 VALUTAR\u0102","datePublished":"2016-06-22T13:56:19+00:00","dateModified":"2016-06-22T13:56:27+00:00","mainEntityOfPage":{"@id":"https:\/\/www.btv.md\/ro\/transnistria-se-confrunta-cu-o-adevarata-criza-valutara\/"},"wordCount":245,"image":{"@id":"https:\/\/www.btv.md\/ro\/transnistria-se-confrunta-cu-o-adevarata-criza-valutara\/#primaryimage"},"thumbnailUrl":"https:\/\/www.btv.md\/wp-content\/uploads\/2016\/06\/prydnistrova.jpg","articleSection":["Politic\u0103"],"inLanguage":"ro-RO"},{"@type":"WebPage","@id":"https:\/\/www.btv.md\/ro\/transnistria-se-confrunta-cu-o-adevarata-criza-valutara\/","url":"https:\/\/www.btv.md\/ro\/transnistria-se-confrunta-cu-o-adevarata-criza-valutara\/","name":"TRANSNISTRIA SE CONFRUNT\u0102 CU O ADEV\u0102RAT\u0102 CRIZ\u0102 VALUTAR\u0102 - BTV","isPartOf":{"@id":"https:\/\/www.btv.md\/#website"},"primaryImageOfPage":{"@id":"https:\/\/www.btv.md\/ro\/transnistria-se-confrunta-cu-o-adevarata-criza-valutara\/#primaryimage"},"image":{"@id":"https:\/\/www.btv.md\/ro\/transnistria-se-confrunta-cu-o-adevarata-criza-valutara\/#primaryimage"},"thumbnailUrl":"https:\/\/www.btv.md\/wp-content\/uploads\/2016\/06\/prydnistrova.jpg","datePublished":"2016-06-22T13:56:19+00:00","dateModified":"2016-06-22T13:56:27+00:00","author":{"@id":"https:\/\/www.btv.md\/#\/schema\/person\/8fadce81561b3ce2c34c46dadc4ccbf2"},"inLanguage":"ro-RO","potentialAction":[{"@type":"ReadAction","target":["https:\/\/www.btv.md\/ro\/transnistria-se-confrunta-cu-o-adevarata-criza-valutara\/"]}]},{"@type":"ImageObject","inLanguage":"ro-RO","@id":"https:\/\/www.btv.md\/ro\/transnistria-se-confrunta-cu-o-adevarata-criza-valutara\/#primaryimage","url":"https:\/\/www.btv.md\/wp-content\/uploads\/2016\/06\/prydnistrova.jpg","contentUrl":"https:\/\/www.btv.md\/wp-content\/uploads\/2016\/06\/prydnistrova.jpg","width":640,"height":360},{"@type":"WebSite","@id":"https:\/\/www.btv.md\/#website","url":"https:\/\/www.btv.md\/","name":"BTV","description":"\u0411\u0435\u043b\u044c\u0446\u043a\u043e\u0435 \u0442\u0435\u043b\u0435\u0432\u0438\u0434\u0435\u043d\u0438\u0435","potentialAction":[{"@type":"SearchAction","target":{"@type":"EntryPoint","urlTemplate":"https:\/\/www.btv.md\/?s={search_term_string}"},"query-input":{"@type":"PropertyValueSpecification","valueRequired":true,"valueName":"search_term_string"}}],"inLanguage":"ro-RO"},{"@type":"Person","@id":"https:\/\/www.btv.md\/#\/schema\/person\/8fadce81561b3ce2c34c46dadc4ccbf2","name":"admin"}]}},"_links":{"self":[{"href":"https:\/\/www.btv.md\/ro\/wp-json\/wp\/v2\/posts\/14977","targetHints":{"allow":["GET"]}}],"collection":[{"href":"https:\/\/www.btv.md\/ro\/wp-json\/wp\/v2\/posts"}],"about":[{"href":"https:\/\/www.btv.md\/ro\/wp-json\/wp\/v2\/types\/post"}],"author":[{"embeddable":true,"href":"https:\/\/www.btv.md\/ro\/wp-json\/wp\/v2\/users\/4"}],"replies":[{"embeddable":true,"href":"https:\/\/www.btv.md\/ro\/wp-json\/wp\/v2\/comments?post=14977"}],"version-history":[{"count":0,"href":"https:\/\/www.btv.md\/ro\/wp-json\/wp\/v2\/posts\/14977\/revisions"}],"wp:featuredmedia":[{"embeddable":true,"href":"https:\/\/www.btv.md\/ro\/wp-json\/wp\/v2\/media\/14978"}],"wp:attachment":[{"href":"https:\/\/www.btv.md\/ro\/wp-json\/wp\/v2\/media?parent=14977"}],"wp:term":[{"taxonomy":"category","embeddable":true,"href":"https:\/\/www.btv.md\/ro\/wp-json\/wp\/v2\/categories?post=14977"},{"taxonomy":"post_tag","embeddable":true,"href":"https:\/\/www.btv.md\/ro\/wp-json\/wp\/v2\/tags?post=14977"}],"curies":[{"name":"wp","href":"https:\/\/api.w.org\/{rel}","templated":true}]}}